{"id":86749,"date":"2014-12-01T09:20:50","date_gmt":"2014-12-01T08:20:50","guid":{"rendered":"http:\/\/www.visit-ulcinj.com\/blog\/?p=86749"},"modified":"2014-12-01T09:21:25","modified_gmt":"2014-12-01T08:21:25","slug":"deri-ne-cilin-muaj-te-shtatzanise-te-kendoj-e-vallezoj-nora-istrefi","status":"publish","type":"post","link":"https:\/\/www.visit-ulcinj.com\/blog\/2014\/12\/01\/deri-ne-cilin-muaj-te-shtatzanise-te-kendoj-e-vallezoj-nora-istrefi\/","title":{"rendered":"Deri n\u00eb cilin muaj t\u00eb shtatzanis\u00eb do t\u00eb k\u00ebndoj e vall\u00ebzoj Nora Istrefi?"},"content":{"rendered":"<p><a href=\"http:\/\/www.visit-ulcinj.com\/blog\/wp-content\/uploads\/2014\/12\/Nora-Istrefi-shtatz\u00ebn.jpg\"><img loading=\"lazy\" class=\"alignleft wp-image-86750\" src=\"http:\/\/www.visit-ulcinj.com\/blog\/wp-content\/uploads\/2014\/12\/Nora-Istrefi-shtatz\u00ebn.jpg\" alt=\"Nora Istrefi -shtatz\u00ebn\" width=\"508\" height=\"296\" \/><\/a>\u00c7do grua shtatz\u00ebn\u00eb duhet t\u00eb jet\u00eb tejet e kujdeshme n\u00eb t\u00eb gjitha aspektet. Shtatz\u00ebnat, r\u00ebndom ndryshojn\u00eb stilin e jetes p\u00ebr hir\u00eb t\u00eb frytit q\u00eb mbajn\u00eb n\u00eb bark. Por, nuk po ndodh k\u00ebshtu me Nora Istrefin, k\u00ebng\u00ebtaren e njohur kosovare, e cila ndon\u00ebse tre muajshe shtatz\u00ebn\u00eb vall\u00ebzoj n\u00eb &#8220;Dance with me&#8221;. Nora e braktisi spektaklin e vall\u00ebzimit, por jo edhe mbr\u00ebmjet rinore n\u00eb diskoteka ku ka shum\u00eb tym. Deri n\u00eb cilin muaj t\u00eb shtatzanis\u00eb do t\u00eb k\u00ebndoj e vall\u00ebzoj Nora?<\/p>\n<p>Zhurnal<\/p>\n<!--YouTube Error: bad URL entered-->\n","protected":false},"excerpt":{"rendered":"<p>\u00c7do grua shtatz\u00ebn\u00eb duhet t\u00eb jet\u00eb tejet e kujdeshme n\u00eb t\u00eb gjitha aspektet. Shtatz\u00ebnat, r\u00ebndom ndryshojn\u00eb stilin e jetes p\u00ebr hir\u00eb t\u00eb frytit q\u00eb mbajn\u00eb n\u00eb bark. Por, nuk po ndodh k\u00ebshtu me Nora Istrefin, k\u00ebng\u00ebtaren e njohur kosovare, e cila ndon\u00ebse tre muajshe shtatz\u00ebn\u00eb vall\u00ebzoj n\u00eb &#8220;Dance with me&#8221;. Nora e braktisi spektaklin e [&hellip;]<\/p>\n","protected":false},"author":1,"featured_media":0,"comment_status":"closed","ping_status":"closed","sticky":false,"template":"","format":"standard","meta":{"spay_email":"","jetpack_publicize_message":"","jetpack_is_tweetstorm":false,"jetpack_publicize_feature_enabled":true},"categories":[1],"tags":[],"jetpack_publicize_connections":[],"yoast_head":"<!-- This site is optimized with the Yoast SEO plugin v19.1 - https:\/\/yoast.com\/wordpress\/plugins\/seo\/ -->\n<title>Deri n\u00eb cilin muaj t\u00eb shtatzanis\u00eb do t\u00eb k\u00ebndoj e vall\u00ebzoj Nora Istrefi? - Lajme nga Ulqini<\/title>\n<meta name=\"description\" content=\"\u00c7do grua shtatz\u00ebn\u00eb duhet t\u00eb jet\u00eb tejet e kujdeshme n\u00eb t\u00eb gjitha aspektet. Shtatz\u00ebnat, r\u00ebndom ndryshojn\u00eb stilin e jetes p\u00ebr hir\u00eb t\u00eb frytit q\u00eb mbajn\u00eb n\u00eb\" \/>\n<meta name=\"robots\" content=\"index, follow, max-snippet:-1, max-image-preview:large, max-video-preview:-1\" \/>\n<link rel=\"canonical\" href=\"https:\/\/www.visit-ulcinj.com\/blog\/2014\/12\/01\/deri-ne-cilin-muaj-te-shtatzanise-te-kendoj-e-vallezoj-nora-istrefi\/\" \/>\n<meta property=\"og:locale\" content=\"en_US\" \/>\n<meta property=\"og:type\" content=\"article\" \/>\n<meta property=\"og:title\" content=\"Deri n\u00eb cilin muaj t\u00eb shtatzanis\u00eb do t\u00eb k\u00ebndoj e vall\u00ebzoj Nora Istrefi? - Lajme nga Ulqini\" \/>\n<meta property=\"og:description\" content=\"\u00c7do grua shtatz\u00ebn\u00eb duhet t\u00eb jet\u00eb tejet e kujdeshme n\u00eb t\u00eb gjitha aspektet. Shtatz\u00ebnat, r\u00ebndom ndryshojn\u00eb stilin e jetes p\u00ebr hir\u00eb t\u00eb frytit q\u00eb mbajn\u00eb n\u00eb\" \/>\n<meta property=\"og:url\" content=\"https:\/\/www.visit-ulcinj.com\/blog\/2014\/12\/01\/deri-ne-cilin-muaj-te-shtatzanise-te-kendoj-e-vallezoj-nora-istrefi\/\" \/>\n<meta property=\"og:site_name\" content=\"Lajme nga Ulqini\" \/>\n<meta property=\"article:published_time\" content=\"2014-12-01T08:20:50+00:00\" \/>\n<meta property=\"article:modified_time\" content=\"2014-12-01T08:21:25+00:00\" \/>\n<meta name=\"twitter:label1\" content=\"Written by\" \/>\n\t<meta name=\"twitter:data1\" content=\"ulqini\" \/>\n\t<meta name=\"twitter:label2\" content=\"Est. reading time\" \/>\n\t<meta name=\"twitter:data2\" content=\"1 minute\" \/>\n<script type=\"application\/ld+json\" class=\"yoast-schema-graph\">{\"@context\":\"https:\/\/schema.org\",\"@graph\":[{\"@type\":\"WebSite\",\"@id\":\"https:\/\/www.visit-ulcinj.com\/blog\/#website\",\"url\":\"https:\/\/www.visit-ulcinj.com\/blog\/\",\"name\":\"Lajme nga Ulqini\",\"description\":\"Lajme,Vijesti,Ulqini,Ulqin,Crna Gora,Mali i Zi\",\"potentialAction\":[{\"@type\":\"SearchAction\",\"target\":{\"@type\":\"EntryPoint\",\"urlTemplate\":\"https:\/\/www.visit-ulcinj.com\/blog\/?s={search_term_string}\"},\"query-input\":\"required name=search_term_string\"}],\"inLanguage\":\"en-US\"},{\"@type\":\"WebPage\",\"@id\":\"https:\/\/www.visit-ulcinj.com\/blog\/2014\/12\/01\/deri-ne-cilin-muaj-te-shtatzanise-te-kendoj-e-vallezoj-nora-istrefi\/#webpage\",\"url\":\"https:\/\/www.visit-ulcinj.com\/blog\/2014\/12\/01\/deri-ne-cilin-muaj-te-shtatzanise-te-kendoj-e-vallezoj-nora-istrefi\/\",\"name\":\"Deri n\u00eb cilin muaj t\u00eb shtatzanis\u00eb do t\u00eb k\u00ebndoj e vall\u00ebzoj Nora Istrefi? - Lajme nga Ulqini\",\"isPartOf\":{\"@id\":\"https:\/\/www.visit-ulcinj.com\/blog\/#website\"},\"datePublished\":\"2014-12-01T08:20:50+00:00\",\"dateModified\":\"2014-12-01T08:21:25+00:00\",\"author\":{\"@id\":\"https:\/\/www.visit-ulcinj.com\/blog\/#\/schema\/person\/dcab619c614d3038751c63bc2aadc06d\"},\"description\":\"\u00c7do grua shtatz\u00ebn\u00eb duhet t\u00eb jet\u00eb tejet e kujdeshme n\u00eb t\u00eb gjitha aspektet. Shtatz\u00ebnat, r\u00ebndom ndryshojn\u00eb stilin e jetes p\u00ebr hir\u00eb t\u00eb frytit q\u00eb mbajn\u00eb n\u00eb\",\"breadcrumb\":{\"@id\":\"https:\/\/www.visit-ulcinj.com\/blog\/2014\/12\/01\/deri-ne-cilin-muaj-te-shtatzanise-te-kendoj-e-vallezoj-nora-istrefi\/#breadcrumb\"},\"inLanguage\":\"en-US\",\"potentialAction\":[{\"@type\":\"ReadAction\",\"target\":[\"https:\/\/www.visit-ulcinj.com\/blog\/2014\/12\/01\/deri-ne-cilin-muaj-te-shtatzanise-te-kendoj-e-vallezoj-nora-istrefi\/\"]}]},{\"@type\":\"BreadcrumbList\",\"@id\":\"https:\/\/www.visit-ulcinj.com\/blog\/2014\/12\/01\/deri-ne-cilin-muaj-te-shtatzanise-te-kendoj-e-vallezoj-nora-istrefi\/#breadcrumb\",\"itemListElement\":[{\"@type\":\"ListItem\",\"position\":1,\"name\":\"Deri n\u00eb cilin muaj t\u00eb shtatzanis\u00eb do t\u00eb k\u00ebndoj e vall\u00ebzoj Nora Istrefi?\"}]},{\"@type\":\"Person\",\"@id\":\"https:\/\/www.visit-ulcinj.com\/blog\/#\/schema\/person\/dcab619c614d3038751c63bc2aadc06d\",\"name\":\"ulqini\",\"sameAs\":[\"http:\/\/www.visit-ulcinj.com\"],\"url\":\"https:\/\/www.visit-ulcinj.com\/blog\/author\/admin\/\"}]}<\/script>\n<!-- \/ Yoast SEO plugin. -->","yoast_head_json":{"title":"Deri n\u00eb cilin muaj t\u00eb shtatzanis\u00eb do t\u00eb k\u00ebndoj e vall\u00ebzoj Nora Istrefi? - Lajme nga Ulqini","description":"\u00c7do grua shtatz\u00ebn\u00eb duhet t\u00eb jet\u00eb tejet e kujdeshme n\u00eb t\u00eb gjitha aspektet. Shtatz\u00ebnat, r\u00ebndom ndryshojn\u00eb stilin e jetes p\u00ebr hir\u00eb t\u00eb frytit q\u00eb mbajn\u00eb n\u00eb","robots":{"index":"index","follow":"follow","max-snippet":"max-snippet:-1","max-image-preview":"max-image-preview:large","max-video-preview":"max-video-preview:-1"},"canonical":"https:\/\/www.visit-ulcinj.com\/blog\/2014\/12\/01\/deri-ne-cilin-muaj-te-shtatzanise-te-kendoj-e-vallezoj-nora-istrefi\/","og_locale":"en_US","og_type":"article","og_title":"Deri n\u00eb cilin muaj t\u00eb shtatzanis\u00eb do t\u00eb k\u00ebndoj e vall\u00ebzoj Nora Istrefi? - Lajme nga Ulqini","og_description":"\u00c7do grua shtatz\u00ebn\u00eb duhet t\u00eb jet\u00eb tejet e kujdeshme n\u00eb t\u00eb gjitha aspektet. Shtatz\u00ebnat, r\u00ebndom ndryshojn\u00eb stilin e jetes p\u00ebr hir\u00eb t\u00eb frytit q\u00eb mbajn\u00eb n\u00eb","og_url":"https:\/\/www.visit-ulcinj.com\/blog\/2014\/12\/01\/deri-ne-cilin-muaj-te-shtatzanise-te-kendoj-e-vallezoj-nora-istrefi\/","og_site_name":"Lajme nga Ulqini","article_published_time":"2014-12-01T08:20:50+00:00","article_modified_time":"2014-12-01T08:21:25+00:00","twitter_misc":{"Written by":"ulqini","Est. reading time":"1 minute"},"schema":{"@context":"https:\/\/schema.org","@graph":[{"@type":"WebSite","@id":"https:\/\/www.visit-ulcinj.com\/blog\/#website","url":"https:\/\/www.visit-ulcinj.com\/blog\/","name":"Lajme nga Ulqini","description":"Lajme,Vijesti,Ulqini,Ulqin,Crna Gora,Mali i Zi","potentialAction":[{"@type":"SearchAction","target":{"@type":"EntryPoint","urlTemplate":"https:\/\/www.visit-ulcinj.com\/blog\/?s={search_term_string}"},"query-input":"required name=search_term_string"}],"inLanguage":"en-US"},{"@type":"WebPage","@id":"https:\/\/www.visit-ulcinj.com\/blog\/2014\/12\/01\/deri-ne-cilin-muaj-te-shtatzanise-te-kendoj-e-vallezoj-nora-istrefi\/#webpage","url":"https:\/\/www.visit-ulcinj.com\/blog\/2014\/12\/01\/deri-ne-cilin-muaj-te-shtatzanise-te-kendoj-e-vallezoj-nora-istrefi\/","name":"Deri n\u00eb cilin muaj t\u00eb shtatzanis\u00eb do t\u00eb k\u00ebndoj e vall\u00ebzoj Nora Istrefi? - Lajme nga Ulqini","isPartOf":{"@id":"https:\/\/www.visit-ulcinj.com\/blog\/#website"},"datePublished":"2014-12-01T08:20:50+00:00","dateModified":"2014-12-01T08:21:25+00:00","author":{"@id":"https:\/\/www.visit-ulcinj.com\/blog\/#\/schema\/person\/dcab619c614d3038751c63bc2aadc06d"},"description":"\u00c7do grua shtatz\u00ebn\u00eb duhet t\u00eb jet\u00eb tejet e kujdeshme n\u00eb t\u00eb gjitha aspektet. Shtatz\u00ebnat, r\u00ebndom ndryshojn\u00eb stilin e jetes p\u00ebr hir\u00eb t\u00eb frytit q\u00eb mbajn\u00eb n\u00eb","breadcrumb":{"@id":"https:\/\/www.visit-ulcinj.com\/blog\/2014\/12\/01\/deri-ne-cilin-muaj-te-shtatzanise-te-kendoj-e-vallezoj-nora-istrefi\/#breadcrumb"},"inLanguage":"en-US","potentialAction":[{"@type":"ReadAction","target":["https:\/\/www.visit-ulcinj.com\/blog\/2014\/12\/01\/deri-ne-cilin-muaj-te-shtatzanise-te-kendoj-e-vallezoj-nora-istrefi\/"]}]},{"@type":"BreadcrumbList","@id":"https:\/\/www.visit-ulcinj.com\/blog\/2014\/12\/01\/deri-ne-cilin-muaj-te-shtatzanise-te-kendoj-e-vallezoj-nora-istrefi\/#breadcrumb","itemListElement":[{"@type":"ListItem","position":1,"name":"Deri n\u00eb cilin muaj t\u00eb shtatzanis\u00eb do t\u00eb k\u00ebndoj e vall\u00ebzoj Nora Istrefi?"}]},{"@type":"Person","@id":"https:\/\/www.visit-ulcinj.com\/blog\/#\/schema\/person\/dcab619c614d3038751c63bc2aadc06d","name":"ulqini","sameAs":["http:\/\/www.visit-ulcinj.com"],"url":"https:\/\/www.visit-ulcinj.com\/blog\/author\/admin\/"}]}},"jetpack_featured_media_url":"","jetpack_sharing_enabled":true,"jetpack_shortlink":"https:\/\/wp.me\/pe6lTn-mzb","_links":{"self":[{"href":"https:\/\/www.visit-ulcinj.com\/blog\/wp-json\/wp\/v2\/posts\/86749"}],"collection":[{"href":"https:\/\/www.visit-ulcinj.com\/blog\/wp-json\/wp\/v2\/posts"}],"about":[{"href":"https:\/\/www.visit-ulcinj.com\/blog\/wp-json\/wp\/v2\/types\/post"}],"author":[{"embeddable":true,"href":"https:\/\/www.visit-ulcinj.com\/blog\/wp-json\/wp\/v2\/users\/1"}],"replies":[{"embeddable":true,"href":"https:\/\/www.visit-ulcinj.com\/blog\/wp-json\/wp\/v2\/comments?post=86749"}],"version-history":[{"count":1,"href":"https:\/\/www.visit-ulcinj.com\/blog\/wp-json\/wp\/v2\/posts\/86749\/revisions"}],"predecessor-version":[{"id":86751,"href":"https:\/\/www.visit-ulcinj.com\/blog\/wp-json\/wp\/v2\/posts\/86749\/revisions\/86751"}],"wp:attachment":[{"href":"https:\/\/www.visit-ulcinj.com\/blog\/wp-json\/wp\/v2\/media?parent=86749"}],"wp:term":[{"taxonomy":"category","embeddable":true,"href":"https:\/\/www.visit-ulcinj.com\/blog\/wp-json\/wp\/v2\/categories?post=86749"},{"taxonomy":"post_tag","embeddable":true,"href":"https:\/\/www.visit-ulcinj.com\/blog\/wp-json\/wp\/v2\/tags?post=86749"}],"curies":[{"name":"wp","href":"https:\/\/api.w.org\/{rel}","templated":true}]}}