{"id":86783,"date":"2014-12-02T07:35:57","date_gmt":"2014-12-02T06:35:57","guid":{"rendered":"http:\/\/www.visit-ulcinj.com\/blog\/?p=86783"},"modified":"2014-12-02T19:11:08","modified_gmt":"2014-12-02T18:11:08","slug":"teuta-nunaj-ne-si-e-keqja-e-vetes-sone-rasti-ulqinit","status":"publish","type":"post","link":"https:\/\/www.visit-ulcinj.com\/blog\/2014\/12\/02\/teuta-nunaj-ne-si-e-keqja-e-vetes-sone-rasti-ulqinit\/","title":{"rendered":"Teuta Nunaj: Ne, si e keqja e vetes son\u00eb &#8211; rasti i Ulqinit"},"content":{"rendered":"<p><strong><a href=\"http:\/\/www.visit-ulcinj.com\/blog\/wp-content\/uploads\/2014\/12\/Teuta-Nunaj.jpg\"><img loading=\"lazy\" class=\"alignleft wp-image-86784\" src=\"http:\/\/www.visit-ulcinj.com\/blog\/wp-content\/uploads\/2014\/12\/Teuta-Nunaj.jpg\" alt=\"Teuta Nunaj\" width=\"508\" height=\"343\" \/><\/a>Teuta Nunaj<\/strong><\/p>\n<p>Ka qen\u00eb viti 1999, kur me d\u00ebshir\u00ebn e sinqert\u00eb p\u00ebr t\u00eb mir\u00ebn e vendit tim, parashtrova pyetjen se kur do t\u00eb bashkohej kombi shqiptar dhe p\u00ebrgjigjja q\u00eb mora, ishte v\u00ebshtir\u00ebsisht e konceptueshme para 15 vjet\u00ebsh, por e pranueshme dhe leht\u00ebsisht e kuptueshme sot: \u201cBashkimi do t\u00eb ndodh\u00eb n\u00eb BE\u201d, atje ku kufijt\u00eb humbasin vler\u00ebn, q\u00eb perceptojm\u00eb ne sot. P\u00ebrpos t\u00eb gjitha gj\u00ebrave pozitive, q\u00eb ne shqiptar\u00ebt b\u00ebjm\u00eb p\u00ebr vendin ton\u00eb, t\u00eb cilat merren edhe me rezerva, p\u00ebrpos t\u00eb gjith\u00eb patriotizmit q\u00eb shfaq\u00ebm me q\u00ebndrime dhe reagime postBeograd, s\u00ebrisht ka nj\u00eb shum\u00ebsi gj\u00ebrash, q\u00eb shqiptar\u00ebt nuk i b\u00ebjn\u00eb n\u00eb dobi t\u00eb vendit. E th\u00ebn\u00eb n\u00eb k\u00ebt\u00eb m\u00ebnyr\u00eb, mund t\u00eb godas\u00eb, por n\u00ebse pranojm\u00eb se e v\u00ebrteta \u201cvret\u201d, at\u00ebher\u00eb ta pranojm\u00eb dhe t\u00eb v\u00ebrtet\u00ebn reale dhe n\u00ebse nuk e duam, le ta ndryshojm\u00eb. Le t\u2019i marrim me radh\u00eb, vet\u00ebm q\u00ebndrimet e partive politike shqiptare, n\u00eb t\u00eb gjitha trevat autoktone shqipfol\u00ebse. N\u00eb Shqip\u00ebri jan\u00eb mbi 100 parti politike t\u00eb regjistruara, por vet\u00ebm 12 prej tyre financohen nga taksat e shqiptar\u00ebve. Ne kemi nj\u00eb opozit\u00eb parlamentare inekzistente, ushtare e vendimeve arbitrare dhe e pafuqishme t\u00eb ushtroj\u00eb detyrat q\u00eb ligji ia ngarkon. Nd\u00ebrkoh\u00eb q\u00eb n\u00eb demokraci, opozita duhet t\u00eb sh\u00ebrbej\u00eb si oponenc\u00eb p\u00ebr shumic\u00ebn qeveris\u00eb, te ne ajo \u00ebsht\u00eb kthyer n\u00eb shtojc\u00eb reagimesh pa kuptim dhe dobishm\u00ebri publike. Kthejm\u00eb pak kok\u00ebn nga Lindja dhe shkojm\u00eb n\u00eb Kosov\u00eb. Vet\u00ebm pas 6 vjet\u00ebsh pavar\u00ebsi, ku institucionet ende nuk kan\u00eb themele t\u00eb forta dhe konstituimi \u00ebsht\u00eb nj\u00eb proces n\u00eb vijueshm\u00ebri, vendit iu desh\u00ebn 6 muaj p\u00ebr t\u00eb formuar qeveri.<\/p>\n<p>E gjitha kjo, se nj\u00ebri politikan nuk e l\u00ebshon karrigen e tij dhe tjetri. Kur BE-ja dhe SHBA-t\u00eb financojn\u00eb ende nd\u00ebrtimin e institucioneve t\u00eb shtetit m\u00eb t\u00eb ri n\u00eb Evrop\u00eb, drejtuesit aktual\u00eb politik vijojn\u00eb t\u00eb p\u00ebrdorin t\u00eb shkuar\u00ebn e tyre n\u00eb luft\u00ebn \u00e7lirimtare t\u00eb Kosov\u00ebs si CV p\u00ebr marrje dhe ruajtje pushteti. Ulim shikimin n\u00eb Maqedoni, ku kemi dy forca politike, q\u00eb nuk rreshtin s\u00eb sulmuari nj\u00ebra-tjetr\u00ebn dhe ku nuk ngurojn\u00eb t\u00eb p\u00ebrdorin trup\u00ebrisht mes tyre forc\u00ebn fizike edhe n\u00eb parlament. Kemi nj\u00eb parti q\u00eb \u00ebsht\u00eb rr\u00ebnjosur n\u00eb pushtet, q\u00eb p\u00ebr t\u00eb rritur jet\u00ebgjat\u00ebsin\u00eb e saj politike n\u00eb sundim t\u00eb shqiptar\u00ebve, b\u00ebn kompromis me fatet e tyre, nuk mbron t\u00eb drejtat kushtetuese q\u00eb ligji garanton p\u00ebr shqiptar\u00ebt (rasti i gjuh\u00ebs shqipe) dhe shkon pran\u00eb tyre, vet\u00ebm kur u duhet vota p\u00ebr zgjedhje. Nj\u00ebkoh\u00ebsisht, shihet indiferenca e tyre edhe si mosp\u00ebrkrahje ndaj reagimeve t\u00eb qytetar\u00ebve, t\u00eb cilat i p\u00ebrdorin si mjete p\u00ebr t\u00eb sulmuar nj\u00ebri-tjetrin, apo si gar\u00eb prezantimi mes \u201cintelektual\u00ebsh\u201d dhe nuk p\u00ebrfshihen, q\u00eb t\u00eb bashk\u00ebpunojn\u00eb p\u00ebr t\u00eb sjell\u00eb vet\u00ebm nj\u00eb z\u00eb unik shqiptar, q\u00eb punon ndershm\u00ebrisht p\u00ebr t\u00eb mir\u00eb t\u00eb popullit q\u00eb i ka zgjedhur. K\u00ebshtu demonstrojn\u00eb m\u00ebnyr\u00ebn arkaike t\u00eb t\u00eb vepruarit dhe primitivizmin n\u00eb drejtim, duke pretenduar se punojn\u00eb \u201cdrejt\u00eb\u201d, por q\u00eb n\u00eb t\u00eb v\u00ebrtet\u00eb po b\u00ebhen \u00e7do dit\u00eb edhe m\u00eb shum\u00eb individ\u00eb snobist\u00eb dhe t\u00eb papranuesh\u00ebm.<\/p>\n<p><strong> Ngrem\u00eb syt\u00eb drejt veriut, n\u00eb Mal t\u00eb Zi, ku shqiptar\u00ebt z\u00ebn\u00eb rreth 5% t\u00eb popullsis\u00eb (sipas regjistrimit t\u00eb vitit 2011) dhe jan\u00eb rreth 8 forca politike q\u00eb veprojn\u00eb nd\u00ebr ta, ku p\u00ebr \u00e7do qytet shqiptar i bie t\u00eb ket\u00eb p\u00ebrafrisht nga dy parti politike, aq sa kjo ndarje ka rrezikuar dhe drejtimin e komunave shqiptare (rasti i Ulqinit). Protestat e shqiptar\u00ebve p\u00ebr t\u00eb mbrojtur t\u00eb drejtat e tyre nuk gjejn\u00eb p\u00ebrkrahjen e t\u00eb gjitha forcave politike, t\u00eb cilat nuk veprojn\u00eb n\u00eb unison. Politikan\u00ebt shqiptar\u00eb n\u00eb k\u00ebt\u00eb vend jan\u00eb mjaftuar me p\u00ebrcjelljen n\u00eb institucione ligjv\u00ebn\u00ebse dhe ligjzbatuese t\u00eb k\u00ebrkesave t\u00eb tyre, por nuk kan\u00eb b\u00ebr\u00eb p\u00ebrpjekje dhe pun\u00eb t\u00eb mjaftueshme p\u00ebr t\u00eb korrur rezultatet e duhura p\u00ebr bashk\u00ebqytetar\u00ebt e tyre, n\u00eb respektimin dhe mbrojtjen e t\u00eb drejtave. Si\u00e7 duket, fragmentizimin politik e kemi n\u00eb gjen, ku m\u00eb shum\u00eb kemi gjeneral\u00eb se ushtar\u00eb dhe p\u00ebr k\u00ebt\u00eb fajin nuk na e ka Evropa e vjet\u00ebr, por vet\u00eb ne. P\u00ebr sa koh\u00eb ne do t\u00eb jemi t\u00eb ndar\u00eb, pa ide, vizion dhe premisa dialogu, tokat autoktone shqiptare do t\u00eb vazhdojn\u00eb t\u00eb l\u00ebngojn\u00eb; p\u00ebr sa koh\u00eb privatja do mbizot\u00ebroj\u00eb mbi publiken, personalja mbi t\u00eb p\u00ebrbashk\u00ebt\u00ebn, pragmatizmi mbi objektivizmin, politika shqiptare n\u00ebn vellon e evropianizit, do t\u00eb vijoj\u00eb t\u00eb jet\u00eb e ndryshkur dhe pa mund\u00ebsi pastrimi; p\u00ebr sa koh\u00eb nuk do t\u00eb ket\u00eb tendenc\u00eb p\u00ebr ndryshime t\u00eb v\u00ebrteta, kjo situat\u00eb do t\u00eb vijoj\u00eb t\u00eb mbetet e fjetur, pa kok\u00eb, pa zgjidhje dhe pa t\u00eb ardhme si mbrojt\u00ebse e t\u00eb drejtave t\u00eb shoq\u00ebris\u00eb shqiptare n\u00eb t\u00ebr\u00ebsi. Kjo \u00ebsht\u00eb nj\u00eb politik\u00eb q\u00eb mbetet e vjet\u00ebr n\u00eb nj\u00eb mij\u00ebvje\u00e7ar t\u00eb ri, q\u00eb sjell zhg\u00ebnjim m\u00eb shum\u00eb se shpres\u00eb; mosbesim m\u00eb shum\u00eb se siguri; indiferentiz\u00ebm p\u00ebr t\u00eb p\u00ebrgjithshmen m\u00eb shum\u00eb se angazhim p\u00ebr t\u00eb p\u00ebrbashk\u00ebt\u00ebn; konflikt m\u00eb shum\u00eb se dialog dhe kjo ndodh, sepse mungon vullneti p\u00ebr t\u00eb v\u00ebn\u00eb interesin e p\u00ebrgjithsh\u00ebm t\u00eb njer\u00ebzve dhe kombit, p\u00ebrpara interesit t\u00eb ngusht\u00eb individual.<\/strong><\/p>\n<p>Por a ka njer\u00ebz t\u00eb mir\u00eb q\u00eb punojn\u00eb me dashuri t\u00eb sinqert\u00eb p\u00ebr vendin? Sigurisht q\u00eb ka dhe do t\u00eb reshten t\u00eb jen\u00eb edhe n\u00eb t\u00eb ardhmen. Por deri m\u00eb tash, e mira e tyre \u00ebsht\u00eb l\u00ebn\u00eb n\u00eb p\u00ebrkrahje t\u00eb pamjaftueshme dhe nuk po mundet ende t\u00eb mbizot\u00ebroj\u00eb mbi k\u00ebt\u00eb terren makut\u00ebrie, q\u00eb po na d\u00ebmton t\u00eb gjith\u00ebve.<\/p>\n","protected":false},"excerpt":{"rendered":"<p>Teuta Nunaj Ka qen\u00eb viti 1999, kur me d\u00ebshir\u00ebn e sinqert\u00eb p\u00ebr t\u00eb mir\u00ebn e vendit tim, parashtrova pyetjen se kur do t\u00eb bashkohej kombi shqiptar dhe p\u00ebrgjigjja q\u00eb mora, ishte v\u00ebshtir\u00ebsisht e konceptueshme para 15 vjet\u00ebsh, por e pranueshme dhe leht\u00ebsisht e kuptueshme sot: \u201cBashkimi do t\u00eb ndodh\u00eb n\u00eb BE\u201d, atje ku kufijt\u00eb humbasin [&hellip;]<\/p>\n","protected":false},"author":1,"featured_media":0,"comment_status":"closed","ping_status":"closed","sticky":false,"template":"","format":"standard","meta":{"spay_email":"","jetpack_publicize_message":"","jetpack_is_tweetstorm":false,"jetpack_publicize_feature_enabled":true},"categories":[1,2451],"tags":[],"jetpack_publicize_connections":[],"yoast_head":"<!-- This site is optimized with the Yoast SEO plugin v19.1 - https:\/\/yoast.com\/wordpress\/plugins\/seo\/ -->\n<title>Teuta Nunaj: Ne, si e keqja e vetes son\u00eb - rasti i Ulqinit - Lajme nga Ulqini<\/title>\n<meta name=\"description\" content=\"Teuta Nunaj Ka qen\u00eb viti 1999, kur me d\u00ebshir\u00ebn e sinqert\u00eb p\u00ebr t\u00eb mir\u00ebn e vendit tim, parashtrova pyetjen se kur do t\u00eb bashkohej kombi shqiptar dhe\" \/>\n<meta name=\"robots\" content=\"index, follow, max-snippet:-1, max-image-preview:large, max-video-preview:-1\" \/>\n<link rel=\"canonical\" href=\"https:\/\/www.visit-ulcinj.com\/blog\/2014\/12\/02\/teuta-nunaj-ne-si-e-keqja-e-vetes-sone-rasti-ulqinit\/\" \/>\n<meta property=\"og:locale\" content=\"en_US\" \/>\n<meta property=\"og:type\" content=\"article\" \/>\n<meta property=\"og:title\" content=\"Teuta Nunaj: Ne, si e keqja e vetes son\u00eb - rasti i Ulqinit - Lajme nga Ulqini\" \/>\n<meta property=\"og:description\" content=\"Teuta Nunaj Ka qen\u00eb viti 1999, kur me d\u00ebshir\u00ebn e sinqert\u00eb p\u00ebr t\u00eb mir\u00ebn e vendit tim, parashtrova pyetjen se kur do t\u00eb bashkohej kombi shqiptar dhe\" \/>\n<meta property=\"og:url\" content=\"https:\/\/www.visit-ulcinj.com\/blog\/2014\/12\/02\/teuta-nunaj-ne-si-e-keqja-e-vetes-sone-rasti-ulqinit\/\" \/>\n<meta property=\"og:site_name\" content=\"Lajme nga Ulqini\" \/>\n<meta property=\"article:published_time\" content=\"2014-12-02T06:35:57+00:00\" \/>\n<meta property=\"article:modified_time\" content=\"2014-12-02T18:11:08+00:00\" \/>\n<meta property=\"og:image\" content=\"http:\/\/www.visit-ulcinj.com\/blog\/wp-content\/uploads\/2014\/12\/Teuta-Nunaj.jpg\" \/>\n<meta name=\"twitter:label1\" content=\"Written by\" \/>\n\t<meta name=\"twitter:data1\" content=\"ulqini\" \/>\n\t<meta name=\"twitter:label2\" content=\"Est. reading time\" \/>\n\t<meta name=\"twitter:data2\" content=\"5 minutes\" \/>\n<script type=\"application\/ld+json\" class=\"yoast-schema-graph\">{\"@context\":\"https:\/\/schema.org\",\"@graph\":[{\"@type\":\"WebSite\",\"@id\":\"https:\/\/www.visit-ulcinj.com\/blog\/#website\",\"url\":\"https:\/\/www.visit-ulcinj.com\/blog\/\",\"name\":\"Lajme nga Ulqini\",\"description\":\"Lajme,Vijesti,Ulqini,Ulqin,Crna Gora,Mali i Zi\",\"potentialAction\":[{\"@type\":\"SearchAction\",\"target\":{\"@type\":\"EntryPoint\",\"urlTemplate\":\"https:\/\/www.visit-ulcinj.com\/blog\/?s={search_term_string}\"},\"query-input\":\"required name=search_term_string\"}],\"inLanguage\":\"en-US\"},{\"@type\":\"ImageObject\",\"inLanguage\":\"en-US\",\"@id\":\"https:\/\/www.visit-ulcinj.com\/blog\/2014\/12\/02\/teuta-nunaj-ne-si-e-keqja-e-vetes-sone-rasti-ulqinit\/#primaryimage\",\"url\":\"http:\/\/www.visit-ulcinj.com\/blog\/wp-content\/uploads\/2014\/12\/Teuta-Nunaj.jpg\",\"contentUrl\":\"http:\/\/www.visit-ulcinj.com\/blog\/wp-content\/uploads\/2014\/12\/Teuta-Nunaj.jpg\"},{\"@type\":\"WebPage\",\"@id\":\"https:\/\/www.visit-ulcinj.com\/blog\/2014\/12\/02\/teuta-nunaj-ne-si-e-keqja-e-vetes-sone-rasti-ulqinit\/#webpage\",\"url\":\"https:\/\/www.visit-ulcinj.com\/blog\/2014\/12\/02\/teuta-nunaj-ne-si-e-keqja-e-vetes-sone-rasti-ulqinit\/\",\"name\":\"Teuta Nunaj: Ne, si e keqja e vetes son\u00eb - rasti i Ulqinit - Lajme nga Ulqini\",\"isPartOf\":{\"@id\":\"https:\/\/www.visit-ulcinj.com\/blog\/#website\"},\"primaryImageOfPage\":{\"@id\":\"https:\/\/www.visit-ulcinj.com\/blog\/2014\/12\/02\/teuta-nunaj-ne-si-e-keqja-e-vetes-sone-rasti-ulqinit\/#primaryimage\"},\"datePublished\":\"2014-12-02T06:35:57+00:00\",\"dateModified\":\"2014-12-02T18:11:08+00:00\",\"author\":{\"@id\":\"https:\/\/www.visit-ulcinj.com\/blog\/#\/schema\/person\/dcab619c614d3038751c63bc2aadc06d\"},\"description\":\"Teuta Nunaj Ka qen\u00eb viti 1999, kur me d\u00ebshir\u00ebn e sinqert\u00eb p\u00ebr t\u00eb mir\u00ebn e vendit tim, parashtrova pyetjen se kur do t\u00eb bashkohej kombi shqiptar dhe\",\"breadcrumb\":{\"@id\":\"https:\/\/www.visit-ulcinj.com\/blog\/2014\/12\/02\/teuta-nunaj-ne-si-e-keqja-e-vetes-sone-rasti-ulqinit\/#breadcrumb\"},\"inLanguage\":\"en-US\",\"potentialAction\":[{\"@type\":\"ReadAction\",\"target\":[\"https:\/\/www.visit-ulcinj.com\/blog\/2014\/12\/02\/teuta-nunaj-ne-si-e-keqja-e-vetes-sone-rasti-ulqinit\/\"]}]},{\"@type\":\"BreadcrumbList\",\"@id\":\"https:\/\/www.visit-ulcinj.com\/blog\/2014\/12\/02\/teuta-nunaj-ne-si-e-keqja-e-vetes-sone-rasti-ulqinit\/#breadcrumb\",\"itemListElement\":[{\"@type\":\"ListItem\",\"position\":1,\"name\":\"Teuta Nunaj: Ne, si e keqja e vetes son\u00eb &#8211; rasti i Ulqinit\"}]},{\"@type\":\"Person\",\"@id\":\"https:\/\/www.visit-ulcinj.com\/blog\/#\/schema\/person\/dcab619c614d3038751c63bc2aadc06d\",\"name\":\"ulqini\",\"sameAs\":[\"http:\/\/www.visit-ulcinj.com\"],\"url\":\"https:\/\/www.visit-ulcinj.com\/blog\/author\/admin\/\"}]}<\/script>\n<!-- \/ Yoast SEO plugin. -->","yoast_head_json":{"title":"Teuta Nunaj: Ne, si e keqja e vetes son\u00eb - rasti i Ulqinit - Lajme nga Ulqini","description":"Teuta Nunaj Ka qen\u00eb viti 1999, kur me d\u00ebshir\u00ebn e sinqert\u00eb p\u00ebr t\u00eb mir\u00ebn e vendit tim, parashtrova pyetjen se kur do t\u00eb bashkohej kombi shqiptar dhe","robots":{"index":"index","follow":"follow","max-snippet":"max-snippet:-1","max-image-preview":"max-image-preview:large","max-video-preview":"max-video-preview:-1"},"canonical":"https:\/\/www.visit-ulcinj.com\/blog\/2014\/12\/02\/teuta-nunaj-ne-si-e-keqja-e-vetes-sone-rasti-ulqinit\/","og_locale":"en_US","og_type":"article","og_title":"Teuta Nunaj: Ne, si e keqja e vetes son\u00eb - rasti i Ulqinit - Lajme nga Ulqini","og_description":"Teuta Nunaj Ka qen\u00eb viti 1999, kur me d\u00ebshir\u00ebn e sinqert\u00eb p\u00ebr t\u00eb mir\u00ebn e vendit tim, parashtrova pyetjen se kur do t\u00eb bashkohej kombi shqiptar dhe","og_url":"https:\/\/www.visit-ulcinj.com\/blog\/2014\/12\/02\/teuta-nunaj-ne-si-e-keqja-e-vetes-sone-rasti-ulqinit\/","og_site_name":"Lajme nga Ulqini","article_published_time":"2014-12-02T06:35:57+00:00","article_modified_time":"2014-12-02T18:11:08+00:00","og_image":[{"url":"http:\/\/www.visit-ulcinj.com\/blog\/wp-content\/uploads\/2014\/12\/Teuta-Nunaj.jpg"}],"twitter_misc":{"Written by":"ulqini","Est. reading time":"5 minutes"},"schema":{"@context":"https:\/\/schema.org","@graph":[{"@type":"WebSite","@id":"https:\/\/www.visit-ulcinj.com\/blog\/#website","url":"https:\/\/www.visit-ulcinj.com\/blog\/","name":"Lajme nga Ulqini","description":"Lajme,Vijesti,Ulqini,Ulqin,Crna Gora,Mali i Zi","potentialAction":[{"@type":"SearchAction","target":{"@type":"EntryPoint","urlTemplate":"https:\/\/www.visit-ulcinj.com\/blog\/?s={search_term_string}"},"query-input":"required name=search_term_string"}],"inLanguage":"en-US"},{"@type":"ImageObject","inLanguage":"en-US","@id":"https:\/\/www.visit-ulcinj.com\/blog\/2014\/12\/02\/teuta-nunaj-ne-si-e-keqja-e-vetes-sone-rasti-ulqinit\/#primaryimage","url":"http:\/\/www.visit-ulcinj.com\/blog\/wp-content\/uploads\/2014\/12\/Teuta-Nunaj.jpg","contentUrl":"http:\/\/www.visit-ulcinj.com\/blog\/wp-content\/uploads\/2014\/12\/Teuta-Nunaj.jpg"},{"@type":"WebPage","@id":"https:\/\/www.visit-ulcinj.com\/blog\/2014\/12\/02\/teuta-nunaj-ne-si-e-keqja-e-vetes-sone-rasti-ulqinit\/#webpage","url":"https:\/\/www.visit-ulcinj.com\/blog\/2014\/12\/02\/teuta-nunaj-ne-si-e-keqja-e-vetes-sone-rasti-ulqinit\/","name":"Teuta Nunaj: Ne, si e keqja e vetes son\u00eb - rasti i Ulqinit - Lajme nga Ulqini","isPartOf":{"@id":"https:\/\/www.visit-ulcinj.com\/blog\/#website"},"primaryImageOfPage":{"@id":"https:\/\/www.visit-ulcinj.com\/blog\/2014\/12\/02\/teuta-nunaj-ne-si-e-keqja-e-vetes-sone-rasti-ulqinit\/#primaryimage"},"datePublished":"2014-12-02T06:35:57+00:00","dateModified":"2014-12-02T18:11:08+00:00","author":{"@id":"https:\/\/www.visit-ulcinj.com\/blog\/#\/schema\/person\/dcab619c614d3038751c63bc2aadc06d"},"description":"Teuta Nunaj Ka qen\u00eb viti 1999, kur me d\u00ebshir\u00ebn e sinqert\u00eb p\u00ebr t\u00eb mir\u00ebn e vendit tim, parashtrova pyetjen se kur do t\u00eb bashkohej kombi shqiptar dhe","breadcrumb":{"@id":"https:\/\/www.visit-ulcinj.com\/blog\/2014\/12\/02\/teuta-nunaj-ne-si-e-keqja-e-vetes-sone-rasti-ulqinit\/#breadcrumb"},"inLanguage":"en-US","potentialAction":[{"@type":"ReadAction","target":["https:\/\/www.visit-ulcinj.com\/blog\/2014\/12\/02\/teuta-nunaj-ne-si-e-keqja-e-vetes-sone-rasti-ulqinit\/"]}]},{"@type":"BreadcrumbList","@id":"https:\/\/www.visit-ulcinj.com\/blog\/2014\/12\/02\/teuta-nunaj-ne-si-e-keqja-e-vetes-sone-rasti-ulqinit\/#breadcrumb","itemListElement":[{"@type":"ListItem","position":1,"name":"Teuta Nunaj: Ne, si e keqja e vetes son\u00eb &#8211; rasti i Ulqinit"}]},{"@type":"Person","@id":"https:\/\/www.visit-ulcinj.com\/blog\/#\/schema\/person\/dcab619c614d3038751c63bc2aadc06d","name":"ulqini","sameAs":["http:\/\/www.visit-ulcinj.com"],"url":"https:\/\/www.visit-ulcinj.com\/blog\/author\/admin\/"}]}},"jetpack_featured_media_url":"","jetpack_sharing_enabled":true,"jetpack_shortlink":"https:\/\/wp.me\/pe6lTn-mzJ","_links":{"self":[{"href":"https:\/\/www.visit-ulcinj.com\/blog\/wp-json\/wp\/v2\/posts\/86783"}],"collection":[{"href":"https:\/\/www.visit-ulcinj.com\/blog\/wp-json\/wp\/v2\/posts"}],"about":[{"href":"https:\/\/www.visit-ulcinj.com\/blog\/wp-json\/wp\/v2\/types\/post"}],"author":[{"embeddable":true,"href":"https:\/\/www.visit-ulcinj.com\/blog\/wp-json\/wp\/v2\/users\/1"}],"replies":[{"embeddable":true,"href":"https:\/\/www.visit-ulcinj.com\/blog\/wp-json\/wp\/v2\/comments?post=86783"}],"version-history":[{"count":1,"href":"https:\/\/www.visit-ulcinj.com\/blog\/wp-json\/wp\/v2\/posts\/86783\/revisions"}],"predecessor-version":[{"id":86785,"href":"https:\/\/www.visit-ulcinj.com\/blog\/wp-json\/wp\/v2\/posts\/86783\/revisions\/86785"}],"wp:attachment":[{"href":"https:\/\/www.visit-ulcinj.com\/blog\/wp-json\/wp\/v2\/media?parent=86783"}],"wp:term":[{"taxonomy":"category","embeddable":true,"href":"https:\/\/www.visit-ulcinj.com\/blog\/wp-json\/wp\/v2\/categories?post=86783"},{"taxonomy":"post_tag","embeddable":true,"href":"https:\/\/www.visit-ulcinj.com\/blog\/wp-json\/wp\/v2\/tags?post=86783"}],"curies":[{"name":"wp","href":"https:\/\/api.w.org\/{rel}","templated":true}]}}