{"id":86786,"date":"2014-12-02T07:50:37","date_gmt":"2014-12-02T06:50:37","guid":{"rendered":"http:\/\/www.visit-ulcinj.com\/blog\/?p=86786"},"modified":"2014-12-02T07:50:37","modified_gmt":"2014-12-02T06:50:37","slug":"mali-zi-po-kthen-shpinen-rusise-voton-kunder-moskes","status":"publish","type":"post","link":"https:\/\/www.visit-ulcinj.com\/blog\/2014\/12\/02\/mali-zi-po-kthen-shpinen-rusise-voton-kunder-moskes\/","title":{"rendered":"Mali i Zi po i kthen shpin\u00ebn Rusis\u00eb, voton kund\u00ebr Mosk\u00ebs"},"content":{"rendered":"<p><a href=\"http:\/\/www.visit-ulcinj.com\/blog\/wp-content\/uploads\/2014\/12\/Montenegro-logo.jpg\"><img loading=\"lazy\" class=\"alignleft wp-image-86787 size-full\" src=\"http:\/\/www.visit-ulcinj.com\/blog\/wp-content\/uploads\/2014\/12\/Montenegro-logo.jpg\" alt=\"Montenegro-logo\" width=\"210\" height=\"240\" \/><\/a>Mali i Zi nuk e ka p\u00ebrkrahur rezolut\u00ebn kund\u00ebr glorifikimit t\u00eb nazizmit dhe t\u00eb racizmit, t\u00eb cil\u00ebn Moska ia ka paraqitur Kombeve t\u00eb Bashkuara.<\/p>\n<p>Kund\u00ebr k\u00ebsaj Rezolute jan\u00eb shprehur vendet e Bashkimit Evropian.<\/p>\n<p>Ministri i Jasht\u00ebm i shtetit malazez, Igor Lukshi\u00e7 tha se Podgorica ka synim an\u00ebtar\u00ebsimin n\u00eb BE dhe se nuk do ta ndaj\u00eb rrug\u00ebn e saj euro-atlantike.<\/p>\n<p>Mali i Zi aktualisht ndodhet n\u00eb faz\u00ebn e negociatave p\u00ebr an\u00ebtar\u00ebsim n\u00eb BE.<\/p>\n<p><strong>Albeu Online<\/strong><\/p>\n","protected":false},"excerpt":{"rendered":"<p>Mali i Zi nuk e ka p\u00ebrkrahur rezolut\u00ebn kund\u00ebr glorifikimit t\u00eb nazizmit dhe t\u00eb racizmit, t\u00eb cil\u00ebn Moska ia ka paraqitur Kombeve t\u00eb Bashkuara. Kund\u00ebr k\u00ebsaj Rezolute jan\u00eb shprehur vendet e Bashkimit Evropian. Ministri i Jasht\u00ebm i shtetit malazez, Igor Lukshi\u00e7 tha se Podgorica ka synim an\u00ebtar\u00ebsimin n\u00eb BE dhe se nuk do ta ndaj\u00eb [&hellip;]<\/p>\n","protected":false},"author":1,"featured_media":0,"comment_status":"closed","ping_status":"closed","sticky":false,"template":"","format":"standard","meta":{"spay_email":"","jetpack_publicize_message":"","jetpack_is_tweetstorm":false,"jetpack_publicize_feature_enabled":true},"categories":[2451],"tags":[],"jetpack_publicize_connections":[],"yoast_head":"<!-- This site is optimized with the Yoast SEO plugin v19.1 - https:\/\/yoast.com\/wordpress\/plugins\/seo\/ -->\n<title>Mali i Zi po i kthen shpin\u00ebn Rusis\u00eb, voton kund\u00ebr Mosk\u00ebs - Lajme nga Ulqini<\/title>\n<meta name=\"description\" content=\"Mali i Zi nuk e ka p\u00ebrkrahur rezolut\u00ebn kund\u00ebr glorifikimit t\u00eb nazizmit dhe t\u00eb racizmit, t\u00eb cil\u00ebn Moska ia ka paraqitur Kombeve t\u00eb Bashkuara. Kund\u00ebr k\u00ebsaj\" \/>\n<meta name=\"robots\" content=\"index, follow, max-snippet:-1, max-image-preview:large, max-video-preview:-1\" \/>\n<link rel=\"canonical\" href=\"https:\/\/www.visit-ulcinj.com\/blog\/2014\/12\/02\/mali-zi-po-kthen-shpinen-rusise-voton-kunder-moskes\/\" \/>\n<meta property=\"og:locale\" content=\"en_US\" \/>\n<meta property=\"og:type\" content=\"article\" \/>\n<meta property=\"og:title\" content=\"Mali i Zi po i kthen shpin\u00ebn Rusis\u00eb, voton kund\u00ebr Mosk\u00ebs - Lajme nga Ulqini\" \/>\n<meta property=\"og:description\" content=\"Mali i Zi nuk e ka p\u00ebrkrahur rezolut\u00ebn kund\u00ebr glorifikimit t\u00eb nazizmit dhe t\u00eb racizmit, t\u00eb cil\u00ebn Moska ia ka paraqitur Kombeve t\u00eb Bashkuara. Kund\u00ebr k\u00ebsaj\" \/>\n<meta property=\"og:url\" content=\"https:\/\/www.visit-ulcinj.com\/blog\/2014\/12\/02\/mali-zi-po-kthen-shpinen-rusise-voton-kunder-moskes\/\" \/>\n<meta property=\"og:site_name\" content=\"Lajme nga Ulqini\" \/>\n<meta property=\"article:published_time\" content=\"2014-12-02T06:50:37+00:00\" \/>\n<meta property=\"og:image\" content=\"http:\/\/www.visit-ulcinj.com\/blog\/wp-content\/uploads\/2014\/12\/Montenegro-logo.jpg\" \/>\n<meta name=\"twitter:label1\" content=\"Written by\" \/>\n\t<meta name=\"twitter:data1\" content=\"ulqini\" \/>\n<script type=\"application\/ld+json\" class=\"yoast-schema-graph\">{\"@context\":\"https:\/\/schema.org\",\"@graph\":[{\"@type\":\"WebSite\",\"@id\":\"https:\/\/www.visit-ulcinj.com\/blog\/#website\",\"url\":\"https:\/\/www.visit-ulcinj.com\/blog\/\",\"name\":\"Lajme nga Ulqini\",\"description\":\"Lajme,Vijesti,Ulqini,Ulqin,Crna Gora,Mali i Zi\",\"potentialAction\":[{\"@type\":\"SearchAction\",\"target\":{\"@type\":\"EntryPoint\",\"urlTemplate\":\"https:\/\/www.visit-ulcinj.com\/blog\/?s={search_term_string}\"},\"query-input\":\"required name=search_term_string\"}],\"inLanguage\":\"en-US\"},{\"@type\":\"ImageObject\",\"inLanguage\":\"en-US\",\"@id\":\"https:\/\/www.visit-ulcinj.com\/blog\/2014\/12\/02\/mali-zi-po-kthen-shpinen-rusise-voton-kunder-moskes\/#primaryimage\",\"url\":\"https:\/\/www.visit-ulcinj.com\/blog\/wp-content\/uploads\/2014\/12\/Montenegro-logo.jpg\",\"contentUrl\":\"https:\/\/www.visit-ulcinj.com\/blog\/wp-content\/uploads\/2014\/12\/Montenegro-logo.jpg\",\"width\":210,\"height\":240},{\"@type\":\"WebPage\",\"@id\":\"https:\/\/www.visit-ulcinj.com\/blog\/2014\/12\/02\/mali-zi-po-kthen-shpinen-rusise-voton-kunder-moskes\/#webpage\",\"url\":\"https:\/\/www.visit-ulcinj.com\/blog\/2014\/12\/02\/mali-zi-po-kthen-shpinen-rusise-voton-kunder-moskes\/\",\"name\":\"Mali i Zi po i kthen shpin\u00ebn Rusis\u00eb, voton kund\u00ebr Mosk\u00ebs - Lajme nga Ulqini\",\"isPartOf\":{\"@id\":\"https:\/\/www.visit-ulcinj.com\/blog\/#website\"},\"primaryImageOfPage\":{\"@id\":\"https:\/\/www.visit-ulcinj.com\/blog\/2014\/12\/02\/mali-zi-po-kthen-shpinen-rusise-voton-kunder-moskes\/#primaryimage\"},\"datePublished\":\"2014-12-02T06:50:37+00:00\",\"dateModified\":\"2014-12-02T06:50:37+00:00\",\"author\":{\"@id\":\"https:\/\/www.visit-ulcinj.com\/blog\/#\/schema\/person\/dcab619c614d3038751c63bc2aadc06d\"},\"description\":\"Mali i Zi nuk e ka p\u00ebrkrahur rezolut\u00ebn kund\u00ebr glorifikimit t\u00eb nazizmit dhe t\u00eb racizmit, t\u00eb cil\u00ebn Moska ia ka paraqitur Kombeve t\u00eb Bashkuara. Kund\u00ebr k\u00ebsaj\",\"breadcrumb\":{\"@id\":\"https:\/\/www.visit-ulcinj.com\/blog\/2014\/12\/02\/mali-zi-po-kthen-shpinen-rusise-voton-kunder-moskes\/#breadcrumb\"},\"inLanguage\":\"en-US\",\"potentialAction\":[{\"@type\":\"ReadAction\",\"target\":[\"https:\/\/www.visit-ulcinj.com\/blog\/2014\/12\/02\/mali-zi-po-kthen-shpinen-rusise-voton-kunder-moskes\/\"]}]},{\"@type\":\"BreadcrumbList\",\"@id\":\"https:\/\/www.visit-ulcinj.com\/blog\/2014\/12\/02\/mali-zi-po-kthen-shpinen-rusise-voton-kunder-moskes\/#breadcrumb\",\"itemListElement\":[{\"@type\":\"ListItem\",\"position\":1,\"name\":\"Mali i Zi po i kthen shpin\u00ebn Rusis\u00eb, voton kund\u00ebr Mosk\u00ebs\"}]},{\"@type\":\"Person\",\"@id\":\"https:\/\/www.visit-ulcinj.com\/blog\/#\/schema\/person\/dcab619c614d3038751c63bc2aadc06d\",\"name\":\"ulqini\",\"sameAs\":[\"http:\/\/www.visit-ulcinj.com\"],\"url\":\"https:\/\/www.visit-ulcinj.com\/blog\/author\/admin\/\"}]}<\/script>\n<!-- \/ Yoast SEO plugin. -->","yoast_head_json":{"title":"Mali i Zi po i kthen shpin\u00ebn Rusis\u00eb, voton kund\u00ebr Mosk\u00ebs - Lajme nga Ulqini","description":"Mali i Zi nuk e ka p\u00ebrkrahur rezolut\u00ebn kund\u00ebr glorifikimit t\u00eb nazizmit dhe t\u00eb racizmit, t\u00eb cil\u00ebn Moska ia ka paraqitur Kombeve t\u00eb Bashkuara. Kund\u00ebr k\u00ebsaj","robots":{"index":"index","follow":"follow","max-snippet":"max-snippet:-1","max-image-preview":"max-image-preview:large","max-video-preview":"max-video-preview:-1"},"canonical":"https:\/\/www.visit-ulcinj.com\/blog\/2014\/12\/02\/mali-zi-po-kthen-shpinen-rusise-voton-kunder-moskes\/","og_locale":"en_US","og_type":"article","og_title":"Mali i Zi po i kthen shpin\u00ebn Rusis\u00eb, voton kund\u00ebr Mosk\u00ebs - Lajme nga Ulqini","og_description":"Mali i Zi nuk e ka p\u00ebrkrahur rezolut\u00ebn kund\u00ebr glorifikimit t\u00eb nazizmit dhe t\u00eb racizmit, t\u00eb cil\u00ebn Moska ia ka paraqitur Kombeve t\u00eb Bashkuara. Kund\u00ebr k\u00ebsaj","og_url":"https:\/\/www.visit-ulcinj.com\/blog\/2014\/12\/02\/mali-zi-po-kthen-shpinen-rusise-voton-kunder-moskes\/","og_site_name":"Lajme nga Ulqini","article_published_time":"2014-12-02T06:50:37+00:00","og_image":[{"url":"http:\/\/www.visit-ulcinj.com\/blog\/wp-content\/uploads\/2014\/12\/Montenegro-logo.jpg"}],"twitter_misc":{"Written by":"ulqini"},"schema":{"@context":"https:\/\/schema.org","@graph":[{"@type":"WebSite","@id":"https:\/\/www.visit-ulcinj.com\/blog\/#website","url":"https:\/\/www.visit-ulcinj.com\/blog\/","name":"Lajme nga Ulqini","description":"Lajme,Vijesti,Ulqini,Ulqin,Crna Gora,Mali i Zi","potentialAction":[{"@type":"SearchAction","target":{"@type":"EntryPoint","urlTemplate":"https:\/\/www.visit-ulcinj.com\/blog\/?s={search_term_string}"},"query-input":"required name=search_term_string"}],"inLanguage":"en-US"},{"@type":"ImageObject","inLanguage":"en-US","@id":"https:\/\/www.visit-ulcinj.com\/blog\/2014\/12\/02\/mali-zi-po-kthen-shpinen-rusise-voton-kunder-moskes\/#primaryimage","url":"https:\/\/www.visit-ulcinj.com\/blog\/wp-content\/uploads\/2014\/12\/Montenegro-logo.jpg","contentUrl":"https:\/\/www.visit-ulcinj.com\/blog\/wp-content\/uploads\/2014\/12\/Montenegro-logo.jpg","width":210,"height":240},{"@type":"WebPage","@id":"https:\/\/www.visit-ulcinj.com\/blog\/2014\/12\/02\/mali-zi-po-kthen-shpinen-rusise-voton-kunder-moskes\/#webpage","url":"https:\/\/www.visit-ulcinj.com\/blog\/2014\/12\/02\/mali-zi-po-kthen-shpinen-rusise-voton-kunder-moskes\/","name":"Mali i Zi po i kthen shpin\u00ebn Rusis\u00eb, voton kund\u00ebr Mosk\u00ebs - Lajme nga Ulqini","isPartOf":{"@id":"https:\/\/www.visit-ulcinj.com\/blog\/#website"},"primaryImageOfPage":{"@id":"https:\/\/www.visit-ulcinj.com\/blog\/2014\/12\/02\/mali-zi-po-kthen-shpinen-rusise-voton-kunder-moskes\/#primaryimage"},"datePublished":"2014-12-02T06:50:37+00:00","dateModified":"2014-12-02T06:50:37+00:00","author":{"@id":"https:\/\/www.visit-ulcinj.com\/blog\/#\/schema\/person\/dcab619c614d3038751c63bc2aadc06d"},"description":"Mali i Zi nuk e ka p\u00ebrkrahur rezolut\u00ebn kund\u00ebr glorifikimit t\u00eb nazizmit dhe t\u00eb racizmit, t\u00eb cil\u00ebn Moska ia ka paraqitur Kombeve t\u00eb Bashkuara. Kund\u00ebr k\u00ebsaj","breadcrumb":{"@id":"https:\/\/www.visit-ulcinj.com\/blog\/2014\/12\/02\/mali-zi-po-kthen-shpinen-rusise-voton-kunder-moskes\/#breadcrumb"},"inLanguage":"en-US","potentialAction":[{"@type":"ReadAction","target":["https:\/\/www.visit-ulcinj.com\/blog\/2014\/12\/02\/mali-zi-po-kthen-shpinen-rusise-voton-kunder-moskes\/"]}]},{"@type":"BreadcrumbList","@id":"https:\/\/www.visit-ulcinj.com\/blog\/2014\/12\/02\/mali-zi-po-kthen-shpinen-rusise-voton-kunder-moskes\/#breadcrumb","itemListElement":[{"@type":"ListItem","position":1,"name":"Mali i Zi po i kthen shpin\u00ebn Rusis\u00eb, voton kund\u00ebr Mosk\u00ebs"}]},{"@type":"Person","@id":"https:\/\/www.visit-ulcinj.com\/blog\/#\/schema\/person\/dcab619c614d3038751c63bc2aadc06d","name":"ulqini","sameAs":["http:\/\/www.visit-ulcinj.com"],"url":"https:\/\/www.visit-ulcinj.com\/blog\/author\/admin\/"}]}},"jetpack_featured_media_url":"","jetpack_sharing_enabled":true,"jetpack_shortlink":"https:\/\/wp.me\/pe6lTn-mzM","_links":{"self":[{"href":"https:\/\/www.visit-ulcinj.com\/blog\/wp-json\/wp\/v2\/posts\/86786"}],"collection":[{"href":"https:\/\/www.visit-ulcinj.com\/blog\/wp-json\/wp\/v2\/posts"}],"about":[{"href":"https:\/\/www.visit-ulcinj.com\/blog\/wp-json\/wp\/v2\/types\/post"}],"author":[{"embeddable":true,"href":"https:\/\/www.visit-ulcinj.com\/blog\/wp-json\/wp\/v2\/users\/1"}],"replies":[{"embeddable":true,"href":"https:\/\/www.visit-ulcinj.com\/blog\/wp-json\/wp\/v2\/comments?post=86786"}],"version-history":[{"count":1,"href":"https:\/\/www.visit-ulcinj.com\/blog\/wp-json\/wp\/v2\/posts\/86786\/revisions"}],"predecessor-version":[{"id":86788,"href":"https:\/\/www.visit-ulcinj.com\/blog\/wp-json\/wp\/v2\/posts\/86786\/revisions\/86788"}],"wp:attachment":[{"href":"https:\/\/www.visit-ulcinj.com\/blog\/wp-json\/wp\/v2\/media?parent=86786"}],"wp:term":[{"taxonomy":"category","embeddable":true,"href":"https:\/\/www.visit-ulcinj.com\/blog\/wp-json\/wp\/v2\/categories?post=86786"},{"taxonomy":"post_tag","embeddable":true,"href":"https:\/\/www.visit-ulcinj.com\/blog\/wp-json\/wp\/v2\/tags?post=86786"}],"curies":[{"name":"wp","href":"https:\/\/api.w.org\/{rel}","templated":true}]}}