{"id":86789,"date":"2014-12-02T07:55:34","date_gmt":"2014-12-02T06:55:34","guid":{"rendered":"http:\/\/www.visit-ulcinj.com\/blog\/?p=86789"},"modified":"2014-12-02T07:55:34","modified_gmt":"2014-12-02T06:55:34","slug":"qeveria-malazeze-fushate-qe-diskriminon-shqiptaret","status":"publish","type":"post","link":"https:\/\/www.visit-ulcinj.com\/blog\/2014\/12\/02\/qeveria-malazeze-fushate-qe-diskriminon-shqiptaret\/","title":{"rendered":"Qeveria malazeze fushat\u00eb q\u00eb diskriminon shqiptar\u00ebt"},"content":{"rendered":"<p><a href=\"http:\/\/www.visit-ulcinj.com\/blog\/wp-content\/uploads\/2014\/05\/Fadil-Kajoshaj.jpg\"><img loading=\"lazy\" class=\"alignleft wp-image-82441\" src=\"http:\/\/www.visit-ulcinj.com\/blog\/wp-content\/uploads\/2014\/05\/Fadil-Kajoshaj.jpg\" alt=\"Fadil-Kajoshaj\" width=\"508\" height=\"385\" srcset=\"https:\/\/www.visit-ulcinj.com\/blog\/wp-content\/uploads\/2014\/05\/Fadil-Kajoshaj.jpg 630w, https:\/\/www.visit-ulcinj.com\/blog\/wp-content\/uploads\/2014\/05\/Fadil-Kajoshaj-300x227.jpg 300w\" sizes=\"(max-width: 508px) 100vw, 508px\" \/><\/a>Ulqin, 2 dhjetor 2014 &#8211; Ministria p\u00ebr t\u00eb Drejtat e Njeriut dhe Pakicave n\u00eb Mal t\u00eb Zi pak dit\u00eb m\u00eb par\u00eb ka nisur nj\u00eb fushat\u00eb me moton \u201cMb\u00ebshtes, respektoj, p\u00ebrfaq\u00ebsoj njeriun\u201d, e cila promovon Ligjin kund\u00ebr diskriminimit.<\/p>\n<p>Sipas portalit shqiptar atje \u201cMal\u00ebsia.org\u201d, ministria ka vendosur dy tabela t\u00eb m\u00ebdha edhe n\u00eb Tuz, por q\u00eb t\u00eb dyja n\u00eb gjuh\u00ebn malazeze, megjith\u00ebse zona popullohet thuajse plot\u00ebsisht me shqiptar\u00eb.<\/p>\n<p>Me an\u00eb t\u00eb k\u00ebsaj fushate \u201ckund\u00ebr diskriminimit\u201d, autoritetet malazeze nuk b\u00ebjn\u00eb gj\u00eb tjet\u00ebr ve\u00e7se e rrisin m\u00eb shum\u00eb k\u00ebt\u00eb fenomen dhe kjo ndodh pik\u00ebrisht n\u00eb kryeqendr\u00ebn e Mal\u00ebsis\u00eb, ku shumica e popullsis\u00eb \u00ebsht\u00eb shqiptare dhe flasin shqip.<\/p>\n<p>N\u00eb nj\u00eb prononcim p\u00ebr portalin n\u00eb fjal\u00eb, kryetari i Kuvendit t\u00eb Komun\u00ebs s\u00eb Tuzit, Fadil Kajoshaj, tha se kjo \u00ebsht\u00eb e papranueshme dhe e patolerueshme dhe sidomos kur kjo b\u00ebhet nga Ministria p\u00ebr t\u00eb Drejtat e Njeriut dhe Pakicave.<\/p>\n<p>Megjithat\u00eb, ai thot\u00eb se me k\u00ebt\u00eb \u00e7\u00ebshtje duhet t\u00eb merren subjektet politike shqiptare q\u00eb jan\u00eb pjes\u00eb e pushtetit qendror.<\/p>\n<p><strong>Kosova.com<\/strong><\/p>\n","protected":false},"excerpt":{"rendered":"<p>Ulqin, 2 dhjetor 2014 &#8211; Ministria p\u00ebr t\u00eb Drejtat e Njeriut dhe Pakicave n\u00eb Mal t\u00eb Zi pak dit\u00eb m\u00eb par\u00eb ka nisur nj\u00eb fushat\u00eb me moton \u201cMb\u00ebshtes, respektoj, p\u00ebrfaq\u00ebsoj njeriun\u201d, e cila promovon Ligjin kund\u00ebr diskriminimit. Sipas portalit shqiptar atje \u201cMal\u00ebsia.org\u201d, ministria ka vendosur dy tabela t\u00eb m\u00ebdha edhe n\u00eb Tuz, por q\u00eb t\u00eb [&hellip;]<\/p>\n","protected":false},"author":1,"featured_media":0,"comment_status":"closed","ping_status":"closed","sticky":false,"template":"","format":"standard","meta":{"spay_email":"","jetpack_publicize_message":"","jetpack_is_tweetstorm":false,"jetpack_publicize_feature_enabled":true},"categories":[2451],"tags":[],"jetpack_publicize_connections":[],"yoast_head":"<!-- This site is optimized with the Yoast SEO plugin v19.1 - https:\/\/yoast.com\/wordpress\/plugins\/seo\/ -->\n<title>Qeveria malazeze fushat\u00eb q\u00eb diskriminon shqiptar\u00ebt - Lajme nga Ulqini<\/title>\n<meta name=\"description\" content=\"Ulqin, 2 dhjetor 2014 - Ministria p\u00ebr t\u00eb Drejtat e Njeriut dhe Pakicave n\u00eb Mal t\u00eb Zi pak dit\u00eb m\u00eb par\u00eb ka nisur nj\u00eb fushat\u00eb me moton \u201cMb\u00ebshtes, respektoj,\" \/>\n<meta name=\"robots\" content=\"index, follow, max-snippet:-1, max-image-preview:large, max-video-preview:-1\" \/>\n<link rel=\"canonical\" href=\"https:\/\/www.visit-ulcinj.com\/blog\/2014\/12\/02\/qeveria-malazeze-fushate-qe-diskriminon-shqiptaret\/\" \/>\n<meta property=\"og:locale\" content=\"en_US\" \/>\n<meta property=\"og:type\" content=\"article\" \/>\n<meta property=\"og:title\" content=\"Qeveria malazeze fushat\u00eb q\u00eb diskriminon shqiptar\u00ebt - Lajme nga Ulqini\" \/>\n<meta property=\"og:description\" content=\"Ulqin, 2 dhjetor 2014 - Ministria p\u00ebr t\u00eb Drejtat e Njeriut dhe Pakicave n\u00eb Mal t\u00eb Zi pak dit\u00eb m\u00eb par\u00eb ka nisur nj\u00eb fushat\u00eb me moton \u201cMb\u00ebshtes, respektoj,\" \/>\n<meta property=\"og:url\" content=\"https:\/\/www.visit-ulcinj.com\/blog\/2014\/12\/02\/qeveria-malazeze-fushate-qe-diskriminon-shqiptaret\/\" \/>\n<meta property=\"og:site_name\" content=\"Lajme nga Ulqini\" \/>\n<meta property=\"article:published_time\" content=\"2014-12-02T06:55:34+00:00\" \/>\n<meta property=\"og:image\" content=\"http:\/\/www.visit-ulcinj.com\/blog\/wp-content\/uploads\/2014\/05\/Fadil-Kajoshaj.jpg\" \/>\n<meta name=\"twitter:label1\" content=\"Written by\" \/>\n\t<meta name=\"twitter:data1\" content=\"ulqini\" \/>\n\t<meta name=\"twitter:label2\" content=\"Est. reading time\" \/>\n\t<meta name=\"twitter:data2\" content=\"1 minute\" \/>\n<script type=\"application\/ld+json\" class=\"yoast-schema-graph\">{\"@context\":\"https:\/\/schema.org\",\"@graph\":[{\"@type\":\"WebSite\",\"@id\":\"https:\/\/www.visit-ulcinj.com\/blog\/#website\",\"url\":\"https:\/\/www.visit-ulcinj.com\/blog\/\",\"name\":\"Lajme nga Ulqini\",\"description\":\"Lajme,Vijesti,Ulqini,Ulqin,Crna Gora,Mali i Zi\",\"potentialAction\":[{\"@type\":\"SearchAction\",\"target\":{\"@type\":\"EntryPoint\",\"urlTemplate\":\"https:\/\/www.visit-ulcinj.com\/blog\/?s={search_term_string}\"},\"query-input\":\"required name=search_term_string\"}],\"inLanguage\":\"en-US\"},{\"@type\":\"ImageObject\",\"inLanguage\":\"en-US\",\"@id\":\"https:\/\/www.visit-ulcinj.com\/blog\/2014\/12\/02\/qeveria-malazeze-fushate-qe-diskriminon-shqiptaret\/#primaryimage\",\"url\":\"https:\/\/www.visit-ulcinj.com\/blog\/wp-content\/uploads\/2014\/05\/Fadil-Kajoshaj.jpg\",\"contentUrl\":\"https:\/\/www.visit-ulcinj.com\/blog\/wp-content\/uploads\/2014\/05\/Fadil-Kajoshaj.jpg\",\"width\":630,\"height\":477},{\"@type\":\"WebPage\",\"@id\":\"https:\/\/www.visit-ulcinj.com\/blog\/2014\/12\/02\/qeveria-malazeze-fushate-qe-diskriminon-shqiptaret\/#webpage\",\"url\":\"https:\/\/www.visit-ulcinj.com\/blog\/2014\/12\/02\/qeveria-malazeze-fushate-qe-diskriminon-shqiptaret\/\",\"name\":\"Qeveria malazeze fushat\u00eb q\u00eb diskriminon shqiptar\u00ebt - Lajme nga Ulqini\",\"isPartOf\":{\"@id\":\"https:\/\/www.visit-ulcinj.com\/blog\/#website\"},\"primaryImageOfPage\":{\"@id\":\"https:\/\/www.visit-ulcinj.com\/blog\/2014\/12\/02\/qeveria-malazeze-fushate-qe-diskriminon-shqiptaret\/#primaryimage\"},\"datePublished\":\"2014-12-02T06:55:34+00:00\",\"dateModified\":\"2014-12-02T06:55:34+00:00\",\"author\":{\"@id\":\"https:\/\/www.visit-ulcinj.com\/blog\/#\/schema\/person\/dcab619c614d3038751c63bc2aadc06d\"},\"description\":\"Ulqin, 2 dhjetor 2014 - Ministria p\u00ebr t\u00eb Drejtat e Njeriut dhe Pakicave n\u00eb Mal t\u00eb Zi pak dit\u00eb m\u00eb par\u00eb ka nisur nj\u00eb fushat\u00eb me moton \u201cMb\u00ebshtes, respektoj,\",\"breadcrumb\":{\"@id\":\"https:\/\/www.visit-ulcinj.com\/blog\/2014\/12\/02\/qeveria-malazeze-fushate-qe-diskriminon-shqiptaret\/#breadcrumb\"},\"inLanguage\":\"en-US\",\"potentialAction\":[{\"@type\":\"ReadAction\",\"target\":[\"https:\/\/www.visit-ulcinj.com\/blog\/2014\/12\/02\/qeveria-malazeze-fushate-qe-diskriminon-shqiptaret\/\"]}]},{\"@type\":\"BreadcrumbList\",\"@id\":\"https:\/\/www.visit-ulcinj.com\/blog\/2014\/12\/02\/qeveria-malazeze-fushate-qe-diskriminon-shqiptaret\/#breadcrumb\",\"itemListElement\":[{\"@type\":\"ListItem\",\"position\":1,\"name\":\"Qeveria malazeze fushat\u00eb q\u00eb diskriminon shqiptar\u00ebt\"}]},{\"@type\":\"Person\",\"@id\":\"https:\/\/www.visit-ulcinj.com\/blog\/#\/schema\/person\/dcab619c614d3038751c63bc2aadc06d\",\"name\":\"ulqini\",\"sameAs\":[\"http:\/\/www.visit-ulcinj.com\"],\"url\":\"https:\/\/www.visit-ulcinj.com\/blog\/author\/admin\/\"}]}<\/script>\n<!-- \/ Yoast SEO plugin. -->","yoast_head_json":{"title":"Qeveria malazeze fushat\u00eb q\u00eb diskriminon shqiptar\u00ebt - Lajme nga Ulqini","description":"Ulqin, 2 dhjetor 2014 - Ministria p\u00ebr t\u00eb Drejtat e Njeriut dhe Pakicave n\u00eb Mal t\u00eb Zi pak dit\u00eb m\u00eb par\u00eb ka nisur nj\u00eb fushat\u00eb me moton \u201cMb\u00ebshtes, respektoj,","robots":{"index":"index","follow":"follow","max-snippet":"max-snippet:-1","max-image-preview":"max-image-preview:large","max-video-preview":"max-video-preview:-1"},"canonical":"https:\/\/www.visit-ulcinj.com\/blog\/2014\/12\/02\/qeveria-malazeze-fushate-qe-diskriminon-shqiptaret\/","og_locale":"en_US","og_type":"article","og_title":"Qeveria malazeze fushat\u00eb q\u00eb diskriminon shqiptar\u00ebt - Lajme nga Ulqini","og_description":"Ulqin, 2 dhjetor 2014 - Ministria p\u00ebr t\u00eb Drejtat e Njeriut dhe Pakicave n\u00eb Mal t\u00eb Zi pak dit\u00eb m\u00eb par\u00eb ka nisur nj\u00eb fushat\u00eb me moton \u201cMb\u00ebshtes, respektoj,","og_url":"https:\/\/www.visit-ulcinj.com\/blog\/2014\/12\/02\/qeveria-malazeze-fushate-qe-diskriminon-shqiptaret\/","og_site_name":"Lajme nga Ulqini","article_published_time":"2014-12-02T06:55:34+00:00","og_image":[{"url":"http:\/\/www.visit-ulcinj.com\/blog\/wp-content\/uploads\/2014\/05\/Fadil-Kajoshaj.jpg"}],"twitter_misc":{"Written by":"ulqini","Est. reading time":"1 minute"},"schema":{"@context":"https:\/\/schema.org","@graph":[{"@type":"WebSite","@id":"https:\/\/www.visit-ulcinj.com\/blog\/#website","url":"https:\/\/www.visit-ulcinj.com\/blog\/","name":"Lajme nga Ulqini","description":"Lajme,Vijesti,Ulqini,Ulqin,Crna Gora,Mali i Zi","potentialAction":[{"@type":"SearchAction","target":{"@type":"EntryPoint","urlTemplate":"https:\/\/www.visit-ulcinj.com\/blog\/?s={search_term_string}"},"query-input":"required name=search_term_string"}],"inLanguage":"en-US"},{"@type":"ImageObject","inLanguage":"en-US","@id":"https:\/\/www.visit-ulcinj.com\/blog\/2014\/12\/02\/qeveria-malazeze-fushate-qe-diskriminon-shqiptaret\/#primaryimage","url":"https:\/\/www.visit-ulcinj.com\/blog\/wp-content\/uploads\/2014\/05\/Fadil-Kajoshaj.jpg","contentUrl":"https:\/\/www.visit-ulcinj.com\/blog\/wp-content\/uploads\/2014\/05\/Fadil-Kajoshaj.jpg","width":630,"height":477},{"@type":"WebPage","@id":"https:\/\/www.visit-ulcinj.com\/blog\/2014\/12\/02\/qeveria-malazeze-fushate-qe-diskriminon-shqiptaret\/#webpage","url":"https:\/\/www.visit-ulcinj.com\/blog\/2014\/12\/02\/qeveria-malazeze-fushate-qe-diskriminon-shqiptaret\/","name":"Qeveria malazeze fushat\u00eb q\u00eb diskriminon shqiptar\u00ebt - Lajme nga Ulqini","isPartOf":{"@id":"https:\/\/www.visit-ulcinj.com\/blog\/#website"},"primaryImageOfPage":{"@id":"https:\/\/www.visit-ulcinj.com\/blog\/2014\/12\/02\/qeveria-malazeze-fushate-qe-diskriminon-shqiptaret\/#primaryimage"},"datePublished":"2014-12-02T06:55:34+00:00","dateModified":"2014-12-02T06:55:34+00:00","author":{"@id":"https:\/\/www.visit-ulcinj.com\/blog\/#\/schema\/person\/dcab619c614d3038751c63bc2aadc06d"},"description":"Ulqin, 2 dhjetor 2014 - Ministria p\u00ebr t\u00eb Drejtat e Njeriut dhe Pakicave n\u00eb Mal t\u00eb Zi pak dit\u00eb m\u00eb par\u00eb ka nisur nj\u00eb fushat\u00eb me moton \u201cMb\u00ebshtes, respektoj,","breadcrumb":{"@id":"https:\/\/www.visit-ulcinj.com\/blog\/2014\/12\/02\/qeveria-malazeze-fushate-qe-diskriminon-shqiptaret\/#breadcrumb"},"inLanguage":"en-US","potentialAction":[{"@type":"ReadAction","target":["https:\/\/www.visit-ulcinj.com\/blog\/2014\/12\/02\/qeveria-malazeze-fushate-qe-diskriminon-shqiptaret\/"]}]},{"@type":"BreadcrumbList","@id":"https:\/\/www.visit-ulcinj.com\/blog\/2014\/12\/02\/qeveria-malazeze-fushate-qe-diskriminon-shqiptaret\/#breadcrumb","itemListElement":[{"@type":"ListItem","position":1,"name":"Qeveria malazeze fushat\u00eb q\u00eb diskriminon shqiptar\u00ebt"}]},{"@type":"Person","@id":"https:\/\/www.visit-ulcinj.com\/blog\/#\/schema\/person\/dcab619c614d3038751c63bc2aadc06d","name":"ulqini","sameAs":["http:\/\/www.visit-ulcinj.com"],"url":"https:\/\/www.visit-ulcinj.com\/blog\/author\/admin\/"}]}},"jetpack_featured_media_url":"","jetpack_sharing_enabled":true,"jetpack_shortlink":"https:\/\/wp.me\/pe6lTn-mzP","_links":{"self":[{"href":"https:\/\/www.visit-ulcinj.com\/blog\/wp-json\/wp\/v2\/posts\/86789"}],"collection":[{"href":"https:\/\/www.visit-ulcinj.com\/blog\/wp-json\/wp\/v2\/posts"}],"about":[{"href":"https:\/\/www.visit-ulcinj.com\/blog\/wp-json\/wp\/v2\/types\/post"}],"author":[{"embeddable":true,"href":"https:\/\/www.visit-ulcinj.com\/blog\/wp-json\/wp\/v2\/users\/1"}],"replies":[{"embeddable":true,"href":"https:\/\/www.visit-ulcinj.com\/blog\/wp-json\/wp\/v2\/comments?post=86789"}],"version-history":[{"count":1,"href":"https:\/\/www.visit-ulcinj.com\/blog\/wp-json\/wp\/v2\/posts\/86789\/revisions"}],"predecessor-version":[{"id":86790,"href":"https:\/\/www.visit-ulcinj.com\/blog\/wp-json\/wp\/v2\/posts\/86789\/revisions\/86790"}],"wp:attachment":[{"href":"https:\/\/www.visit-ulcinj.com\/blog\/wp-json\/wp\/v2\/media?parent=86789"}],"wp:term":[{"taxonomy":"category","embeddable":true,"href":"https:\/\/www.visit-ulcinj.com\/blog\/wp-json\/wp\/v2\/categories?post=86789"},{"taxonomy":"post_tag","embeddable":true,"href":"https:\/\/www.visit-ulcinj.com\/blog\/wp-json\/wp\/v2\/tags?post=86789"}],"curies":[{"name":"wp","href":"https:\/\/api.w.org\/{rel}","templated":true}]}}