{"id":86795,"date":"2014-12-02T09:24:39","date_gmt":"2014-12-02T08:24:39","guid":{"rendered":"http:\/\/www.visit-ulcinj.com\/blog\/?p=86795"},"modified":"2014-12-02T09:24:39","modified_gmt":"2014-12-02T08:24:39","slug":"nimanbegu-eshte-e-drejta-e-jone-kushtetuese-per-festat-kombetare","status":"publish","type":"post","link":"https:\/\/www.visit-ulcinj.com\/blog\/2014\/12\/02\/nimanbegu-eshte-e-drejta-e-jone-kushtetuese-per-festat-kombetare\/","title":{"rendered":"Nimanbegu:  \u00cbsht\u00eb e drejta e jon\u00eb kushtetuese p\u00ebr festat komb\u00ebtare"},"content":{"rendered":"<p>Dilema rreth Shqip\u00ebris\u00eb s\u00eb Madhe \u00ebsht\u00eb e rrejshme, sepse nuk e p\u00ebrkrah asnj\u00eb adres\u00eb relevante, por q\u00eb kremtimi i dit\u00ebs s\u00eb Flamurit \u00ebsht\u00eb fest\u00eb komb\u00ebtare dhe nuk ka asnj\u00ebfar\u00eb lidhje me k\u00ebt\u00eb, thot\u00eb Genci Nimanbegu, n\u00ebnkryetar i Forc\u00ebs Demokratike, deputet dhe kryetar i K\u00ebshillit Komb\u00ebtar Shqiptar, raporton portali Lajm.me.<\/p>\n<p><a href=\"http:\/\/www.visit-ulcinj.com\/blog\/wp-content\/uploads\/2014\/12\/genci-nimanbegu.jpg\"><img loading=\"lazy\" class=\"alignleft wp-image-86796\" src=\"http:\/\/www.visit-ulcinj.com\/blog\/wp-content\/uploads\/2014\/12\/genci-nimanbegu.jpg\" alt=\"genci-nimanbegu\" width=\"508\" height=\"644\" srcset=\"https:\/\/www.visit-ulcinj.com\/blog\/wp-content\/uploads\/2014\/12\/genci-nimanbegu.jpg 594w, https:\/\/www.visit-ulcinj.com\/blog\/wp-content\/uploads\/2014\/12\/genci-nimanbegu-236x300.jpg 236w\" sizes=\"(max-width: 508px) 100vw, 508px\" \/><\/a><\/p>\n<p>Ai t\u00eb p\u00ebrditshmes Blic t\u00eb Malit t\u00eb Zi tha se popujt tjer\u00eb n\u00eb Mal t\u00eb Zi shum\u00eb m\u00eb pak i dallojn\u00eb veprimet e veta nacionaliste, p\u00ebr t\u00eb cilat tha, jan\u00eb shum\u00eb m\u00eb t\u00eb shpeshta.<br \/>\n\u201c\u00cbsht\u00eb m\u00eb se e qart\u00eb se aktualizimi i \u00e7\u00ebshtjes t\u00eb s\u00eb ashtuquajtur\u00ebs idej\u00eb t\u00eb Shqip\u00ebris\u00eb s\u00eb Madhe \u00ebsht\u00eb dilem\u00eb e rrejshme dhe se nuk i atribuohet asnj\u00eb personaliteti relevant, as n\u00eb Shqip\u00ebri, e as n\u00eb Mal t\u00eb Zi. Shqiptar\u00ebt jan\u00eb t\u00eb orientuar kah ideja e bashkimit t\u00eb Evrop\u00ebs dhe integrimit n\u00eb NATO. Kryeministri i Shqip\u00ebris\u00eb, si dhe ai i Kosov\u00ebs jan\u00eb t\u00eb qart\u00eb n\u00eb mesazhet e veta paq\u00ebsore n\u00eb drejtim t\u00eb bashk\u00ebpunimit rajonal. Shqiptar\u00ebt jan\u00eb faktor i stabilitetit n\u00eb rajon dhe n\u00eb Mal t\u00eb Zi\u201d, thekson ai.<\/p>\n<p>Sipas fjal\u00ebve t\u00eb tija, Mali i Zi n\u00eb 15 vitet e fundit ka m\u00ebsuar nga ngjarjet n\u00eb rajon. \u201cTashm\u00eb me nj\u00eb pjekuri t\u00eb madhe evitohen provokimet nd\u00ebretnike. Si pjes\u00ebtar dhe p\u00ebrfaq\u00ebsues i Shqiptar\u00ebve n\u00eb Mal t\u00eb Zi m\u00eb brengos distanca e madhe etnike ndaj popullit tim, dhe q\u00eb si pasoj\u00eb e k\u00ebsaj, popujt tjer\u00eb n\u00eb Mal t\u00eb Zi kumtesat dhe veprimet e veta nacionaliste nuk i v\u00ebrejn\u00eb, dhe nj\u00ebkoh\u00ebsisht alarmohen n\u00eb m\u00ebnyr\u00eb t\u00eb panevojshme kur shohin flamurin ton\u00eb komb\u00ebtar\u201d, thekson Nimanbegu.<\/p>\n<p>Genci tha se Dita e flamurit \u00ebsht\u00eb fest\u00eb e t\u00eb gjith\u00eb shqiptar\u00ebve, me 28 n\u00ebntor t\u00eb vitit 1443 Skenderbeu ka ngritur flamurin shqiptar n\u00eb Kruj\u00eb. Gjithashtu, n\u00eb vitin 1912 \u00ebsht\u00eb shpallur pavar\u00ebsia e Shqip\u00ebris\u00eb n\u00eb Vlor\u00eb.<br \/>\n\u201cSi kryetar i K\u00ebshillit Komb\u00ebtar t\u00eb Shqiptar\u00ebve pata nderin q\u00eb ti drejtohem t\u00eb pranishm\u00ebve n\u00eb akademin\u00eb festive n\u00eb Ulqin. N\u00eb k\u00ebt\u00eb kremtim kemi ftuar korin diplomatik dhe Ministrin\u00eb p\u00ebr t\u00eb drejtat Njer\u00ebzore dhe t\u00eb Pakicave, kryetar\u00ebt e Komunave, k\u00ebshilltar\u00eb dhe deputet\u00eb.<\/p>\n<p>Pat\u00ebm nderin q\u00eb k\u00ebt\u00eb aktivitet, q\u00eb e finanson Fondi p\u00ebr t\u00eb drejtat e pakicave, ta sh\u00ebnojm\u00eb me shfaqjen e orkestrit Komb\u00ebtar t\u00eb baletit dhe Operas nga Tirana. \u00cbsht\u00eb e drejta e jon\u00eb kushtetuese q\u00eb n\u00eb m\u00ebnyr\u00eb t\u00eb denj\u00eb ti sh\u00ebnojm\u00eb festat komb\u00ebtare. N\u00ebqoft\u00ebse kjo i pengon dikujt, at\u00ebher\u00eb ky \u00ebsht\u00eb problemi i tij\u201d, p\u00ebrfundoi ai.<br \/>\nBurimi: Analitika, Blic, CdM<\/p>\n","protected":false},"excerpt":{"rendered":"<p>Dilema rreth Shqip\u00ebris\u00eb s\u00eb Madhe \u00ebsht\u00eb e rrejshme, sepse nuk e p\u00ebrkrah asnj\u00eb adres\u00eb relevante, por q\u00eb kremtimi i dit\u00ebs s\u00eb Flamurit \u00ebsht\u00eb fest\u00eb komb\u00ebtare dhe nuk ka asnj\u00ebfar\u00eb lidhje me k\u00ebt\u00eb, thot\u00eb Genci Nimanbegu, n\u00ebnkryetar i Forc\u00ebs Demokratike, deputet dhe kryetar i K\u00ebshillit Komb\u00ebtar Shqiptar, raporton portali Lajm.me. Ai t\u00eb p\u00ebrditshmes Blic t\u00eb Malit [&hellip;]<\/p>\n","protected":false},"author":1,"featured_media":0,"comment_status":"closed","ping_status":"closed","sticky":false,"template":"","format":"standard","meta":{"spay_email":"","jetpack_publicize_message":"","jetpack_is_tweetstorm":false,"jetpack_publicize_feature_enabled":true},"categories":[13],"tags":[],"jetpack_publicize_connections":[],"yoast_head":"<!-- This site is optimized with the Yoast SEO plugin v19.1 - https:\/\/yoast.com\/wordpress\/plugins\/seo\/ -->\n<title>Nimanbegu: \u00cbsht\u00eb e drejta e jon\u00eb kushtetuese p\u00ebr festat komb\u00ebtare - Lajme nga Ulqini<\/title>\n<meta name=\"description\" content=\"Dilema rreth Shqip\u00ebris\u00eb s\u00eb Madhe \u00ebsht\u00eb e rrejshme, sepse nuk e p\u00ebrkrah asnj\u00eb adres\u00eb relevante, por q\u00eb kremtimi i dit\u00ebs s\u00eb Flamurit \u00ebsht\u00eb fest\u00eb komb\u00ebtare\" \/>\n<meta name=\"robots\" content=\"index, follow, max-snippet:-1, max-image-preview:large, max-video-preview:-1\" \/>\n<link rel=\"canonical\" href=\"https:\/\/www.visit-ulcinj.com\/blog\/2014\/12\/02\/nimanbegu-eshte-e-drejta-e-jone-kushtetuese-per-festat-kombetare\/\" \/>\n<meta property=\"og:locale\" content=\"en_US\" \/>\n<meta property=\"og:type\" content=\"article\" \/>\n<meta property=\"og:title\" content=\"Nimanbegu: \u00cbsht\u00eb e drejta e jon\u00eb kushtetuese p\u00ebr festat komb\u00ebtare - Lajme nga Ulqini\" \/>\n<meta property=\"og:description\" content=\"Dilema rreth Shqip\u00ebris\u00eb s\u00eb Madhe \u00ebsht\u00eb e rrejshme, sepse nuk e p\u00ebrkrah asnj\u00eb adres\u00eb relevante, por q\u00eb kremtimi i dit\u00ebs s\u00eb Flamurit \u00ebsht\u00eb fest\u00eb komb\u00ebtare\" \/>\n<meta property=\"og:url\" content=\"https:\/\/www.visit-ulcinj.com\/blog\/2014\/12\/02\/nimanbegu-eshte-e-drejta-e-jone-kushtetuese-per-festat-kombetare\/\" \/>\n<meta property=\"og:site_name\" content=\"Lajme nga Ulqini\" \/>\n<meta property=\"article:published_time\" content=\"2014-12-02T08:24:39+00:00\" \/>\n<meta property=\"og:image\" content=\"http:\/\/www.visit-ulcinj.com\/blog\/wp-content\/uploads\/2014\/12\/genci-nimanbegu.jpg\" \/>\n<meta name=\"twitter:label1\" content=\"Written by\" \/>\n\t<meta name=\"twitter:data1\" content=\"ulqini\" \/>\n\t<meta name=\"twitter:label2\" content=\"Est. reading time\" \/>\n\t<meta name=\"twitter:data2\" content=\"2 minutes\" \/>\n<script type=\"application\/ld+json\" class=\"yoast-schema-graph\">{\"@context\":\"https:\/\/schema.org\",\"@graph\":[{\"@type\":\"WebSite\",\"@id\":\"https:\/\/www.visit-ulcinj.com\/blog\/#website\",\"url\":\"https:\/\/www.visit-ulcinj.com\/blog\/\",\"name\":\"Lajme nga Ulqini\",\"description\":\"Lajme,Vijesti,Ulqini,Ulqin,Crna Gora,Mali i Zi\",\"potentialAction\":[{\"@type\":\"SearchAction\",\"target\":{\"@type\":\"EntryPoint\",\"urlTemplate\":\"https:\/\/www.visit-ulcinj.com\/blog\/?s={search_term_string}\"},\"query-input\":\"required name=search_term_string\"}],\"inLanguage\":\"en-US\"},{\"@type\":\"ImageObject\",\"inLanguage\":\"en-US\",\"@id\":\"https:\/\/www.visit-ulcinj.com\/blog\/2014\/12\/02\/nimanbegu-eshte-e-drejta-e-jone-kushtetuese-per-festat-kombetare\/#primaryimage\",\"url\":\"https:\/\/www.visit-ulcinj.com\/blog\/wp-content\/uploads\/2014\/12\/genci-nimanbegu.jpg\",\"contentUrl\":\"https:\/\/www.visit-ulcinj.com\/blog\/wp-content\/uploads\/2014\/12\/genci-nimanbegu.jpg\",\"width\":594,\"height\":753},{\"@type\":\"WebPage\",\"@id\":\"https:\/\/www.visit-ulcinj.com\/blog\/2014\/12\/02\/nimanbegu-eshte-e-drejta-e-jone-kushtetuese-per-festat-kombetare\/#webpage\",\"url\":\"https:\/\/www.visit-ulcinj.com\/blog\/2014\/12\/02\/nimanbegu-eshte-e-drejta-e-jone-kushtetuese-per-festat-kombetare\/\",\"name\":\"Nimanbegu: \u00cbsht\u00eb e drejta e jon\u00eb kushtetuese p\u00ebr festat komb\u00ebtare - Lajme nga Ulqini\",\"isPartOf\":{\"@id\":\"https:\/\/www.visit-ulcinj.com\/blog\/#website\"},\"primaryImageOfPage\":{\"@id\":\"https:\/\/www.visit-ulcinj.com\/blog\/2014\/12\/02\/nimanbegu-eshte-e-drejta-e-jone-kushtetuese-per-festat-kombetare\/#primaryimage\"},\"datePublished\":\"2014-12-02T08:24:39+00:00\",\"dateModified\":\"2014-12-02T08:24:39+00:00\",\"author\":{\"@id\":\"https:\/\/www.visit-ulcinj.com\/blog\/#\/schema\/person\/dcab619c614d3038751c63bc2aadc06d\"},\"description\":\"Dilema rreth Shqip\u00ebris\u00eb s\u00eb Madhe \u00ebsht\u00eb e rrejshme, sepse nuk e p\u00ebrkrah asnj\u00eb adres\u00eb relevante, por q\u00eb kremtimi i dit\u00ebs s\u00eb Flamurit \u00ebsht\u00eb fest\u00eb komb\u00ebtare\",\"breadcrumb\":{\"@id\":\"https:\/\/www.visit-ulcinj.com\/blog\/2014\/12\/02\/nimanbegu-eshte-e-drejta-e-jone-kushtetuese-per-festat-kombetare\/#breadcrumb\"},\"inLanguage\":\"en-US\",\"potentialAction\":[{\"@type\":\"ReadAction\",\"target\":[\"https:\/\/www.visit-ulcinj.com\/blog\/2014\/12\/02\/nimanbegu-eshte-e-drejta-e-jone-kushtetuese-per-festat-kombetare\/\"]}]},{\"@type\":\"BreadcrumbList\",\"@id\":\"https:\/\/www.visit-ulcinj.com\/blog\/2014\/12\/02\/nimanbegu-eshte-e-drejta-e-jone-kushtetuese-per-festat-kombetare\/#breadcrumb\",\"itemListElement\":[{\"@type\":\"ListItem\",\"position\":1,\"name\":\"Nimanbegu: \u00cbsht\u00eb e drejta e jon\u00eb kushtetuese p\u00ebr festat komb\u00ebtare\"}]},{\"@type\":\"Person\",\"@id\":\"https:\/\/www.visit-ulcinj.com\/blog\/#\/schema\/person\/dcab619c614d3038751c63bc2aadc06d\",\"name\":\"ulqini\",\"sameAs\":[\"http:\/\/www.visit-ulcinj.com\"],\"url\":\"https:\/\/www.visit-ulcinj.com\/blog\/author\/admin\/\"}]}<\/script>\n<!-- \/ Yoast SEO plugin. -->","yoast_head_json":{"title":"Nimanbegu: \u00cbsht\u00eb e drejta e jon\u00eb kushtetuese p\u00ebr festat komb\u00ebtare - Lajme nga Ulqini","description":"Dilema rreth Shqip\u00ebris\u00eb s\u00eb Madhe \u00ebsht\u00eb e rrejshme, sepse nuk e p\u00ebrkrah asnj\u00eb adres\u00eb relevante, por q\u00eb kremtimi i dit\u00ebs s\u00eb Flamurit \u00ebsht\u00eb fest\u00eb komb\u00ebtare","robots":{"index":"index","follow":"follow","max-snippet":"max-snippet:-1","max-image-preview":"max-image-preview:large","max-video-preview":"max-video-preview:-1"},"canonical":"https:\/\/www.visit-ulcinj.com\/blog\/2014\/12\/02\/nimanbegu-eshte-e-drejta-e-jone-kushtetuese-per-festat-kombetare\/","og_locale":"en_US","og_type":"article","og_title":"Nimanbegu: \u00cbsht\u00eb e drejta e jon\u00eb kushtetuese p\u00ebr festat komb\u00ebtare - Lajme nga Ulqini","og_description":"Dilema rreth Shqip\u00ebris\u00eb s\u00eb Madhe \u00ebsht\u00eb e rrejshme, sepse nuk e p\u00ebrkrah asnj\u00eb adres\u00eb relevante, por q\u00eb kremtimi i dit\u00ebs s\u00eb Flamurit \u00ebsht\u00eb fest\u00eb komb\u00ebtare","og_url":"https:\/\/www.visit-ulcinj.com\/blog\/2014\/12\/02\/nimanbegu-eshte-e-drejta-e-jone-kushtetuese-per-festat-kombetare\/","og_site_name":"Lajme nga Ulqini","article_published_time":"2014-12-02T08:24:39+00:00","og_image":[{"url":"http:\/\/www.visit-ulcinj.com\/blog\/wp-content\/uploads\/2014\/12\/genci-nimanbegu.jpg"}],"twitter_misc":{"Written by":"ulqini","Est. reading time":"2 minutes"},"schema":{"@context":"https:\/\/schema.org","@graph":[{"@type":"WebSite","@id":"https:\/\/www.visit-ulcinj.com\/blog\/#website","url":"https:\/\/www.visit-ulcinj.com\/blog\/","name":"Lajme nga Ulqini","description":"Lajme,Vijesti,Ulqini,Ulqin,Crna Gora,Mali i Zi","potentialAction":[{"@type":"SearchAction","target":{"@type":"EntryPoint","urlTemplate":"https:\/\/www.visit-ulcinj.com\/blog\/?s={search_term_string}"},"query-input":"required name=search_term_string"}],"inLanguage":"en-US"},{"@type":"ImageObject","inLanguage":"en-US","@id":"https:\/\/www.visit-ulcinj.com\/blog\/2014\/12\/02\/nimanbegu-eshte-e-drejta-e-jone-kushtetuese-per-festat-kombetare\/#primaryimage","url":"https:\/\/www.visit-ulcinj.com\/blog\/wp-content\/uploads\/2014\/12\/genci-nimanbegu.jpg","contentUrl":"https:\/\/www.visit-ulcinj.com\/blog\/wp-content\/uploads\/2014\/12\/genci-nimanbegu.jpg","width":594,"height":753},{"@type":"WebPage","@id":"https:\/\/www.visit-ulcinj.com\/blog\/2014\/12\/02\/nimanbegu-eshte-e-drejta-e-jone-kushtetuese-per-festat-kombetare\/#webpage","url":"https:\/\/www.visit-ulcinj.com\/blog\/2014\/12\/02\/nimanbegu-eshte-e-drejta-e-jone-kushtetuese-per-festat-kombetare\/","name":"Nimanbegu: \u00cbsht\u00eb e drejta e jon\u00eb kushtetuese p\u00ebr festat komb\u00ebtare - Lajme nga Ulqini","isPartOf":{"@id":"https:\/\/www.visit-ulcinj.com\/blog\/#website"},"primaryImageOfPage":{"@id":"https:\/\/www.visit-ulcinj.com\/blog\/2014\/12\/02\/nimanbegu-eshte-e-drejta-e-jone-kushtetuese-per-festat-kombetare\/#primaryimage"},"datePublished":"2014-12-02T08:24:39+00:00","dateModified":"2014-12-02T08:24:39+00:00","author":{"@id":"https:\/\/www.visit-ulcinj.com\/blog\/#\/schema\/person\/dcab619c614d3038751c63bc2aadc06d"},"description":"Dilema rreth Shqip\u00ebris\u00eb s\u00eb Madhe \u00ebsht\u00eb e rrejshme, sepse nuk e p\u00ebrkrah asnj\u00eb adres\u00eb relevante, por q\u00eb kremtimi i dit\u00ebs s\u00eb Flamurit \u00ebsht\u00eb fest\u00eb komb\u00ebtare","breadcrumb":{"@id":"https:\/\/www.visit-ulcinj.com\/blog\/2014\/12\/02\/nimanbegu-eshte-e-drejta-e-jone-kushtetuese-per-festat-kombetare\/#breadcrumb"},"inLanguage":"en-US","potentialAction":[{"@type":"ReadAction","target":["https:\/\/www.visit-ulcinj.com\/blog\/2014\/12\/02\/nimanbegu-eshte-e-drejta-e-jone-kushtetuese-per-festat-kombetare\/"]}]},{"@type":"BreadcrumbList","@id":"https:\/\/www.visit-ulcinj.com\/blog\/2014\/12\/02\/nimanbegu-eshte-e-drejta-e-jone-kushtetuese-per-festat-kombetare\/#breadcrumb","itemListElement":[{"@type":"ListItem","position":1,"name":"Nimanbegu: \u00cbsht\u00eb e drejta e jon\u00eb kushtetuese p\u00ebr festat komb\u00ebtare"}]},{"@type":"Person","@id":"https:\/\/www.visit-ulcinj.com\/blog\/#\/schema\/person\/dcab619c614d3038751c63bc2aadc06d","name":"ulqini","sameAs":["http:\/\/www.visit-ulcinj.com"],"url":"https:\/\/www.visit-ulcinj.com\/blog\/author\/admin\/"}]}},"jetpack_featured_media_url":"","jetpack_sharing_enabled":true,"jetpack_shortlink":"https:\/\/wp.me\/pe6lTn-mzV","_links":{"self":[{"href":"https:\/\/www.visit-ulcinj.com\/blog\/wp-json\/wp\/v2\/posts\/86795"}],"collection":[{"href":"https:\/\/www.visit-ulcinj.com\/blog\/wp-json\/wp\/v2\/posts"}],"about":[{"href":"https:\/\/www.visit-ulcinj.com\/blog\/wp-json\/wp\/v2\/types\/post"}],"author":[{"embeddable":true,"href":"https:\/\/www.visit-ulcinj.com\/blog\/wp-json\/wp\/v2\/users\/1"}],"replies":[{"embeddable":true,"href":"https:\/\/www.visit-ulcinj.com\/blog\/wp-json\/wp\/v2\/comments?post=86795"}],"version-history":[{"count":1,"href":"https:\/\/www.visit-ulcinj.com\/blog\/wp-json\/wp\/v2\/posts\/86795\/revisions"}],"predecessor-version":[{"id":86797,"href":"https:\/\/www.visit-ulcinj.com\/blog\/wp-json\/wp\/v2\/posts\/86795\/revisions\/86797"}],"wp:attachment":[{"href":"https:\/\/www.visit-ulcinj.com\/blog\/wp-json\/wp\/v2\/media?parent=86795"}],"wp:term":[{"taxonomy":"category","embeddable":true,"href":"https:\/\/www.visit-ulcinj.com\/blog\/wp-json\/wp\/v2\/categories?post=86795"},{"taxonomy":"post_tag","embeddable":true,"href":"https:\/\/www.visit-ulcinj.com\/blog\/wp-json\/wp\/v2\/tags?post=86795"}],"curies":[{"name":"wp","href":"https:\/\/api.w.org\/{rel}","templated":true}]}}