{"id":86800,"date":"2014-12-02T18:33:43","date_gmt":"2014-12-02T17:33:43","guid":{"rendered":"http:\/\/www.visit-ulcinj.com\/blog\/?p=86800"},"modified":"2014-12-02T18:33:43","modified_gmt":"2014-12-02T17:33:43","slug":"harasani-perspektiva-evropiane-e-shqiptareve-dhe-serbeve","status":"publish","type":"post","link":"https:\/\/www.visit-ulcinj.com\/blog\/2014\/12\/02\/harasani-perspektiva-evropiane-e-shqiptareve-dhe-serbeve\/","title":{"rendered":"Harasani: Perspektiva evropiane e shqiptar\u00ebve dhe serb\u00ebve"},"content":{"rendered":"<div class=\"post-meta\">\n<div class=\"date\">\n<p><strong><a href=\"http:\/\/www.visit-ulcinj.com\/blog\/wp-content\/uploads\/2014\/12\/Perspektiva-evropiane-e-shqiptar\u00ebve-serb\u00ebve.jpg\"><img loading=\"lazy\" class=\"alignleft wp-image-86801\" src=\"http:\/\/www.visit-ulcinj.com\/blog\/wp-content\/uploads\/2014\/12\/Perspektiva-evropiane-e-shqiptar\u00ebve-serb\u00ebve.jpg\" alt=\"Perspektiva evropiane e shqiptar\u00ebve &amp; serb\u00ebve\" width=\"508\" height=\"339\" \/><\/a>Nga Ilir Harasani , \u00a0 02 Dhjetor 2014<\/strong><\/p>\n<\/div>\n<\/div>\n<div class=\"post-content section\">\n<blockquote class=\"bordered\"><p>T\u00eb shkruash nj\u00eb tekst rreth marr\u00ebdh\u00ebnieve mes dy kombeve dhe perspektiv\u00ebn e tyre, n\u00eb k\u00ebt\u00eb rast mes shqiptar\u00ebve dhe serb\u00ebve, nuk \u00ebsht\u00eb e leht\u00eb. Kur kemi parasysh konfliktet shekullore, \u00ebsht\u00eb edhe m\u00eb e v\u00ebshtir\u00eb t\u00eb jesh objektiv n\u00ebse si autor i p\u00ebrket nj\u00ebrit prej k\u00ebtyre kombeve. Por tani n\u00eb shekullin 21 duhet gjetur \u00a0m\u00ebnyra apo qasje pozitive p\u00ebr nj\u00eb perspektiv\u00eb t\u00eb p\u00ebrbashk\u00ebt.<\/p><\/blockquote>\n<p>&nbsp;<\/p>\n<p>Q\u00eb t\u00eb mos jem subjektiv, do t\u2019i referohem autorit serb Dimitrije Tucoviq, i cili pik\u00ebrisht para nj\u00eb shekulli n\u00eb \u00a0vepr\u00ebn e tij \u201cSrbija i Arbanija\u201d (1914) thoshte se \u201cpolitika e qeveris\u00eb serbe ka p\u00ebrfunduar me d\u00ebshtim tek politika p\u00ebr Shqip\u00ebrin\u00eb,\u201d n\u00eb p\u00ebrpjekjet p\u00ebr t\u00eb siguruar daljen e Serbis\u00eb n\u00eb Adriatik, dhe shtonte se ajo politik\u00eb ka ngjallur ndjenj\u00ebn e urrejtjes mes kombeve pasi \u201cka shkaktuar shum\u00eb viktima, dhe m\u00eb shum\u00eb viktima na presin n\u00eb t\u00eb ardhmen\u201d. \u00a0Mund t\u00eb themi se p\u00ebr k\u00ebt\u00eb ia ka q\u00eblluar, n\u00ebse kemi parasysh luftrat e etura p\u00ebr territore n\u00eb Ballkan deri te k\u00ebto t\u00eb fundit n\u00eb ish-Jugosllavi.<\/p>\n<p>&nbsp;<\/p>\n<p>A do ket\u00eb edhe n\u00eb t\u00eb ardhmen viktima n\u00eb njer\u00ebz nga politika? Un\u00eb shpresoj q\u00eb jo, por n\u00ebse vazhdon k\u00ebshtu besoj q\u00eb do t\u00eb jemi viktim\u00eb e politik\u00ebs edhe p\u00ebr nj\u00eb koh\u00eb. Nuk do t\u00eb hyj n\u00eb historin\u00eb e dy kombeve sepse nj\u00eb tem\u00eb e till\u00eb \u00ebsht\u00eb e gj\u00ebr\u00eb dhe pak a shum\u00eb e njohur p\u00ebr t\u00eb dyja pal\u00ebt. Por nj\u00eb gj\u00eb \u00ebsht\u00eb e sigurt q\u00eb politika jo e drejt\u00eb ka luajtur dhe luan rolin kryesor n\u00eb k\u00ebt\u00eb marr\u00ebdh\u00ebnie. Pik\u00ebrisht kjo politik\u00eb nuk ka b\u00ebr\u00eb p\u00ebrpjekje ta kthej\u00eb marr\u00ebdh\u00ebnien n\u00eb pik\u00ebn fillestare, t\u00eb k\u00ebrkoj\u00eb falje p\u00ebr at\u00eb \u00e7far\u00eb ka b\u00ebr\u00eb, t\u00eb jap\u00eb p\u00ebrgjegj\u00ebsi, \u00a0dhe t\u00eb niset nga fillimi. \u00c7do her\u00eb q\u00eb kemi patur rastin p\u00ebr t\u00eb krijuar marr\u00ebdhenie te reja nuk jemi nisur nga pika fillestare, por nga nj\u00eb minus i madh, dhe shpeshher\u00eb rezultat ka qen\u00eb d\u00ebshtimi.<\/p>\n<p>&nbsp;<\/p>\n<p>K\u00ebt\u00eb mund ta v\u00ebrejm\u00eb n\u00eb rastin e fundit q\u00eb ndodhi n\u00eb ndeshjen e futbollit mes Serbis\u00eb dhe Shqip\u00ebris\u00eb, dhe nj\u00eb gj\u00eb q\u00eb u d\u00ebshmua \u00ebsht\u00eb se plaga \u00ebsht\u00eb ende e hapur, dhe gjith\u00e7ka \u00e7far\u00eb \u00ebsht\u00eb munduar t\u00eb arrihet viteve t\u00eb fundit \u2013 p\u00ebrmes bisedimeve Kosov\u00eb\u2013Serbi apo bashk\u00ebpunimit Shqip\u00ebri-Serbi \u2013 brenda nat\u00ebs kthehet jo n\u00eb pik\u00ebn fillestare por, si\u00e7 thash\u00eb, edhe m\u00eb mbrapa. I gjith\u00eb ky politizim b\u00ebhet p\u00ebr t\u00eb zhvendosur v\u00ebmendjen nga nj\u00eb problem i madh tek nj\u00eb i vog\u00ebl.<\/p>\n<p>&nbsp;<\/p>\n<p>P\u00ebr t\u00eb par\u00eb se si arrihet te kjo pik\u00eb fillestare duhet te marrim m\u00ebsim nga shtetet pak m\u00eb t\u00eb avancuara se ne, si\u00e7 jan\u00eb shtetet evropiane. Nga k\u00ebto shtete kemi par\u00eb n\u00eb t\u00eb kaluar\u00ebn konflikte ndoshta edhe m\u00eb t\u00eb m\u00ebdha sesa tek ne, por nj\u00eb gj\u00eb ata e kan\u00eb kuptuar, se nga konfliktet nuk fiton askush, e sidomos n\u00eb koh\u00ebn q\u00eb jetojm\u00eb sot. P\u00ebrgjegj\u00ebsit kan\u00eb dh\u00ebn\u00eb llogari, dhe s\u00eb bashku, pas Luft\u00ebs s\u00eb Dyt\u00eb Bot\u00ebrore kan\u00eb nisur nga fillimi. Nj\u00eb gj\u00eb t\u00eb till\u00eb mund ta b\u00ebjm\u00eb edhe ne si popuj t\u00eb kontinentit t\u00eb vjet\u00ebr, t\u00eb marrim p\u00ebrgjegj\u00ebsin\u00eb, dhe t\u00eb fillojm\u00eb nga fillimi, p\u00ebr nj\u00eb perspektiv\u00eb t\u00eb p\u00ebrbashk\u00ebt. T\u00eb gjith\u00eb d\u00ebshirojm\u00eb t\u00eb \u00a0integrohemi n\u00eb BE, dhe ne q\u00eb kemi k\u00ebso aspiratash duhet ta dijm\u00eb nj\u00eb gj\u00eb, se n\u00eb BE parimet kryesore jan\u00eb bashk\u00ebjetesa dhe bashk\u00ebpunimi mes kombeve duke pranuar dhe respektuar realitetin faktik.<\/p>\n<p><strong>Burimi: Perspektiva\u00a0<\/strong><\/p>\n<\/div>\n","protected":false},"excerpt":{"rendered":"<p>Nga Ilir Harasani , \u00a0 02 Dhjetor 2014 T\u00eb shkruash nj\u00eb tekst rreth marr\u00ebdh\u00ebnieve mes dy kombeve dhe perspektiv\u00ebn e tyre, n\u00eb k\u00ebt\u00eb rast mes shqiptar\u00ebve dhe serb\u00ebve, nuk \u00ebsht\u00eb e leht\u00eb. Kur kemi parasysh konfliktet shekullore, \u00ebsht\u00eb edhe m\u00eb e v\u00ebshtir\u00eb t\u00eb jesh objektiv n\u00ebse si autor i p\u00ebrket nj\u00ebrit prej k\u00ebtyre kombeve. Por [&hellip;]<\/p>\n","protected":false},"author":1,"featured_media":0,"comment_status":"closed","ping_status":"closed","sticky":false,"template":"","format":"standard","meta":{"spay_email":"","jetpack_publicize_message":"","jetpack_is_tweetstorm":false,"jetpack_publicize_feature_enabled":true},"categories":[14249],"tags":[],"jetpack_publicize_connections":[],"yoast_head":"<!-- This site is optimized with the Yoast SEO plugin v19.1 - https:\/\/yoast.com\/wordpress\/plugins\/seo\/ -->\n<title>Harasani: Perspektiva evropiane e shqiptar\u00ebve dhe serb\u00ebve - Lajme nga Ulqini<\/title>\n<meta name=\"description\" content=\"Nga Ilir Harasani , \u00a0 02 Dhjetor 2014 T\u00eb shkruash nj\u00eb tekst rreth marr\u00ebdh\u00ebnieve mes dy kombeve dhe perspektiv\u00ebn e tyre, n\u00eb k\u00ebt\u00eb rast mes shqiptar\u00ebve dhe\" \/>\n<meta name=\"robots\" content=\"index, follow, max-snippet:-1, max-image-preview:large, max-video-preview:-1\" \/>\n<link rel=\"canonical\" href=\"https:\/\/www.visit-ulcinj.com\/blog\/2014\/12\/02\/harasani-perspektiva-evropiane-e-shqiptareve-dhe-serbeve\/\" \/>\n<meta property=\"og:locale\" content=\"en_US\" \/>\n<meta property=\"og:type\" content=\"article\" \/>\n<meta property=\"og:title\" content=\"Harasani: Perspektiva evropiane e shqiptar\u00ebve dhe serb\u00ebve - Lajme nga Ulqini\" \/>\n<meta property=\"og:description\" content=\"Nga Ilir Harasani , \u00a0 02 Dhjetor 2014 T\u00eb shkruash nj\u00eb tekst rreth marr\u00ebdh\u00ebnieve mes dy kombeve dhe perspektiv\u00ebn e tyre, n\u00eb k\u00ebt\u00eb rast mes shqiptar\u00ebve dhe\" \/>\n<meta property=\"og:url\" content=\"https:\/\/www.visit-ulcinj.com\/blog\/2014\/12\/02\/harasani-perspektiva-evropiane-e-shqiptareve-dhe-serbeve\/\" \/>\n<meta property=\"og:site_name\" content=\"Lajme nga Ulqini\" \/>\n<meta property=\"article:published_time\" content=\"2014-12-02T17:33:43+00:00\" \/>\n<meta name=\"twitter:label1\" content=\"Written by\" \/>\n\t<meta name=\"twitter:data1\" content=\"ulqini\" \/>\n\t<meta name=\"twitter:label2\" content=\"Est. reading time\" \/>\n\t<meta name=\"twitter:data2\" content=\"3 minutes\" \/>\n<script type=\"application\/ld+json\" class=\"yoast-schema-graph\">{\"@context\":\"https:\/\/schema.org\",\"@graph\":[{\"@type\":\"WebSite\",\"@id\":\"https:\/\/www.visit-ulcinj.com\/blog\/#website\",\"url\":\"https:\/\/www.visit-ulcinj.com\/blog\/\",\"name\":\"Lajme nga Ulqini\",\"description\":\"Lajme,Vijesti,Ulqini,Ulqin,Crna Gora,Mali i Zi\",\"potentialAction\":[{\"@type\":\"SearchAction\",\"target\":{\"@type\":\"EntryPoint\",\"urlTemplate\":\"https:\/\/www.visit-ulcinj.com\/blog\/?s={search_term_string}\"},\"query-input\":\"required name=search_term_string\"}],\"inLanguage\":\"en-US\"},{\"@type\":\"WebPage\",\"@id\":\"https:\/\/www.visit-ulcinj.com\/blog\/2014\/12\/02\/harasani-perspektiva-evropiane-e-shqiptareve-dhe-serbeve\/#webpage\",\"url\":\"https:\/\/www.visit-ulcinj.com\/blog\/2014\/12\/02\/harasani-perspektiva-evropiane-e-shqiptareve-dhe-serbeve\/\",\"name\":\"Harasani: Perspektiva evropiane e shqiptar\u00ebve dhe serb\u00ebve - Lajme nga Ulqini\",\"isPartOf\":{\"@id\":\"https:\/\/www.visit-ulcinj.com\/blog\/#website\"},\"datePublished\":\"2014-12-02T17:33:43+00:00\",\"dateModified\":\"2014-12-02T17:33:43+00:00\",\"author\":{\"@id\":\"https:\/\/www.visit-ulcinj.com\/blog\/#\/schema\/person\/dcab619c614d3038751c63bc2aadc06d\"},\"description\":\"Nga Ilir Harasani , \u00a0 02 Dhjetor 2014 T\u00eb shkruash nj\u00eb tekst rreth marr\u00ebdh\u00ebnieve mes dy kombeve dhe perspektiv\u00ebn e tyre, n\u00eb k\u00ebt\u00eb rast mes shqiptar\u00ebve dhe\",\"breadcrumb\":{\"@id\":\"https:\/\/www.visit-ulcinj.com\/blog\/2014\/12\/02\/harasani-perspektiva-evropiane-e-shqiptareve-dhe-serbeve\/#breadcrumb\"},\"inLanguage\":\"en-US\",\"potentialAction\":[{\"@type\":\"ReadAction\",\"target\":[\"https:\/\/www.visit-ulcinj.com\/blog\/2014\/12\/02\/harasani-perspektiva-evropiane-e-shqiptareve-dhe-serbeve\/\"]}]},{\"@type\":\"BreadcrumbList\",\"@id\":\"https:\/\/www.visit-ulcinj.com\/blog\/2014\/12\/02\/harasani-perspektiva-evropiane-e-shqiptareve-dhe-serbeve\/#breadcrumb\",\"itemListElement\":[{\"@type\":\"ListItem\",\"position\":1,\"name\":\"Harasani: Perspektiva evropiane e shqiptar\u00ebve dhe serb\u00ebve\"}]},{\"@type\":\"Person\",\"@id\":\"https:\/\/www.visit-ulcinj.com\/blog\/#\/schema\/person\/dcab619c614d3038751c63bc2aadc06d\",\"name\":\"ulqini\",\"sameAs\":[\"http:\/\/www.visit-ulcinj.com\"],\"url\":\"https:\/\/www.visit-ulcinj.com\/blog\/author\/admin\/\"}]}<\/script>\n<!-- \/ Yoast SEO plugin. -->","yoast_head_json":{"title":"Harasani: Perspektiva evropiane e shqiptar\u00ebve dhe serb\u00ebve - Lajme nga Ulqini","description":"Nga Ilir Harasani , \u00a0 02 Dhjetor 2014 T\u00eb shkruash nj\u00eb tekst rreth marr\u00ebdh\u00ebnieve mes dy kombeve dhe perspektiv\u00ebn e tyre, n\u00eb k\u00ebt\u00eb rast mes shqiptar\u00ebve dhe","robots":{"index":"index","follow":"follow","max-snippet":"max-snippet:-1","max-image-preview":"max-image-preview:large","max-video-preview":"max-video-preview:-1"},"canonical":"https:\/\/www.visit-ulcinj.com\/blog\/2014\/12\/02\/harasani-perspektiva-evropiane-e-shqiptareve-dhe-serbeve\/","og_locale":"en_US","og_type":"article","og_title":"Harasani: Perspektiva evropiane e shqiptar\u00ebve dhe serb\u00ebve - Lajme nga Ulqini","og_description":"Nga Ilir Harasani , \u00a0 02 Dhjetor 2014 T\u00eb shkruash nj\u00eb tekst rreth marr\u00ebdh\u00ebnieve mes dy kombeve dhe perspektiv\u00ebn e tyre, n\u00eb k\u00ebt\u00eb rast mes shqiptar\u00ebve dhe","og_url":"https:\/\/www.visit-ulcinj.com\/blog\/2014\/12\/02\/harasani-perspektiva-evropiane-e-shqiptareve-dhe-serbeve\/","og_site_name":"Lajme nga Ulqini","article_published_time":"2014-12-02T17:33:43+00:00","twitter_misc":{"Written by":"ulqini","Est. reading time":"3 minutes"},"schema":{"@context":"https:\/\/schema.org","@graph":[{"@type":"WebSite","@id":"https:\/\/www.visit-ulcinj.com\/blog\/#website","url":"https:\/\/www.visit-ulcinj.com\/blog\/","name":"Lajme nga Ulqini","description":"Lajme,Vijesti,Ulqini,Ulqin,Crna Gora,Mali i Zi","potentialAction":[{"@type":"SearchAction","target":{"@type":"EntryPoint","urlTemplate":"https:\/\/www.visit-ulcinj.com\/blog\/?s={search_term_string}"},"query-input":"required name=search_term_string"}],"inLanguage":"en-US"},{"@type":"WebPage","@id":"https:\/\/www.visit-ulcinj.com\/blog\/2014\/12\/02\/harasani-perspektiva-evropiane-e-shqiptareve-dhe-serbeve\/#webpage","url":"https:\/\/www.visit-ulcinj.com\/blog\/2014\/12\/02\/harasani-perspektiva-evropiane-e-shqiptareve-dhe-serbeve\/","name":"Harasani: Perspektiva evropiane e shqiptar\u00ebve dhe serb\u00ebve - Lajme nga Ulqini","isPartOf":{"@id":"https:\/\/www.visit-ulcinj.com\/blog\/#website"},"datePublished":"2014-12-02T17:33:43+00:00","dateModified":"2014-12-02T17:33:43+00:00","author":{"@id":"https:\/\/www.visit-ulcinj.com\/blog\/#\/schema\/person\/dcab619c614d3038751c63bc2aadc06d"},"description":"Nga Ilir Harasani , \u00a0 02 Dhjetor 2014 T\u00eb shkruash nj\u00eb tekst rreth marr\u00ebdh\u00ebnieve mes dy kombeve dhe perspektiv\u00ebn e tyre, n\u00eb k\u00ebt\u00eb rast mes shqiptar\u00ebve dhe","breadcrumb":{"@id":"https:\/\/www.visit-ulcinj.com\/blog\/2014\/12\/02\/harasani-perspektiva-evropiane-e-shqiptareve-dhe-serbeve\/#breadcrumb"},"inLanguage":"en-US","potentialAction":[{"@type":"ReadAction","target":["https:\/\/www.visit-ulcinj.com\/blog\/2014\/12\/02\/harasani-perspektiva-evropiane-e-shqiptareve-dhe-serbeve\/"]}]},{"@type":"BreadcrumbList","@id":"https:\/\/www.visit-ulcinj.com\/blog\/2014\/12\/02\/harasani-perspektiva-evropiane-e-shqiptareve-dhe-serbeve\/#breadcrumb","itemListElement":[{"@type":"ListItem","position":1,"name":"Harasani: Perspektiva evropiane e shqiptar\u00ebve dhe serb\u00ebve"}]},{"@type":"Person","@id":"https:\/\/www.visit-ulcinj.com\/blog\/#\/schema\/person\/dcab619c614d3038751c63bc2aadc06d","name":"ulqini","sameAs":["http:\/\/www.visit-ulcinj.com"],"url":"https:\/\/www.visit-ulcinj.com\/blog\/author\/admin\/"}]}},"jetpack_featured_media_url":"","jetpack_sharing_enabled":true,"jetpack_shortlink":"https:\/\/wp.me\/pe6lTn-mA0","_links":{"self":[{"href":"https:\/\/www.visit-ulcinj.com\/blog\/wp-json\/wp\/v2\/posts\/86800"}],"collection":[{"href":"https:\/\/www.visit-ulcinj.com\/blog\/wp-json\/wp\/v2\/posts"}],"about":[{"href":"https:\/\/www.visit-ulcinj.com\/blog\/wp-json\/wp\/v2\/types\/post"}],"author":[{"embeddable":true,"href":"https:\/\/www.visit-ulcinj.com\/blog\/wp-json\/wp\/v2\/users\/1"}],"replies":[{"embeddable":true,"href":"https:\/\/www.visit-ulcinj.com\/blog\/wp-json\/wp\/v2\/comments?post=86800"}],"version-history":[{"count":1,"href":"https:\/\/www.visit-ulcinj.com\/blog\/wp-json\/wp\/v2\/posts\/86800\/revisions"}],"predecessor-version":[{"id":86802,"href":"https:\/\/www.visit-ulcinj.com\/blog\/wp-json\/wp\/v2\/posts\/86800\/revisions\/86802"}],"wp:attachment":[{"href":"https:\/\/www.visit-ulcinj.com\/blog\/wp-json\/wp\/v2\/media?parent=86800"}],"wp:term":[{"taxonomy":"category","embeddable":true,"href":"https:\/\/www.visit-ulcinj.com\/blog\/wp-json\/wp\/v2\/categories?post=86800"},{"taxonomy":"post_tag","embeddable":true,"href":"https:\/\/www.visit-ulcinj.com\/blog\/wp-json\/wp\/v2\/tags?post=86800"}],"curies":[{"name":"wp","href":"https:\/\/api.w.org\/{rel}","templated":true}]}}