{"id":86803,"date":"2014-12-02T18:36:52","date_gmt":"2014-12-02T17:36:52","guid":{"rendered":"http:\/\/www.visit-ulcinj.com\/blog\/?p=86803"},"modified":"2014-12-02T18:36:52","modified_gmt":"2014-12-02T17:36:52","slug":"harasani-evropska-perspektiva-albanaca-srba","status":"publish","type":"post","link":"https:\/\/www.visit-ulcinj.com\/blog\/2014\/12\/02\/harasani-evropska-perspektiva-albanaca-srba\/","title":{"rendered":"Harasani: Evropska perspektiva Albanaca i Srba"},"content":{"rendered":"<div class=\"container\">\n<div class=\"left-side eleven columns no-margin\">\n<div class=\"page-single\">\n<div class=\"date\">\n<p><strong><a href=\"http:\/\/www.visit-ulcinj.com\/blog\/wp-content\/uploads\/2014\/12\/Perspektiva-evropiane-e-shqiptar\u00ebve-serb\u00ebve.jpg\"><img loading=\"lazy\" class=\"alignleft wp-image-86801\" src=\"http:\/\/www.visit-ulcinj.com\/blog\/wp-content\/uploads\/2014\/12\/Perspektiva-evropiane-e-shqiptar\u00ebve-serb\u00ebve.jpg\" alt=\"Perspektiva evropiane e shqiptar\u00ebve &amp; serb\u00ebve\" width=\"508\" height=\"339\" \/><\/a>\u00a0Ilir Harasani , \u00a0 20 Novembar 2014<\/strong><\/p>\n<\/div>\n<div class=\"post-content section\">\nNapisati jedan tekst u vezi sa odnosima izme\u0111u dve nacije i njihove perspektive, u ovom slu\u010daju izme\u0111u Albanaca i Srba, nije lako. Kada imamo u vidu konflikte koji su trajali vekovima, \u010dak je i te\u017ee biti objektivan ako kao autor pripada\u0161 jednoj od ovih nacija. Me\u0111utim, sada, u 21 stole\u0107u trebaju se prona\u0107i na\u010dini ili pozitivni pristupi za jednu zajedni\u010dku perspektivu.<\/p>\n<p>&nbsp;<\/p>\n<p>Da ne budem subjektivan, ja \u0107u se referisati jednom srpskom autoru, Dimitriju Tucovi\u0107u, koji je ta\u010dno pre jednog stole\u0107a u njegovoj knjizi \u201cSrbija i Arbanija\u201d (1914) rekao da se \u201cpolitika Vlade Srbije zavr\u0161ila neuspehom sto se ti\u010de politike za Albaniju,\u201d u naporima da se osigura izlazak Srbije na Jadran i dodao da je ta politika izazvala ose\u0107anja mr\u017enje izme\u0111u dva naroda po\u0161to je \u201cizazvala mnogo \u017ertvi, a jo\u0161 \u017ertava se o\u010dekuje u budu\u0107nosti.\u201d Mo\u017eemo da ka\u017eemo da je bio u pravu za ovo, ako imamo u vidu ratove za teritorije na Balkanu do ovih zadnjih u biv\u0161oj Jugoslaviji.<\/p>\n<p>&nbsp;<\/p>\n<p>Da li \u0107e biti i dalje ljudskih \u017ertava kao rezultat politike? Ja se nadam da ne\u0107e, ali ako se ovako nastavi, ja verujem da \u0107emo jo\u0161 za dogledno vreme biti \u017ertve politike. Ne\u0107u da ulazim u istoriju dveju nacija zato \u0161to je jedna takva tema \u0161iroka i donekle poznata za obe strane. Ali jedna stvar je sigurna a to je da je nepravedna politika igrala i jo\u0161 uvek igra glavnu ulogu u ovim odnosima. Upravo ova politika nije ulo\u017eila napore da vrati ove odnose na po\u010detnu ta\u010dku, da se izvini za ono \u0161to je u\u010dinila, da da odgovornost, i da po\u010dne iz po\u010detka. Uvek kad smo imali priliku da stvorimo nove odnose mi nismo po\u010deli od po\u010detne ta\u010dke nego od jednog velikog minusa i \u010desto puta ishod toga je bio neuspeh.<\/p>\n<p>&nbsp;<\/p>\n<p>Ovo mo\u017eemo videti i povodom onoga \u0161to se desilo tokom utakmice izme\u0111u Srbije i Albanije i ne\u0161to \u0161to se potvrdilo jeste da je rana jo\u0161 uvek otvorena i sve \u0161to se poku\u0161avalo da se postigne zadnjih godina &#8211; putem razgovora Kosovo-Srbija ili saradnje Albanija-Srbija &#8211; je preko no\u0107i, kao \u0161to sam naveo ranije, vra\u0107eno ne na po\u010detnu ta\u010dku nego i jo\u0161 unazad. Sva ova politizacija se radi sa ciljem odvra\u0107anja pa\u017enje sa jednog velikog ka jednom manjem problemu.<\/p>\n<p>&nbsp;<\/p>\n<p>Da bi se videlo kako se mo\u017ee sti\u0107i do ove po\u010detne ta\u010dke, mi treba da se nau\u010dimo od nekih naprednijih zemalja nego \u0161to smo mi, kao \u0161to su evropske zemlje. U ovim zemljama smo videli u pro\u0161losti konflikte koji su mo\u017eda bili i ve\u0107i od onih kod nas, ali su oni shvatili jednu stvar a to je da od konflikta ne dobija niko a posebno u vremenu u kome sada \u017eivimo. Oni koji su bili odgovorni su polo\u017eili ra\u010dune i onda zajedno, posle Drugog svetskog rata su po\u010deli iz po\u010detka. Ne\u0161to tako mo\u017eemo uraditi i mi, kao narodi starog kontinenta, da preuzmemo odgovornost i da po\u010dnemo iz po\u010detka, za jednu zajedni\u010dku budu\u0107nost. Svi \u017eelimo da se integri\u0161emo u EU i mi koji imamo ovakve te\u017enje treba da znamo jednu stvar a to je da su glavna na\u010dela u EU su\u017eivot i saradnja izme\u0111u nacija priznavaju\u0107i i po\u0161tuju\u0107i fakti\u010dku realnost.<\/p>\n<\/div>\n<\/div>\n<\/div>\n<\/div>\n","protected":false},"excerpt":{"rendered":"<p>\u00a0Ilir Harasani , \u00a0 20 Novembar 2014 Napisati jedan tekst u vezi sa odnosima izme\u0111u dve nacije i njihove perspektive, u ovom slu\u010daju izme\u0111u Albanaca i Srba, nije lako. Kada imamo u vidu konflikte koji su trajali vekovima, \u010dak je i te\u017ee biti objektivan ako kao autor pripada\u0161 jednoj od ovih nacija. Me\u0111utim, sada, u [&hellip;]<\/p>\n","protected":false},"author":1,"featured_media":0,"comment_status":"closed","ping_status":"closed","sticky":false,"template":"","format":"standard","meta":{"spay_email":"","jetpack_publicize_message":"","jetpack_is_tweetstorm":false,"jetpack_publicize_feature_enabled":true},"categories":[8337],"tags":[],"jetpack_publicize_connections":[],"yoast_head":"<!-- This site is optimized with the Yoast SEO plugin v19.1 - https:\/\/yoast.com\/wordpress\/plugins\/seo\/ -->\n<title>Harasani: Evropska perspektiva Albanaca i Srba - Lajme nga Ulqini<\/title>\n<meta name=\"description\" content=\"\u00a0Ilir Harasani , \u00a0 20 Novembar 2014 Napisati jedan tekst u vezi sa odnosima izme\u0111u dve nacije i njihove perspektive, u ovom slu\u010daju izme\u0111u Albanaca i\" \/>\n<meta name=\"robots\" content=\"index, follow, max-snippet:-1, max-image-preview:large, max-video-preview:-1\" \/>\n<link rel=\"canonical\" href=\"https:\/\/www.visit-ulcinj.com\/blog\/2014\/12\/02\/harasani-evropska-perspektiva-albanaca-srba\/\" \/>\n<meta property=\"og:locale\" content=\"en_US\" \/>\n<meta property=\"og:type\" content=\"article\" \/>\n<meta property=\"og:title\" content=\"Harasani: Evropska perspektiva Albanaca i Srba - Lajme nga Ulqini\" \/>\n<meta property=\"og:description\" content=\"\u00a0Ilir Harasani , \u00a0 20 Novembar 2014 Napisati jedan tekst u vezi sa odnosima izme\u0111u dve nacije i njihove perspektive, u ovom slu\u010daju izme\u0111u Albanaca i\" \/>\n<meta property=\"og:url\" content=\"https:\/\/www.visit-ulcinj.com\/blog\/2014\/12\/02\/harasani-evropska-perspektiva-albanaca-srba\/\" \/>\n<meta property=\"og:site_name\" content=\"Lajme nga Ulqini\" \/>\n<meta property=\"article:published_time\" content=\"2014-12-02T17:36:52+00:00\" \/>\n<meta name=\"twitter:label1\" content=\"Written by\" \/>\n\t<meta name=\"twitter:data1\" content=\"ulqini\" \/>\n\t<meta name=\"twitter:label2\" content=\"Est. reading time\" \/>\n\t<meta name=\"twitter:data2\" content=\"3 minutes\" \/>\n<script type=\"application\/ld+json\" class=\"yoast-schema-graph\">{\"@context\":\"https:\/\/schema.org\",\"@graph\":[{\"@type\":\"WebSite\",\"@id\":\"https:\/\/www.visit-ulcinj.com\/blog\/#website\",\"url\":\"https:\/\/www.visit-ulcinj.com\/blog\/\",\"name\":\"Lajme nga Ulqini\",\"description\":\"Lajme,Vijesti,Ulqini,Ulqin,Crna Gora,Mali i Zi\",\"potentialAction\":[{\"@type\":\"SearchAction\",\"target\":{\"@type\":\"EntryPoint\",\"urlTemplate\":\"https:\/\/www.visit-ulcinj.com\/blog\/?s={search_term_string}\"},\"query-input\":\"required name=search_term_string\"}],\"inLanguage\":\"en-US\"},{\"@type\":\"WebPage\",\"@id\":\"https:\/\/www.visit-ulcinj.com\/blog\/2014\/12\/02\/harasani-evropska-perspektiva-albanaca-srba\/#webpage\",\"url\":\"https:\/\/www.visit-ulcinj.com\/blog\/2014\/12\/02\/harasani-evropska-perspektiva-albanaca-srba\/\",\"name\":\"Harasani: Evropska perspektiva Albanaca i Srba - Lajme nga Ulqini\",\"isPartOf\":{\"@id\":\"https:\/\/www.visit-ulcinj.com\/blog\/#website\"},\"datePublished\":\"2014-12-02T17:36:52+00:00\",\"dateModified\":\"2014-12-02T17:36:52+00:00\",\"author\":{\"@id\":\"https:\/\/www.visit-ulcinj.com\/blog\/#\/schema\/person\/dcab619c614d3038751c63bc2aadc06d\"},\"description\":\"\u00a0Ilir Harasani , \u00a0 20 Novembar 2014 Napisati jedan tekst u vezi sa odnosima izme\u0111u dve nacije i njihove perspektive, u ovom slu\u010daju izme\u0111u Albanaca i\",\"breadcrumb\":{\"@id\":\"https:\/\/www.visit-ulcinj.com\/blog\/2014\/12\/02\/harasani-evropska-perspektiva-albanaca-srba\/#breadcrumb\"},\"inLanguage\":\"en-US\",\"potentialAction\":[{\"@type\":\"ReadAction\",\"target\":[\"https:\/\/www.visit-ulcinj.com\/blog\/2014\/12\/02\/harasani-evropska-perspektiva-albanaca-srba\/\"]}]},{\"@type\":\"BreadcrumbList\",\"@id\":\"https:\/\/www.visit-ulcinj.com\/blog\/2014\/12\/02\/harasani-evropska-perspektiva-albanaca-srba\/#breadcrumb\",\"itemListElement\":[{\"@type\":\"ListItem\",\"position\":1,\"name\":\"Harasani: Evropska perspektiva Albanaca i Srba\"}]},{\"@type\":\"Person\",\"@id\":\"https:\/\/www.visit-ulcinj.com\/blog\/#\/schema\/person\/dcab619c614d3038751c63bc2aadc06d\",\"name\":\"ulqini\",\"sameAs\":[\"http:\/\/www.visit-ulcinj.com\"],\"url\":\"https:\/\/www.visit-ulcinj.com\/blog\/author\/admin\/\"}]}<\/script>\n<!-- \/ Yoast SEO plugin. -->","yoast_head_json":{"title":"Harasani: Evropska perspektiva Albanaca i Srba - Lajme nga Ulqini","description":"\u00a0Ilir Harasani , \u00a0 20 Novembar 2014 Napisati jedan tekst u vezi sa odnosima izme\u0111u dve nacije i njihove perspektive, u ovom slu\u010daju izme\u0111u Albanaca i","robots":{"index":"index","follow":"follow","max-snippet":"max-snippet:-1","max-image-preview":"max-image-preview:large","max-video-preview":"max-video-preview:-1"},"canonical":"https:\/\/www.visit-ulcinj.com\/blog\/2014\/12\/02\/harasani-evropska-perspektiva-albanaca-srba\/","og_locale":"en_US","og_type":"article","og_title":"Harasani: Evropska perspektiva Albanaca i Srba - Lajme nga Ulqini","og_description":"\u00a0Ilir Harasani , \u00a0 20 Novembar 2014 Napisati jedan tekst u vezi sa odnosima izme\u0111u dve nacije i njihove perspektive, u ovom slu\u010daju izme\u0111u Albanaca i","og_url":"https:\/\/www.visit-ulcinj.com\/blog\/2014\/12\/02\/harasani-evropska-perspektiva-albanaca-srba\/","og_site_name":"Lajme nga Ulqini","article_published_time":"2014-12-02T17:36:52+00:00","twitter_misc":{"Written by":"ulqini","Est. reading time":"3 minutes"},"schema":{"@context":"https:\/\/schema.org","@graph":[{"@type":"WebSite","@id":"https:\/\/www.visit-ulcinj.com\/blog\/#website","url":"https:\/\/www.visit-ulcinj.com\/blog\/","name":"Lajme nga Ulqini","description":"Lajme,Vijesti,Ulqini,Ulqin,Crna Gora,Mali i Zi","potentialAction":[{"@type":"SearchAction","target":{"@type":"EntryPoint","urlTemplate":"https:\/\/www.visit-ulcinj.com\/blog\/?s={search_term_string}"},"query-input":"required name=search_term_string"}],"inLanguage":"en-US"},{"@type":"WebPage","@id":"https:\/\/www.visit-ulcinj.com\/blog\/2014\/12\/02\/harasani-evropska-perspektiva-albanaca-srba\/#webpage","url":"https:\/\/www.visit-ulcinj.com\/blog\/2014\/12\/02\/harasani-evropska-perspektiva-albanaca-srba\/","name":"Harasani: Evropska perspektiva Albanaca i Srba - Lajme nga Ulqini","isPartOf":{"@id":"https:\/\/www.visit-ulcinj.com\/blog\/#website"},"datePublished":"2014-12-02T17:36:52+00:00","dateModified":"2014-12-02T17:36:52+00:00","author":{"@id":"https:\/\/www.visit-ulcinj.com\/blog\/#\/schema\/person\/dcab619c614d3038751c63bc2aadc06d"},"description":"\u00a0Ilir Harasani , \u00a0 20 Novembar 2014 Napisati jedan tekst u vezi sa odnosima izme\u0111u dve nacije i njihove perspektive, u ovom slu\u010daju izme\u0111u Albanaca i","breadcrumb":{"@id":"https:\/\/www.visit-ulcinj.com\/blog\/2014\/12\/02\/harasani-evropska-perspektiva-albanaca-srba\/#breadcrumb"},"inLanguage":"en-US","potentialAction":[{"@type":"ReadAction","target":["https:\/\/www.visit-ulcinj.com\/blog\/2014\/12\/02\/harasani-evropska-perspektiva-albanaca-srba\/"]}]},{"@type":"BreadcrumbList","@id":"https:\/\/www.visit-ulcinj.com\/blog\/2014\/12\/02\/harasani-evropska-perspektiva-albanaca-srba\/#breadcrumb","itemListElement":[{"@type":"ListItem","position":1,"name":"Harasani: Evropska perspektiva Albanaca i Srba"}]},{"@type":"Person","@id":"https:\/\/www.visit-ulcinj.com\/blog\/#\/schema\/person\/dcab619c614d3038751c63bc2aadc06d","name":"ulqini","sameAs":["http:\/\/www.visit-ulcinj.com"],"url":"https:\/\/www.visit-ulcinj.com\/blog\/author\/admin\/"}]}},"jetpack_featured_media_url":"","jetpack_sharing_enabled":true,"jetpack_shortlink":"https:\/\/wp.me\/pe6lTn-mA3","_links":{"self":[{"href":"https:\/\/www.visit-ulcinj.com\/blog\/wp-json\/wp\/v2\/posts\/86803"}],"collection":[{"href":"https:\/\/www.visit-ulcinj.com\/blog\/wp-json\/wp\/v2\/posts"}],"about":[{"href":"https:\/\/www.visit-ulcinj.com\/blog\/wp-json\/wp\/v2\/types\/post"}],"author":[{"embeddable":true,"href":"https:\/\/www.visit-ulcinj.com\/blog\/wp-json\/wp\/v2\/users\/1"}],"replies":[{"embeddable":true,"href":"https:\/\/www.visit-ulcinj.com\/blog\/wp-json\/wp\/v2\/comments?post=86803"}],"version-history":[{"count":1,"href":"https:\/\/www.visit-ulcinj.com\/blog\/wp-json\/wp\/v2\/posts\/86803\/revisions"}],"predecessor-version":[{"id":86804,"href":"https:\/\/www.visit-ulcinj.com\/blog\/wp-json\/wp\/v2\/posts\/86803\/revisions\/86804"}],"wp:attachment":[{"href":"https:\/\/www.visit-ulcinj.com\/blog\/wp-json\/wp\/v2\/media?parent=86803"}],"wp:term":[{"taxonomy":"category","embeddable":true,"href":"https:\/\/www.visit-ulcinj.com\/blog\/wp-json\/wp\/v2\/categories?post=86803"},{"taxonomy":"post_tag","embeddable":true,"href":"https:\/\/www.visit-ulcinj.com\/blog\/wp-json\/wp\/v2\/tags?post=86803"}],"curies":[{"name":"wp","href":"https:\/\/api.w.org\/{rel}","templated":true}]}}