{"id":86815,"date":"2014-12-03T17:09:43","date_gmt":"2014-12-03T16:09:43","guid":{"rendered":"http:\/\/www.visit-ulcinj.com\/blog\/?p=86815"},"modified":"2014-12-04T17:35:16","modified_gmt":"2014-12-04T16:35:16","slug":"memoriam-sari-resulbegu-1946-2014-nga-dr-g-karamanaga","status":"publish","type":"post","link":"https:\/\/www.visit-ulcinj.com\/blog\/2014\/12\/03\/memoriam-sari-resulbegu-1946-2014-nga-dr-g-karamanaga\/","title":{"rendered":"In Memoriam \u2013 Sari Resulbegu (1946-2014) nga Dr G.Karamanaga"},"content":{"rendered":"<p><a href=\"http:\/\/www.visit-ulcinj.com\/blog\/wp-content\/uploads\/2014\/12\/In-Memoriam-Sari-Resulbegu-Ulqin.jpg\"><img loading=\"lazy\" class=\"alignleft wp-image-86816\" src=\"http:\/\/www.visit-ulcinj.com\/blog\/wp-content\/uploads\/2014\/12\/In-Memoriam-Sari-Resulbegu-Ulqin.jpg\" alt=\"In Memoriam-Sari-Resulbegu-Ulqin\" width=\"508\" height=\"390\" srcset=\"https:\/\/www.visit-ulcinj.com\/blog\/wp-content\/uploads\/2014\/12\/In-Memoriam-Sari-Resulbegu-Ulqin.jpg 510w, https:\/\/www.visit-ulcinj.com\/blog\/wp-content\/uploads\/2014\/12\/In-Memoriam-Sari-Resulbegu-Ulqin-300x230.jpg 300w\" sizes=\"(max-width: 508px) 100vw, 508px\" \/><\/a>Me 1 dhjetor t\u00eb \u00a0k\u00ebtij viti nd\u00ebrroj jet\u00eb Sari Resulbegu. I lindur n\u00eb Ulqin, shkoll\u00ebn fillore e p\u00ebrfundon n\u00eb Ulqin, t\u00eb mesmen ekonomike n\u00eb Sarajev\u00eb. Pas nj\u00eb kohe vazhdon shkollimin n\u00eb Fakultetin e drejt\u00ebsis\u00eb n\u00eb Beograd, njofton portali Ul.info.<\/p>\n<p>I takon familjes intelektuale: babai Zejnel-begu ka kryer shkollimin n\u00eb Vien , v\u00ebllai dr Shuajb Resulbegu (1943-1993) ka qen\u00eb gjinekologu i par\u00eb n\u00eb Ulqin me orar pune t\u00eb plot\u00eb, Fatmiri-Faqo \u00ebsht\u00eb nd\u00ebr stomatolog\u00ebt e dalluar n\u00eb Ulqin.<\/p>\n<p>Disa vite kryen detyr\u00ebn e sekretarit n\u00eb shkoll\u00ebn fillore \u201cMarshall Tito\u201d kur ishte drejtor i ndjeri Dino \u00c7oba. Nj\u00eb koh\u00eb t\u00eb gjat\u00eb ka punuar n\u00eb Sh\u00ebrbimin sh\u00ebndet\u00ebsor social t\u00eb Ulqinit. S\u00eb bashku me drejtoresh\u00ebn Vera Gorana dhe financierin Tahir Mollabeqirin kan\u00eb dh\u00ebn\u00eb nj\u00eb kontribut t\u00eb ve\u00e7ant\u00eb n\u00eb rind\u00ebrtimin e objekteve sh\u00ebndet\u00ebsore pas t\u00ebrmetit katastrofal t\u00eb vitit 1979.\u00a0 Ka udh\u00ebhequr Sht\u00ebpin\u00eb e kultur\u00ebs 12 vite n\u00eb koh\u00eb kur fillon demokratizimi dhe ardhja masovike e turist\u00ebve nga Kosova n\u00eb Ulqin.<\/p>\n<p>Sari Resulbegu p\u00ebrmes kultur\u00ebs dhe lidhjeve t\u00eb mira ka qen\u00eb ur\u00eblidh\u00ebsi nd\u00ebrmjet\u00a0 p\u00ebrfaq\u00ebsueseve t\u00eb kultur\u00ebs dhe aktor\u00ebve nga Kosova dhe Shqip\u00ebria. \u00cbsht\u00eb nism\u00ebtari dhe ka qen\u00eb udh\u00ebheq\u00ebsi i festivalit \u201c<i>Skena verore Ulqin\u201d.<\/i><\/p>\n<p>Autor i dy librave \u201d<i>Nga Olciniumi deri n\u00eb Ulqin\u201d<\/i> dhe \u201c<i>Resulbeg\u00ebt dhe ngjarjet historike t\u00eb Ulqinit\u201d, si dhe <span style=\"color: black; font-family: Arial;\">Ulqini n\u00eb koh\u00ebn e Venedikut (1423 &#8211; 1571) \/ Sari Resulbegu.<\/span><br \/>\n<\/i><\/p>\n<p>Ndarja nga jeta e Sari Resulbegut \u00ebsht\u00eb humbje e madhe p\u00ebr familjen e tij, por edhe p\u00ebr kultur\u00ebn shqiptare.<\/p>\n<!--YouTube Error: bad URL entered-->\n","protected":false},"excerpt":{"rendered":"<p>Me 1 dhjetor t\u00eb \u00a0k\u00ebtij viti nd\u00ebrroj jet\u00eb Sari Resulbegu. I lindur n\u00eb Ulqin, shkoll\u00ebn fillore e p\u00ebrfundon n\u00eb Ulqin, t\u00eb mesmen ekonomike n\u00eb Sarajev\u00eb. Pas nj\u00eb kohe vazhdon shkollimin n\u00eb Fakultetin e drejt\u00ebsis\u00eb n\u00eb Beograd, njofton portali Ul.info. I takon familjes intelektuale: babai Zejnel-begu ka kryer shkollimin n\u00eb Vien , v\u00ebllai dr Shuajb Resulbegu [&hellip;]<\/p>\n","protected":false},"author":1,"featured_media":0,"comment_status":"closed","ping_status":"closed","sticky":false,"template":"","format":"standard","meta":{"spay_email":"","jetpack_publicize_message":"","jetpack_is_tweetstorm":false,"jetpack_publicize_feature_enabled":true},"categories":[7],"tags":[],"jetpack_publicize_connections":[],"yoast_head":"<!-- This site is optimized with the Yoast SEO plugin v19.1 - https:\/\/yoast.com\/wordpress\/plugins\/seo\/ -->\n<title>In Memoriam \u2013 Sari Resulbegu (1946-2014) nga Dr G.Karamanaga - Lajme nga Ulqini<\/title>\n<meta name=\"description\" content=\"Me 1 dhjetor t\u00eb \u00a0k\u00ebtij viti nd\u00ebrroj jet\u00eb Sari Resulbegu. I lindur n\u00eb Ulqin, shkoll\u00ebn fillore e p\u00ebrfundon n\u00eb Ulqin, t\u00eb mesmen ekonomike n\u00eb Sarajev\u00eb. Pas\" \/>\n<meta name=\"robots\" content=\"index, follow, max-snippet:-1, max-image-preview:large, max-video-preview:-1\" \/>\n<link rel=\"canonical\" href=\"https:\/\/www.visit-ulcinj.com\/blog\/2014\/12\/03\/memoriam-sari-resulbegu-1946-2014-nga-dr-g-karamanaga\/\" \/>\n<meta property=\"og:locale\" content=\"en_US\" \/>\n<meta property=\"og:type\" content=\"article\" \/>\n<meta property=\"og:title\" content=\"In Memoriam \u2013 Sari Resulbegu (1946-2014) nga Dr G.Karamanaga - Lajme nga Ulqini\" \/>\n<meta property=\"og:description\" content=\"Me 1 dhjetor t\u00eb \u00a0k\u00ebtij viti nd\u00ebrroj jet\u00eb Sari Resulbegu. I lindur n\u00eb Ulqin, shkoll\u00ebn fillore e p\u00ebrfundon n\u00eb Ulqin, t\u00eb mesmen ekonomike n\u00eb Sarajev\u00eb. Pas\" \/>\n<meta property=\"og:url\" content=\"https:\/\/www.visit-ulcinj.com\/blog\/2014\/12\/03\/memoriam-sari-resulbegu-1946-2014-nga-dr-g-karamanaga\/\" \/>\n<meta property=\"og:site_name\" content=\"Lajme nga Ulqini\" \/>\n<meta property=\"article:published_time\" content=\"2014-12-03T16:09:43+00:00\" \/>\n<meta property=\"article:modified_time\" content=\"2014-12-04T16:35:16+00:00\" \/>\n<meta property=\"og:image\" content=\"http:\/\/www.visit-ulcinj.com\/blog\/wp-content\/uploads\/2014\/12\/In-Memoriam-Sari-Resulbegu-Ulqin.jpg\" \/>\n<meta name=\"twitter:label1\" content=\"Written by\" \/>\n\t<meta name=\"twitter:data1\" content=\"ulqini\" \/>\n\t<meta name=\"twitter:label2\" content=\"Est. reading time\" \/>\n\t<meta name=\"twitter:data2\" content=\"1 minute\" \/>\n<script type=\"application\/ld+json\" class=\"yoast-schema-graph\">{\"@context\":\"https:\/\/schema.org\",\"@graph\":[{\"@type\":\"WebSite\",\"@id\":\"https:\/\/www.visit-ulcinj.com\/blog\/#website\",\"url\":\"https:\/\/www.visit-ulcinj.com\/blog\/\",\"name\":\"Lajme nga Ulqini\",\"description\":\"Lajme,Vijesti,Ulqini,Ulqin,Crna Gora,Mali i Zi\",\"potentialAction\":[{\"@type\":\"SearchAction\",\"target\":{\"@type\":\"EntryPoint\",\"urlTemplate\":\"https:\/\/www.visit-ulcinj.com\/blog\/?s={search_term_string}\"},\"query-input\":\"required name=search_term_string\"}],\"inLanguage\":\"en-US\"},{\"@type\":\"ImageObject\",\"inLanguage\":\"en-US\",\"@id\":\"https:\/\/www.visit-ulcinj.com\/blog\/2014\/12\/03\/memoriam-sari-resulbegu-1946-2014-nga-dr-g-karamanaga\/#primaryimage\",\"url\":\"https:\/\/www.visit-ulcinj.com\/blog\/wp-content\/uploads\/2014\/12\/In-Memoriam-Sari-Resulbegu-Ulqin.jpg\",\"contentUrl\":\"https:\/\/www.visit-ulcinj.com\/blog\/wp-content\/uploads\/2014\/12\/In-Memoriam-Sari-Resulbegu-Ulqin.jpg\",\"width\":510,\"height\":392},{\"@type\":\"WebPage\",\"@id\":\"https:\/\/www.visit-ulcinj.com\/blog\/2014\/12\/03\/memoriam-sari-resulbegu-1946-2014-nga-dr-g-karamanaga\/#webpage\",\"url\":\"https:\/\/www.visit-ulcinj.com\/blog\/2014\/12\/03\/memoriam-sari-resulbegu-1946-2014-nga-dr-g-karamanaga\/\",\"name\":\"In Memoriam \u2013 Sari Resulbegu (1946-2014) nga Dr G.Karamanaga - Lajme nga Ulqini\",\"isPartOf\":{\"@id\":\"https:\/\/www.visit-ulcinj.com\/blog\/#website\"},\"primaryImageOfPage\":{\"@id\":\"https:\/\/www.visit-ulcinj.com\/blog\/2014\/12\/03\/memoriam-sari-resulbegu-1946-2014-nga-dr-g-karamanaga\/#primaryimage\"},\"datePublished\":\"2014-12-03T16:09:43+00:00\",\"dateModified\":\"2014-12-04T16:35:16+00:00\",\"author\":{\"@id\":\"https:\/\/www.visit-ulcinj.com\/blog\/#\/schema\/person\/dcab619c614d3038751c63bc2aadc06d\"},\"description\":\"Me 1 dhjetor t\u00eb \u00a0k\u00ebtij viti nd\u00ebrroj jet\u00eb Sari Resulbegu. I lindur n\u00eb Ulqin, shkoll\u00ebn fillore e p\u00ebrfundon n\u00eb Ulqin, t\u00eb mesmen ekonomike n\u00eb Sarajev\u00eb. Pas\",\"breadcrumb\":{\"@id\":\"https:\/\/www.visit-ulcinj.com\/blog\/2014\/12\/03\/memoriam-sari-resulbegu-1946-2014-nga-dr-g-karamanaga\/#breadcrumb\"},\"inLanguage\":\"en-US\",\"potentialAction\":[{\"@type\":\"ReadAction\",\"target\":[\"https:\/\/www.visit-ulcinj.com\/blog\/2014\/12\/03\/memoriam-sari-resulbegu-1946-2014-nga-dr-g-karamanaga\/\"]}]},{\"@type\":\"BreadcrumbList\",\"@id\":\"https:\/\/www.visit-ulcinj.com\/blog\/2014\/12\/03\/memoriam-sari-resulbegu-1946-2014-nga-dr-g-karamanaga\/#breadcrumb\",\"itemListElement\":[{\"@type\":\"ListItem\",\"position\":1,\"name\":\"In Memoriam \u2013 Sari Resulbegu (1946-2014) nga Dr G.Karamanaga\"}]},{\"@type\":\"Person\",\"@id\":\"https:\/\/www.visit-ulcinj.com\/blog\/#\/schema\/person\/dcab619c614d3038751c63bc2aadc06d\",\"name\":\"ulqini\",\"sameAs\":[\"http:\/\/www.visit-ulcinj.com\"],\"url\":\"https:\/\/www.visit-ulcinj.com\/blog\/author\/admin\/\"}]}<\/script>\n<!-- \/ Yoast SEO plugin. -->","yoast_head_json":{"title":"In Memoriam \u2013 Sari Resulbegu (1946-2014) nga Dr G.Karamanaga - Lajme nga Ulqini","description":"Me 1 dhjetor t\u00eb \u00a0k\u00ebtij viti nd\u00ebrroj jet\u00eb Sari Resulbegu. I lindur n\u00eb Ulqin, shkoll\u00ebn fillore e p\u00ebrfundon n\u00eb Ulqin, t\u00eb mesmen ekonomike n\u00eb Sarajev\u00eb. Pas","robots":{"index":"index","follow":"follow","max-snippet":"max-snippet:-1","max-image-preview":"max-image-preview:large","max-video-preview":"max-video-preview:-1"},"canonical":"https:\/\/www.visit-ulcinj.com\/blog\/2014\/12\/03\/memoriam-sari-resulbegu-1946-2014-nga-dr-g-karamanaga\/","og_locale":"en_US","og_type":"article","og_title":"In Memoriam \u2013 Sari Resulbegu (1946-2014) nga Dr G.Karamanaga - Lajme nga Ulqini","og_description":"Me 1 dhjetor t\u00eb \u00a0k\u00ebtij viti nd\u00ebrroj jet\u00eb Sari Resulbegu. I lindur n\u00eb Ulqin, shkoll\u00ebn fillore e p\u00ebrfundon n\u00eb Ulqin, t\u00eb mesmen ekonomike n\u00eb Sarajev\u00eb. Pas","og_url":"https:\/\/www.visit-ulcinj.com\/blog\/2014\/12\/03\/memoriam-sari-resulbegu-1946-2014-nga-dr-g-karamanaga\/","og_site_name":"Lajme nga Ulqini","article_published_time":"2014-12-03T16:09:43+00:00","article_modified_time":"2014-12-04T16:35:16+00:00","og_image":[{"url":"http:\/\/www.visit-ulcinj.com\/blog\/wp-content\/uploads\/2014\/12\/In-Memoriam-Sari-Resulbegu-Ulqin.jpg"}],"twitter_misc":{"Written by":"ulqini","Est. reading time":"1 minute"},"schema":{"@context":"https:\/\/schema.org","@graph":[{"@type":"WebSite","@id":"https:\/\/www.visit-ulcinj.com\/blog\/#website","url":"https:\/\/www.visit-ulcinj.com\/blog\/","name":"Lajme nga Ulqini","description":"Lajme,Vijesti,Ulqini,Ulqin,Crna Gora,Mali i Zi","potentialAction":[{"@type":"SearchAction","target":{"@type":"EntryPoint","urlTemplate":"https:\/\/www.visit-ulcinj.com\/blog\/?s={search_term_string}"},"query-input":"required name=search_term_string"}],"inLanguage":"en-US"},{"@type":"ImageObject","inLanguage":"en-US","@id":"https:\/\/www.visit-ulcinj.com\/blog\/2014\/12\/03\/memoriam-sari-resulbegu-1946-2014-nga-dr-g-karamanaga\/#primaryimage","url":"https:\/\/www.visit-ulcinj.com\/blog\/wp-content\/uploads\/2014\/12\/In-Memoriam-Sari-Resulbegu-Ulqin.jpg","contentUrl":"https:\/\/www.visit-ulcinj.com\/blog\/wp-content\/uploads\/2014\/12\/In-Memoriam-Sari-Resulbegu-Ulqin.jpg","width":510,"height":392},{"@type":"WebPage","@id":"https:\/\/www.visit-ulcinj.com\/blog\/2014\/12\/03\/memoriam-sari-resulbegu-1946-2014-nga-dr-g-karamanaga\/#webpage","url":"https:\/\/www.visit-ulcinj.com\/blog\/2014\/12\/03\/memoriam-sari-resulbegu-1946-2014-nga-dr-g-karamanaga\/","name":"In Memoriam \u2013 Sari Resulbegu (1946-2014) nga Dr G.Karamanaga - Lajme nga Ulqini","isPartOf":{"@id":"https:\/\/www.visit-ulcinj.com\/blog\/#website"},"primaryImageOfPage":{"@id":"https:\/\/www.visit-ulcinj.com\/blog\/2014\/12\/03\/memoriam-sari-resulbegu-1946-2014-nga-dr-g-karamanaga\/#primaryimage"},"datePublished":"2014-12-03T16:09:43+00:00","dateModified":"2014-12-04T16:35:16+00:00","author":{"@id":"https:\/\/www.visit-ulcinj.com\/blog\/#\/schema\/person\/dcab619c614d3038751c63bc2aadc06d"},"description":"Me 1 dhjetor t\u00eb \u00a0k\u00ebtij viti nd\u00ebrroj jet\u00eb Sari Resulbegu. I lindur n\u00eb Ulqin, shkoll\u00ebn fillore e p\u00ebrfundon n\u00eb Ulqin, t\u00eb mesmen ekonomike n\u00eb Sarajev\u00eb. Pas","breadcrumb":{"@id":"https:\/\/www.visit-ulcinj.com\/blog\/2014\/12\/03\/memoriam-sari-resulbegu-1946-2014-nga-dr-g-karamanaga\/#breadcrumb"},"inLanguage":"en-US","potentialAction":[{"@type":"ReadAction","target":["https:\/\/www.visit-ulcinj.com\/blog\/2014\/12\/03\/memoriam-sari-resulbegu-1946-2014-nga-dr-g-karamanaga\/"]}]},{"@type":"BreadcrumbList","@id":"https:\/\/www.visit-ulcinj.com\/blog\/2014\/12\/03\/memoriam-sari-resulbegu-1946-2014-nga-dr-g-karamanaga\/#breadcrumb","itemListElement":[{"@type":"ListItem","position":1,"name":"In Memoriam \u2013 Sari Resulbegu (1946-2014) nga Dr G.Karamanaga"}]},{"@type":"Person","@id":"https:\/\/www.visit-ulcinj.com\/blog\/#\/schema\/person\/dcab619c614d3038751c63bc2aadc06d","name":"ulqini","sameAs":["http:\/\/www.visit-ulcinj.com"],"url":"https:\/\/www.visit-ulcinj.com\/blog\/author\/admin\/"}]}},"jetpack_featured_media_url":"","jetpack_sharing_enabled":true,"jetpack_shortlink":"https:\/\/wp.me\/pe6lTn-mAf","_links":{"self":[{"href":"https:\/\/www.visit-ulcinj.com\/blog\/wp-json\/wp\/v2\/posts\/86815"}],"collection":[{"href":"https:\/\/www.visit-ulcinj.com\/blog\/wp-json\/wp\/v2\/posts"}],"about":[{"href":"https:\/\/www.visit-ulcinj.com\/blog\/wp-json\/wp\/v2\/types\/post"}],"author":[{"embeddable":true,"href":"https:\/\/www.visit-ulcinj.com\/blog\/wp-json\/wp\/v2\/users\/1"}],"replies":[{"embeddable":true,"href":"https:\/\/www.visit-ulcinj.com\/blog\/wp-json\/wp\/v2\/comments?post=86815"}],"version-history":[{"count":1,"href":"https:\/\/www.visit-ulcinj.com\/blog\/wp-json\/wp\/v2\/posts\/86815\/revisions"}],"predecessor-version":[{"id":86817,"href":"https:\/\/www.visit-ulcinj.com\/blog\/wp-json\/wp\/v2\/posts\/86815\/revisions\/86817"}],"wp:attachment":[{"href":"https:\/\/www.visit-ulcinj.com\/blog\/wp-json\/wp\/v2\/media?parent=86815"}],"wp:term":[{"taxonomy":"category","embeddable":true,"href":"https:\/\/www.visit-ulcinj.com\/blog\/wp-json\/wp\/v2\/categories?post=86815"},{"taxonomy":"post_tag","embeddable":true,"href":"https:\/\/www.visit-ulcinj.com\/blog\/wp-json\/wp\/v2\/tags?post=86815"}],"curies":[{"name":"wp","href":"https:\/\/api.w.org\/{rel}","templated":true}]}}