{"id":86823,"date":"2014-12-03T17:38:52","date_gmt":"2014-12-03T16:38:52","guid":{"rendered":"http:\/\/www.visit-ulcinj.com\/blog\/?p=86823"},"modified":"2014-12-03T17:38:52","modified_gmt":"2014-12-03T16:38:52","slug":"u-ulcinjskoj-opstini-povecali-broj-cinovnika","status":"publish","type":"post","link":"https:\/\/www.visit-ulcinj.com\/blog\/2014\/12\/03\/u-ulcinjskoj-opstini-povecali-broj-cinovnika\/","title":{"rendered":"U ulcinjskoj op\u0161tini pove\u0107ali broj \u010dinovnika"},"content":{"rendered":"<p><a href=\"http:\/\/www.visit-ulcinj.com\/blog\/wp-content\/uploads\/2013\/12\/opstina-ulcinj.jpg\"><img loading=\"lazy\" class=\"alignleft wp-image-77143\" src=\"http:\/\/www.visit-ulcinj.com\/blog\/wp-content\/uploads\/2013\/12\/opstina-ulcinj.jpg\" alt=\"opstina-ulcinj\" width=\"508\" height=\"381\" srcset=\"https:\/\/www.visit-ulcinj.com\/blog\/wp-content\/uploads\/2013\/12\/opstina-ulcinj.jpg 1000w, https:\/\/www.visit-ulcinj.com\/blog\/wp-content\/uploads\/2013\/12\/opstina-ulcinj-300x225.jpg 300w\" sizes=\"(max-width: 508px) 100vw, 508px\" \/><\/a>Za 12 mjeseci, odnosno od po\u010detka oktobra pro\u0161le do istog mjeseca ove godine sedam crnogorskih op\u0161tina uklju\u010duju\u0107i javna preduze\u0107a i ustanove je smanjilo broj zaposlenih. Svi ostali, ne ra\u010dunaju\u0107i \u017dabljak gdje je stanje nepromijenjeno, su pove\u0107ali broj radnika.<\/p>\n<div class=\"body-text\">\n<p>Ukupan broj zaposlenih u op\u0161tinama u ovom periodu je pove\u0107an za 474 sa 11.304 na 11.778 .<\/p>\n<p>\u201eBroj radnika za 12 mjeseci najvi\u0161e je pove\u0107an u Ulcinju za175, a Bijelo Polje prednja\u010di u smanjenju za 28 radnika\u201c, pokazuje analiza o stanju javnih finansija na lokalnom nivou u koju je Pobjeda imala uvid.<\/p>\n<p>U ulcinjskoj op\u0161tini, uklju\u010duju\u0107i javna preduze\u0107a i ustanove broj radnika je pove\u0107an sa 401 na 576, a u beranskoj sa 491 na 609, pljevaljskoj sa 751 na 833, a podgori\u010dkoj sa 2621 na 2698 radnika. U Budvi u kojoj je finansijska situacija najte\u017ea, broj zaposlenih je pove\u0107an za 24 sa 1.071 na 1.092.<\/p>\n<p>U rekorderu po smanjenju Bijelom Polju broj zaposlenih je sveden sa 671 na 643. Na Cetinju je sa 529 broj smanjen na 505, a u Herceg Novom sa 629 na 611. Kako je finansijska situacija u ve\u0107ini crnogorskih op\u0161tina, kako je prije desetak dana javno upozorio i ministar finansija dr Radoje Zugi\u0107, izuzetno nepovoljna, neodr\u017eiva i uru\u0161ava ukupan fiskalni sistem, mnoge op\u0161tine \u0107e najvjerovatnije morati da koriguju broj zaposlenih, ali i zarade.<\/p>\n<p>Ukupan dug op\u0161tina neizmirene obaveze, krediti i poreska dugovanja objavila protekle sedmice, iznose blizu 350 miliona eura. I to nije kona\u010dna cifra, jer neizmirene obaveze zaklju\u010dno sa junom iznose 112 miliona, krediti zaklju\u010dno sa septembrom 168, a poreski dug zaklju\u010dno sa novembrom 69 miliona eura. Ovo stanje je, kako je ocijenjeno, posljedica isklju\u010divo neracionalnog poslovanja.<\/p>\n<p><strong>Izvor: CDM<\/strong><\/p>\n<\/div>\n","protected":false},"excerpt":{"rendered":"<p>Za 12 mjeseci, odnosno od po\u010detka oktobra pro\u0161le do istog mjeseca ove godine sedam crnogorskih op\u0161tina uklju\u010duju\u0107i javna preduze\u0107a i ustanove je smanjilo broj zaposlenih. Svi ostali, ne ra\u010dunaju\u0107i \u017dabljak gdje je stanje nepromijenjeno, su pove\u0107ali broj radnika. Ukupan broj zaposlenih u op\u0161tinama u ovom periodu je pove\u0107an za 474 sa 11.304 na 11.778 . [&hellip;]<\/p>\n","protected":false},"author":1,"featured_media":0,"comment_status":"closed","ping_status":"closed","sticky":false,"template":"","format":"standard","meta":{"spay_email":"","jetpack_publicize_message":"","jetpack_is_tweetstorm":false,"jetpack_publicize_feature_enabled":true},"categories":[6950],"tags":[],"jetpack_publicize_connections":[],"yoast_head":"<!-- This site is optimized with the Yoast SEO plugin v19.1 - https:\/\/yoast.com\/wordpress\/plugins\/seo\/ -->\n<title>U ulcinjskoj op\u0161tini pove\u0107ali broj \u010dinovnika - Lajme nga Ulqini<\/title>\n<meta name=\"description\" content=\"Za 12 mjeseci, odnosno od po\u010detka oktobra pro\u0161le do istog mjeseca ove godine sedam crnogorskih op\u0161tina uklju\u010duju\u0107i javna preduze\u0107a i ustanove je smanjilo\" \/>\n<meta name=\"robots\" content=\"index, follow, max-snippet:-1, max-image-preview:large, max-video-preview:-1\" \/>\n<link rel=\"canonical\" href=\"https:\/\/www.visit-ulcinj.com\/blog\/2014\/12\/03\/u-ulcinjskoj-opstini-povecali-broj-cinovnika\/\" \/>\n<meta property=\"og:locale\" content=\"en_US\" \/>\n<meta property=\"og:type\" content=\"article\" \/>\n<meta property=\"og:title\" content=\"U ulcinjskoj op\u0161tini pove\u0107ali broj \u010dinovnika - Lajme nga Ulqini\" \/>\n<meta property=\"og:description\" content=\"Za 12 mjeseci, odnosno od po\u010detka oktobra pro\u0161le do istog mjeseca ove godine sedam crnogorskih op\u0161tina uklju\u010duju\u0107i javna preduze\u0107a i ustanove je smanjilo\" \/>\n<meta property=\"og:url\" content=\"https:\/\/www.visit-ulcinj.com\/blog\/2014\/12\/03\/u-ulcinjskoj-opstini-povecali-broj-cinovnika\/\" \/>\n<meta property=\"og:site_name\" content=\"Lajme nga Ulqini\" \/>\n<meta property=\"article:published_time\" content=\"2014-12-03T16:38:52+00:00\" \/>\n<meta property=\"og:image\" content=\"http:\/\/www.visit-ulcinj.com\/blog\/wp-content\/uploads\/2013\/12\/opstina-ulcinj.jpg\" \/>\n<meta name=\"twitter:label1\" content=\"Written by\" \/>\n\t<meta name=\"twitter:data1\" content=\"ulqini\" \/>\n\t<meta name=\"twitter:label2\" content=\"Est. reading time\" \/>\n\t<meta name=\"twitter:data2\" content=\"1 minute\" \/>\n<script type=\"application\/ld+json\" class=\"yoast-schema-graph\">{\"@context\":\"https:\/\/schema.org\",\"@graph\":[{\"@type\":\"WebSite\",\"@id\":\"https:\/\/www.visit-ulcinj.com\/blog\/#website\",\"url\":\"https:\/\/www.visit-ulcinj.com\/blog\/\",\"name\":\"Lajme nga Ulqini\",\"description\":\"Lajme,Vijesti,Ulqini,Ulqin,Crna Gora,Mali i Zi\",\"potentialAction\":[{\"@type\":\"SearchAction\",\"target\":{\"@type\":\"EntryPoint\",\"urlTemplate\":\"https:\/\/www.visit-ulcinj.com\/blog\/?s={search_term_string}\"},\"query-input\":\"required name=search_term_string\"}],\"inLanguage\":\"en-US\"},{\"@type\":\"ImageObject\",\"inLanguage\":\"en-US\",\"@id\":\"https:\/\/www.visit-ulcinj.com\/blog\/2014\/12\/03\/u-ulcinjskoj-opstini-povecali-broj-cinovnika\/#primaryimage\",\"url\":\"https:\/\/www.visit-ulcinj.com\/blog\/wp-content\/uploads\/2013\/12\/opstina-ulcinj.jpg\",\"contentUrl\":\"https:\/\/www.visit-ulcinj.com\/blog\/wp-content\/uploads\/2013\/12\/opstina-ulcinj.jpg\",\"width\":1000,\"height\":750},{\"@type\":\"WebPage\",\"@id\":\"https:\/\/www.visit-ulcinj.com\/blog\/2014\/12\/03\/u-ulcinjskoj-opstini-povecali-broj-cinovnika\/#webpage\",\"url\":\"https:\/\/www.visit-ulcinj.com\/blog\/2014\/12\/03\/u-ulcinjskoj-opstini-povecali-broj-cinovnika\/\",\"name\":\"U ulcinjskoj op\u0161tini pove\u0107ali broj \u010dinovnika - Lajme nga Ulqini\",\"isPartOf\":{\"@id\":\"https:\/\/www.visit-ulcinj.com\/blog\/#website\"},\"primaryImageOfPage\":{\"@id\":\"https:\/\/www.visit-ulcinj.com\/blog\/2014\/12\/03\/u-ulcinjskoj-opstini-povecali-broj-cinovnika\/#primaryimage\"},\"datePublished\":\"2014-12-03T16:38:52+00:00\",\"dateModified\":\"2014-12-03T16:38:52+00:00\",\"author\":{\"@id\":\"https:\/\/www.visit-ulcinj.com\/blog\/#\/schema\/person\/dcab619c614d3038751c63bc2aadc06d\"},\"description\":\"Za 12 mjeseci, odnosno od po\u010detka oktobra pro\u0161le do istog mjeseca ove godine sedam crnogorskih op\u0161tina uklju\u010duju\u0107i javna preduze\u0107a i ustanove je smanjilo\",\"breadcrumb\":{\"@id\":\"https:\/\/www.visit-ulcinj.com\/blog\/2014\/12\/03\/u-ulcinjskoj-opstini-povecali-broj-cinovnika\/#breadcrumb\"},\"inLanguage\":\"en-US\",\"potentialAction\":[{\"@type\":\"ReadAction\",\"target\":[\"https:\/\/www.visit-ulcinj.com\/blog\/2014\/12\/03\/u-ulcinjskoj-opstini-povecali-broj-cinovnika\/\"]}]},{\"@type\":\"BreadcrumbList\",\"@id\":\"https:\/\/www.visit-ulcinj.com\/blog\/2014\/12\/03\/u-ulcinjskoj-opstini-povecali-broj-cinovnika\/#breadcrumb\",\"itemListElement\":[{\"@type\":\"ListItem\",\"position\":1,\"name\":\"U ulcinjskoj op\u0161tini pove\u0107ali broj \u010dinovnika\"}]},{\"@type\":\"Person\",\"@id\":\"https:\/\/www.visit-ulcinj.com\/blog\/#\/schema\/person\/dcab619c614d3038751c63bc2aadc06d\",\"name\":\"ulqini\",\"sameAs\":[\"http:\/\/www.visit-ulcinj.com\"],\"url\":\"https:\/\/www.visit-ulcinj.com\/blog\/author\/admin\/\"}]}<\/script>\n<!-- \/ Yoast SEO plugin. -->","yoast_head_json":{"title":"U ulcinjskoj op\u0161tini pove\u0107ali broj \u010dinovnika - Lajme nga Ulqini","description":"Za 12 mjeseci, odnosno od po\u010detka oktobra pro\u0161le do istog mjeseca ove godine sedam crnogorskih op\u0161tina uklju\u010duju\u0107i javna preduze\u0107a i ustanove je smanjilo","robots":{"index":"index","follow":"follow","max-snippet":"max-snippet:-1","max-image-preview":"max-image-preview:large","max-video-preview":"max-video-preview:-1"},"canonical":"https:\/\/www.visit-ulcinj.com\/blog\/2014\/12\/03\/u-ulcinjskoj-opstini-povecali-broj-cinovnika\/","og_locale":"en_US","og_type":"article","og_title":"U ulcinjskoj op\u0161tini pove\u0107ali broj \u010dinovnika - Lajme nga Ulqini","og_description":"Za 12 mjeseci, odnosno od po\u010detka oktobra pro\u0161le do istog mjeseca ove godine sedam crnogorskih op\u0161tina uklju\u010duju\u0107i javna preduze\u0107a i ustanove je smanjilo","og_url":"https:\/\/www.visit-ulcinj.com\/blog\/2014\/12\/03\/u-ulcinjskoj-opstini-povecali-broj-cinovnika\/","og_site_name":"Lajme nga Ulqini","article_published_time":"2014-12-03T16:38:52+00:00","og_image":[{"url":"http:\/\/www.visit-ulcinj.com\/blog\/wp-content\/uploads\/2013\/12\/opstina-ulcinj.jpg"}],"twitter_misc":{"Written by":"ulqini","Est. reading time":"1 minute"},"schema":{"@context":"https:\/\/schema.org","@graph":[{"@type":"WebSite","@id":"https:\/\/www.visit-ulcinj.com\/blog\/#website","url":"https:\/\/www.visit-ulcinj.com\/blog\/","name":"Lajme nga Ulqini","description":"Lajme,Vijesti,Ulqini,Ulqin,Crna Gora,Mali i Zi","potentialAction":[{"@type":"SearchAction","target":{"@type":"EntryPoint","urlTemplate":"https:\/\/www.visit-ulcinj.com\/blog\/?s={search_term_string}"},"query-input":"required name=search_term_string"}],"inLanguage":"en-US"},{"@type":"ImageObject","inLanguage":"en-US","@id":"https:\/\/www.visit-ulcinj.com\/blog\/2014\/12\/03\/u-ulcinjskoj-opstini-povecali-broj-cinovnika\/#primaryimage","url":"https:\/\/www.visit-ulcinj.com\/blog\/wp-content\/uploads\/2013\/12\/opstina-ulcinj.jpg","contentUrl":"https:\/\/www.visit-ulcinj.com\/blog\/wp-content\/uploads\/2013\/12\/opstina-ulcinj.jpg","width":1000,"height":750},{"@type":"WebPage","@id":"https:\/\/www.visit-ulcinj.com\/blog\/2014\/12\/03\/u-ulcinjskoj-opstini-povecali-broj-cinovnika\/#webpage","url":"https:\/\/www.visit-ulcinj.com\/blog\/2014\/12\/03\/u-ulcinjskoj-opstini-povecali-broj-cinovnika\/","name":"U ulcinjskoj op\u0161tini pove\u0107ali broj \u010dinovnika - Lajme nga Ulqini","isPartOf":{"@id":"https:\/\/www.visit-ulcinj.com\/blog\/#website"},"primaryImageOfPage":{"@id":"https:\/\/www.visit-ulcinj.com\/blog\/2014\/12\/03\/u-ulcinjskoj-opstini-povecali-broj-cinovnika\/#primaryimage"},"datePublished":"2014-12-03T16:38:52+00:00","dateModified":"2014-12-03T16:38:52+00:00","author":{"@id":"https:\/\/www.visit-ulcinj.com\/blog\/#\/schema\/person\/dcab619c614d3038751c63bc2aadc06d"},"description":"Za 12 mjeseci, odnosno od po\u010detka oktobra pro\u0161le do istog mjeseca ove godine sedam crnogorskih op\u0161tina uklju\u010duju\u0107i javna preduze\u0107a i ustanove je smanjilo","breadcrumb":{"@id":"https:\/\/www.visit-ulcinj.com\/blog\/2014\/12\/03\/u-ulcinjskoj-opstini-povecali-broj-cinovnika\/#breadcrumb"},"inLanguage":"en-US","potentialAction":[{"@type":"ReadAction","target":["https:\/\/www.visit-ulcinj.com\/blog\/2014\/12\/03\/u-ulcinjskoj-opstini-povecali-broj-cinovnika\/"]}]},{"@type":"BreadcrumbList","@id":"https:\/\/www.visit-ulcinj.com\/blog\/2014\/12\/03\/u-ulcinjskoj-opstini-povecali-broj-cinovnika\/#breadcrumb","itemListElement":[{"@type":"ListItem","position":1,"name":"U ulcinjskoj op\u0161tini pove\u0107ali broj \u010dinovnika"}]},{"@type":"Person","@id":"https:\/\/www.visit-ulcinj.com\/blog\/#\/schema\/person\/dcab619c614d3038751c63bc2aadc06d","name":"ulqini","sameAs":["http:\/\/www.visit-ulcinj.com"],"url":"https:\/\/www.visit-ulcinj.com\/blog\/author\/admin\/"}]}},"jetpack_featured_media_url":"","jetpack_sharing_enabled":true,"jetpack_shortlink":"https:\/\/wp.me\/pe6lTn-mAn","_links":{"self":[{"href":"https:\/\/www.visit-ulcinj.com\/blog\/wp-json\/wp\/v2\/posts\/86823"}],"collection":[{"href":"https:\/\/www.visit-ulcinj.com\/blog\/wp-json\/wp\/v2\/posts"}],"about":[{"href":"https:\/\/www.visit-ulcinj.com\/blog\/wp-json\/wp\/v2\/types\/post"}],"author":[{"embeddable":true,"href":"https:\/\/www.visit-ulcinj.com\/blog\/wp-json\/wp\/v2\/users\/1"}],"replies":[{"embeddable":true,"href":"https:\/\/www.visit-ulcinj.com\/blog\/wp-json\/wp\/v2\/comments?post=86823"}],"version-history":[{"count":1,"href":"https:\/\/www.visit-ulcinj.com\/blog\/wp-json\/wp\/v2\/posts\/86823\/revisions"}],"predecessor-version":[{"id":86824,"href":"https:\/\/www.visit-ulcinj.com\/blog\/wp-json\/wp\/v2\/posts\/86823\/revisions\/86824"}],"wp:attachment":[{"href":"https:\/\/www.visit-ulcinj.com\/blog\/wp-json\/wp\/v2\/media?parent=86823"}],"wp:term":[{"taxonomy":"category","embeddable":true,"href":"https:\/\/www.visit-ulcinj.com\/blog\/wp-json\/wp\/v2\/categories?post=86823"},{"taxonomy":"post_tag","embeddable":true,"href":"https:\/\/www.visit-ulcinj.com\/blog\/wp-json\/wp\/v2\/tags?post=86823"}],"curies":[{"name":"wp","href":"https:\/\/api.w.org\/{rel}","templated":true}]}}