{"id":86827,"date":"2014-12-03T17:57:22","date_gmt":"2014-12-03T16:57:22","guid":{"rendered":"http:\/\/www.visit-ulcinj.com\/blog\/?p=86827"},"modified":"2014-12-04T17:35:50","modified_gmt":"2014-12-04T16:35:50","slug":"te-ejten-e-organizon-tryeza-e-rrumbullaket-ojf-mogul-ojf-mans-video","status":"publish","type":"post","link":"https:\/\/www.visit-ulcinj.com\/blog\/2014\/12\/03\/te-ejten-e-organizon-tryeza-e-rrumbullaket-ojf-mogul-ojf-mans-video\/","title":{"rendered":"T\u00eb ejten organizohet  tryeza e rrumbullak\u00ebt OJF MOGUL-OJF MANS &#8211; Video"},"content":{"rendered":"<p><a href=\"http:\/\/www.visit-ulcinj.com\/blog\/wp-content\/uploads\/2014\/12\/Mogul_Ulqin-tryeza-e-rambullaket.jpg\"><img loading=\"lazy\" class=\"alignleft wp-image-86828\" src=\"http:\/\/www.visit-ulcinj.com\/blog\/wp-content\/uploads\/2014\/12\/Mogul_Ulqin-tryeza-e-rambullaket.jpg\" alt=\"Mogul_Ulqin-tryeza e rambullaket\" width=\"508\" height=\"322\" srcset=\"https:\/\/www.visit-ulcinj.com\/blog\/wp-content\/uploads\/2014\/12\/Mogul_Ulqin-tryeza-e-rambullaket.jpg 595w, https:\/\/www.visit-ulcinj.com\/blog\/wp-content\/uploads\/2014\/12\/Mogul_Ulqin-tryeza-e-rambullaket-300x190.jpg 300w\" sizes=\"(max-width: 508px) 100vw, 508px\" \/><\/a>Nga Monitoring grupi Ulqin (MogUL) kan\u00eb th\u00ebn\u00eb p\u00ebr Portalin UL-info q\u00eb t\u00eb enjten do t\u00eb organizohet tryeza e rrumbullak\u00ebt \u201cMenaxhimi i t\u00eb mirave detare\u201d.<\/p>\n<p>N\u00eb k\u00ebt\u00eb tubim do t\u00eb publikohet raporti p\u00ebr investimet e k\u00ebsaj Nd\u00ebrmarrje publike p\u00ebr menaxhimin e t\u00eb mirave detare n\u00eb territorin e komun\u00ebs s\u00eb Ulqinit n\u00eb periudh\u00ebn 2009-2012, nd\u00ebrsa Raportin p\u00ebr monitorim do ta prezantojn\u00eb p\u00ebrfaq\u00ebsuesit e MANS-it.<\/p>\n<p>N\u00eb tryez\u00eb t\u00eb rrumbullak\u00ebt, p\u00ebrve\u00e7 t\u00eb tjer\u00ebve, do t\u00eb marrin pjes\u00eb drejtuesit e komun\u00ebs s\u00eb Ulqinit, t\u00eb Mirave detare dhe deputet\u00ebt n\u00eb Kuvendin e Malit t\u00eb Zi.<\/p>\n<p><strong>Video TV TEUTA<\/strong><\/p>\n<!--YouTube Error: bad URL entered-->\n","protected":false},"excerpt":{"rendered":"<p>Nga Monitoring grupi Ulqin (MogUL) kan\u00eb th\u00ebn\u00eb p\u00ebr Portalin UL-info q\u00eb t\u00eb enjten do t\u00eb organizohet tryeza e rrumbullak\u00ebt \u201cMenaxhimi i t\u00eb mirave detare\u201d. N\u00eb k\u00ebt\u00eb tubim do t\u00eb publikohet raporti p\u00ebr investimet e k\u00ebsaj Nd\u00ebrmarrje publike p\u00ebr menaxhimin e t\u00eb mirave detare n\u00eb territorin e komun\u00ebs s\u00eb Ulqinit n\u00eb periudh\u00ebn 2009-2012, nd\u00ebrsa Raportin p\u00ebr [&hellip;]<\/p>\n","protected":false},"author":1,"featured_media":0,"comment_status":"closed","ping_status":"closed","sticky":false,"template":"","format":"standard","meta":{"spay_email":"","jetpack_publicize_message":"","jetpack_is_tweetstorm":false,"jetpack_publicize_feature_enabled":true},"categories":[10,6950],"tags":[],"jetpack_publicize_connections":[],"yoast_head":"<!-- This site is optimized with the Yoast SEO plugin v19.1 - https:\/\/yoast.com\/wordpress\/plugins\/seo\/ -->\n<title>T\u00eb ejten organizohet tryeza e rrumbullak\u00ebt OJF MOGUL-OJF MANS - Video - Lajme nga Ulqini<\/title>\n<meta name=\"description\" content=\"Nga Monitoring grupi Ulqin (MogUL) kan\u00eb th\u00ebn\u00eb p\u00ebr Portalin UL-info q\u00eb t\u00eb enjten do t\u00eb organizohet tryeza e rrumbullak\u00ebt \u201cMenaxhimi i t\u00eb mirave detare\u201d. N\u00eb\" \/>\n<meta name=\"robots\" content=\"index, follow, max-snippet:-1, max-image-preview:large, max-video-preview:-1\" \/>\n<link rel=\"canonical\" href=\"https:\/\/www.visit-ulcinj.com\/blog\/2014\/12\/03\/te-ejten-e-organizon-tryeza-e-rrumbullaket-ojf-mogul-ojf-mans-video\/\" \/>\n<meta property=\"og:locale\" content=\"en_US\" \/>\n<meta property=\"og:type\" content=\"article\" \/>\n<meta property=\"og:title\" content=\"T\u00eb ejten organizohet tryeza e rrumbullak\u00ebt OJF MOGUL-OJF MANS - Video - Lajme nga Ulqini\" \/>\n<meta property=\"og:description\" content=\"Nga Monitoring grupi Ulqin (MogUL) kan\u00eb th\u00ebn\u00eb p\u00ebr Portalin UL-info q\u00eb t\u00eb enjten do t\u00eb organizohet tryeza e rrumbullak\u00ebt \u201cMenaxhimi i t\u00eb mirave detare\u201d. N\u00eb\" \/>\n<meta property=\"og:url\" content=\"https:\/\/www.visit-ulcinj.com\/blog\/2014\/12\/03\/te-ejten-e-organizon-tryeza-e-rrumbullaket-ojf-mogul-ojf-mans-video\/\" \/>\n<meta property=\"og:site_name\" content=\"Lajme nga Ulqini\" \/>\n<meta property=\"article:published_time\" content=\"2014-12-03T16:57:22+00:00\" \/>\n<meta property=\"article:modified_time\" content=\"2014-12-04T16:35:50+00:00\" \/>\n<meta property=\"og:image\" content=\"http:\/\/www.visit-ulcinj.com\/blog\/wp-content\/uploads\/2014\/12\/Mogul_Ulqin-tryeza-e-rambullaket.jpg\" \/>\n<meta name=\"twitter:label1\" content=\"Written by\" \/>\n\t<meta name=\"twitter:data1\" content=\"ulqini\" \/>\n\t<meta name=\"twitter:label2\" content=\"Est. reading time\" \/>\n\t<meta name=\"twitter:data2\" content=\"1 minute\" \/>\n<script type=\"application\/ld+json\" class=\"yoast-schema-graph\">{\"@context\":\"https:\/\/schema.org\",\"@graph\":[{\"@type\":\"WebSite\",\"@id\":\"https:\/\/www.visit-ulcinj.com\/blog\/#website\",\"url\":\"https:\/\/www.visit-ulcinj.com\/blog\/\",\"name\":\"Lajme nga Ulqini\",\"description\":\"Lajme,Vijesti,Ulqini,Ulqin,Crna Gora,Mali i Zi\",\"potentialAction\":[{\"@type\":\"SearchAction\",\"target\":{\"@type\":\"EntryPoint\",\"urlTemplate\":\"https:\/\/www.visit-ulcinj.com\/blog\/?s={search_term_string}\"},\"query-input\":\"required name=search_term_string\"}],\"inLanguage\":\"en-US\"},{\"@type\":\"ImageObject\",\"inLanguage\":\"en-US\",\"@id\":\"https:\/\/www.visit-ulcinj.com\/blog\/2014\/12\/03\/te-ejten-e-organizon-tryeza-e-rrumbullaket-ojf-mogul-ojf-mans-video\/#primaryimage\",\"url\":\"https:\/\/www.visit-ulcinj.com\/blog\/wp-content\/uploads\/2014\/12\/Mogul_Ulqin-tryeza-e-rambullaket.jpg\",\"contentUrl\":\"https:\/\/www.visit-ulcinj.com\/blog\/wp-content\/uploads\/2014\/12\/Mogul_Ulqin-tryeza-e-rambullaket.jpg\",\"width\":595,\"height\":377},{\"@type\":\"WebPage\",\"@id\":\"https:\/\/www.visit-ulcinj.com\/blog\/2014\/12\/03\/te-ejten-e-organizon-tryeza-e-rrumbullaket-ojf-mogul-ojf-mans-video\/#webpage\",\"url\":\"https:\/\/www.visit-ulcinj.com\/blog\/2014\/12\/03\/te-ejten-e-organizon-tryeza-e-rrumbullaket-ojf-mogul-ojf-mans-video\/\",\"name\":\"T\u00eb ejten organizohet tryeza e rrumbullak\u00ebt OJF MOGUL-OJF MANS - Video - Lajme nga Ulqini\",\"isPartOf\":{\"@id\":\"https:\/\/www.visit-ulcinj.com\/blog\/#website\"},\"primaryImageOfPage\":{\"@id\":\"https:\/\/www.visit-ulcinj.com\/blog\/2014\/12\/03\/te-ejten-e-organizon-tryeza-e-rrumbullaket-ojf-mogul-ojf-mans-video\/#primaryimage\"},\"datePublished\":\"2014-12-03T16:57:22+00:00\",\"dateModified\":\"2014-12-04T16:35:50+00:00\",\"author\":{\"@id\":\"https:\/\/www.visit-ulcinj.com\/blog\/#\/schema\/person\/dcab619c614d3038751c63bc2aadc06d\"},\"description\":\"Nga Monitoring grupi Ulqin (MogUL) kan\u00eb th\u00ebn\u00eb p\u00ebr Portalin UL-info q\u00eb t\u00eb enjten do t\u00eb organizohet tryeza e rrumbullak\u00ebt \u201cMenaxhimi i t\u00eb mirave detare\u201d. N\u00eb\",\"breadcrumb\":{\"@id\":\"https:\/\/www.visit-ulcinj.com\/blog\/2014\/12\/03\/te-ejten-e-organizon-tryeza-e-rrumbullaket-ojf-mogul-ojf-mans-video\/#breadcrumb\"},\"inLanguage\":\"en-US\",\"potentialAction\":[{\"@type\":\"ReadAction\",\"target\":[\"https:\/\/www.visit-ulcinj.com\/blog\/2014\/12\/03\/te-ejten-e-organizon-tryeza-e-rrumbullaket-ojf-mogul-ojf-mans-video\/\"]}]},{\"@type\":\"BreadcrumbList\",\"@id\":\"https:\/\/www.visit-ulcinj.com\/blog\/2014\/12\/03\/te-ejten-e-organizon-tryeza-e-rrumbullaket-ojf-mogul-ojf-mans-video\/#breadcrumb\",\"itemListElement\":[{\"@type\":\"ListItem\",\"position\":1,\"name\":\"T\u00eb ejten organizohet tryeza e rrumbullak\u00ebt OJF MOGUL-OJF MANS &#8211; Video\"}]},{\"@type\":\"Person\",\"@id\":\"https:\/\/www.visit-ulcinj.com\/blog\/#\/schema\/person\/dcab619c614d3038751c63bc2aadc06d\",\"name\":\"ulqini\",\"sameAs\":[\"http:\/\/www.visit-ulcinj.com\"],\"url\":\"https:\/\/www.visit-ulcinj.com\/blog\/author\/admin\/\"}]}<\/script>\n<!-- \/ Yoast SEO plugin. -->","yoast_head_json":{"title":"T\u00eb ejten organizohet tryeza e rrumbullak\u00ebt OJF MOGUL-OJF MANS - Video - Lajme nga Ulqini","description":"Nga Monitoring grupi Ulqin (MogUL) kan\u00eb th\u00ebn\u00eb p\u00ebr Portalin UL-info q\u00eb t\u00eb enjten do t\u00eb organizohet tryeza e rrumbullak\u00ebt \u201cMenaxhimi i t\u00eb mirave detare\u201d. N\u00eb","robots":{"index":"index","follow":"follow","max-snippet":"max-snippet:-1","max-image-preview":"max-image-preview:large","max-video-preview":"max-video-preview:-1"},"canonical":"https:\/\/www.visit-ulcinj.com\/blog\/2014\/12\/03\/te-ejten-e-organizon-tryeza-e-rrumbullaket-ojf-mogul-ojf-mans-video\/","og_locale":"en_US","og_type":"article","og_title":"T\u00eb ejten organizohet tryeza e rrumbullak\u00ebt OJF MOGUL-OJF MANS - Video - Lajme nga Ulqini","og_description":"Nga Monitoring grupi Ulqin (MogUL) kan\u00eb th\u00ebn\u00eb p\u00ebr Portalin UL-info q\u00eb t\u00eb enjten do t\u00eb organizohet tryeza e rrumbullak\u00ebt \u201cMenaxhimi i t\u00eb mirave detare\u201d. N\u00eb","og_url":"https:\/\/www.visit-ulcinj.com\/blog\/2014\/12\/03\/te-ejten-e-organizon-tryeza-e-rrumbullaket-ojf-mogul-ojf-mans-video\/","og_site_name":"Lajme nga Ulqini","article_published_time":"2014-12-03T16:57:22+00:00","article_modified_time":"2014-12-04T16:35:50+00:00","og_image":[{"url":"http:\/\/www.visit-ulcinj.com\/blog\/wp-content\/uploads\/2014\/12\/Mogul_Ulqin-tryeza-e-rambullaket.jpg"}],"twitter_misc":{"Written by":"ulqini","Est. reading time":"1 minute"},"schema":{"@context":"https:\/\/schema.org","@graph":[{"@type":"WebSite","@id":"https:\/\/www.visit-ulcinj.com\/blog\/#website","url":"https:\/\/www.visit-ulcinj.com\/blog\/","name":"Lajme nga Ulqini","description":"Lajme,Vijesti,Ulqini,Ulqin,Crna Gora,Mali i Zi","potentialAction":[{"@type":"SearchAction","target":{"@type":"EntryPoint","urlTemplate":"https:\/\/www.visit-ulcinj.com\/blog\/?s={search_term_string}"},"query-input":"required name=search_term_string"}],"inLanguage":"en-US"},{"@type":"ImageObject","inLanguage":"en-US","@id":"https:\/\/www.visit-ulcinj.com\/blog\/2014\/12\/03\/te-ejten-e-organizon-tryeza-e-rrumbullaket-ojf-mogul-ojf-mans-video\/#primaryimage","url":"https:\/\/www.visit-ulcinj.com\/blog\/wp-content\/uploads\/2014\/12\/Mogul_Ulqin-tryeza-e-rambullaket.jpg","contentUrl":"https:\/\/www.visit-ulcinj.com\/blog\/wp-content\/uploads\/2014\/12\/Mogul_Ulqin-tryeza-e-rambullaket.jpg","width":595,"height":377},{"@type":"WebPage","@id":"https:\/\/www.visit-ulcinj.com\/blog\/2014\/12\/03\/te-ejten-e-organizon-tryeza-e-rrumbullaket-ojf-mogul-ojf-mans-video\/#webpage","url":"https:\/\/www.visit-ulcinj.com\/blog\/2014\/12\/03\/te-ejten-e-organizon-tryeza-e-rrumbullaket-ojf-mogul-ojf-mans-video\/","name":"T\u00eb ejten organizohet tryeza e rrumbullak\u00ebt OJF MOGUL-OJF MANS - Video - Lajme nga Ulqini","isPartOf":{"@id":"https:\/\/www.visit-ulcinj.com\/blog\/#website"},"primaryImageOfPage":{"@id":"https:\/\/www.visit-ulcinj.com\/blog\/2014\/12\/03\/te-ejten-e-organizon-tryeza-e-rrumbullaket-ojf-mogul-ojf-mans-video\/#primaryimage"},"datePublished":"2014-12-03T16:57:22+00:00","dateModified":"2014-12-04T16:35:50+00:00","author":{"@id":"https:\/\/www.visit-ulcinj.com\/blog\/#\/schema\/person\/dcab619c614d3038751c63bc2aadc06d"},"description":"Nga Monitoring grupi Ulqin (MogUL) kan\u00eb th\u00ebn\u00eb p\u00ebr Portalin UL-info q\u00eb t\u00eb enjten do t\u00eb organizohet tryeza e rrumbullak\u00ebt \u201cMenaxhimi i t\u00eb mirave detare\u201d. N\u00eb","breadcrumb":{"@id":"https:\/\/www.visit-ulcinj.com\/blog\/2014\/12\/03\/te-ejten-e-organizon-tryeza-e-rrumbullaket-ojf-mogul-ojf-mans-video\/#breadcrumb"},"inLanguage":"en-US","potentialAction":[{"@type":"ReadAction","target":["https:\/\/www.visit-ulcinj.com\/blog\/2014\/12\/03\/te-ejten-e-organizon-tryeza-e-rrumbullaket-ojf-mogul-ojf-mans-video\/"]}]},{"@type":"BreadcrumbList","@id":"https:\/\/www.visit-ulcinj.com\/blog\/2014\/12\/03\/te-ejten-e-organizon-tryeza-e-rrumbullaket-ojf-mogul-ojf-mans-video\/#breadcrumb","itemListElement":[{"@type":"ListItem","position":1,"name":"T\u00eb ejten organizohet tryeza e rrumbullak\u00ebt OJF MOGUL-OJF MANS &#8211; Video"}]},{"@type":"Person","@id":"https:\/\/www.visit-ulcinj.com\/blog\/#\/schema\/person\/dcab619c614d3038751c63bc2aadc06d","name":"ulqini","sameAs":["http:\/\/www.visit-ulcinj.com"],"url":"https:\/\/www.visit-ulcinj.com\/blog\/author\/admin\/"}]}},"jetpack_featured_media_url":"","jetpack_sharing_enabled":true,"jetpack_shortlink":"https:\/\/wp.me\/pe6lTn-mAr","_links":{"self":[{"href":"https:\/\/www.visit-ulcinj.com\/blog\/wp-json\/wp\/v2\/posts\/86827"}],"collection":[{"href":"https:\/\/www.visit-ulcinj.com\/blog\/wp-json\/wp\/v2\/posts"}],"about":[{"href":"https:\/\/www.visit-ulcinj.com\/blog\/wp-json\/wp\/v2\/types\/post"}],"author":[{"embeddable":true,"href":"https:\/\/www.visit-ulcinj.com\/blog\/wp-json\/wp\/v2\/users\/1"}],"replies":[{"embeddable":true,"href":"https:\/\/www.visit-ulcinj.com\/blog\/wp-json\/wp\/v2\/comments?post=86827"}],"version-history":[{"count":2,"href":"https:\/\/www.visit-ulcinj.com\/blog\/wp-json\/wp\/v2\/posts\/86827\/revisions"}],"predecessor-version":[{"id":86830,"href":"https:\/\/www.visit-ulcinj.com\/blog\/wp-json\/wp\/v2\/posts\/86827\/revisions\/86830"}],"wp:attachment":[{"href":"https:\/\/www.visit-ulcinj.com\/blog\/wp-json\/wp\/v2\/media?parent=86827"}],"wp:term":[{"taxonomy":"category","embeddable":true,"href":"https:\/\/www.visit-ulcinj.com\/blog\/wp-json\/wp\/v2\/categories?post=86827"},{"taxonomy":"post_tag","embeddable":true,"href":"https:\/\/www.visit-ulcinj.com\/blog\/wp-json\/wp\/v2\/tags?post=86827"}],"curies":[{"name":"wp","href":"https:\/\/api.w.org\/{rel}","templated":true}]}}