{"id":86834,"date":"2014-12-03T18:24:32","date_gmt":"2014-12-03T17:24:32","guid":{"rendered":"http:\/\/www.visit-ulcinj.com\/blog\/?p=86834"},"modified":"2014-12-03T18:26:02","modified_gmt":"2014-12-03T17:26:02","slug":"dritan-abazoviq-kush-eshte-garant-autostrades-video","status":"publish","type":"post","link":"https:\/\/www.visit-ulcinj.com\/blog\/2014\/12\/03\/dritan-abazoviq-kush-eshte-garant-autostrades-video\/","title":{"rendered":"Dritan Abazoviq: Kush \u00ebsht\u00eb garant i Autostrad\u00ebs &#8211; Video"},"content":{"rendered":"<p><a href=\"http:\/\/www.visit-ulcinj.com\/blog\/wp-content\/uploads\/2014\/12\/Dritan-Abazovic-AUTOPUT-.jpg\"><img loading=\"lazy\" class=\"alignleft wp-image-86832\" src=\"http:\/\/www.visit-ulcinj.com\/blog\/wp-content\/uploads\/2014\/12\/Dritan-Abazovic-AUTOPUT-.jpg\" alt=\"Dritan Abazovic - AUTOPUT\" width=\"508\" height=\"304\" srcset=\"https:\/\/www.visit-ulcinj.com\/blog\/wp-content\/uploads\/2014\/12\/Dritan-Abazovic-AUTOPUT-.jpg 609w, https:\/\/www.visit-ulcinj.com\/blog\/wp-content\/uploads\/2014\/12\/Dritan-Abazovic-AUTOPUT--300x179.jpg 300w\" sizes=\"(max-width: 508px) 100vw, 508px\" \/><\/a>\u201cPara disa dit\u00ebve n\u00eb Parlament t\u00eb Malit t\u00eb Zi disa her\u00eb \u00ebsht\u00eb p\u00ebrmend \u00e7\u00ebshtje se a \u00ebsht\u00eb arritur marr\u00ebveshja me Kinez\u00ebt q\u00eb garant p\u00ebr moskthimin eventual t\u00eb kredis\u00eb t\u00eb jen\u00eb dhe aranzhimet me Plazhin e madh, askush nga Qeveria nuk d\u00ebshiroi t\u00eb p\u00ebrgjigjet. Pra, as ta pohoj\u00eb dhe as ta mohoj\u00eb k\u00ebt\u00eb\u201d, tha Abazoviq.<\/p>\n<p>Mediet malazeze m\u00eb her\u00ebt shkruanin se gjat\u00eb zhvillimit t\u00eb negociatave Kinez\u00ebt kan\u00eb k\u00ebrkuar q\u00eb t\u2019iu lejohet q\u00eb n\u00eb afat t\u00eb gjat\u00eb t\u00eb marrin me qira Portin e Tivarit dhe Plazhin e madh dhe q\u00eb aty t\u00eb investojn\u00eb 1,5 miliard euro.<\/p>\n<!--YouTube Error: bad URL entered-->\n","protected":false},"excerpt":{"rendered":"<p>\u201cPara disa dit\u00ebve n\u00eb Parlament t\u00eb Malit t\u00eb Zi disa her\u00eb \u00ebsht\u00eb p\u00ebrmend \u00e7\u00ebshtje se a \u00ebsht\u00eb arritur marr\u00ebveshja me Kinez\u00ebt q\u00eb garant p\u00ebr moskthimin eventual t\u00eb kredis\u00eb t\u00eb jen\u00eb dhe aranzhimet me Plazhin e madh, askush nga Qeveria nuk d\u00ebshiroi t\u00eb p\u00ebrgjigjet. Pra, as ta pohoj\u00eb dhe as ta mohoj\u00eb k\u00ebt\u00eb\u201d, tha Abazoviq. Mediet [&hellip;]<\/p>\n","protected":false},"author":1,"featured_media":0,"comment_status":"closed","ping_status":"closed","sticky":false,"template":"","format":"standard","meta":{"spay_email":"","jetpack_publicize_message":"","jetpack_is_tweetstorm":false,"jetpack_publicize_feature_enabled":true},"categories":[12],"tags":[],"jetpack_publicize_connections":[],"yoast_head":"<!-- This site is optimized with the Yoast SEO plugin v19.1 - https:\/\/yoast.com\/wordpress\/plugins\/seo\/ -->\n<title>Dritan Abazoviq: Kush \u00ebsht\u00eb garant i Autostrad\u00ebs - Video - Lajme nga Ulqini<\/title>\n<meta name=\"description\" content=\"\u201cPara disa dit\u00ebve n\u00eb Parlament t\u00eb Malit t\u00eb Zi disa her\u00eb \u00ebsht\u00eb p\u00ebrmend \u00e7\u00ebshtje se a \u00ebsht\u00eb arritur marr\u00ebveshja me Kinez\u00ebt q\u00eb garant p\u00ebr moskthimin eventual\" \/>\n<meta name=\"robots\" content=\"index, follow, max-snippet:-1, max-image-preview:large, max-video-preview:-1\" \/>\n<link rel=\"canonical\" href=\"https:\/\/www.visit-ulcinj.com\/blog\/2014\/12\/03\/dritan-abazoviq-kush-eshte-garant-autostrades-video\/\" \/>\n<meta property=\"og:locale\" content=\"en_US\" \/>\n<meta property=\"og:type\" content=\"article\" \/>\n<meta property=\"og:title\" content=\"Dritan Abazoviq: Kush \u00ebsht\u00eb garant i Autostrad\u00ebs - Video - Lajme nga Ulqini\" \/>\n<meta property=\"og:description\" content=\"\u201cPara disa dit\u00ebve n\u00eb Parlament t\u00eb Malit t\u00eb Zi disa her\u00eb \u00ebsht\u00eb p\u00ebrmend \u00e7\u00ebshtje se a \u00ebsht\u00eb arritur marr\u00ebveshja me Kinez\u00ebt q\u00eb garant p\u00ebr moskthimin eventual\" \/>\n<meta property=\"og:url\" content=\"https:\/\/www.visit-ulcinj.com\/blog\/2014\/12\/03\/dritan-abazoviq-kush-eshte-garant-autostrades-video\/\" \/>\n<meta property=\"og:site_name\" content=\"Lajme nga Ulqini\" \/>\n<meta property=\"article:published_time\" content=\"2014-12-03T17:24:32+00:00\" \/>\n<meta property=\"article:modified_time\" content=\"2014-12-03T17:26:02+00:00\" \/>\n<meta property=\"og:image\" content=\"http:\/\/www.visit-ulcinj.com\/blog\/wp-content\/uploads\/2014\/12\/Dritan-Abazovic-AUTOPUT-.jpg\" \/>\n<meta name=\"twitter:label1\" content=\"Written by\" \/>\n\t<meta name=\"twitter:data1\" content=\"ulqini\" \/>\n\t<meta name=\"twitter:label2\" content=\"Est. reading time\" \/>\n\t<meta name=\"twitter:data2\" content=\"1 minute\" \/>\n<script type=\"application\/ld+json\" class=\"yoast-schema-graph\">{\"@context\":\"https:\/\/schema.org\",\"@graph\":[{\"@type\":\"WebSite\",\"@id\":\"https:\/\/www.visit-ulcinj.com\/blog\/#website\",\"url\":\"https:\/\/www.visit-ulcinj.com\/blog\/\",\"name\":\"Lajme nga Ulqini\",\"description\":\"Lajme,Vijesti,Ulqini,Ulqin,Crna Gora,Mali i Zi\",\"potentialAction\":[{\"@type\":\"SearchAction\",\"target\":{\"@type\":\"EntryPoint\",\"urlTemplate\":\"https:\/\/www.visit-ulcinj.com\/blog\/?s={search_term_string}\"},\"query-input\":\"required name=search_term_string\"}],\"inLanguage\":\"en-US\"},{\"@type\":\"ImageObject\",\"inLanguage\":\"en-US\",\"@id\":\"https:\/\/www.visit-ulcinj.com\/blog\/2014\/12\/03\/dritan-abazoviq-kush-eshte-garant-autostrades-video\/#primaryimage\",\"url\":\"https:\/\/www.visit-ulcinj.com\/blog\/wp-content\/uploads\/2014\/12\/Dritan-Abazovic-AUTOPUT-.jpg\",\"contentUrl\":\"https:\/\/www.visit-ulcinj.com\/blog\/wp-content\/uploads\/2014\/12\/Dritan-Abazovic-AUTOPUT-.jpg\",\"width\":609,\"height\":364},{\"@type\":\"WebPage\",\"@id\":\"https:\/\/www.visit-ulcinj.com\/blog\/2014\/12\/03\/dritan-abazoviq-kush-eshte-garant-autostrades-video\/#webpage\",\"url\":\"https:\/\/www.visit-ulcinj.com\/blog\/2014\/12\/03\/dritan-abazoviq-kush-eshte-garant-autostrades-video\/\",\"name\":\"Dritan Abazoviq: Kush \u00ebsht\u00eb garant i Autostrad\u00ebs - Video - Lajme nga Ulqini\",\"isPartOf\":{\"@id\":\"https:\/\/www.visit-ulcinj.com\/blog\/#website\"},\"primaryImageOfPage\":{\"@id\":\"https:\/\/www.visit-ulcinj.com\/blog\/2014\/12\/03\/dritan-abazoviq-kush-eshte-garant-autostrades-video\/#primaryimage\"},\"datePublished\":\"2014-12-03T17:24:32+00:00\",\"dateModified\":\"2014-12-03T17:26:02+00:00\",\"author\":{\"@id\":\"https:\/\/www.visit-ulcinj.com\/blog\/#\/schema\/person\/dcab619c614d3038751c63bc2aadc06d\"},\"description\":\"\u201cPara disa dit\u00ebve n\u00eb Parlament t\u00eb Malit t\u00eb Zi disa her\u00eb \u00ebsht\u00eb p\u00ebrmend \u00e7\u00ebshtje se a \u00ebsht\u00eb arritur marr\u00ebveshja me Kinez\u00ebt q\u00eb garant p\u00ebr moskthimin eventual\",\"breadcrumb\":{\"@id\":\"https:\/\/www.visit-ulcinj.com\/blog\/2014\/12\/03\/dritan-abazoviq-kush-eshte-garant-autostrades-video\/#breadcrumb\"},\"inLanguage\":\"en-US\",\"potentialAction\":[{\"@type\":\"ReadAction\",\"target\":[\"https:\/\/www.visit-ulcinj.com\/blog\/2014\/12\/03\/dritan-abazoviq-kush-eshte-garant-autostrades-video\/\"]}]},{\"@type\":\"BreadcrumbList\",\"@id\":\"https:\/\/www.visit-ulcinj.com\/blog\/2014\/12\/03\/dritan-abazoviq-kush-eshte-garant-autostrades-video\/#breadcrumb\",\"itemListElement\":[{\"@type\":\"ListItem\",\"position\":1,\"name\":\"Dritan Abazoviq: Kush \u00ebsht\u00eb garant i Autostrad\u00ebs &#8211; Video\"}]},{\"@type\":\"Person\",\"@id\":\"https:\/\/www.visit-ulcinj.com\/blog\/#\/schema\/person\/dcab619c614d3038751c63bc2aadc06d\",\"name\":\"ulqini\",\"sameAs\":[\"http:\/\/www.visit-ulcinj.com\"],\"url\":\"https:\/\/www.visit-ulcinj.com\/blog\/author\/admin\/\"}]}<\/script>\n<!-- \/ Yoast SEO plugin. -->","yoast_head_json":{"title":"Dritan Abazoviq: Kush \u00ebsht\u00eb garant i Autostrad\u00ebs - Video - Lajme nga Ulqini","description":"\u201cPara disa dit\u00ebve n\u00eb Parlament t\u00eb Malit t\u00eb Zi disa her\u00eb \u00ebsht\u00eb p\u00ebrmend \u00e7\u00ebshtje se a \u00ebsht\u00eb arritur marr\u00ebveshja me Kinez\u00ebt q\u00eb garant p\u00ebr moskthimin eventual","robots":{"index":"index","follow":"follow","max-snippet":"max-snippet:-1","max-image-preview":"max-image-preview:large","max-video-preview":"max-video-preview:-1"},"canonical":"https:\/\/www.visit-ulcinj.com\/blog\/2014\/12\/03\/dritan-abazoviq-kush-eshte-garant-autostrades-video\/","og_locale":"en_US","og_type":"article","og_title":"Dritan Abazoviq: Kush \u00ebsht\u00eb garant i Autostrad\u00ebs - Video - Lajme nga Ulqini","og_description":"\u201cPara disa dit\u00ebve n\u00eb Parlament t\u00eb Malit t\u00eb Zi disa her\u00eb \u00ebsht\u00eb p\u00ebrmend \u00e7\u00ebshtje se a \u00ebsht\u00eb arritur marr\u00ebveshja me Kinez\u00ebt q\u00eb garant p\u00ebr moskthimin eventual","og_url":"https:\/\/www.visit-ulcinj.com\/blog\/2014\/12\/03\/dritan-abazoviq-kush-eshte-garant-autostrades-video\/","og_site_name":"Lajme nga Ulqini","article_published_time":"2014-12-03T17:24:32+00:00","article_modified_time":"2014-12-03T17:26:02+00:00","og_image":[{"url":"http:\/\/www.visit-ulcinj.com\/blog\/wp-content\/uploads\/2014\/12\/Dritan-Abazovic-AUTOPUT-.jpg"}],"twitter_misc":{"Written by":"ulqini","Est. reading time":"1 minute"},"schema":{"@context":"https:\/\/schema.org","@graph":[{"@type":"WebSite","@id":"https:\/\/www.visit-ulcinj.com\/blog\/#website","url":"https:\/\/www.visit-ulcinj.com\/blog\/","name":"Lajme nga Ulqini","description":"Lajme,Vijesti,Ulqini,Ulqin,Crna Gora,Mali i Zi","potentialAction":[{"@type":"SearchAction","target":{"@type":"EntryPoint","urlTemplate":"https:\/\/www.visit-ulcinj.com\/blog\/?s={search_term_string}"},"query-input":"required name=search_term_string"}],"inLanguage":"en-US"},{"@type":"ImageObject","inLanguage":"en-US","@id":"https:\/\/www.visit-ulcinj.com\/blog\/2014\/12\/03\/dritan-abazoviq-kush-eshte-garant-autostrades-video\/#primaryimage","url":"https:\/\/www.visit-ulcinj.com\/blog\/wp-content\/uploads\/2014\/12\/Dritan-Abazovic-AUTOPUT-.jpg","contentUrl":"https:\/\/www.visit-ulcinj.com\/blog\/wp-content\/uploads\/2014\/12\/Dritan-Abazovic-AUTOPUT-.jpg","width":609,"height":364},{"@type":"WebPage","@id":"https:\/\/www.visit-ulcinj.com\/blog\/2014\/12\/03\/dritan-abazoviq-kush-eshte-garant-autostrades-video\/#webpage","url":"https:\/\/www.visit-ulcinj.com\/blog\/2014\/12\/03\/dritan-abazoviq-kush-eshte-garant-autostrades-video\/","name":"Dritan Abazoviq: Kush \u00ebsht\u00eb garant i Autostrad\u00ebs - Video - Lajme nga Ulqini","isPartOf":{"@id":"https:\/\/www.visit-ulcinj.com\/blog\/#website"},"primaryImageOfPage":{"@id":"https:\/\/www.visit-ulcinj.com\/blog\/2014\/12\/03\/dritan-abazoviq-kush-eshte-garant-autostrades-video\/#primaryimage"},"datePublished":"2014-12-03T17:24:32+00:00","dateModified":"2014-12-03T17:26:02+00:00","author":{"@id":"https:\/\/www.visit-ulcinj.com\/blog\/#\/schema\/person\/dcab619c614d3038751c63bc2aadc06d"},"description":"\u201cPara disa dit\u00ebve n\u00eb Parlament t\u00eb Malit t\u00eb Zi disa her\u00eb \u00ebsht\u00eb p\u00ebrmend \u00e7\u00ebshtje se a \u00ebsht\u00eb arritur marr\u00ebveshja me Kinez\u00ebt q\u00eb garant p\u00ebr moskthimin eventual","breadcrumb":{"@id":"https:\/\/www.visit-ulcinj.com\/blog\/2014\/12\/03\/dritan-abazoviq-kush-eshte-garant-autostrades-video\/#breadcrumb"},"inLanguage":"en-US","potentialAction":[{"@type":"ReadAction","target":["https:\/\/www.visit-ulcinj.com\/blog\/2014\/12\/03\/dritan-abazoviq-kush-eshte-garant-autostrades-video\/"]}]},{"@type":"BreadcrumbList","@id":"https:\/\/www.visit-ulcinj.com\/blog\/2014\/12\/03\/dritan-abazoviq-kush-eshte-garant-autostrades-video\/#breadcrumb","itemListElement":[{"@type":"ListItem","position":1,"name":"Dritan Abazoviq: Kush \u00ebsht\u00eb garant i Autostrad\u00ebs &#8211; Video"}]},{"@type":"Person","@id":"https:\/\/www.visit-ulcinj.com\/blog\/#\/schema\/person\/dcab619c614d3038751c63bc2aadc06d","name":"ulqini","sameAs":["http:\/\/www.visit-ulcinj.com"],"url":"https:\/\/www.visit-ulcinj.com\/blog\/author\/admin\/"}]}},"jetpack_featured_media_url":"","jetpack_sharing_enabled":true,"jetpack_shortlink":"https:\/\/wp.me\/pe6lTn-mAy","_links":{"self":[{"href":"https:\/\/www.visit-ulcinj.com\/blog\/wp-json\/wp\/v2\/posts\/86834"}],"collection":[{"href":"https:\/\/www.visit-ulcinj.com\/blog\/wp-json\/wp\/v2\/posts"}],"about":[{"href":"https:\/\/www.visit-ulcinj.com\/blog\/wp-json\/wp\/v2\/types\/post"}],"author":[{"embeddable":true,"href":"https:\/\/www.visit-ulcinj.com\/blog\/wp-json\/wp\/v2\/users\/1"}],"replies":[{"embeddable":true,"href":"https:\/\/www.visit-ulcinj.com\/blog\/wp-json\/wp\/v2\/comments?post=86834"}],"version-history":[{"count":1,"href":"https:\/\/www.visit-ulcinj.com\/blog\/wp-json\/wp\/v2\/posts\/86834\/revisions"}],"predecessor-version":[{"id":86835,"href":"https:\/\/www.visit-ulcinj.com\/blog\/wp-json\/wp\/v2\/posts\/86834\/revisions\/86835"}],"wp:attachment":[{"href":"https:\/\/www.visit-ulcinj.com\/blog\/wp-json\/wp\/v2\/media?parent=86834"}],"wp:term":[{"taxonomy":"category","embeddable":true,"href":"https:\/\/www.visit-ulcinj.com\/blog\/wp-json\/wp\/v2\/categories?post=86834"},{"taxonomy":"post_tag","embeddable":true,"href":"https:\/\/www.visit-ulcinj.com\/blog\/wp-json\/wp\/v2\/tags?post=86834"}],"curies":[{"name":"wp","href":"https:\/\/api.w.org\/{rel}","templated":true}]}}