{"id":86842,"date":"2014-12-04T16:50:21","date_gmt":"2014-12-04T15:50:21","guid":{"rendered":"http:\/\/www.visit-ulcinj.com\/blog\/?p=86842"},"modified":"2014-12-04T16:55:31","modified_gmt":"2014-12-04T15:55:31","slug":"prokuroria-e-malit-te-zi-padit-gazeten-qe-ofendoi-shqiptaret","status":"publish","type":"post","link":"https:\/\/www.visit-ulcinj.com\/blog\/2014\/12\/04\/prokuroria-e-malit-te-zi-padit-gazeten-qe-ofendoi-shqiptaret\/","title":{"rendered":"Prokuroria e Malit t\u00eb Zi padit gazet\u00ebn q\u00eb ofendoi shqiptar\u00ebt"},"content":{"rendered":"<p><a href=\"http:\/\/www.visit-ulcinj.com\/blog\/wp-content\/uploads\/2014\/10\/INFORMER.jpg\"><img loading=\"lazy\" class=\"alignleft wp-image-85766\" src=\"http:\/\/www.visit-ulcinj.com\/blog\/wp-content\/uploads\/2014\/10\/INFORMER.jpg\" alt=\"INFORMER\" width=\"508\" height=\"533\" srcset=\"https:\/\/www.visit-ulcinj.com\/blog\/wp-content\/uploads\/2014\/10\/INFORMER.jpg 695w, https:\/\/www.visit-ulcinj.com\/blog\/wp-content\/uploads\/2014\/10\/INFORMER-286x300.jpg 286w\" sizes=\"(max-width: 508px) 100vw, 508px\" \/><\/a><strong>Prokuroria e Malit t\u00eb Zi padit \u2018Informer\u2019: Tituj posht\u00ebrues ndaj shqiptar\u00ebve<\/strong><\/p>\n<p>Prokuroria malazeze ngre padi ndaj gazet\u00ebs \u201cInformer\u201d p\u00ebr botimin e komenteve raciste ndaj shqiptar\u00ebve n\u00eb artikujt p\u00ebr ndeshjen e futbollit mes Serbis\u00eb dhe Shqip\u00ebris\u00eb, shkruan Birn.<\/p>\n<p>Aktakuza i \u00ebsht\u00eb b\u00ebr\u00eb e ditur botuesit t\u00eb versionit malazez t\u00eb gazet\u00ebs me seli n\u00eb Beograd, Novak Uskokovic, p\u00ebr shkeljen penale t\u00eb dhunimit t\u00eb reputacionit t\u00eb minoritar\u00ebve. \u201cI pandehuri (Ushkokovi\u00e7) akuzohet se ka ofenduar publikisht pakicat q\u00eb jetojn\u00eb n\u00eb Malin e Zi me titujt posht\u00ebrues n\u00eb dy botime t\u00eb gazet\u00ebs,\u201d tha prokuroria n\u00eb nj\u00eb deklarat\u00eb.<\/p>\n<p>Pasi shp\u00ebrtheu dhuna n\u00eb stadium gjat\u00eb ndeshjes s\u00eb futbollit Serbi-Shqip\u00ebri n\u00eb Beograd m\u00eb 15 tetor, faqja e par\u00eb e versionit t\u00eb Malit t\u00eb Zi t\u00eb s\u00eb p\u00ebrditshmes i quajti shqiptar\u00ebt \u2018shiptari\u2019 \u2013 nj\u00eb term fyes dhe posht\u00ebrues. I nj\u00ebjti botim raportoi gjithashtu nj\u00eb z\u00ebnk\u00eb midis nx\u00ebn\u00ebsve n\u00eb nj\u00eb shkoll\u00eb t\u00eb mesme malazeze-shqiptare n\u00eb kryeqytetin Podgoric\u00eb q\u00eb kishte lidhje me ndeshjen e futbollit.<\/p>\n<p>Pas d\u00ebnimit nga publiku malazez p\u00ebr stilin e raportimit q\u00eb b\u00ebri, \u2018Informer\u2019 l\u00ebshoi nj\u00eb ndjes\u00eb, duke pretenduar se nuk kishte pasur kurr\u00eb q\u00ebllim t\u00eb ofendonte \u201cqytetar\u00ebt me origjin\u00eb shqiptare q\u00eb jetonin prej shekujsh n\u00eb Malin e Zi\u201d. Por politikan\u00ebt q\u00eb p\u00ebrfaq\u00ebsojn\u00eb shqiptar\u00ebt etnik\u00eb, q\u00eb p\u00ebrb\u00ebjn\u00eb pes\u00eb p\u00ebr qind t\u00eb popullat\u00ebs vendase than\u00eb se gazeta e kishte kaluar kufirin.<\/p>\n<p>(<strong>ma.ar\/BalkanWeb)<\/strong><\/p>\n<p><strong>Prokuroria e Malit t\u00eb Zi padit gazet\u00ebn q\u00eb ofendoi shqiptar\u00ebt<\/strong><\/p>\n<p>Prokuroria malazeze ka paditur gazet\u00ebn \u201cInformer\u201d p\u00ebr botim t\u00eb shkrimeve raciste kund\u00ebr shqiptar\u00ebve, n\u00eb numrin e saj ku flitej p\u00ebr incidentin pas ndeshjes mes Serbis\u00eb dhe Shqip\u00ebris\u00eb.<\/p>\n<p>Zyra e prokuroris\u00eb hartoi t\u00eb mart\u00ebn nj\u00eb aktakuz\u00eb p\u00ebr botuesin e versionit malazez t\u00eb gazet\u00ebs me baz\u00eb n\u00eb Beograd Novak Uskokovic, i cili akuzohet p\u00ebr shkeljen penale t\u00eb dhunimit t\u00eb reputacionit t\u00eb minoritar\u00ebve.<\/p>\n<p>\u201cI pandehuri Uskokovi\u00e7 akuzohet se ka ofenduar publikisht pakicat q\u00eb jetojn\u00eb n\u00eb Malin e Zi. N\u00eb tetor t\u00eb vitit 2014, si p\u00ebrgjegj\u00ebs ai miratoi titujt posht\u00ebrues n\u00eb dy botime t\u00eb gazet\u00ebs,\u201d tha prokuroria n\u00eb nj\u00eb deklarat\u00eb, raporton BIRN.<\/p>\n<p>Lider\u00ebt e partive politike shqiptare hodh\u00ebn akuza ndaj k\u00ebsaj gazete p\u00ebr shkak t\u00eb komenteve raciste q\u00eb p\u00ebr\u00e7onte.<\/p>\n<p><strong>(d.d\/BalkanWeb)<\/strong><\/p>\n","protected":false},"excerpt":{"rendered":"<p>Prokuroria e Malit t\u00eb Zi padit \u2018Informer\u2019: Tituj posht\u00ebrues ndaj shqiptar\u00ebve Prokuroria malazeze ngre padi ndaj gazet\u00ebs \u201cInformer\u201d p\u00ebr botimin e komenteve raciste ndaj shqiptar\u00ebve n\u00eb artikujt p\u00ebr ndeshjen e futbollit mes Serbis\u00eb dhe Shqip\u00ebris\u00eb, shkruan Birn. Aktakuza i \u00ebsht\u00eb b\u00ebr\u00eb e ditur botuesit t\u00eb versionit malazez t\u00eb gazet\u00ebs me seli n\u00eb Beograd, Novak Uskokovic, [&hellip;]<\/p>\n","protected":false},"author":1,"featured_media":0,"comment_status":"closed","ping_status":"closed","sticky":false,"template":"","format":"standard","meta":{"spay_email":"","jetpack_publicize_message":"","jetpack_is_tweetstorm":false,"jetpack_publicize_feature_enabled":true},"categories":[6950],"tags":[],"jetpack_publicize_connections":[],"yoast_head":"<!-- This site is optimized with the Yoast SEO plugin v19.1 - https:\/\/yoast.com\/wordpress\/plugins\/seo\/ -->\n<title>Prokuroria e Malit t\u00eb Zi padit gazet\u00ebn q\u00eb ofendoi shqiptar\u00ebt - Lajme nga Ulqini<\/title>\n<meta name=\"description\" content=\"Prokuroria e Malit t\u00eb Zi padit \u2018Informer\u2019: Tituj posht\u00ebrues ndaj shqiptar\u00ebve Prokuroria malazeze ngre padi ndaj gazet\u00ebs \u201cInformer\u201d p\u00ebr botimin e komenteve\" \/>\n<meta name=\"robots\" content=\"index, follow, max-snippet:-1, max-image-preview:large, max-video-preview:-1\" \/>\n<link rel=\"canonical\" href=\"https:\/\/www.visit-ulcinj.com\/blog\/2014\/12\/04\/prokuroria-e-malit-te-zi-padit-gazeten-qe-ofendoi-shqiptaret\/\" \/>\n<meta property=\"og:locale\" content=\"en_US\" \/>\n<meta property=\"og:type\" content=\"article\" \/>\n<meta property=\"og:title\" content=\"Prokuroria e Malit t\u00eb Zi padit gazet\u00ebn q\u00eb ofendoi shqiptar\u00ebt - Lajme nga Ulqini\" \/>\n<meta property=\"og:description\" content=\"Prokuroria e Malit t\u00eb Zi padit \u2018Informer\u2019: Tituj posht\u00ebrues ndaj shqiptar\u00ebve Prokuroria malazeze ngre padi ndaj gazet\u00ebs \u201cInformer\u201d p\u00ebr botimin e komenteve\" \/>\n<meta property=\"og:url\" content=\"https:\/\/www.visit-ulcinj.com\/blog\/2014\/12\/04\/prokuroria-e-malit-te-zi-padit-gazeten-qe-ofendoi-shqiptaret\/\" \/>\n<meta property=\"og:site_name\" content=\"Lajme nga Ulqini\" \/>\n<meta property=\"article:published_time\" content=\"2014-12-04T15:50:21+00:00\" \/>\n<meta property=\"article:modified_time\" content=\"2014-12-04T15:55:31+00:00\" \/>\n<meta property=\"og:image\" content=\"http:\/\/www.visit-ulcinj.com\/blog\/wp-content\/uploads\/2014\/10\/INFORMER.jpg\" \/>\n<meta name=\"twitter:label1\" content=\"Written by\" \/>\n\t<meta name=\"twitter:data1\" content=\"ulqini\" \/>\n\t<meta name=\"twitter:label2\" content=\"Est. reading time\" \/>\n\t<meta name=\"twitter:data2\" content=\"2 minutes\" \/>\n<script type=\"application\/ld+json\" class=\"yoast-schema-graph\">{\"@context\":\"https:\/\/schema.org\",\"@graph\":[{\"@type\":\"WebSite\",\"@id\":\"https:\/\/www.visit-ulcinj.com\/blog\/#website\",\"url\":\"https:\/\/www.visit-ulcinj.com\/blog\/\",\"name\":\"Lajme nga Ulqini\",\"description\":\"Lajme,Vijesti,Ulqini,Ulqin,Crna Gora,Mali i Zi\",\"potentialAction\":[{\"@type\":\"SearchAction\",\"target\":{\"@type\":\"EntryPoint\",\"urlTemplate\":\"https:\/\/www.visit-ulcinj.com\/blog\/?s={search_term_string}\"},\"query-input\":\"required name=search_term_string\"}],\"inLanguage\":\"en-US\"},{\"@type\":\"ImageObject\",\"inLanguage\":\"en-US\",\"@id\":\"https:\/\/www.visit-ulcinj.com\/blog\/2014\/12\/04\/prokuroria-e-malit-te-zi-padit-gazeten-qe-ofendoi-shqiptaret\/#primaryimage\",\"url\":\"https:\/\/www.visit-ulcinj.com\/blog\/wp-content\/uploads\/2014\/10\/INFORMER.jpg\",\"contentUrl\":\"https:\/\/www.visit-ulcinj.com\/blog\/wp-content\/uploads\/2014\/10\/INFORMER.jpg\",\"width\":695,\"height\":729},{\"@type\":\"WebPage\",\"@id\":\"https:\/\/www.visit-ulcinj.com\/blog\/2014\/12\/04\/prokuroria-e-malit-te-zi-padit-gazeten-qe-ofendoi-shqiptaret\/#webpage\",\"url\":\"https:\/\/www.visit-ulcinj.com\/blog\/2014\/12\/04\/prokuroria-e-malit-te-zi-padit-gazeten-qe-ofendoi-shqiptaret\/\",\"name\":\"Prokuroria e Malit t\u00eb Zi padit gazet\u00ebn q\u00eb ofendoi shqiptar\u00ebt - Lajme nga Ulqini\",\"isPartOf\":{\"@id\":\"https:\/\/www.visit-ulcinj.com\/blog\/#website\"},\"primaryImageOfPage\":{\"@id\":\"https:\/\/www.visit-ulcinj.com\/blog\/2014\/12\/04\/prokuroria-e-malit-te-zi-padit-gazeten-qe-ofendoi-shqiptaret\/#primaryimage\"},\"datePublished\":\"2014-12-04T15:50:21+00:00\",\"dateModified\":\"2014-12-04T15:55:31+00:00\",\"author\":{\"@id\":\"https:\/\/www.visit-ulcinj.com\/blog\/#\/schema\/person\/dcab619c614d3038751c63bc2aadc06d\"},\"description\":\"Prokuroria e Malit t\u00eb Zi padit \u2018Informer\u2019: Tituj posht\u00ebrues ndaj shqiptar\u00ebve Prokuroria malazeze ngre padi ndaj gazet\u00ebs \u201cInformer\u201d p\u00ebr botimin e komenteve\",\"breadcrumb\":{\"@id\":\"https:\/\/www.visit-ulcinj.com\/blog\/2014\/12\/04\/prokuroria-e-malit-te-zi-padit-gazeten-qe-ofendoi-shqiptaret\/#breadcrumb\"},\"inLanguage\":\"en-US\",\"potentialAction\":[{\"@type\":\"ReadAction\",\"target\":[\"https:\/\/www.visit-ulcinj.com\/blog\/2014\/12\/04\/prokuroria-e-malit-te-zi-padit-gazeten-qe-ofendoi-shqiptaret\/\"]}]},{\"@type\":\"BreadcrumbList\",\"@id\":\"https:\/\/www.visit-ulcinj.com\/blog\/2014\/12\/04\/prokuroria-e-malit-te-zi-padit-gazeten-qe-ofendoi-shqiptaret\/#breadcrumb\",\"itemListElement\":[{\"@type\":\"ListItem\",\"position\":1,\"name\":\"Prokuroria e Malit t\u00eb Zi padit gazet\u00ebn q\u00eb ofendoi shqiptar\u00ebt\"}]},{\"@type\":\"Person\",\"@id\":\"https:\/\/www.visit-ulcinj.com\/blog\/#\/schema\/person\/dcab619c614d3038751c63bc2aadc06d\",\"name\":\"ulqini\",\"sameAs\":[\"http:\/\/www.visit-ulcinj.com\"],\"url\":\"https:\/\/www.visit-ulcinj.com\/blog\/author\/admin\/\"}]}<\/script>\n<!-- \/ Yoast SEO plugin. -->","yoast_head_json":{"title":"Prokuroria e Malit t\u00eb Zi padit gazet\u00ebn q\u00eb ofendoi shqiptar\u00ebt - Lajme nga Ulqini","description":"Prokuroria e Malit t\u00eb Zi padit \u2018Informer\u2019: Tituj posht\u00ebrues ndaj shqiptar\u00ebve Prokuroria malazeze ngre padi ndaj gazet\u00ebs \u201cInformer\u201d p\u00ebr botimin e komenteve","robots":{"index":"index","follow":"follow","max-snippet":"max-snippet:-1","max-image-preview":"max-image-preview:large","max-video-preview":"max-video-preview:-1"},"canonical":"https:\/\/www.visit-ulcinj.com\/blog\/2014\/12\/04\/prokuroria-e-malit-te-zi-padit-gazeten-qe-ofendoi-shqiptaret\/","og_locale":"en_US","og_type":"article","og_title":"Prokuroria e Malit t\u00eb Zi padit gazet\u00ebn q\u00eb ofendoi shqiptar\u00ebt - Lajme nga Ulqini","og_description":"Prokuroria e Malit t\u00eb Zi padit \u2018Informer\u2019: Tituj posht\u00ebrues ndaj shqiptar\u00ebve Prokuroria malazeze ngre padi ndaj gazet\u00ebs \u201cInformer\u201d p\u00ebr botimin e komenteve","og_url":"https:\/\/www.visit-ulcinj.com\/blog\/2014\/12\/04\/prokuroria-e-malit-te-zi-padit-gazeten-qe-ofendoi-shqiptaret\/","og_site_name":"Lajme nga Ulqini","article_published_time":"2014-12-04T15:50:21+00:00","article_modified_time":"2014-12-04T15:55:31+00:00","og_image":[{"url":"http:\/\/www.visit-ulcinj.com\/blog\/wp-content\/uploads\/2014\/10\/INFORMER.jpg"}],"twitter_misc":{"Written by":"ulqini","Est. reading time":"2 minutes"},"schema":{"@context":"https:\/\/schema.org","@graph":[{"@type":"WebSite","@id":"https:\/\/www.visit-ulcinj.com\/blog\/#website","url":"https:\/\/www.visit-ulcinj.com\/blog\/","name":"Lajme nga Ulqini","description":"Lajme,Vijesti,Ulqini,Ulqin,Crna Gora,Mali i Zi","potentialAction":[{"@type":"SearchAction","target":{"@type":"EntryPoint","urlTemplate":"https:\/\/www.visit-ulcinj.com\/blog\/?s={search_term_string}"},"query-input":"required name=search_term_string"}],"inLanguage":"en-US"},{"@type":"ImageObject","inLanguage":"en-US","@id":"https:\/\/www.visit-ulcinj.com\/blog\/2014\/12\/04\/prokuroria-e-malit-te-zi-padit-gazeten-qe-ofendoi-shqiptaret\/#primaryimage","url":"https:\/\/www.visit-ulcinj.com\/blog\/wp-content\/uploads\/2014\/10\/INFORMER.jpg","contentUrl":"https:\/\/www.visit-ulcinj.com\/blog\/wp-content\/uploads\/2014\/10\/INFORMER.jpg","width":695,"height":729},{"@type":"WebPage","@id":"https:\/\/www.visit-ulcinj.com\/blog\/2014\/12\/04\/prokuroria-e-malit-te-zi-padit-gazeten-qe-ofendoi-shqiptaret\/#webpage","url":"https:\/\/www.visit-ulcinj.com\/blog\/2014\/12\/04\/prokuroria-e-malit-te-zi-padit-gazeten-qe-ofendoi-shqiptaret\/","name":"Prokuroria e Malit t\u00eb Zi padit gazet\u00ebn q\u00eb ofendoi shqiptar\u00ebt - Lajme nga Ulqini","isPartOf":{"@id":"https:\/\/www.visit-ulcinj.com\/blog\/#website"},"primaryImageOfPage":{"@id":"https:\/\/www.visit-ulcinj.com\/blog\/2014\/12\/04\/prokuroria-e-malit-te-zi-padit-gazeten-qe-ofendoi-shqiptaret\/#primaryimage"},"datePublished":"2014-12-04T15:50:21+00:00","dateModified":"2014-12-04T15:55:31+00:00","author":{"@id":"https:\/\/www.visit-ulcinj.com\/blog\/#\/schema\/person\/dcab619c614d3038751c63bc2aadc06d"},"description":"Prokuroria e Malit t\u00eb Zi padit \u2018Informer\u2019: Tituj posht\u00ebrues ndaj shqiptar\u00ebve Prokuroria malazeze ngre padi ndaj gazet\u00ebs \u201cInformer\u201d p\u00ebr botimin e komenteve","breadcrumb":{"@id":"https:\/\/www.visit-ulcinj.com\/blog\/2014\/12\/04\/prokuroria-e-malit-te-zi-padit-gazeten-qe-ofendoi-shqiptaret\/#breadcrumb"},"inLanguage":"en-US","potentialAction":[{"@type":"ReadAction","target":["https:\/\/www.visit-ulcinj.com\/blog\/2014\/12\/04\/prokuroria-e-malit-te-zi-padit-gazeten-qe-ofendoi-shqiptaret\/"]}]},{"@type":"BreadcrumbList","@id":"https:\/\/www.visit-ulcinj.com\/blog\/2014\/12\/04\/prokuroria-e-malit-te-zi-padit-gazeten-qe-ofendoi-shqiptaret\/#breadcrumb","itemListElement":[{"@type":"ListItem","position":1,"name":"Prokuroria e Malit t\u00eb Zi padit gazet\u00ebn q\u00eb ofendoi shqiptar\u00ebt"}]},{"@type":"Person","@id":"https:\/\/www.visit-ulcinj.com\/blog\/#\/schema\/person\/dcab619c614d3038751c63bc2aadc06d","name":"ulqini","sameAs":["http:\/\/www.visit-ulcinj.com"],"url":"https:\/\/www.visit-ulcinj.com\/blog\/author\/admin\/"}]}},"jetpack_featured_media_url":"","jetpack_sharing_enabled":true,"jetpack_shortlink":"https:\/\/wp.me\/pe6lTn-mAG","_links":{"self":[{"href":"https:\/\/www.visit-ulcinj.com\/blog\/wp-json\/wp\/v2\/posts\/86842"}],"collection":[{"href":"https:\/\/www.visit-ulcinj.com\/blog\/wp-json\/wp\/v2\/posts"}],"about":[{"href":"https:\/\/www.visit-ulcinj.com\/blog\/wp-json\/wp\/v2\/types\/post"}],"author":[{"embeddable":true,"href":"https:\/\/www.visit-ulcinj.com\/blog\/wp-json\/wp\/v2\/users\/1"}],"replies":[{"embeddable":true,"href":"https:\/\/www.visit-ulcinj.com\/blog\/wp-json\/wp\/v2\/comments?post=86842"}],"version-history":[{"count":4,"href":"https:\/\/www.visit-ulcinj.com\/blog\/wp-json\/wp\/v2\/posts\/86842\/revisions"}],"predecessor-version":[{"id":86846,"href":"https:\/\/www.visit-ulcinj.com\/blog\/wp-json\/wp\/v2\/posts\/86842\/revisions\/86846"}],"wp:attachment":[{"href":"https:\/\/www.visit-ulcinj.com\/blog\/wp-json\/wp\/v2\/media?parent=86842"}],"wp:term":[{"taxonomy":"category","embeddable":true,"href":"https:\/\/www.visit-ulcinj.com\/blog\/wp-json\/wp\/v2\/categories?post=86842"},{"taxonomy":"post_tag","embeddable":true,"href":"https:\/\/www.visit-ulcinj.com\/blog\/wp-json\/wp\/v2\/tags?post=86842"}],"curies":[{"name":"wp","href":"https:\/\/api.w.org\/{rel}","templated":true}]}}