{"id":8686,"date":"2009-01-12T00:11:58","date_gmt":"2009-01-11T23:11:58","guid":{"rendered":"http:\/\/www.visit-ulcinj.com\/blog\/?p=8686"},"modified":"2009-01-12T00:12:06","modified_gmt":"2009-01-11T23:12:06","slug":"dinosha-s%e2%80%99ka-kushtezime-nga-podgorica","status":"publish","type":"post","link":"https:\/\/www.visit-ulcinj.com\/blog\/2009\/01\/12\/dinosha-s%e2%80%99ka-kushtezime-nga-podgorica\/","title":{"rendered":"Dinosha: S\u2019ka kusht\u00ebzime nga Podgorica"},"content":{"rendered":"<p><strong><a rel=\"attachment wp-att-8688\" href=\"http:\/\/www.visit-ulcinj.com\/blog\/2009\/01\/12\/dinosha-s%e2%80%99ka-kushtezime-nga-podgorica\/ferhat-dinosha-2-2\/\"><img loading=\"lazy\" class=\"alignleft size-full wp-image-8688\" title=\"ferhat-dinosha\" src=\"http:\/\/www.visit-ulcinj.com\/blog\/wp-content\/uploads\/2009\/01\/ferhat-dinosha.jpg\" alt=\"ferhat-dinosha\" width=\"327\" height=\"243\" srcset=\"https:\/\/www.visit-ulcinj.com\/blog\/wp-content\/uploads\/2009\/01\/ferhat-dinosha.jpg 327w, https:\/\/www.visit-ulcinj.com\/blog\/wp-content\/uploads\/2009\/01\/ferhat-dinosha-300x222.jpg 300w\" sizes=\"(max-width: 327px) 100vw, 327px\" \/><\/a>Dinosha: Nuk ka kusht\u00ebzime nga Podgorica p\u00ebr hapjen e ambasadave n\u00eb kryeqytetet p\u00ebrkat\u00ebse <\/strong><br \/>\nMarr\u00ebdh\u00ebniet nd\u00ebrmjet Kosov\u00ebs dhe Malit t\u00eb Zi jan\u00eb shum\u00eb t\u00eb mira dhe gjat\u00eb muajve t\u00eb ardhsh\u00ebm pritet hapja e ambasadave n\u00eb kryeqytetet p\u00ebrkat\u00ebse. Kryetari Fatmir Sejdiu tha sot se nuk ka kusht\u00ebzime nga Podgorica p\u00ebr hapjen e ambasadave n\u00eb kryeqytetet p\u00ebrkat\u00ebse. Nd\u00ebrkoh\u00eb, deputet\u00eb shqiptar\u00eb n\u00eb Mal t\u00eb Zi than\u00eb se nuk i konsiderojn\u00eb si kusht\u00ebzime deklaratat e Vujanoviqit dhe se Podgorica \u00ebsht\u00eb e interesuar p\u00ebr raporte t\u00eb mira me Prishtin\u00ebn. Prishtina dhe Podgorica zyrtare nuk pranojn\u00eb t\u2019i cil\u00ebsojn\u00eb si kusht\u00ebzime k\u00ebrkesat e fundit t\u00eb kryetarit t\u00eb Malit t\u00eb Zi, Filip Vujanoviq p\u00ebr vendosjen e marr\u00ebdh\u00ebnieve diplomatike dhe hapjen e ambasad\u00ebs n\u00eb Prishtin\u00eb. Kryetari Fatmir Sejdiu tha sot se nuk b\u00ebhet fjal\u00eb p\u00ebr kusht\u00ebzime. \u201cNuk ka kusht\u00ebzime. Ne jemi n\u00eb raportet m\u00eb t\u00eb mira t\u00eb mundshme\u201d, &#8211; tha Sejdiu. Deputeti shqiptar n\u00eb Mal t\u00eb Zi Ferhat Dinosha ka th\u00ebn\u00eb p\u00ebr \u201cRadio Kosov\u00ebn\u201d se nuk b\u00ebhet fjal\u00eb p\u00ebr kusht\u00ebzime. Sipas tij, mungesa e angazhimit t\u00eb vet\u00eb malazez\u00ebve n\u00eb Kosov\u00eb duket se ka ndikuar q\u00eb ata t\u00eb mos fi gurojn\u00eb n\u00eb Kushtetut\u00eb.<br \/>\n<strong>Infopress <\/strong><\/p>\n","protected":false},"excerpt":{"rendered":"<p>Dinosha: Nuk ka kusht\u00ebzime nga Podgorica p\u00ebr hapjen e ambasadave n\u00eb kryeqytetet p\u00ebrkat\u00ebse Marr\u00ebdh\u00ebniet nd\u00ebrmjet Kosov\u00ebs dhe Malit t\u00eb Zi jan\u00eb shum\u00eb t\u00eb mira dhe gjat\u00eb muajve t\u00eb ardhsh\u00ebm pritet hapja e ambasadave n\u00eb kryeqytetet p\u00ebrkat\u00ebse. Kryetari Fatmir Sejdiu tha sot se nuk ka kusht\u00ebzime nga Podgorica p\u00ebr hapjen e ambasadave n\u00eb kryeqytetet p\u00ebrkat\u00ebse. Nd\u00ebrkoh\u00eb, [&hellip;]<\/p>\n","protected":false},"author":1,"featured_media":0,"comment_status":"open","ping_status":"closed","sticky":false,"template":"","format":"standard","meta":{"spay_email":"","jetpack_publicize_message":"","jetpack_is_tweetstorm":false,"jetpack_publicize_feature_enabled":true},"categories":[6],"tags":[5717,5713,5716,5714,5715],"jetpack_publicize_connections":[],"yoast_head":"<!-- This site is optimized with the Yoast SEO plugin v19.1 - https:\/\/yoast.com\/wordpress\/plugins\/seo\/ -->\n<title>Dinosha: S\u2019ka kusht\u00ebzime nga Podgorica - Lajme nga Ulqini<\/title>\n<meta name=\"description\" content=\"Dinosha: Nuk ka kusht\u00ebzime nga Podgorica p\u00ebr hapjen e ambasadave n\u00eb kryeqytetet p\u00ebrkat\u00ebse Marr\u00ebdh\u00ebniet nd\u00ebrmjet Kosov\u00ebs dhe Malit t\u00eb Zi jan\u00eb shum\u00eb t\u00eb mira\" \/>\n<meta name=\"robots\" content=\"index, follow, max-snippet:-1, max-image-preview:large, max-video-preview:-1\" \/>\n<link rel=\"canonical\" href=\"https:\/\/www.visit-ulcinj.com\/blog\/2009\/01\/12\/dinosha-s\u2019ka-kushtezime-nga-podgorica\/\" \/>\n<meta property=\"og:locale\" content=\"en_US\" \/>\n<meta property=\"og:type\" content=\"article\" \/>\n<meta property=\"og:title\" content=\"Dinosha: S\u2019ka kusht\u00ebzime nga Podgorica - Lajme nga Ulqini\" \/>\n<meta property=\"og:description\" content=\"Dinosha: Nuk ka kusht\u00ebzime nga Podgorica p\u00ebr hapjen e ambasadave n\u00eb kryeqytetet p\u00ebrkat\u00ebse Marr\u00ebdh\u00ebniet nd\u00ebrmjet Kosov\u00ebs dhe Malit t\u00eb Zi jan\u00eb shum\u00eb t\u00eb mira\" \/>\n<meta property=\"og:url\" content=\"https:\/\/www.visit-ulcinj.com\/blog\/2009\/01\/12\/dinosha-s\u2019ka-kushtezime-nga-podgorica\/\" \/>\n<meta property=\"og:site_name\" content=\"Lajme nga Ulqini\" \/>\n<meta property=\"article:published_time\" content=\"2009-01-11T23:11:58+00:00\" \/>\n<meta property=\"article:modified_time\" content=\"2009-01-11T23:12:06+00:00\" \/>\n<meta property=\"og:image\" content=\"http:\/\/www.visit-ulcinj.com\/blog\/wp-content\/uploads\/2009\/01\/ferhat-dinosha.jpg\" \/>\n<meta name=\"twitter:label1\" content=\"Written by\" \/>\n\t<meta name=\"twitter:data1\" content=\"ulqini\" \/>\n\t<meta name=\"twitter:label2\" content=\"Est. reading time\" \/>\n\t<meta name=\"twitter:data2\" content=\"1 minute\" \/>\n<script type=\"application\/ld+json\" class=\"yoast-schema-graph\">{\"@context\":\"https:\/\/schema.org\",\"@graph\":[{\"@type\":\"WebSite\",\"@id\":\"https:\/\/www.visit-ulcinj.com\/blog\/#website\",\"url\":\"https:\/\/www.visit-ulcinj.com\/blog\/\",\"name\":\"Lajme nga Ulqini\",\"description\":\"Lajme,Vijesti,Ulqini,Ulqin,Crna Gora,Mali i Zi\",\"potentialAction\":[{\"@type\":\"SearchAction\",\"target\":{\"@type\":\"EntryPoint\",\"urlTemplate\":\"https:\/\/www.visit-ulcinj.com\/blog\/?s={search_term_string}\"},\"query-input\":\"required name=search_term_string\"}],\"inLanguage\":\"en-US\"},{\"@type\":\"ImageObject\",\"inLanguage\":\"en-US\",\"@id\":\"https:\/\/www.visit-ulcinj.com\/blog\/2009\/01\/12\/dinosha-s%e2%80%99ka-kushtezime-nga-podgorica\/#primaryimage\",\"url\":\"https:\/\/www.visit-ulcinj.com\/blog\/wp-content\/uploads\/2009\/01\/ferhat-dinosha.jpg\",\"contentUrl\":\"https:\/\/www.visit-ulcinj.com\/blog\/wp-content\/uploads\/2009\/01\/ferhat-dinosha.jpg\",\"width\":\"327\",\"height\":\"243\"},{\"@type\":\"WebPage\",\"@id\":\"https:\/\/www.visit-ulcinj.com\/blog\/2009\/01\/12\/dinosha-s%e2%80%99ka-kushtezime-nga-podgorica\/#webpage\",\"url\":\"https:\/\/www.visit-ulcinj.com\/blog\/2009\/01\/12\/dinosha-s%e2%80%99ka-kushtezime-nga-podgorica\/\",\"name\":\"Dinosha: S\u2019ka kusht\u00ebzime nga Podgorica - Lajme nga Ulqini\",\"isPartOf\":{\"@id\":\"https:\/\/www.visit-ulcinj.com\/blog\/#website\"},\"primaryImageOfPage\":{\"@id\":\"https:\/\/www.visit-ulcinj.com\/blog\/2009\/01\/12\/dinosha-s%e2%80%99ka-kushtezime-nga-podgorica\/#primaryimage\"},\"datePublished\":\"2009-01-11T23:11:58+00:00\",\"dateModified\":\"2009-01-11T23:12:06+00:00\",\"author\":{\"@id\":\"https:\/\/www.visit-ulcinj.com\/blog\/#\/schema\/person\/dcab619c614d3038751c63bc2aadc06d\"},\"description\":\"Dinosha: Nuk ka kusht\u00ebzime nga Podgorica p\u00ebr hapjen e ambasadave n\u00eb kryeqytetet p\u00ebrkat\u00ebse Marr\u00ebdh\u00ebniet nd\u00ebrmjet Kosov\u00ebs dhe Malit t\u00eb Zi jan\u00eb shum\u00eb t\u00eb mira\",\"breadcrumb\":{\"@id\":\"https:\/\/www.visit-ulcinj.com\/blog\/2009\/01\/12\/dinosha-s%e2%80%99ka-kushtezime-nga-podgorica\/#breadcrumb\"},\"inLanguage\":\"en-US\",\"potentialAction\":[{\"@type\":\"ReadAction\",\"target\":[\"https:\/\/www.visit-ulcinj.com\/blog\/2009\/01\/12\/dinosha-s%e2%80%99ka-kushtezime-nga-podgorica\/\"]}]},{\"@type\":\"BreadcrumbList\",\"@id\":\"https:\/\/www.visit-ulcinj.com\/blog\/2009\/01\/12\/dinosha-s%e2%80%99ka-kushtezime-nga-podgorica\/#breadcrumb\",\"itemListElement\":[{\"@type\":\"ListItem\",\"position\":1,\"name\":\"Dinosha: S\u2019ka kusht\u00ebzime nga Podgorica\"}]},{\"@type\":\"Person\",\"@id\":\"https:\/\/www.visit-ulcinj.com\/blog\/#\/schema\/person\/dcab619c614d3038751c63bc2aadc06d\",\"name\":\"ulqini\",\"sameAs\":[\"http:\/\/www.visit-ulcinj.com\"],\"url\":\"https:\/\/www.visit-ulcinj.com\/blog\/author\/admin\/\"}]}<\/script>\n<!-- \/ Yoast SEO plugin. -->","yoast_head_json":{"title":"Dinosha: S\u2019ka kusht\u00ebzime nga Podgorica - Lajme nga Ulqini","description":"Dinosha: Nuk ka kusht\u00ebzime nga Podgorica p\u00ebr hapjen e ambasadave n\u00eb kryeqytetet p\u00ebrkat\u00ebse Marr\u00ebdh\u00ebniet nd\u00ebrmjet Kosov\u00ebs dhe Malit t\u00eb Zi jan\u00eb shum\u00eb t\u00eb mira","robots":{"index":"index","follow":"follow","max-snippet":"max-snippet:-1","max-image-preview":"max-image-preview:large","max-video-preview":"max-video-preview:-1"},"canonical":"https:\/\/www.visit-ulcinj.com\/blog\/2009\/01\/12\/dinosha-s\u2019ka-kushtezime-nga-podgorica\/","og_locale":"en_US","og_type":"article","og_title":"Dinosha: S\u2019ka kusht\u00ebzime nga Podgorica - Lajme nga Ulqini","og_description":"Dinosha: Nuk ka kusht\u00ebzime nga Podgorica p\u00ebr hapjen e ambasadave n\u00eb kryeqytetet p\u00ebrkat\u00ebse Marr\u00ebdh\u00ebniet nd\u00ebrmjet Kosov\u00ebs dhe Malit t\u00eb Zi jan\u00eb shum\u00eb t\u00eb mira","og_url":"https:\/\/www.visit-ulcinj.com\/blog\/2009\/01\/12\/dinosha-s\u2019ka-kushtezime-nga-podgorica\/","og_site_name":"Lajme nga Ulqini","article_published_time":"2009-01-11T23:11:58+00:00","article_modified_time":"2009-01-11T23:12:06+00:00","og_image":[{"url":"http:\/\/www.visit-ulcinj.com\/blog\/wp-content\/uploads\/2009\/01\/ferhat-dinosha.jpg"}],"twitter_misc":{"Written by":"ulqini","Est. reading time":"1 minute"},"schema":{"@context":"https:\/\/schema.org","@graph":[{"@type":"WebSite","@id":"https:\/\/www.visit-ulcinj.com\/blog\/#website","url":"https:\/\/www.visit-ulcinj.com\/blog\/","name":"Lajme nga Ulqini","description":"Lajme,Vijesti,Ulqini,Ulqin,Crna Gora,Mali i Zi","potentialAction":[{"@type":"SearchAction","target":{"@type":"EntryPoint","urlTemplate":"https:\/\/www.visit-ulcinj.com\/blog\/?s={search_term_string}"},"query-input":"required name=search_term_string"}],"inLanguage":"en-US"},{"@type":"ImageObject","inLanguage":"en-US","@id":"https:\/\/www.visit-ulcinj.com\/blog\/2009\/01\/12\/dinosha-s%e2%80%99ka-kushtezime-nga-podgorica\/#primaryimage","url":"https:\/\/www.visit-ulcinj.com\/blog\/wp-content\/uploads\/2009\/01\/ferhat-dinosha.jpg","contentUrl":"https:\/\/www.visit-ulcinj.com\/blog\/wp-content\/uploads\/2009\/01\/ferhat-dinosha.jpg","width":"327","height":"243"},{"@type":"WebPage","@id":"https:\/\/www.visit-ulcinj.com\/blog\/2009\/01\/12\/dinosha-s%e2%80%99ka-kushtezime-nga-podgorica\/#webpage","url":"https:\/\/www.visit-ulcinj.com\/blog\/2009\/01\/12\/dinosha-s%e2%80%99ka-kushtezime-nga-podgorica\/","name":"Dinosha: S\u2019ka kusht\u00ebzime nga Podgorica - Lajme nga Ulqini","isPartOf":{"@id":"https:\/\/www.visit-ulcinj.com\/blog\/#website"},"primaryImageOfPage":{"@id":"https:\/\/www.visit-ulcinj.com\/blog\/2009\/01\/12\/dinosha-s%e2%80%99ka-kushtezime-nga-podgorica\/#primaryimage"},"datePublished":"2009-01-11T23:11:58+00:00","dateModified":"2009-01-11T23:12:06+00:00","author":{"@id":"https:\/\/www.visit-ulcinj.com\/blog\/#\/schema\/person\/dcab619c614d3038751c63bc2aadc06d"},"description":"Dinosha: Nuk ka kusht\u00ebzime nga Podgorica p\u00ebr hapjen e ambasadave n\u00eb kryeqytetet p\u00ebrkat\u00ebse Marr\u00ebdh\u00ebniet nd\u00ebrmjet Kosov\u00ebs dhe Malit t\u00eb Zi jan\u00eb shum\u00eb t\u00eb mira","breadcrumb":{"@id":"https:\/\/www.visit-ulcinj.com\/blog\/2009\/01\/12\/dinosha-s%e2%80%99ka-kushtezime-nga-podgorica\/#breadcrumb"},"inLanguage":"en-US","potentialAction":[{"@type":"ReadAction","target":["https:\/\/www.visit-ulcinj.com\/blog\/2009\/01\/12\/dinosha-s%e2%80%99ka-kushtezime-nga-podgorica\/"]}]},{"@type":"BreadcrumbList","@id":"https:\/\/www.visit-ulcinj.com\/blog\/2009\/01\/12\/dinosha-s%e2%80%99ka-kushtezime-nga-podgorica\/#breadcrumb","itemListElement":[{"@type":"ListItem","position":1,"name":"Dinosha: S\u2019ka kusht\u00ebzime nga Podgorica"}]},{"@type":"Person","@id":"https:\/\/www.visit-ulcinj.com\/blog\/#\/schema\/person\/dcab619c614d3038751c63bc2aadc06d","name":"ulqini","sameAs":["http:\/\/www.visit-ulcinj.com"],"url":"https:\/\/www.visit-ulcinj.com\/blog\/author\/admin\/"}]}},"jetpack_featured_media_url":"","jetpack_sharing_enabled":true,"jetpack_shortlink":"https:\/\/wp.me\/pe6lTn-2g6","_links":{"self":[{"href":"https:\/\/www.visit-ulcinj.com\/blog\/wp-json\/wp\/v2\/posts\/8686"}],"collection":[{"href":"https:\/\/www.visit-ulcinj.com\/blog\/wp-json\/wp\/v2\/posts"}],"about":[{"href":"https:\/\/www.visit-ulcinj.com\/blog\/wp-json\/wp\/v2\/types\/post"}],"author":[{"embeddable":true,"href":"https:\/\/www.visit-ulcinj.com\/blog\/wp-json\/wp\/v2\/users\/1"}],"replies":[{"embeddable":true,"href":"https:\/\/www.visit-ulcinj.com\/blog\/wp-json\/wp\/v2\/comments?post=8686"}],"version-history":[{"count":0,"href":"https:\/\/www.visit-ulcinj.com\/blog\/wp-json\/wp\/v2\/posts\/8686\/revisions"}],"wp:attachment":[{"href":"https:\/\/www.visit-ulcinj.com\/blog\/wp-json\/wp\/v2\/media?parent=8686"}],"wp:term":[{"taxonomy":"category","embeddable":true,"href":"https:\/\/www.visit-ulcinj.com\/blog\/wp-json\/wp\/v2\/categories?post=8686"},{"taxonomy":"post_tag","embeddable":true,"href":"https:\/\/www.visit-ulcinj.com\/blog\/wp-json\/wp\/v2\/tags?post=8686"}],"curies":[{"name":"wp","href":"https:\/\/api.w.org\/{rel}","templated":true}]}}