{"id":86883,"date":"2014-12-05T18:46:47","date_gmt":"2014-12-05T17:46:47","guid":{"rendered":"http:\/\/www.visit-ulcinj.com\/blog\/?p=86883"},"modified":"2014-12-05T21:54:43","modified_gmt":"2014-12-05T20:54:43","slug":"debate-agresive-dhe-te-ashpra-ne-tryeze-te-rrumbullaket-per-te-mirat-detare","status":"publish","type":"post","link":"https:\/\/www.visit-ulcinj.com\/blog\/2014\/12\/05\/debate-agresive-dhe-te-ashpra-ne-tryeze-te-rrumbullaket-per-te-mirat-detare\/","title":{"rendered":"Debate agresive dhe t\u00eb ashpra n\u00eb tryeze t\u00eb rrumbullak\u00ebt p\u00ebr t\u00eb Mirat Detare"},"content":{"rendered":"<p><strong><a href=\"http:\/\/www.visit-ulcinj.com\/blog\/wp-content\/uploads\/2014\/12\/N\u00eb-tryeze-t\u00eb-rrumbullak\u00ebt-p\u00ebr-t\u00eb-Mirat-Detare-Ulqin.jpg\"><img loading=\"lazy\" class=\"alignleft wp-image-86884\" src=\"http:\/\/www.visit-ulcinj.com\/blog\/wp-content\/uploads\/2014\/12\/N\u00eb-tryeze-t\u00eb-rrumbullak\u00ebt-p\u00ebr-t\u00eb-Mirat-Detare-Ulqin.jpg\" alt=\"N\u00eb tryeze t\u00eb rrumbullak\u00ebt p\u00ebr t\u00eb Mirat Detare-Ulqin\" width=\"508\" height=\"381\" srcset=\"https:\/\/www.visit-ulcinj.com\/blog\/wp-content\/uploads\/2014\/12\/N\u00eb-tryeze-t\u00eb-rrumbullak\u00ebt-p\u00ebr-t\u00eb-Mirat-Detare-Ulqin.jpg 640w, https:\/\/www.visit-ulcinj.com\/blog\/wp-content\/uploads\/2014\/12\/N\u00eb-tryeze-t\u00eb-rrumbullak\u00ebt-p\u00ebr-t\u00eb-Mirat-Detare-Ulqin-300x225.jpg 300w\" sizes=\"(max-width: 508px) 100vw, 508px\" \/><\/a>Sot n\u00eb Hotel Mediteran u mbajt tryeza \u201cMenaxhimi i t\u00eb Mirave Detare\u201d, organizuar nga Mogul dhe Mans.<\/strong><\/p>\n<p>Edhe pse ishin t\u00eb ftuar vet\u00ebm 2 persona nga nd\u00ebrmarrja t\u00eb Mirat Detare, nga kjo nd\u00ebrmarrje erdh\u00ebn plot 9 veta n\u00eb krye me drejtorin Rajko Baroviq, raporton portali Lajm.me.<\/p>\n<p>Pas prezantimit t\u00eb raportit t\u00eb prezantuar nga p\u00ebrfaq\u00ebsuesja e Mansit Inis Mrdoviq filloi nj\u00eb debat i zhurmsh\u00ebm, pasi q\u00eb nga t\u00eb Mirat Detare kund\u00ebrshtuan faktin q\u00eb vet\u00ebm nga sht\u00ebpizat n\u00eb Bun\u00eb jan\u00eb vjelur plot 3.2 milion\u00eb euro.<\/p>\n<p>Drejtori Baroviq kund\u00ebrshtoi k\u00ebt\u00eb shif\u00ebr dhe tha q\u00eb nuk \u00ebsht\u00eb e v\u00ebrtet\u00eb dhe Mans-i nuk raporton si duhet.<\/p>\n<p>Deputeti Abazoviq konsideroi se nga Mans-i \u00ebsht\u00eb b\u00ebr\u00eb ndonj\u00eb gabim dhe q\u00eb \u00ebsht\u00eb e pamundur q\u00eb t\u00eb vilet aq nga sht\u00ebpizat n\u00eb Bun\u00eb.<\/p>\n<p>N\u00eb p\u00ebrkrahje t\u00eb Morsko Dobros erdhi edhe nj\u00eb grup i qiramarr\u00ebsve t\u00eb plazheve, t\u00eb cil\u00ebt nuk ishin t\u00eb ftuar n\u00eb tryez\u00eb dhe organizatori nuk i ka lejuar t\u00eb flasin.<\/p>\n<p>Nd\u00ebr t\u00eb tjera \u00ebsht\u00eb diskutuar p\u00ebr projektligjn p\u00ebr t\u00eb mirat detare, sidomos p\u00ebr pjes\u00ebn ku flitet p\u00ebr \u00e7\u00ebshtjet pron\u00ebsore n\u00eb vij\u00ebn bregdetare. Xhaudet Cakuli ka shprehur pak\u00ebnaq\u00ebsi lidhur me propozim ligjin p\u00ebr t\u00eb Mirat Detare, duke th\u00ebn\u00eb se grupi i pun\u00ebs n\u00eb t\u00eb cilin ka marr\u00eb pjes\u00eb ka aprovuar vet\u00ebm 1 nga 12 amandamente t\u00eb propozuara nga Komuna e Ulqinit. Ai ka shtuar se n\u00eb faz\u00ebn para dor\u00ebzimit t\u00eb propozim ligjit Parlamentit, Qeveria e Malit t\u00eb Zi , gjegj\u00ebsisht Ministria p\u00ebr Rregullim Hap\u00ebsinor dhe Turiz\u00ebm, ka b\u00ebr\u00eb ndryshime p\u00ebr t\u00eb cilat nuk \u00ebsht\u00eb i njoftuar grupi i pun\u00ebs, e t\u00eb cilat shkojn\u00eb n\u00eb d\u00ebm t\u00eb ruajtjes s\u00eb pron\u00ebs private dhe nuk sigurojn\u00eb ndryshimin e vij\u00ebs s\u00eb p\u00ebrkufizimit t\u00eb t\u00eb Mirave Detare, e nj\u00ebkoh\u00ebsisht nuk sigurojn\u00eb trajtim t\u00eb barabart\u00eb t\u00eb komun\u00ebs s\u00eb Ulqinit me komunat e tjera.<\/p>\n<!--YouTube Error: bad URL entered-->\n","protected":false},"excerpt":{"rendered":"<p>Sot n\u00eb Hotel Mediteran u mbajt tryeza \u201cMenaxhimi i t\u00eb Mirave Detare\u201d, organizuar nga Mogul dhe Mans. Edhe pse ishin t\u00eb ftuar vet\u00ebm 2 persona nga nd\u00ebrmarrja t\u00eb Mirat Detare, nga kjo nd\u00ebrmarrje erdh\u00ebn plot 9 veta n\u00eb krye me drejtorin Rajko Baroviq, raporton portali Lajm.me. Pas prezantimit t\u00eb raportit t\u00eb prezantuar nga p\u00ebrfaq\u00ebsuesja e [&hellip;]<\/p>\n","protected":false},"author":1,"featured_media":0,"comment_status":"closed","ping_status":"closed","sticky":false,"template":"","format":"standard","meta":{"spay_email":"","jetpack_publicize_message":"","jetpack_is_tweetstorm":false,"jetpack_publicize_feature_enabled":true},"categories":[1,11],"tags":[],"jetpack_publicize_connections":[],"yoast_head":"<!-- This site is optimized with the Yoast SEO plugin v19.1 - https:\/\/yoast.com\/wordpress\/plugins\/seo\/ -->\n<title>Debate agresive dhe t\u00eb ashpra n\u00eb tryeze t\u00eb rrumbullak\u00ebt p\u00ebr t\u00eb Mirat Detare - Lajme nga Ulqini<\/title>\n<meta name=\"description\" content=\"Sot n\u00eb Hotel Mediteran u mbajt tryeza \u201cMenaxhimi i t\u00eb Mirave Detare\u201d, organizuar nga Mogul dhe Mans. Edhe pse ishin t\u00eb ftuar vet\u00ebm 2 persona nga\" \/>\n<meta name=\"robots\" content=\"index, follow, max-snippet:-1, max-image-preview:large, max-video-preview:-1\" \/>\n<link rel=\"canonical\" href=\"https:\/\/www.visit-ulcinj.com\/blog\/2014\/12\/05\/debate-agresive-dhe-te-ashpra-ne-tryeze-te-rrumbullaket-per-te-mirat-detare\/\" \/>\n<meta property=\"og:locale\" content=\"en_US\" \/>\n<meta property=\"og:type\" content=\"article\" \/>\n<meta property=\"og:title\" content=\"Debate agresive dhe t\u00eb ashpra n\u00eb tryeze t\u00eb rrumbullak\u00ebt p\u00ebr t\u00eb Mirat Detare - Lajme nga Ulqini\" \/>\n<meta property=\"og:description\" content=\"Sot n\u00eb Hotel Mediteran u mbajt tryeza \u201cMenaxhimi i t\u00eb Mirave Detare\u201d, organizuar nga Mogul dhe Mans. Edhe pse ishin t\u00eb ftuar vet\u00ebm 2 persona nga\" \/>\n<meta property=\"og:url\" content=\"https:\/\/www.visit-ulcinj.com\/blog\/2014\/12\/05\/debate-agresive-dhe-te-ashpra-ne-tryeze-te-rrumbullaket-per-te-mirat-detare\/\" \/>\n<meta property=\"og:site_name\" content=\"Lajme nga Ulqini\" \/>\n<meta property=\"article:published_time\" content=\"2014-12-05T17:46:47+00:00\" \/>\n<meta property=\"article:modified_time\" content=\"2014-12-05T20:54:43+00:00\" \/>\n<meta name=\"twitter:label1\" content=\"Written by\" \/>\n\t<meta name=\"twitter:data1\" content=\"ulqini\" \/>\n\t<meta name=\"twitter:label2\" content=\"Est. reading time\" \/>\n\t<meta name=\"twitter:data2\" content=\"2 minutes\" \/>\n<script type=\"application\/ld+json\" class=\"yoast-schema-graph\">{\"@context\":\"https:\/\/schema.org\",\"@graph\":[{\"@type\":\"WebSite\",\"@id\":\"https:\/\/www.visit-ulcinj.com\/blog\/#website\",\"url\":\"https:\/\/www.visit-ulcinj.com\/blog\/\",\"name\":\"Lajme nga Ulqini\",\"description\":\"Lajme,Vijesti,Ulqini,Ulqin,Crna Gora,Mali i Zi\",\"potentialAction\":[{\"@type\":\"SearchAction\",\"target\":{\"@type\":\"EntryPoint\",\"urlTemplate\":\"https:\/\/www.visit-ulcinj.com\/blog\/?s={search_term_string}\"},\"query-input\":\"required name=search_term_string\"}],\"inLanguage\":\"en-US\"},{\"@type\":\"WebPage\",\"@id\":\"https:\/\/www.visit-ulcinj.com\/blog\/2014\/12\/05\/debate-agresive-dhe-te-ashpra-ne-tryeze-te-rrumbullaket-per-te-mirat-detare\/#webpage\",\"url\":\"https:\/\/www.visit-ulcinj.com\/blog\/2014\/12\/05\/debate-agresive-dhe-te-ashpra-ne-tryeze-te-rrumbullaket-per-te-mirat-detare\/\",\"name\":\"Debate agresive dhe t\u00eb ashpra n\u00eb tryeze t\u00eb rrumbullak\u00ebt p\u00ebr t\u00eb Mirat Detare - Lajme nga Ulqini\",\"isPartOf\":{\"@id\":\"https:\/\/www.visit-ulcinj.com\/blog\/#website\"},\"datePublished\":\"2014-12-05T17:46:47+00:00\",\"dateModified\":\"2014-12-05T20:54:43+00:00\",\"author\":{\"@id\":\"https:\/\/www.visit-ulcinj.com\/blog\/#\/schema\/person\/dcab619c614d3038751c63bc2aadc06d\"},\"description\":\"Sot n\u00eb Hotel Mediteran u mbajt tryeza \u201cMenaxhimi i t\u00eb Mirave Detare\u201d, organizuar nga Mogul dhe Mans. Edhe pse ishin t\u00eb ftuar vet\u00ebm 2 persona nga\",\"breadcrumb\":{\"@id\":\"https:\/\/www.visit-ulcinj.com\/blog\/2014\/12\/05\/debate-agresive-dhe-te-ashpra-ne-tryeze-te-rrumbullaket-per-te-mirat-detare\/#breadcrumb\"},\"inLanguage\":\"en-US\",\"potentialAction\":[{\"@type\":\"ReadAction\",\"target\":[\"https:\/\/www.visit-ulcinj.com\/blog\/2014\/12\/05\/debate-agresive-dhe-te-ashpra-ne-tryeze-te-rrumbullaket-per-te-mirat-detare\/\"]}]},{\"@type\":\"BreadcrumbList\",\"@id\":\"https:\/\/www.visit-ulcinj.com\/blog\/2014\/12\/05\/debate-agresive-dhe-te-ashpra-ne-tryeze-te-rrumbullaket-per-te-mirat-detare\/#breadcrumb\",\"itemListElement\":[{\"@type\":\"ListItem\",\"position\":1,\"name\":\"Debate agresive dhe t\u00eb ashpra n\u00eb tryeze t\u00eb rrumbullak\u00ebt p\u00ebr t\u00eb Mirat Detare\"}]},{\"@type\":\"Person\",\"@id\":\"https:\/\/www.visit-ulcinj.com\/blog\/#\/schema\/person\/dcab619c614d3038751c63bc2aadc06d\",\"name\":\"ulqini\",\"sameAs\":[\"http:\/\/www.visit-ulcinj.com\"],\"url\":\"https:\/\/www.visit-ulcinj.com\/blog\/author\/admin\/\"}]}<\/script>\n<!-- \/ Yoast SEO plugin. -->","yoast_head_json":{"title":"Debate agresive dhe t\u00eb ashpra n\u00eb tryeze t\u00eb rrumbullak\u00ebt p\u00ebr t\u00eb Mirat Detare - Lajme nga Ulqini","description":"Sot n\u00eb Hotel Mediteran u mbajt tryeza \u201cMenaxhimi i t\u00eb Mirave Detare\u201d, organizuar nga Mogul dhe Mans. Edhe pse ishin t\u00eb ftuar vet\u00ebm 2 persona nga","robots":{"index":"index","follow":"follow","max-snippet":"max-snippet:-1","max-image-preview":"max-image-preview:large","max-video-preview":"max-video-preview:-1"},"canonical":"https:\/\/www.visit-ulcinj.com\/blog\/2014\/12\/05\/debate-agresive-dhe-te-ashpra-ne-tryeze-te-rrumbullaket-per-te-mirat-detare\/","og_locale":"en_US","og_type":"article","og_title":"Debate agresive dhe t\u00eb ashpra n\u00eb tryeze t\u00eb rrumbullak\u00ebt p\u00ebr t\u00eb Mirat Detare - Lajme nga Ulqini","og_description":"Sot n\u00eb Hotel Mediteran u mbajt tryeza \u201cMenaxhimi i t\u00eb Mirave Detare\u201d, organizuar nga Mogul dhe Mans. Edhe pse ishin t\u00eb ftuar vet\u00ebm 2 persona nga","og_url":"https:\/\/www.visit-ulcinj.com\/blog\/2014\/12\/05\/debate-agresive-dhe-te-ashpra-ne-tryeze-te-rrumbullaket-per-te-mirat-detare\/","og_site_name":"Lajme nga Ulqini","article_published_time":"2014-12-05T17:46:47+00:00","article_modified_time":"2014-12-05T20:54:43+00:00","twitter_misc":{"Written by":"ulqini","Est. reading time":"2 minutes"},"schema":{"@context":"https:\/\/schema.org","@graph":[{"@type":"WebSite","@id":"https:\/\/www.visit-ulcinj.com\/blog\/#website","url":"https:\/\/www.visit-ulcinj.com\/blog\/","name":"Lajme nga Ulqini","description":"Lajme,Vijesti,Ulqini,Ulqin,Crna Gora,Mali i Zi","potentialAction":[{"@type":"SearchAction","target":{"@type":"EntryPoint","urlTemplate":"https:\/\/www.visit-ulcinj.com\/blog\/?s={search_term_string}"},"query-input":"required name=search_term_string"}],"inLanguage":"en-US"},{"@type":"WebPage","@id":"https:\/\/www.visit-ulcinj.com\/blog\/2014\/12\/05\/debate-agresive-dhe-te-ashpra-ne-tryeze-te-rrumbullaket-per-te-mirat-detare\/#webpage","url":"https:\/\/www.visit-ulcinj.com\/blog\/2014\/12\/05\/debate-agresive-dhe-te-ashpra-ne-tryeze-te-rrumbullaket-per-te-mirat-detare\/","name":"Debate agresive dhe t\u00eb ashpra n\u00eb tryeze t\u00eb rrumbullak\u00ebt p\u00ebr t\u00eb Mirat Detare - Lajme nga Ulqini","isPartOf":{"@id":"https:\/\/www.visit-ulcinj.com\/blog\/#website"},"datePublished":"2014-12-05T17:46:47+00:00","dateModified":"2014-12-05T20:54:43+00:00","author":{"@id":"https:\/\/www.visit-ulcinj.com\/blog\/#\/schema\/person\/dcab619c614d3038751c63bc2aadc06d"},"description":"Sot n\u00eb Hotel Mediteran u mbajt tryeza \u201cMenaxhimi i t\u00eb Mirave Detare\u201d, organizuar nga Mogul dhe Mans. Edhe pse ishin t\u00eb ftuar vet\u00ebm 2 persona nga","breadcrumb":{"@id":"https:\/\/www.visit-ulcinj.com\/blog\/2014\/12\/05\/debate-agresive-dhe-te-ashpra-ne-tryeze-te-rrumbullaket-per-te-mirat-detare\/#breadcrumb"},"inLanguage":"en-US","potentialAction":[{"@type":"ReadAction","target":["https:\/\/www.visit-ulcinj.com\/blog\/2014\/12\/05\/debate-agresive-dhe-te-ashpra-ne-tryeze-te-rrumbullaket-per-te-mirat-detare\/"]}]},{"@type":"BreadcrumbList","@id":"https:\/\/www.visit-ulcinj.com\/blog\/2014\/12\/05\/debate-agresive-dhe-te-ashpra-ne-tryeze-te-rrumbullaket-per-te-mirat-detare\/#breadcrumb","itemListElement":[{"@type":"ListItem","position":1,"name":"Debate agresive dhe t\u00eb ashpra n\u00eb tryeze t\u00eb rrumbullak\u00ebt p\u00ebr t\u00eb Mirat Detare"}]},{"@type":"Person","@id":"https:\/\/www.visit-ulcinj.com\/blog\/#\/schema\/person\/dcab619c614d3038751c63bc2aadc06d","name":"ulqini","sameAs":["http:\/\/www.visit-ulcinj.com"],"url":"https:\/\/www.visit-ulcinj.com\/blog\/author\/admin\/"}]}},"jetpack_featured_media_url":"","jetpack_sharing_enabled":true,"jetpack_shortlink":"https:\/\/wp.me\/pe6lTn-mBl","_links":{"self":[{"href":"https:\/\/www.visit-ulcinj.com\/blog\/wp-json\/wp\/v2\/posts\/86883"}],"collection":[{"href":"https:\/\/www.visit-ulcinj.com\/blog\/wp-json\/wp\/v2\/posts"}],"about":[{"href":"https:\/\/www.visit-ulcinj.com\/blog\/wp-json\/wp\/v2\/types\/post"}],"author":[{"embeddable":true,"href":"https:\/\/www.visit-ulcinj.com\/blog\/wp-json\/wp\/v2\/users\/1"}],"replies":[{"embeddable":true,"href":"https:\/\/www.visit-ulcinj.com\/blog\/wp-json\/wp\/v2\/comments?post=86883"}],"version-history":[{"count":1,"href":"https:\/\/www.visit-ulcinj.com\/blog\/wp-json\/wp\/v2\/posts\/86883\/revisions"}],"predecessor-version":[{"id":86885,"href":"https:\/\/www.visit-ulcinj.com\/blog\/wp-json\/wp\/v2\/posts\/86883\/revisions\/86885"}],"wp:attachment":[{"href":"https:\/\/www.visit-ulcinj.com\/blog\/wp-json\/wp\/v2\/media?parent=86883"}],"wp:term":[{"taxonomy":"category","embeddable":true,"href":"https:\/\/www.visit-ulcinj.com\/blog\/wp-json\/wp\/v2\/categories?post=86883"},{"taxonomy":"post_tag","embeddable":true,"href":"https:\/\/www.visit-ulcinj.com\/blog\/wp-json\/wp\/v2\/tags?post=86883"}],"curies":[{"name":"wp","href":"https:\/\/api.w.org\/{rel}","templated":true}]}}