{"id":86903,"date":"2014-12-06T18:32:11","date_gmt":"2014-12-06T17:32:11","guid":{"rendered":"http:\/\/www.visit-ulcinj.com\/blog\/?p=86903"},"modified":"2014-12-06T18:32:52","modified_gmt":"2014-12-06T17:32:52","slug":"tahir-tahiri-kercenimi-per-pushtetin-do-te-jete-vertet-nje-fluske-sapuni-i-kksh-es","status":"publish","type":"post","link":"https:\/\/www.visit-ulcinj.com\/blog\/2014\/12\/06\/tahir-tahiri-kercenimi-per-pushtetin-do-te-jete-vertet-nje-fluske-sapuni-i-kksh-es\/","title":{"rendered":"Tahir Tahiri: \u201cK\u00ebrc\u00ebnimi\u201d p\u00ebr pushtetin do t\u00eb jet\u00eb v\u00ebrtet nj\u00eb flusk\u00eb sapuni i KKSH-\u00ebs"},"content":{"rendered":"<p><a href=\"http:\/\/www.visit-ulcinj.com\/blog\/wp-content\/uploads\/2014\/12\/Tahir-Tahiri.jpg\"><img loading=\"lazy\" class=\"alignleft wp-image-86904\" src=\"http:\/\/www.visit-ulcinj.com\/blog\/wp-content\/uploads\/2014\/12\/Tahir-Tahiri.jpg\" alt=\"Tahir Tahiri\" width=\"508\" height=\"339\" srcset=\"https:\/\/www.visit-ulcinj.com\/blog\/wp-content\/uploads\/2014\/12\/Tahir-Tahiri.jpg 960w, https:\/\/www.visit-ulcinj.com\/blog\/wp-content\/uploads\/2014\/12\/Tahir-Tahiri-300x200.jpg 300w\" sizes=\"(max-width: 508px) 100vw, 508px\" \/><\/a>K\u00ebshilli Komb\u00ebtar i Shqiptar\u00ebve n\u00eb Malin e Zi, n\u00eb nj\u00eb reagim t\u00eb publikuar m\u00eb 05.12.2014, si problematik\u00eb \u201cshqet\u00ebsuese\u201d trajton \u00e7\u00ebshtjen e vendosjes nga ana e Ministris\u00eb s\u00eb Pakicave n\u00eb MZ, t\u00eb disa panove- afisheve t\u00eb cil\u00ebt promovojn\u00eb mbrojtjen e \u201ct\u00eb drejtave t\u00eb njeriut\u201d.<\/p>\n<p>Ne k\u00ebt\u00eb reagim thuhet se k\u00ebto pano t\u00eb vendosura n\u00eb qend\u00ebr t\u00eb Komun\u00ebs Urbane t\u00eb Tuzit e t\u00eb shkruara vet\u00ebm n\u00eb gjuh\u00ebn malazeze, jan\u00eb Akt diskriminues dhe fyerje p\u00ebr popullsin\u00eb shumic\u00eb shqiptare t\u00eb Mal\u00ebsis\u00eb, konstatim ky shum\u00eb i v\u00ebrtet me t\u00eb cilin pajtohem plot\u00ebsisht.<br \/>\nMir\u00ebpo, habit\u00eb fakti se si KKSh nuk p\u00ebrmend aspak panot\u00eb identike me t\u00eb nj\u00ebjt\u00ebn p\u00ebrmbajtje dhe gjuh\u00eb, t\u00eb vendosura edhe n\u00eb Qend\u00ebr t\u00eb Komun\u00ebs s\u00eb Ulqinit , madje q\u00eb para disa jav\u00ebsh.<br \/>\nSi ka mund\u00ebsi q\u00eb KKSh me seli n\u00eb Ulqin, an\u00ebtar\u00ebt e K\u00ebshillit, bashk\u00eb me kryetarin, nuk i kan\u00eb v\u00ebrejtur apo shqet\u00ebsuar k\u00ebto pano, ashtu sikurse ato n\u00eb Tuz, apo k\u00ebto t\u00eb Ulqinit nuk jan\u00eb edhe aqe fyese dhe diskriminuese p\u00ebr shqiptar\u00ebt?<br \/>\nNga ana tjet\u00ebr, KKSh lidhur me k\u00ebt\u00eb \u00e7\u00ebshtje k\u00ebrkon q\u00eb k\u00ebto pano \u2013 afishe, \u201ct\u00eb korrigjohen dhe t\u00eb mos p\u00ebrs\u00ebriten\u201d sepse si\u00e7 thuhet \u201d n\u00eb t\u00eb kund\u00ebrt\u00ebn n\u00eb secilin rast t\u00eb p\u00ebrs\u00ebritur do t\u00eb reagojm\u00eb\u201d !!!\u2026?<br \/>\nPyetjet q\u00eb shtrohen jan\u00eb: \u00c7ka n\u00ebse korrigjimi nuk b\u00ebhet? \u00c7ka n\u00ebse nj\u00eb veprim i till\u00eb, do t\u00eb p\u00ebrs\u00ebritet? \u00c7ka n\u00ebse reagon p\u00ebrs\u00ebri K\u00ebshilli? \u2026etj, etj.<br \/>\nKryetari i KKSh-se, \u00ebsht\u00eb edhe deputet ne Parlamentin malazez.<br \/>\nK\u00ebshilli n\u00eb p\u00ebrb\u00ebrjen e vet ka edhe kat\u00ebr deputet\u00eb t\u00eb tjer\u00eb, dy kryetar\u00eb t\u00eb komunave e kryetar\u00eb t\u00eb Kuvendeve Komunale ( Ulqin e Tuz), pes\u00eb a gjasht\u00eb kryetar\u00eb t\u00eb subjekteve politike shqiptare\u2026\u2026..!<br \/>\nT\u00eb gjith\u00eb k\u00ebta, n\u00eb nj\u00eb form\u00eb apo tjet\u00ebr jan\u00eb n\u00eb Koalicion me Qeverin\u00eb, prandaj pyetja tjet\u00ebr e radh\u00ebs q\u00eb shtrohet \u00ebsht\u00eb: Pse kryetari i K\u00ebshillit e faktor\u00eb t\u00eb tjer\u00eb politik n\u00eb K\u00ebshill\u00eb, nuk reagojn\u00eb drejtp\u00ebrs\u00ebdrejti n\u00eb Parlament apo qeveri? Kush tjet\u00ebr p\u00ebrve\u00e7 k\u00ebtyre ka mandat dhe mund t\u00eb flasin n\u00eb k\u00ebto Institucione n\u00eb em\u00ebr t\u00eb popullit?!!!<br \/>\nMbase ky do ishte ai \u201creagimi\u201d PERNJIMEND E SERIOZ!<br \/>\nN\u00eb t\u00eb kund\u00ebrt\u00ebn, \u201creagimi\u201d i sot\u00ebm me premisa t\u00eb gjoja nj\u00eb \u201ck\u00ebrc\u00ebnimi\u201d p\u00ebr pushtetin malazez do t\u00eb jet\u00eb v\u00ebrtet nj\u00eb flusk\u00eb sapuni.<\/p>\n<p class=\"_5pbw\" data-ft=\"{&quot;tn&quot;:&quot;C&quot;}\"><strong><span class=\"fwb fcg\" data-ft=\"{&quot;tn&quot;:&quot;;&quot;}\"><a id=\"js_13\" href=\"https:\/\/www.facebook.com\/tahiri.abn?fref=nf\" data-hovercard=\"\/ajax\/hovercard\/user.php?id=1623256192&amp;extragetparams=%7B%22fref%22%3A%22nf%22%7D\">Tahir Tahiri Facebook<\/a><\/span><\/strong><\/p>\n","protected":false},"excerpt":{"rendered":"<p>K\u00ebshilli Komb\u00ebtar i Shqiptar\u00ebve n\u00eb Malin e Zi, n\u00eb nj\u00eb reagim t\u00eb publikuar m\u00eb 05.12.2014, si problematik\u00eb \u201cshqet\u00ebsuese\u201d trajton \u00e7\u00ebshtjen e vendosjes nga ana e Ministris\u00eb s\u00eb Pakicave n\u00eb MZ, t\u00eb disa panove- afisheve t\u00eb cil\u00ebt promovojn\u00eb mbrojtjen e \u201ct\u00eb drejtave t\u00eb njeriut\u201d. Ne k\u00ebt\u00eb reagim thuhet se k\u00ebto pano t\u00eb vendosura n\u00eb qend\u00ebr t\u00eb [&hellip;]<\/p>\n","protected":false},"author":1,"featured_media":0,"comment_status":"closed","ping_status":"closed","sticky":false,"template":"","format":"standard","meta":{"spay_email":"","jetpack_publicize_message":"","jetpack_is_tweetstorm":false,"jetpack_publicize_feature_enabled":true},"categories":[14249],"tags":[],"jetpack_publicize_connections":[],"yoast_head":"<!-- This site is optimized with the Yoast SEO plugin v19.1 - https:\/\/yoast.com\/wordpress\/plugins\/seo\/ -->\n<title>Tahir Tahiri: \u201cK\u00ebrc\u00ebnimi\u201d p\u00ebr pushtetin do t\u00eb jet\u00eb v\u00ebrtet nj\u00eb flusk\u00eb sapuni i KKSH-\u00ebs - Lajme nga Ulqini<\/title>\n<meta name=\"description\" content=\"K\u00ebshilli Komb\u00ebtar i Shqiptar\u00ebve n\u00eb Malin e Zi, n\u00eb nj\u00eb reagim t\u00eb publikuar m\u00eb 05.12.2014, si problematik\u00eb \u201cshqet\u00ebsuese\u201d trajton \u00e7\u00ebshtjen e vendosjes nga\" \/>\n<meta name=\"robots\" content=\"index, follow, max-snippet:-1, max-image-preview:large, max-video-preview:-1\" \/>\n<link rel=\"canonical\" href=\"https:\/\/www.visit-ulcinj.com\/blog\/2014\/12\/06\/tahir-tahiri-kercenimi-per-pushtetin-do-te-jete-vertet-nje-fluske-sapuni-i-kksh-es\/\" \/>\n<meta property=\"og:locale\" content=\"en_US\" \/>\n<meta property=\"og:type\" content=\"article\" \/>\n<meta property=\"og:title\" content=\"Tahir Tahiri: \u201cK\u00ebrc\u00ebnimi\u201d p\u00ebr pushtetin do t\u00eb jet\u00eb v\u00ebrtet nj\u00eb flusk\u00eb sapuni i KKSH-\u00ebs - Lajme nga Ulqini\" \/>\n<meta property=\"og:description\" content=\"K\u00ebshilli Komb\u00ebtar i Shqiptar\u00ebve n\u00eb Malin e Zi, n\u00eb nj\u00eb reagim t\u00eb publikuar m\u00eb 05.12.2014, si problematik\u00eb \u201cshqet\u00ebsuese\u201d trajton \u00e7\u00ebshtjen e vendosjes nga\" \/>\n<meta property=\"og:url\" content=\"https:\/\/www.visit-ulcinj.com\/blog\/2014\/12\/06\/tahir-tahiri-kercenimi-per-pushtetin-do-te-jete-vertet-nje-fluske-sapuni-i-kksh-es\/\" \/>\n<meta property=\"og:site_name\" content=\"Lajme nga Ulqini\" \/>\n<meta property=\"article:published_time\" content=\"2014-12-06T17:32:11+00:00\" \/>\n<meta property=\"article:modified_time\" content=\"2014-12-06T17:32:52+00:00\" \/>\n<meta property=\"og:image\" content=\"http:\/\/www.visit-ulcinj.com\/blog\/wp-content\/uploads\/2014\/12\/Tahir-Tahiri.jpg\" \/>\n<meta name=\"twitter:label1\" content=\"Written by\" \/>\n\t<meta name=\"twitter:data1\" content=\"ulqini\" \/>\n\t<meta name=\"twitter:label2\" content=\"Est. reading time\" \/>\n\t<meta name=\"twitter:data2\" content=\"2 minutes\" \/>\n<script type=\"application\/ld+json\" class=\"yoast-schema-graph\">{\"@context\":\"https:\/\/schema.org\",\"@graph\":[{\"@type\":\"WebSite\",\"@id\":\"https:\/\/www.visit-ulcinj.com\/blog\/#website\",\"url\":\"https:\/\/www.visit-ulcinj.com\/blog\/\",\"name\":\"Lajme nga Ulqini\",\"description\":\"Lajme,Vijesti,Ulqini,Ulqin,Crna Gora,Mali i Zi\",\"potentialAction\":[{\"@type\":\"SearchAction\",\"target\":{\"@type\":\"EntryPoint\",\"urlTemplate\":\"https:\/\/www.visit-ulcinj.com\/blog\/?s={search_term_string}\"},\"query-input\":\"required name=search_term_string\"}],\"inLanguage\":\"en-US\"},{\"@type\":\"ImageObject\",\"inLanguage\":\"en-US\",\"@id\":\"https:\/\/www.visit-ulcinj.com\/blog\/2014\/12\/06\/tahir-tahiri-kercenimi-per-pushtetin-do-te-jete-vertet-nje-fluske-sapuni-i-kksh-es\/#primaryimage\",\"url\":\"https:\/\/www.visit-ulcinj.com\/blog\/wp-content\/uploads\/2014\/12\/Tahir-Tahiri.jpg\",\"contentUrl\":\"https:\/\/www.visit-ulcinj.com\/blog\/wp-content\/uploads\/2014\/12\/Tahir-Tahiri.jpg\",\"width\":960,\"height\":640},{\"@type\":\"WebPage\",\"@id\":\"https:\/\/www.visit-ulcinj.com\/blog\/2014\/12\/06\/tahir-tahiri-kercenimi-per-pushtetin-do-te-jete-vertet-nje-fluske-sapuni-i-kksh-es\/#webpage\",\"url\":\"https:\/\/www.visit-ulcinj.com\/blog\/2014\/12\/06\/tahir-tahiri-kercenimi-per-pushtetin-do-te-jete-vertet-nje-fluske-sapuni-i-kksh-es\/\",\"name\":\"Tahir Tahiri: \u201cK\u00ebrc\u00ebnimi\u201d p\u00ebr pushtetin do t\u00eb jet\u00eb v\u00ebrtet nj\u00eb flusk\u00eb sapuni i KKSH-\u00ebs - Lajme nga Ulqini\",\"isPartOf\":{\"@id\":\"https:\/\/www.visit-ulcinj.com\/blog\/#website\"},\"primaryImageOfPage\":{\"@id\":\"https:\/\/www.visit-ulcinj.com\/blog\/2014\/12\/06\/tahir-tahiri-kercenimi-per-pushtetin-do-te-jete-vertet-nje-fluske-sapuni-i-kksh-es\/#primaryimage\"},\"datePublished\":\"2014-12-06T17:32:11+00:00\",\"dateModified\":\"2014-12-06T17:32:52+00:00\",\"author\":{\"@id\":\"https:\/\/www.visit-ulcinj.com\/blog\/#\/schema\/person\/dcab619c614d3038751c63bc2aadc06d\"},\"description\":\"K\u00ebshilli Komb\u00ebtar i Shqiptar\u00ebve n\u00eb Malin e Zi, n\u00eb nj\u00eb reagim t\u00eb publikuar m\u00eb 05.12.2014, si problematik\u00eb \u201cshqet\u00ebsuese\u201d trajton \u00e7\u00ebshtjen e vendosjes nga\",\"breadcrumb\":{\"@id\":\"https:\/\/www.visit-ulcinj.com\/blog\/2014\/12\/06\/tahir-tahiri-kercenimi-per-pushtetin-do-te-jete-vertet-nje-fluske-sapuni-i-kksh-es\/#breadcrumb\"},\"inLanguage\":\"en-US\",\"potentialAction\":[{\"@type\":\"ReadAction\",\"target\":[\"https:\/\/www.visit-ulcinj.com\/blog\/2014\/12\/06\/tahir-tahiri-kercenimi-per-pushtetin-do-te-jete-vertet-nje-fluske-sapuni-i-kksh-es\/\"]}]},{\"@type\":\"BreadcrumbList\",\"@id\":\"https:\/\/www.visit-ulcinj.com\/blog\/2014\/12\/06\/tahir-tahiri-kercenimi-per-pushtetin-do-te-jete-vertet-nje-fluske-sapuni-i-kksh-es\/#breadcrumb\",\"itemListElement\":[{\"@type\":\"ListItem\",\"position\":1,\"name\":\"Tahir Tahiri: \u201cK\u00ebrc\u00ebnimi\u201d p\u00ebr pushtetin do t\u00eb jet\u00eb v\u00ebrtet nj\u00eb flusk\u00eb sapuni i KKSH-\u00ebs\"}]},{\"@type\":\"Person\",\"@id\":\"https:\/\/www.visit-ulcinj.com\/blog\/#\/schema\/person\/dcab619c614d3038751c63bc2aadc06d\",\"name\":\"ulqini\",\"sameAs\":[\"http:\/\/www.visit-ulcinj.com\"],\"url\":\"https:\/\/www.visit-ulcinj.com\/blog\/author\/admin\/\"}]}<\/script>\n<!-- \/ Yoast SEO plugin. -->","yoast_head_json":{"title":"Tahir Tahiri: \u201cK\u00ebrc\u00ebnimi\u201d p\u00ebr pushtetin do t\u00eb jet\u00eb v\u00ebrtet nj\u00eb flusk\u00eb sapuni i KKSH-\u00ebs - Lajme nga Ulqini","description":"K\u00ebshilli Komb\u00ebtar i Shqiptar\u00ebve n\u00eb Malin e Zi, n\u00eb nj\u00eb reagim t\u00eb publikuar m\u00eb 05.12.2014, si problematik\u00eb \u201cshqet\u00ebsuese\u201d trajton \u00e7\u00ebshtjen e vendosjes nga","robots":{"index":"index","follow":"follow","max-snippet":"max-snippet:-1","max-image-preview":"max-image-preview:large","max-video-preview":"max-video-preview:-1"},"canonical":"https:\/\/www.visit-ulcinj.com\/blog\/2014\/12\/06\/tahir-tahiri-kercenimi-per-pushtetin-do-te-jete-vertet-nje-fluske-sapuni-i-kksh-es\/","og_locale":"en_US","og_type":"article","og_title":"Tahir Tahiri: \u201cK\u00ebrc\u00ebnimi\u201d p\u00ebr pushtetin do t\u00eb jet\u00eb v\u00ebrtet nj\u00eb flusk\u00eb sapuni i KKSH-\u00ebs - Lajme nga Ulqini","og_description":"K\u00ebshilli Komb\u00ebtar i Shqiptar\u00ebve n\u00eb Malin e Zi, n\u00eb nj\u00eb reagim t\u00eb publikuar m\u00eb 05.12.2014, si problematik\u00eb \u201cshqet\u00ebsuese\u201d trajton \u00e7\u00ebshtjen e vendosjes nga","og_url":"https:\/\/www.visit-ulcinj.com\/blog\/2014\/12\/06\/tahir-tahiri-kercenimi-per-pushtetin-do-te-jete-vertet-nje-fluske-sapuni-i-kksh-es\/","og_site_name":"Lajme nga Ulqini","article_published_time":"2014-12-06T17:32:11+00:00","article_modified_time":"2014-12-06T17:32:52+00:00","og_image":[{"url":"http:\/\/www.visit-ulcinj.com\/blog\/wp-content\/uploads\/2014\/12\/Tahir-Tahiri.jpg"}],"twitter_misc":{"Written by":"ulqini","Est. reading time":"2 minutes"},"schema":{"@context":"https:\/\/schema.org","@graph":[{"@type":"WebSite","@id":"https:\/\/www.visit-ulcinj.com\/blog\/#website","url":"https:\/\/www.visit-ulcinj.com\/blog\/","name":"Lajme nga Ulqini","description":"Lajme,Vijesti,Ulqini,Ulqin,Crna Gora,Mali i Zi","potentialAction":[{"@type":"SearchAction","target":{"@type":"EntryPoint","urlTemplate":"https:\/\/www.visit-ulcinj.com\/blog\/?s={search_term_string}"},"query-input":"required name=search_term_string"}],"inLanguage":"en-US"},{"@type":"ImageObject","inLanguage":"en-US","@id":"https:\/\/www.visit-ulcinj.com\/blog\/2014\/12\/06\/tahir-tahiri-kercenimi-per-pushtetin-do-te-jete-vertet-nje-fluske-sapuni-i-kksh-es\/#primaryimage","url":"https:\/\/www.visit-ulcinj.com\/blog\/wp-content\/uploads\/2014\/12\/Tahir-Tahiri.jpg","contentUrl":"https:\/\/www.visit-ulcinj.com\/blog\/wp-content\/uploads\/2014\/12\/Tahir-Tahiri.jpg","width":960,"height":640},{"@type":"WebPage","@id":"https:\/\/www.visit-ulcinj.com\/blog\/2014\/12\/06\/tahir-tahiri-kercenimi-per-pushtetin-do-te-jete-vertet-nje-fluske-sapuni-i-kksh-es\/#webpage","url":"https:\/\/www.visit-ulcinj.com\/blog\/2014\/12\/06\/tahir-tahiri-kercenimi-per-pushtetin-do-te-jete-vertet-nje-fluske-sapuni-i-kksh-es\/","name":"Tahir Tahiri: \u201cK\u00ebrc\u00ebnimi\u201d p\u00ebr pushtetin do t\u00eb jet\u00eb v\u00ebrtet nj\u00eb flusk\u00eb sapuni i KKSH-\u00ebs - Lajme nga Ulqini","isPartOf":{"@id":"https:\/\/www.visit-ulcinj.com\/blog\/#website"},"primaryImageOfPage":{"@id":"https:\/\/www.visit-ulcinj.com\/blog\/2014\/12\/06\/tahir-tahiri-kercenimi-per-pushtetin-do-te-jete-vertet-nje-fluske-sapuni-i-kksh-es\/#primaryimage"},"datePublished":"2014-12-06T17:32:11+00:00","dateModified":"2014-12-06T17:32:52+00:00","author":{"@id":"https:\/\/www.visit-ulcinj.com\/blog\/#\/schema\/person\/dcab619c614d3038751c63bc2aadc06d"},"description":"K\u00ebshilli Komb\u00ebtar i Shqiptar\u00ebve n\u00eb Malin e Zi, n\u00eb nj\u00eb reagim t\u00eb publikuar m\u00eb 05.12.2014, si problematik\u00eb \u201cshqet\u00ebsuese\u201d trajton \u00e7\u00ebshtjen e vendosjes nga","breadcrumb":{"@id":"https:\/\/www.visit-ulcinj.com\/blog\/2014\/12\/06\/tahir-tahiri-kercenimi-per-pushtetin-do-te-jete-vertet-nje-fluske-sapuni-i-kksh-es\/#breadcrumb"},"inLanguage":"en-US","potentialAction":[{"@type":"ReadAction","target":["https:\/\/www.visit-ulcinj.com\/blog\/2014\/12\/06\/tahir-tahiri-kercenimi-per-pushtetin-do-te-jete-vertet-nje-fluske-sapuni-i-kksh-es\/"]}]},{"@type":"BreadcrumbList","@id":"https:\/\/www.visit-ulcinj.com\/blog\/2014\/12\/06\/tahir-tahiri-kercenimi-per-pushtetin-do-te-jete-vertet-nje-fluske-sapuni-i-kksh-es\/#breadcrumb","itemListElement":[{"@type":"ListItem","position":1,"name":"Tahir Tahiri: \u201cK\u00ebrc\u00ebnimi\u201d p\u00ebr pushtetin do t\u00eb jet\u00eb v\u00ebrtet nj\u00eb flusk\u00eb sapuni i KKSH-\u00ebs"}]},{"@type":"Person","@id":"https:\/\/www.visit-ulcinj.com\/blog\/#\/schema\/person\/dcab619c614d3038751c63bc2aadc06d","name":"ulqini","sameAs":["http:\/\/www.visit-ulcinj.com"],"url":"https:\/\/www.visit-ulcinj.com\/blog\/author\/admin\/"}]}},"jetpack_featured_media_url":"","jetpack_sharing_enabled":true,"jetpack_shortlink":"https:\/\/wp.me\/pe6lTn-mBF","_links":{"self":[{"href":"https:\/\/www.visit-ulcinj.com\/blog\/wp-json\/wp\/v2\/posts\/86903"}],"collection":[{"href":"https:\/\/www.visit-ulcinj.com\/blog\/wp-json\/wp\/v2\/posts"}],"about":[{"href":"https:\/\/www.visit-ulcinj.com\/blog\/wp-json\/wp\/v2\/types\/post"}],"author":[{"embeddable":true,"href":"https:\/\/www.visit-ulcinj.com\/blog\/wp-json\/wp\/v2\/users\/1"}],"replies":[{"embeddable":true,"href":"https:\/\/www.visit-ulcinj.com\/blog\/wp-json\/wp\/v2\/comments?post=86903"}],"version-history":[{"count":2,"href":"https:\/\/www.visit-ulcinj.com\/blog\/wp-json\/wp\/v2\/posts\/86903\/revisions"}],"predecessor-version":[{"id":86906,"href":"https:\/\/www.visit-ulcinj.com\/blog\/wp-json\/wp\/v2\/posts\/86903\/revisions\/86906"}],"wp:attachment":[{"href":"https:\/\/www.visit-ulcinj.com\/blog\/wp-json\/wp\/v2\/media?parent=86903"}],"wp:term":[{"taxonomy":"category","embeddable":true,"href":"https:\/\/www.visit-ulcinj.com\/blog\/wp-json\/wp\/v2\/categories?post=86903"},{"taxonomy":"post_tag","embeddable":true,"href":"https:\/\/www.visit-ulcinj.com\/blog\/wp-json\/wp\/v2\/tags?post=86903"}],"curies":[{"name":"wp","href":"https:\/\/api.w.org\/{rel}","templated":true}]}}