{"id":86918,"date":"2014-12-08T12:27:56","date_gmt":"2014-12-08T11:27:56","guid":{"rendered":"http:\/\/www.visit-ulcinj.com\/blog\/?p=86918"},"modified":"2014-12-08T12:28:40","modified_gmt":"2014-12-08T11:28:40","slug":"abazovic-opoziciji-crne-gore-treba-rekonstrukcija","status":"publish","type":"post","link":"https:\/\/www.visit-ulcinj.com\/blog\/2014\/12\/08\/abazovic-opoziciji-crne-gore-treba-rekonstrukcija\/","title":{"rendered":"Abazovic: Opoziciji Crne Gore treba rekonstrukcija"},"content":{"rendered":"<p><strong><a href=\"http:\/\/www.visit-ulcinj.com\/blog\/wp-content\/uploads\/2014\/10\/Dritan-Abazovic-Ulqin-Ulcinj.jpg\"><img loading=\"lazy\" class=\"alignleft wp-image-85705\" src=\"http:\/\/www.visit-ulcinj.com\/blog\/wp-content\/uploads\/2014\/10\/Dritan-Abazovic-Ulqin-Ulcinj.jpg\" alt=\"Dritan-Abazovic-Ulqin-Ulcinj\" width=\"508\" height=\"339\" srcset=\"https:\/\/www.visit-ulcinj.com\/blog\/wp-content\/uploads\/2014\/10\/Dritan-Abazovic-Ulqin-Ulcinj.jpg 624w, https:\/\/www.visit-ulcinj.com\/blog\/wp-content\/uploads\/2014\/10\/Dritan-Abazovic-Ulqin-Ulcinj-300x200.jpg 300w\" sizes=\"(max-width: 508px) 100vw, 508px\" \/><\/a>Vrijeme je da vidimo ko su pravi opozicionari, a ko spava\u010di<\/strong><\/p>\n<p class=\"lead\">&#8220;Nezadovoljstvo kod gra\u0111ana permanentno postoji, a samim tim i potreba za ne\u010dim novim uvijek biva izra\u017eena. Me\u0111utim, nije dovoljno imati samo novi proizvod na politi\u010dkoj sceni, toga smo se u Crnoj Gori nagledali. Moramo gra\u0111anima ponuditi novi kvalitet&#8221;<\/p>\n<p>Crnogorskoj opoziciji treba restrukturiranje, i tek nakon \u0161to se ono desi u svim subjektima, osta\u0107e prostor za njeno sinhronizovano djelovanje, smatra nezavisni poslanik, Dritan Abazovi\u0107.<\/p>\n<p>On je agenciji Mina, na pitanje da li &#8220;usitnjavanje&#8221; opozicije najvi\u0161e ide na ruku vladaju\u0107oj koaliciji, rekao da to izgleda tako ali se, kako je naveo, to moralo i trebalo desiti.<\/p>\n<p>&#8220;Razmagljivanje opozicione scene je dobro, i ono je predusluv bilo kakve budu\u0107e opozicione solidarnosti. Opoziciji treba restruktuiranje i tek nakon \u0161to se ono desi u svim subjektima, osta\u0107e prostor za njeno sinhronizovano djelovanje&#8221;, kazao je Abazovi\u0107.<\/p>\n<p>Prema njegovim rije\u010dima, zvu\u010di paradoksalno, ali je na neki na\u010din dobro \u0161to se desilo, \u0161to se de\u0161ava i \u0161to \u0107e se desiti.<\/p>\n<p>&#8220;Sada je samo va\u017eno imati dovoljno politi\u010dke pameti da se stvari postave na svoje mjesto i krene dalje sa \u010dvr\u0161\u0107ih pozicija nego ranije. Vrijeme je da kona\u010dno vidimo ko su pravi opozicionari, a ko spava\u010di&#8221;, smatra Abazovi\u0107.<\/p>\n<p><strong>Crnogorsko dru\u0161tvo nije sklono promjenama<\/strong><\/p>\n<p>On je kazao da na crnogorskoj politi\u010dkoj sceni ima prostora za nove opozicione subjekte, samo je pitanje koliki je njihov kapacitet da ga ispune.<\/p>\n<p>&#8220;Nezadovoljstvo kod gra\u0111ana permanentno postoji, a samim tim i potreba za ne\u010dim novim uvijek biva izra\u017eena. Me\u0111utim, nije dovoljno imati samo novi proizvod na politi\u010dkoj sceni, toga smo se u Crnoj Gori nagledali. Moramo gra\u0111anima ponuditi novi kvalitet&#8221;, rekao je Abazovi\u0107.<\/p>\n<p>Prema njegovim rije\u010dima, crnogorsko dru\u0161tvo nije sklono promjenama.<\/p>\n<p>&nbsp;<\/p>\n<blockquote><p><strong>&#8220;Ono \u0161to moje iskustvo kao jednog od osniva\u010da Pozitivne govori, jeste \u010dinjenica da se moralni habitus svakog pojedinca vrlo efikasno testira u politi\u010dkim strukturama, i da se brzo identifikuju oni koji zarad svog li\u010dnog napu\u0161taju interese stranke i gra\u0111ana, ili principe zbog kojih su do\u0161li u tu istu strukturu&#8221;<\/strong><\/p><\/blockquote>\n<p>&#8220;Ba\u0161 zato nam je protrebna jasna i istinska alternativa, koja \u0107e promijeniti postoje\u0107u politi\u010dku paradigmu. Uvjek manja grupa ljudi pokre\u0107e to\u010dak istorije, stoga ne treba gubiti nadu. Na\u0161e je da se borimo uz \u010dvrstu vjeru da \u0107e rezultat te borbe zna\u010diti politi\u010dke promjene, koje \u0107e donijeti boljitak svim gra\u0111anima Crne Gore&#8221;, naveo je Abazovi\u0107.<\/p>\n<p>Na pitanje da li je u Crnoj Gori mogu\u0107 postanak i opstanak prave opozicione stranke, koja bi mogla ugroziti dvodecenijsku vladavinu Demokratske partije socijalista, on je rekao da je ta stranka \u201cusavr\u0161ila tehniku vladanja karakteristi\u010dnu za autoritarne re\u017eime, ali nema ni\u010dega posebnog u tome\u201d.<\/p>\n<p>&#8220;Na\u017ealost, kako to biva u ovakvim sistemima, njihova infiltriranost postoji i me\u0111u pojedincima iz opozicije, koji zarad sitnog li\u010dnog interesa \u010desto ugro\u017eavaju demokratski proces&#8221;, smatra Abazovi\u0107.<\/p>\n<p><strong>DPS se\u00a0pribojavaja formiranja kredibilnog gra\u0111anskog opozicionog subjekta<\/strong><\/p>\n<p>Kako je naveo, jedino \u010dega se u DPS-u stvarno pribojavaju jeste formiranje kredibilnog gra\u0111anskog opozicionog subjekta, sastavljenog od ljudi sa kojima ne\u0107e mo\u0107i upravljati.<\/p>\n<p>&#8220;Ako uspijemo da stvorimo takav subjekat, siguran sam da \u0107e biti u velikim problemima, a da na njihovo politi\u010dko penzionisanje ne\u0107emo dugo \u010dekati&#8221;, naglasio je Abazovi\u0107.<\/p>\n<p>Upitan da li bi se Socijalisti\u010dkoj narodnoj partiji (SNP), s obzirom na unutra\u0161nje &#8220;razmirice&#8221; i o\u010digledno je postojanje razli\u010ditih struja, mogao ponoviti scenario Pozitivne Crne Gore, i da je mogu\u0107e da je tu &#8220;umije\u0161an neko sa strane&#8221;, Abazovi\u0107 je rekao da ne \u017eelim da komentari\u0161em de\u0161avanja u SNP-u iz pristojnosti i respekta koji ima prema kolegama iz te stranke.<\/p>\n<p class=\"content\"><strong>Upitan kakva su njegova o\u010dekivanja od gra\u0111anskog pokreta, \u010dije je formiranje u toku, s obzirom na razo\u010daravaju\u0107e iskustvo iz prethodne partije u \u010dijem je osnivanju u\u010destvovao, on je rekao da je sa puno entuzijazma i elana pristupio novom projektu<\/strong><\/p>\n<p>&#8220;Ono \u0161to moje iskustvo kao jednog od osniva\u010da Pozitivne govori, jeste \u010dinjenica da se moralni habitus svakog pojedinca vrlo efikasno testira u politi\u010dkim strukturama, i da se brzo identifikuju oni koji zarad svog li\u010dnog napu\u0161taju interese stranke i gra\u0111ana, ili principe zbog kojih su do\u0161li u tu istu strukturu&#8221;, kazao je Abazovi\u0107.<\/p>\n<p>Mogu\u0107e je, kako je naveo, da na tom putu sopstvene politi\u010dko-moralne devijacije imaju podr\u0161ku i nekoga sa strane, koji ih hrabri da nastave progre\u0161nim satazama.<\/p>\n<p>&#8220;Zato je najbolje i najplodotvornije, ako ne mo\u017eete ne\u0161to da promjenite unutar subjekta, na vrijeme napusti taj kurs i vratiti se izvornim vrijednostima u bilo kojoj formi. U suprotnom, postajete \u0161raf u ma\u0161ini politi\u010dkog ludila koji, kako to iskustvo u Crnoj Gori govori, slu\u017ei samo aktulenom re\u017eimu&#8221;, smatra Abazovi\u0107.<\/p>\n<p>Na pitanje da li je, mo\u017eda, taj &#8220;neko sa strane&#8221; doprinio i de\u0161avanjima u Pozitivnoj, ili su u pitanju bili samo personalni problemi unutar stranke, Abazovi\u0107 je rekao da ne isklju\u010duje da je bilo i toga.<\/p>\n<p>&#8220;Ali te\u0161ko da neko u va\u0161e ime mo\u017ee donositi odluke. Ako ste ucjenjeni onda opet imate problem sa samim sobom. Neke odluke koje smo donosili ili koje na \u017ealost nismo, a trebali smo, navode na mi\u0161ljenje da je neko sa strane preko ljudi unutar stranke umje\u0161ao prste, ali je to opet li\u010dna odgovornost onih kojih su eventualno pristali na tu igru&#8221;, pojasnio je Abazovi\u0107.<\/p>\n<p>On je naglasio da ljudi \u010dine svaku politi\u010dku organizaciju, a ne njen program.<\/p>\n<p>&#8220;Tamo gdje imate dobre i kvalitetne ljude, dugoro\u010dno mo\u017eete ra\u010dunati na uspjeh. U suprotnom prije ili kasnije moraju vas zadesiti lomovi. Ne \u017eelim vi\u0161e da se vra\u0107am na Pozitivnu, po\u017eelio sam im puno uspjeha. \u017delim da se posvetim novim izazovima s ljudima u koje vjerujem, koji znaju \u0161ta \u017eele i sa kojima je zadovoljstvo raditi&#8221;, kazao je Abazovi\u0107.<\/p>\n<p><strong>Crna Gora mora preboljeti sve svoje poro\u0111ajne muke demokratije<\/strong><\/p>\n<p>Upitan kakva su njegova o\u010dekivanja od gra\u0111anskog pokreta, \u010dije je formiranje u toku, s obzirom na razo\u010daravaju\u0107e iskustvo iz prethodne partije u \u010dijem je osnivanju u\u010destvovao, on je rekao da je sa puno entuzijazma i elana pristupio novom projektu.<\/p>\n<p>&#8220;Ne osje\u0107am vi\u0161e nikakvo razo\u010darenje, niti ne razmi\u0161ljam o onome \u0161to jebilo. Naprotiv, imam vrlo pozitivan naboj i sre\u0107an sam \u0161to ponovo u\u010destvujem u stvaranju ne\u010dega zna\u010djanog za demokratizaciju Crne Gore&#8221;, pojasnio je Abazovi\u0107.<\/p>\n<p>On je dodao da u\u017eivam u pronala\u017eenju novih izazova, dru\u017eenju i povezivanju sa ljudima koje cijeni i od kojih se, kako je naveo, mo\u017ee nau\u010diti mnogo toga.<\/p>\n<p>&#8220;Do sada je sve i\u0161lo iznad mojih o\u010dekivanja. Politici pristupam krajnje relano, a to zna\u010di da Crna Gora mora preboljeti sve svoje poro\u0111ajne muke demokratije. Na\u0161e vrijeme tek dolazi&#8221;, kazao je Abazovi\u0107.<\/p>\n<p>Cilj im je, kako je naveo, da bez \u017eurbe stvore politi\u010dki kapital za budu\u0107nost Crne Gore.<\/p>\n<p>&#8220;Predani smo povezivanju mladih i iskusnih li\u010dnosti koje ne\u0161to zna\u010de u ovom dru\u0161tvu. Ponekad, mo\u017eda, nijesmo ni svjesni koliko zna\u010dajnu stvar radimo, bez obzira na kona\u010dan ishod ovog projekta. Dok god makar ijedan \u010dovjek bude bio spreman da se bori za osvajanje slobode, za Crnu Goru ima nade. Do sad nijesmo nai\u0161li na zatvorena vrata, a javnost \u0107e brzo saznati ko je sve spreman da kroz gra\u0111anski pokret mijenja Crnu Goru na bolje&#8221;, kazao je Abazovi\u0107.<\/p>\n<p>On smatra da je zna\u010dajnije od bilo kakvog rezultata &#8211; povezivanje intelektualnih elita i integrisanje ljudi \u0161irom dr\u017eave na zdravim osnovama, kroz razbijanje predrasuda i promociju evropskih vrijednostii.<\/p>\n<p>&#8220;Stoga se moja o\u010dekivanja svakim danom ispunjavaju, a nadam se da je ovo tek po\u010detak ne\u010deg zaista zna\u010dajnog za Crnu Goru i njene gra\u0111ane&#8221;, dodao je Abazovi\u0107.<\/p>\n<p><strong>Izvor: MINA &#8211; VIJESTI<\/strong><\/p>\n","protected":false},"excerpt":{"rendered":"<p>Vrijeme je da vidimo ko su pravi opozicionari, a ko spava\u010di &#8220;Nezadovoljstvo kod gra\u0111ana permanentno postoji, a samim tim i potreba za ne\u010dim novim uvijek biva izra\u017eena. Me\u0111utim, nije dovoljno imati samo novi proizvod na politi\u010dkoj sceni, toga smo se u Crnoj Gori nagledali. Moramo gra\u0111anima ponuditi novi kvalitet&#8221; Crnogorskoj opoziciji treba restrukturiranje, i tek [&hellip;]<\/p>\n","protected":false},"author":1,"featured_media":0,"comment_status":"closed","ping_status":"closed","sticky":false,"template":"","format":"standard","meta":{"spay_email":"","jetpack_publicize_message":"","jetpack_is_tweetstorm":false,"jetpack_publicize_feature_enabled":true},"categories":[8337],"tags":[],"jetpack_publicize_connections":[],"yoast_head":"<!-- This site is optimized with the Yoast SEO plugin v19.1 - https:\/\/yoast.com\/wordpress\/plugins\/seo\/ -->\n<title>Abazovic: Opoziciji Crne Gore treba rekonstrukcija - Lajme nga Ulqini<\/title>\n<meta name=\"description\" content=\"Vrijeme je da vidimo ko su pravi opozicionari, a ko spava\u010di &quot;Nezadovoljstvo kod gra\u0111ana permanentno postoji, a samim tim i potreba za ne\u010dim novim uvijek\" \/>\n<meta name=\"robots\" content=\"index, follow, max-snippet:-1, max-image-preview:large, max-video-preview:-1\" \/>\n<link rel=\"canonical\" href=\"https:\/\/www.visit-ulcinj.com\/blog\/2014\/12\/08\/abazovic-opoziciji-crne-gore-treba-rekonstrukcija\/\" \/>\n<meta property=\"og:locale\" content=\"en_US\" \/>\n<meta property=\"og:type\" content=\"article\" \/>\n<meta property=\"og:title\" content=\"Abazovic: Opoziciji Crne Gore treba rekonstrukcija - Lajme nga Ulqini\" \/>\n<meta property=\"og:description\" content=\"Vrijeme je da vidimo ko su pravi opozicionari, a ko spava\u010di &quot;Nezadovoljstvo kod gra\u0111ana permanentno postoji, a samim tim i potreba za ne\u010dim novim uvijek\" \/>\n<meta property=\"og:url\" content=\"https:\/\/www.visit-ulcinj.com\/blog\/2014\/12\/08\/abazovic-opoziciji-crne-gore-treba-rekonstrukcija\/\" \/>\n<meta property=\"og:site_name\" content=\"Lajme nga Ulqini\" \/>\n<meta property=\"article:published_time\" content=\"2014-12-08T11:27:56+00:00\" \/>\n<meta property=\"article:modified_time\" content=\"2014-12-08T11:28:40+00:00\" \/>\n<meta property=\"og:image\" content=\"http:\/\/www.visit-ulcinj.com\/blog\/wp-content\/uploads\/2014\/10\/Dritan-Abazovic-Ulqin-Ulcinj.jpg\" \/>\n<meta name=\"twitter:label1\" content=\"Written by\" \/>\n\t<meta name=\"twitter:data1\" content=\"ulqini\" \/>\n\t<meta name=\"twitter:label2\" content=\"Est. reading time\" \/>\n\t<meta name=\"twitter:data2\" content=\"7 minutes\" \/>\n<script type=\"application\/ld+json\" class=\"yoast-schema-graph\">{\"@context\":\"https:\/\/schema.org\",\"@graph\":[{\"@type\":\"WebSite\",\"@id\":\"https:\/\/www.visit-ulcinj.com\/blog\/#website\",\"url\":\"https:\/\/www.visit-ulcinj.com\/blog\/\",\"name\":\"Lajme nga Ulqini\",\"description\":\"Lajme,Vijesti,Ulqini,Ulqin,Crna Gora,Mali i Zi\",\"potentialAction\":[{\"@type\":\"SearchAction\",\"target\":{\"@type\":\"EntryPoint\",\"urlTemplate\":\"https:\/\/www.visit-ulcinj.com\/blog\/?s={search_term_string}\"},\"query-input\":\"required name=search_term_string\"}],\"inLanguage\":\"en-US\"},{\"@type\":\"ImageObject\",\"inLanguage\":\"en-US\",\"@id\":\"https:\/\/www.visit-ulcinj.com\/blog\/2014\/12\/08\/abazovic-opoziciji-crne-gore-treba-rekonstrukcija\/#primaryimage\",\"url\":\"https:\/\/www.visit-ulcinj.com\/blog\/wp-content\/uploads\/2014\/10\/Dritan-Abazovic-Ulqin-Ulcinj.jpg\",\"contentUrl\":\"https:\/\/www.visit-ulcinj.com\/blog\/wp-content\/uploads\/2014\/10\/Dritan-Abazovic-Ulqin-Ulcinj.jpg\",\"width\":624,\"height\":417},{\"@type\":\"WebPage\",\"@id\":\"https:\/\/www.visit-ulcinj.com\/blog\/2014\/12\/08\/abazovic-opoziciji-crne-gore-treba-rekonstrukcija\/#webpage\",\"url\":\"https:\/\/www.visit-ulcinj.com\/blog\/2014\/12\/08\/abazovic-opoziciji-crne-gore-treba-rekonstrukcija\/\",\"name\":\"Abazovic: Opoziciji Crne Gore treba rekonstrukcija - Lajme nga Ulqini\",\"isPartOf\":{\"@id\":\"https:\/\/www.visit-ulcinj.com\/blog\/#website\"},\"primaryImageOfPage\":{\"@id\":\"https:\/\/www.visit-ulcinj.com\/blog\/2014\/12\/08\/abazovic-opoziciji-crne-gore-treba-rekonstrukcija\/#primaryimage\"},\"datePublished\":\"2014-12-08T11:27:56+00:00\",\"dateModified\":\"2014-12-08T11:28:40+00:00\",\"author\":{\"@id\":\"https:\/\/www.visit-ulcinj.com\/blog\/#\/schema\/person\/dcab619c614d3038751c63bc2aadc06d\"},\"description\":\"Vrijeme je da vidimo ko su pravi opozicionari, a ko spava\u010di \\\"Nezadovoljstvo kod gra\u0111ana permanentno postoji, a samim tim i potreba za ne\u010dim novim uvijek\",\"breadcrumb\":{\"@id\":\"https:\/\/www.visit-ulcinj.com\/blog\/2014\/12\/08\/abazovic-opoziciji-crne-gore-treba-rekonstrukcija\/#breadcrumb\"},\"inLanguage\":\"en-US\",\"potentialAction\":[{\"@type\":\"ReadAction\",\"target\":[\"https:\/\/www.visit-ulcinj.com\/blog\/2014\/12\/08\/abazovic-opoziciji-crne-gore-treba-rekonstrukcija\/\"]}]},{\"@type\":\"BreadcrumbList\",\"@id\":\"https:\/\/www.visit-ulcinj.com\/blog\/2014\/12\/08\/abazovic-opoziciji-crne-gore-treba-rekonstrukcija\/#breadcrumb\",\"itemListElement\":[{\"@type\":\"ListItem\",\"position\":1,\"name\":\"Abazovic: Opoziciji Crne Gore treba rekonstrukcija\"}]},{\"@type\":\"Person\",\"@id\":\"https:\/\/www.visit-ulcinj.com\/blog\/#\/schema\/person\/dcab619c614d3038751c63bc2aadc06d\",\"name\":\"ulqini\",\"sameAs\":[\"http:\/\/www.visit-ulcinj.com\"],\"url\":\"https:\/\/www.visit-ulcinj.com\/blog\/author\/admin\/\"}]}<\/script>\n<!-- \/ Yoast SEO plugin. -->","yoast_head_json":{"title":"Abazovic: Opoziciji Crne Gore treba rekonstrukcija - Lajme nga Ulqini","description":"Vrijeme je da vidimo ko su pravi opozicionari, a ko spava\u010di \"Nezadovoljstvo kod gra\u0111ana permanentno postoji, a samim tim i potreba za ne\u010dim novim uvijek","robots":{"index":"index","follow":"follow","max-snippet":"max-snippet:-1","max-image-preview":"max-image-preview:large","max-video-preview":"max-video-preview:-1"},"canonical":"https:\/\/www.visit-ulcinj.com\/blog\/2014\/12\/08\/abazovic-opoziciji-crne-gore-treba-rekonstrukcija\/","og_locale":"en_US","og_type":"article","og_title":"Abazovic: Opoziciji Crne Gore treba rekonstrukcija - Lajme nga Ulqini","og_description":"Vrijeme je da vidimo ko su pravi opozicionari, a ko spava\u010di \"Nezadovoljstvo kod gra\u0111ana permanentno postoji, a samim tim i potreba za ne\u010dim novim uvijek","og_url":"https:\/\/www.visit-ulcinj.com\/blog\/2014\/12\/08\/abazovic-opoziciji-crne-gore-treba-rekonstrukcija\/","og_site_name":"Lajme nga Ulqini","article_published_time":"2014-12-08T11:27:56+00:00","article_modified_time":"2014-12-08T11:28:40+00:00","og_image":[{"url":"http:\/\/www.visit-ulcinj.com\/blog\/wp-content\/uploads\/2014\/10\/Dritan-Abazovic-Ulqin-Ulcinj.jpg"}],"twitter_misc":{"Written by":"ulqini","Est. reading time":"7 minutes"},"schema":{"@context":"https:\/\/schema.org","@graph":[{"@type":"WebSite","@id":"https:\/\/www.visit-ulcinj.com\/blog\/#website","url":"https:\/\/www.visit-ulcinj.com\/blog\/","name":"Lajme nga Ulqini","description":"Lajme,Vijesti,Ulqini,Ulqin,Crna Gora,Mali i Zi","potentialAction":[{"@type":"SearchAction","target":{"@type":"EntryPoint","urlTemplate":"https:\/\/www.visit-ulcinj.com\/blog\/?s={search_term_string}"},"query-input":"required name=search_term_string"}],"inLanguage":"en-US"},{"@type":"ImageObject","inLanguage":"en-US","@id":"https:\/\/www.visit-ulcinj.com\/blog\/2014\/12\/08\/abazovic-opoziciji-crne-gore-treba-rekonstrukcija\/#primaryimage","url":"https:\/\/www.visit-ulcinj.com\/blog\/wp-content\/uploads\/2014\/10\/Dritan-Abazovic-Ulqin-Ulcinj.jpg","contentUrl":"https:\/\/www.visit-ulcinj.com\/blog\/wp-content\/uploads\/2014\/10\/Dritan-Abazovic-Ulqin-Ulcinj.jpg","width":624,"height":417},{"@type":"WebPage","@id":"https:\/\/www.visit-ulcinj.com\/blog\/2014\/12\/08\/abazovic-opoziciji-crne-gore-treba-rekonstrukcija\/#webpage","url":"https:\/\/www.visit-ulcinj.com\/blog\/2014\/12\/08\/abazovic-opoziciji-crne-gore-treba-rekonstrukcija\/","name":"Abazovic: Opoziciji Crne Gore treba rekonstrukcija - Lajme nga Ulqini","isPartOf":{"@id":"https:\/\/www.visit-ulcinj.com\/blog\/#website"},"primaryImageOfPage":{"@id":"https:\/\/www.visit-ulcinj.com\/blog\/2014\/12\/08\/abazovic-opoziciji-crne-gore-treba-rekonstrukcija\/#primaryimage"},"datePublished":"2014-12-08T11:27:56+00:00","dateModified":"2014-12-08T11:28:40+00:00","author":{"@id":"https:\/\/www.visit-ulcinj.com\/blog\/#\/schema\/person\/dcab619c614d3038751c63bc2aadc06d"},"description":"Vrijeme je da vidimo ko su pravi opozicionari, a ko spava\u010di \"Nezadovoljstvo kod gra\u0111ana permanentno postoji, a samim tim i potreba za ne\u010dim novim uvijek","breadcrumb":{"@id":"https:\/\/www.visit-ulcinj.com\/blog\/2014\/12\/08\/abazovic-opoziciji-crne-gore-treba-rekonstrukcija\/#breadcrumb"},"inLanguage":"en-US","potentialAction":[{"@type":"ReadAction","target":["https:\/\/www.visit-ulcinj.com\/blog\/2014\/12\/08\/abazovic-opoziciji-crne-gore-treba-rekonstrukcija\/"]}]},{"@type":"BreadcrumbList","@id":"https:\/\/www.visit-ulcinj.com\/blog\/2014\/12\/08\/abazovic-opoziciji-crne-gore-treba-rekonstrukcija\/#breadcrumb","itemListElement":[{"@type":"ListItem","position":1,"name":"Abazovic: Opoziciji Crne Gore treba rekonstrukcija"}]},{"@type":"Person","@id":"https:\/\/www.visit-ulcinj.com\/blog\/#\/schema\/person\/dcab619c614d3038751c63bc2aadc06d","name":"ulqini","sameAs":["http:\/\/www.visit-ulcinj.com"],"url":"https:\/\/www.visit-ulcinj.com\/blog\/author\/admin\/"}]}},"jetpack_featured_media_url":"","jetpack_sharing_enabled":true,"jetpack_shortlink":"https:\/\/wp.me\/pe6lTn-mBU","_links":{"self":[{"href":"https:\/\/www.visit-ulcinj.com\/blog\/wp-json\/wp\/v2\/posts\/86918"}],"collection":[{"href":"https:\/\/www.visit-ulcinj.com\/blog\/wp-json\/wp\/v2\/posts"}],"about":[{"href":"https:\/\/www.visit-ulcinj.com\/blog\/wp-json\/wp\/v2\/types\/post"}],"author":[{"embeddable":true,"href":"https:\/\/www.visit-ulcinj.com\/blog\/wp-json\/wp\/v2\/users\/1"}],"replies":[{"embeddable":true,"href":"https:\/\/www.visit-ulcinj.com\/blog\/wp-json\/wp\/v2\/comments?post=86918"}],"version-history":[{"count":1,"href":"https:\/\/www.visit-ulcinj.com\/blog\/wp-json\/wp\/v2\/posts\/86918\/revisions"}],"predecessor-version":[{"id":86919,"href":"https:\/\/www.visit-ulcinj.com\/blog\/wp-json\/wp\/v2\/posts\/86918\/revisions\/86919"}],"wp:attachment":[{"href":"https:\/\/www.visit-ulcinj.com\/blog\/wp-json\/wp\/v2\/media?parent=86918"}],"wp:term":[{"taxonomy":"category","embeddable":true,"href":"https:\/\/www.visit-ulcinj.com\/blog\/wp-json\/wp\/v2\/categories?post=86918"},{"taxonomy":"post_tag","embeddable":true,"href":"https:\/\/www.visit-ulcinj.com\/blog\/wp-json\/wp\/v2\/tags?post=86918"}],"curies":[{"name":"wp","href":"https:\/\/api.w.org\/{rel}","templated":true}]}}