{"id":86920,"date":"2014-12-08T12:31:37","date_gmt":"2014-12-08T11:31:37","guid":{"rendered":"http:\/\/www.visit-ulcinj.com\/blog\/?p=86920"},"modified":"2014-12-08T12:31:37","modified_gmt":"2014-12-08T11:31:37","slug":"dzaudet-cakuli-podnio-ostavku","status":"publish","type":"post","link":"https:\/\/www.visit-ulcinj.com\/blog\/2014\/12\/08\/dzaudet-cakuli-podnio-ostavku\/","title":{"rendered":"D\u017eaudet Cakuli podnio ostavku"},"content":{"rendered":"<p><a href=\"http:\/\/www.visit-ulcinj.com\/blog\/wp-content\/uploads\/2013\/03\/opstina-ulcinj_Dzaudet-Cakuli.jpg\"><img loading=\"lazy\" class=\"alignleft wp-image-69367\" src=\"http:\/\/www.visit-ulcinj.com\/blog\/wp-content\/uploads\/2013\/03\/opstina-ulcinj_Dzaudet-Cakuli.jpg\" alt=\"opstina ulcinj_Dzaudet Cakuli\" width=\"508\" height=\"337\" srcset=\"https:\/\/www.visit-ulcinj.com\/blog\/wp-content\/uploads\/2013\/03\/opstina-ulcinj_Dzaudet-Cakuli.jpg 640w, https:\/\/www.visit-ulcinj.com\/blog\/wp-content\/uploads\/2013\/03\/opstina-ulcinj_Dzaudet-Cakuli-300x198.jpg 300w\" sizes=\"(max-width: 508px) 100vw, 508px\" \/><\/a>Dosada\u0161nji predsjednik Izvr\u0161nog odbora Turisti\u010dke organizacije Ulcinj D\u017eaudet Cakuli podnio je ostavku na tu funkciju, saznaje Portal Ul-info.<\/p>\n<p>Razlog za ovakav njegov potez je konflikt interesa, po\u0161to je Cakuli i predsjednik upravnog odbora Javnog preduze\u0107a za upravljanje morskim dobrom..<\/p>\n<p>Na ovu funkciju on je izabran 13. oktobra.\u00a0Izvr\u0161ni odbor Turisti\u010dke organizacije Ulcinj ima predsjednika i \u0161est \u010dlanova.<\/p>\n<p><strong>Vijesti Online<\/strong><\/p>\n","protected":false},"excerpt":{"rendered":"<p>Dosada\u0161nji predsjednik Izvr\u0161nog odbora Turisti\u010dke organizacije Ulcinj D\u017eaudet Cakuli podnio je ostavku na tu funkciju, saznaje Portal Ul-info. Razlog za ovakav njegov potez je konflikt interesa, po\u0161to je Cakuli i predsjednik upravnog odbora Javnog preduze\u0107a za upravljanje morskim dobrom.. Na ovu funkciju on je izabran 13. oktobra.\u00a0Izvr\u0161ni odbor Turisti\u010dke organizacije Ulcinj ima predsjednika i \u0161est [&hellip;]<\/p>\n","protected":false},"author":1,"featured_media":0,"comment_status":"closed","ping_status":"closed","sticky":false,"template":"","format":"standard","meta":{"spay_email":"","jetpack_publicize_message":"","jetpack_is_tweetstorm":false,"jetpack_publicize_feature_enabled":true},"categories":[6950],"tags":[],"jetpack_publicize_connections":[],"yoast_head":"<!-- This site is optimized with the Yoast SEO plugin v19.1 - https:\/\/yoast.com\/wordpress\/plugins\/seo\/ -->\n<title>D\u017eaudet Cakuli podnio ostavku - Lajme nga Ulqini<\/title>\n<meta name=\"description\" content=\"Dosada\u0161nji predsjednik Izvr\u0161nog odbora Turisti\u010dke organizacije Ulcinj D\u017eaudet Cakuli podnio je ostavku na tu funkciju, saznaje Portal Ul-info. Razlog za\" \/>\n<meta name=\"robots\" content=\"index, follow, max-snippet:-1, max-image-preview:large, max-video-preview:-1\" \/>\n<link rel=\"canonical\" href=\"https:\/\/www.visit-ulcinj.com\/blog\/2014\/12\/08\/dzaudet-cakuli-podnio-ostavku\/\" \/>\n<meta property=\"og:locale\" content=\"en_US\" \/>\n<meta property=\"og:type\" content=\"article\" \/>\n<meta property=\"og:title\" content=\"D\u017eaudet Cakuli podnio ostavku - Lajme nga Ulqini\" \/>\n<meta property=\"og:description\" content=\"Dosada\u0161nji predsjednik Izvr\u0161nog odbora Turisti\u010dke organizacije Ulcinj D\u017eaudet Cakuli podnio je ostavku na tu funkciju, saznaje Portal Ul-info. Razlog za\" \/>\n<meta property=\"og:url\" content=\"https:\/\/www.visit-ulcinj.com\/blog\/2014\/12\/08\/dzaudet-cakuli-podnio-ostavku\/\" \/>\n<meta property=\"og:site_name\" content=\"Lajme nga Ulqini\" \/>\n<meta property=\"article:published_time\" content=\"2014-12-08T11:31:37+00:00\" \/>\n<meta property=\"og:image\" content=\"http:\/\/www.visit-ulcinj.com\/blog\/wp-content\/uploads\/2013\/03\/opstina-ulcinj_Dzaudet-Cakuli.jpg\" \/>\n<meta name=\"twitter:label1\" content=\"Written by\" \/>\n\t<meta name=\"twitter:data1\" content=\"ulqini\" \/>\n<script type=\"application\/ld+json\" class=\"yoast-schema-graph\">{\"@context\":\"https:\/\/schema.org\",\"@graph\":[{\"@type\":\"WebSite\",\"@id\":\"https:\/\/www.visit-ulcinj.com\/blog\/#website\",\"url\":\"https:\/\/www.visit-ulcinj.com\/blog\/\",\"name\":\"Lajme nga Ulqini\",\"description\":\"Lajme,Vijesti,Ulqini,Ulqin,Crna Gora,Mali i Zi\",\"potentialAction\":[{\"@type\":\"SearchAction\",\"target\":{\"@type\":\"EntryPoint\",\"urlTemplate\":\"https:\/\/www.visit-ulcinj.com\/blog\/?s={search_term_string}\"},\"query-input\":\"required name=search_term_string\"}],\"inLanguage\":\"en-US\"},{\"@type\":\"ImageObject\",\"inLanguage\":\"en-US\",\"@id\":\"https:\/\/www.visit-ulcinj.com\/blog\/2014\/12\/08\/dzaudet-cakuli-podnio-ostavku\/#primaryimage\",\"url\":\"https:\/\/www.visit-ulcinj.com\/blog\/wp-content\/uploads\/2013\/03\/opstina-ulcinj_Dzaudet-Cakuli.jpg\",\"contentUrl\":\"https:\/\/www.visit-ulcinj.com\/blog\/wp-content\/uploads\/2013\/03\/opstina-ulcinj_Dzaudet-Cakuli.jpg\",\"width\":640,\"height\":424},{\"@type\":\"WebPage\",\"@id\":\"https:\/\/www.visit-ulcinj.com\/blog\/2014\/12\/08\/dzaudet-cakuli-podnio-ostavku\/#webpage\",\"url\":\"https:\/\/www.visit-ulcinj.com\/blog\/2014\/12\/08\/dzaudet-cakuli-podnio-ostavku\/\",\"name\":\"D\u017eaudet Cakuli podnio ostavku - Lajme nga Ulqini\",\"isPartOf\":{\"@id\":\"https:\/\/www.visit-ulcinj.com\/blog\/#website\"},\"primaryImageOfPage\":{\"@id\":\"https:\/\/www.visit-ulcinj.com\/blog\/2014\/12\/08\/dzaudet-cakuli-podnio-ostavku\/#primaryimage\"},\"datePublished\":\"2014-12-08T11:31:37+00:00\",\"dateModified\":\"2014-12-08T11:31:37+00:00\",\"author\":{\"@id\":\"https:\/\/www.visit-ulcinj.com\/blog\/#\/schema\/person\/dcab619c614d3038751c63bc2aadc06d\"},\"description\":\"Dosada\u0161nji predsjednik Izvr\u0161nog odbora Turisti\u010dke organizacije Ulcinj D\u017eaudet Cakuli podnio je ostavku na tu funkciju, saznaje Portal Ul-info. Razlog za\",\"breadcrumb\":{\"@id\":\"https:\/\/www.visit-ulcinj.com\/blog\/2014\/12\/08\/dzaudet-cakuli-podnio-ostavku\/#breadcrumb\"},\"inLanguage\":\"en-US\",\"potentialAction\":[{\"@type\":\"ReadAction\",\"target\":[\"https:\/\/www.visit-ulcinj.com\/blog\/2014\/12\/08\/dzaudet-cakuli-podnio-ostavku\/\"]}]},{\"@type\":\"BreadcrumbList\",\"@id\":\"https:\/\/www.visit-ulcinj.com\/blog\/2014\/12\/08\/dzaudet-cakuli-podnio-ostavku\/#breadcrumb\",\"itemListElement\":[{\"@type\":\"ListItem\",\"position\":1,\"name\":\"D\u017eaudet Cakuli podnio ostavku\"}]},{\"@type\":\"Person\",\"@id\":\"https:\/\/www.visit-ulcinj.com\/blog\/#\/schema\/person\/dcab619c614d3038751c63bc2aadc06d\",\"name\":\"ulqini\",\"sameAs\":[\"http:\/\/www.visit-ulcinj.com\"],\"url\":\"https:\/\/www.visit-ulcinj.com\/blog\/author\/admin\/\"}]}<\/script>\n<!-- \/ Yoast SEO plugin. -->","yoast_head_json":{"title":"D\u017eaudet Cakuli podnio ostavku - Lajme nga Ulqini","description":"Dosada\u0161nji predsjednik Izvr\u0161nog odbora Turisti\u010dke organizacije Ulcinj D\u017eaudet Cakuli podnio je ostavku na tu funkciju, saznaje Portal Ul-info. Razlog za","robots":{"index":"index","follow":"follow","max-snippet":"max-snippet:-1","max-image-preview":"max-image-preview:large","max-video-preview":"max-video-preview:-1"},"canonical":"https:\/\/www.visit-ulcinj.com\/blog\/2014\/12\/08\/dzaudet-cakuli-podnio-ostavku\/","og_locale":"en_US","og_type":"article","og_title":"D\u017eaudet Cakuli podnio ostavku - Lajme nga Ulqini","og_description":"Dosada\u0161nji predsjednik Izvr\u0161nog odbora Turisti\u010dke organizacije Ulcinj D\u017eaudet Cakuli podnio je ostavku na tu funkciju, saznaje Portal Ul-info. Razlog za","og_url":"https:\/\/www.visit-ulcinj.com\/blog\/2014\/12\/08\/dzaudet-cakuli-podnio-ostavku\/","og_site_name":"Lajme nga Ulqini","article_published_time":"2014-12-08T11:31:37+00:00","og_image":[{"url":"http:\/\/www.visit-ulcinj.com\/blog\/wp-content\/uploads\/2013\/03\/opstina-ulcinj_Dzaudet-Cakuli.jpg"}],"twitter_misc":{"Written by":"ulqini"},"schema":{"@context":"https:\/\/schema.org","@graph":[{"@type":"WebSite","@id":"https:\/\/www.visit-ulcinj.com\/blog\/#website","url":"https:\/\/www.visit-ulcinj.com\/blog\/","name":"Lajme nga Ulqini","description":"Lajme,Vijesti,Ulqini,Ulqin,Crna Gora,Mali i Zi","potentialAction":[{"@type":"SearchAction","target":{"@type":"EntryPoint","urlTemplate":"https:\/\/www.visit-ulcinj.com\/blog\/?s={search_term_string}"},"query-input":"required name=search_term_string"}],"inLanguage":"en-US"},{"@type":"ImageObject","inLanguage":"en-US","@id":"https:\/\/www.visit-ulcinj.com\/blog\/2014\/12\/08\/dzaudet-cakuli-podnio-ostavku\/#primaryimage","url":"https:\/\/www.visit-ulcinj.com\/blog\/wp-content\/uploads\/2013\/03\/opstina-ulcinj_Dzaudet-Cakuli.jpg","contentUrl":"https:\/\/www.visit-ulcinj.com\/blog\/wp-content\/uploads\/2013\/03\/opstina-ulcinj_Dzaudet-Cakuli.jpg","width":640,"height":424},{"@type":"WebPage","@id":"https:\/\/www.visit-ulcinj.com\/blog\/2014\/12\/08\/dzaudet-cakuli-podnio-ostavku\/#webpage","url":"https:\/\/www.visit-ulcinj.com\/blog\/2014\/12\/08\/dzaudet-cakuli-podnio-ostavku\/","name":"D\u017eaudet Cakuli podnio ostavku - Lajme nga Ulqini","isPartOf":{"@id":"https:\/\/www.visit-ulcinj.com\/blog\/#website"},"primaryImageOfPage":{"@id":"https:\/\/www.visit-ulcinj.com\/blog\/2014\/12\/08\/dzaudet-cakuli-podnio-ostavku\/#primaryimage"},"datePublished":"2014-12-08T11:31:37+00:00","dateModified":"2014-12-08T11:31:37+00:00","author":{"@id":"https:\/\/www.visit-ulcinj.com\/blog\/#\/schema\/person\/dcab619c614d3038751c63bc2aadc06d"},"description":"Dosada\u0161nji predsjednik Izvr\u0161nog odbora Turisti\u010dke organizacije Ulcinj D\u017eaudet Cakuli podnio je ostavku na tu funkciju, saznaje Portal Ul-info. Razlog za","breadcrumb":{"@id":"https:\/\/www.visit-ulcinj.com\/blog\/2014\/12\/08\/dzaudet-cakuli-podnio-ostavku\/#breadcrumb"},"inLanguage":"en-US","potentialAction":[{"@type":"ReadAction","target":["https:\/\/www.visit-ulcinj.com\/blog\/2014\/12\/08\/dzaudet-cakuli-podnio-ostavku\/"]}]},{"@type":"BreadcrumbList","@id":"https:\/\/www.visit-ulcinj.com\/blog\/2014\/12\/08\/dzaudet-cakuli-podnio-ostavku\/#breadcrumb","itemListElement":[{"@type":"ListItem","position":1,"name":"D\u017eaudet Cakuli podnio ostavku"}]},{"@type":"Person","@id":"https:\/\/www.visit-ulcinj.com\/blog\/#\/schema\/person\/dcab619c614d3038751c63bc2aadc06d","name":"ulqini","sameAs":["http:\/\/www.visit-ulcinj.com"],"url":"https:\/\/www.visit-ulcinj.com\/blog\/author\/admin\/"}]}},"jetpack_featured_media_url":"","jetpack_sharing_enabled":true,"jetpack_shortlink":"https:\/\/wp.me\/pe6lTn-mBW","_links":{"self":[{"href":"https:\/\/www.visit-ulcinj.com\/blog\/wp-json\/wp\/v2\/posts\/86920"}],"collection":[{"href":"https:\/\/www.visit-ulcinj.com\/blog\/wp-json\/wp\/v2\/posts"}],"about":[{"href":"https:\/\/www.visit-ulcinj.com\/blog\/wp-json\/wp\/v2\/types\/post"}],"author":[{"embeddable":true,"href":"https:\/\/www.visit-ulcinj.com\/blog\/wp-json\/wp\/v2\/users\/1"}],"replies":[{"embeddable":true,"href":"https:\/\/www.visit-ulcinj.com\/blog\/wp-json\/wp\/v2\/comments?post=86920"}],"version-history":[{"count":1,"href":"https:\/\/www.visit-ulcinj.com\/blog\/wp-json\/wp\/v2\/posts\/86920\/revisions"}],"predecessor-version":[{"id":86921,"href":"https:\/\/www.visit-ulcinj.com\/blog\/wp-json\/wp\/v2\/posts\/86920\/revisions\/86921"}],"wp:attachment":[{"href":"https:\/\/www.visit-ulcinj.com\/blog\/wp-json\/wp\/v2\/media?parent=86920"}],"wp:term":[{"taxonomy":"category","embeddable":true,"href":"https:\/\/www.visit-ulcinj.com\/blog\/wp-json\/wp\/v2\/categories?post=86920"},{"taxonomy":"post_tag","embeddable":true,"href":"https:\/\/www.visit-ulcinj.com\/blog\/wp-json\/wp\/v2\/tags?post=86920"}],"curies":[{"name":"wp","href":"https:\/\/api.w.org\/{rel}","templated":true}]}}