{"id":86922,"date":"2014-12-08T12:39:40","date_gmt":"2014-12-08T11:39:40","guid":{"rendered":"http:\/\/www.visit-ulcinj.com\/blog\/?p=86922"},"modified":"2014-12-08T12:39:40","modified_gmt":"2014-12-08T11:39:40","slug":"rijesiti-hoce-li-mozura-biti-meduopstinska-ili-regionalna-deponija","status":"publish","type":"post","link":"https:\/\/www.visit-ulcinj.com\/blog\/2014\/12\/08\/rijesiti-hoce-li-mozura-biti-meduopstinska-ili-regionalna-deponija\/","title":{"rendered":"Rije\u0161iti ho\u0107e li &#8220;Mo\u017eura&#8221; biti me\u0111uop\u0161tinska ili regionalna Deponija"},"content":{"rendered":"<p><a href=\"http:\/\/www.visit-ulcinj.com\/blog\/wp-content\/uploads\/2010\/12\/deponija_picnik.jpg\"><img loading=\"lazy\" class=\"alignleft wp-image-41608\" src=\"http:\/\/www.visit-ulcinj.com\/blog\/wp-content\/uploads\/2010\/12\/deponija_picnik.jpg\" alt=\"deponija_picnik\" width=\"508\" height=\"339\" srcset=\"https:\/\/www.visit-ulcinj.com\/blog\/wp-content\/uploads\/2010\/12\/deponija_picnik.jpg 1094w, https:\/\/www.visit-ulcinj.com\/blog\/wp-content\/uploads\/2010\/12\/deponija_picnik-300x199.jpg 300w, https:\/\/www.visit-ulcinj.com\/blog\/wp-content\/uploads\/2010\/12\/deponija_picnik-1024x682.jpg 1024w\" sizes=\"(max-width: 508px) 100vw, 508px\" \/><\/a>&#8220;Treba rije\u0161iti ho\u0107e li Mo\u017eura biti me\u0111uop\u0161tinska ili regionalna, kao iraspodjelu dobiti jer \u0107e u 2014. ona biti preko milion eura&#8221;<\/p>\n<p><strong><span class=\"credits__author\"> Autor: Radomir Petri\u0107 <\/span><\/strong><\/p>\n<p>Ve\u0107inom glasova danas je u SO usvojen izvje\u0161taj o radu za 2013. sanitarne deponije za Bar i Ulcinj DOO \u201eMo\u017eura\u201c , \u010diji je v.d.direktora Dragan Simovi\u0107 rekao da je deponija u 2013. primila 63.000 tona otpada iz Bara, Ulcinja, Budve, Tivta, Kotora i Berana, ostvariv\u0161i poslovnu dobit od 660.000 eura, od kojih se \u010deka na naplatu 480.000. Simovi\u0107 je rekao da je pla\u0107en porez na dobit od 35.000 eura, da je prosje\u010dna plata u firmi 464 eura, da treba po\u010deti drugu fazu izgradnje deponije i raspisati konkurs za izvr\u0161nog direktora.<\/p>\n<p>&#8220;Treba rije\u0161iti ho\u0107e li Mo\u017eura biti me\u0111uop\u0161tinska ili regionalna, kao i raspodjelu dobiti jer \u0107e u 2014. ona biti preko milion eura. Kredit za deponiju uzela je Vlada koja je garant, on je ve\u0107 dospio i jedna rata je pla\u0107ena, mora se definisati na koga \u0107e taj kredit biti transferisan, na \u201eMo\u017euru\u201c ili na Bar i Ulcinj kao osniva\u010de&#8221;, dodao je Simovi\u0107 .<\/p>\n<p>SO je jednoglasno usvojila zaklju\u010dke Dejana \u0110urovi\u0107a (DF) da se preispita ugovor o osnivanju \u201eMo\u017eure\u201c jer ulcinjsko komunalno preduze\u0107e ne pla\u0107a svoje obaveze, da se u zakonskom roku izabere direktor \u201eMo\u017eure\u201c, \u0161to prije u\u0111e u gradnju recikla\u017enog centra, a da sprovo\u0111enje zaklju\u010daka nadzire Sekretarijat za ure\u0111enje prostora.<\/p>\n<p>\u0160efica odborni\u010dkog kluba DPS Branka Nikezi\u0107 saop\u0161tila je da \u0107e ove godine biti do\u010deka Nove godine u Baru na trgu ispred robne ku\u0107e i da se o\u010dekuje nastup barskih muzi\u010dara.<\/p>\n<p><strong>Izvor: Vijesti Online<\/strong><\/p>\n","protected":false},"excerpt":{"rendered":"<p>&#8220;Treba rije\u0161iti ho\u0107e li Mo\u017eura biti me\u0111uop\u0161tinska ili regionalna, kao iraspodjelu dobiti jer \u0107e u 2014. ona biti preko milion eura&#8221; Autor: Radomir Petri\u0107 Ve\u0107inom glasova danas je u SO usvojen izvje\u0161taj o radu za 2013. sanitarne deponije za Bar i Ulcinj DOO \u201eMo\u017eura\u201c , \u010diji je v.d.direktora Dragan Simovi\u0107 rekao da je deponija u [&hellip;]<\/p>\n","protected":false},"author":1,"featured_media":0,"comment_status":"closed","ping_status":"closed","sticky":false,"template":"","format":"standard","meta":{"spay_email":"","jetpack_publicize_message":"","jetpack_is_tweetstorm":false,"jetpack_publicize_feature_enabled":true},"categories":[6950],"tags":[],"jetpack_publicize_connections":[],"yoast_head":"<!-- This site is optimized with the Yoast SEO plugin v19.1 - https:\/\/yoast.com\/wordpress\/plugins\/seo\/ -->\n<title>Rije\u0161iti ho\u0107e li &quot;Mo\u017eura&quot; biti me\u0111uop\u0161tinska ili regionalna Deponija - Lajme nga Ulqini<\/title>\n<meta name=\"description\" content=\"&quot;Treba rije\u0161iti ho\u0107e li Mo\u017eura biti me\u0111uop\u0161tinska ili regionalna, kao iraspodjelu dobiti jer \u0107e u 2014. ona biti preko milion eura&quot; Autor: Radomir Petri\u0107\" \/>\n<meta name=\"robots\" content=\"index, follow, max-snippet:-1, max-image-preview:large, max-video-preview:-1\" \/>\n<link rel=\"canonical\" href=\"https:\/\/www.visit-ulcinj.com\/blog\/2014\/12\/08\/rijesiti-hoce-li-mozura-biti-meduopstinska-ili-regionalna-deponija\/\" \/>\n<meta property=\"og:locale\" content=\"en_US\" \/>\n<meta property=\"og:type\" content=\"article\" \/>\n<meta property=\"og:title\" content=\"Rije\u0161iti ho\u0107e li &quot;Mo\u017eura&quot; biti me\u0111uop\u0161tinska ili regionalna Deponija - Lajme nga Ulqini\" \/>\n<meta property=\"og:description\" content=\"&quot;Treba rije\u0161iti ho\u0107e li Mo\u017eura biti me\u0111uop\u0161tinska ili regionalna, kao iraspodjelu dobiti jer \u0107e u 2014. ona biti preko milion eura&quot; Autor: Radomir Petri\u0107\" \/>\n<meta property=\"og:url\" content=\"https:\/\/www.visit-ulcinj.com\/blog\/2014\/12\/08\/rijesiti-hoce-li-mozura-biti-meduopstinska-ili-regionalna-deponija\/\" \/>\n<meta property=\"og:site_name\" content=\"Lajme nga Ulqini\" \/>\n<meta property=\"article:published_time\" content=\"2014-12-08T11:39:40+00:00\" \/>\n<meta property=\"og:image\" content=\"http:\/\/www.visit-ulcinj.com\/blog\/wp-content\/uploads\/2010\/12\/deponija_picnik.jpg\" \/>\n<meta name=\"twitter:label1\" content=\"Written by\" \/>\n\t<meta name=\"twitter:data1\" content=\"ulqini\" \/>\n\t<meta name=\"twitter:label2\" content=\"Est. reading time\" \/>\n\t<meta name=\"twitter:data2\" content=\"1 minute\" \/>\n<script type=\"application\/ld+json\" class=\"yoast-schema-graph\">{\"@context\":\"https:\/\/schema.org\",\"@graph\":[{\"@type\":\"WebSite\",\"@id\":\"https:\/\/www.visit-ulcinj.com\/blog\/#website\",\"url\":\"https:\/\/www.visit-ulcinj.com\/blog\/\",\"name\":\"Lajme nga Ulqini\",\"description\":\"Lajme,Vijesti,Ulqini,Ulqin,Crna Gora,Mali i Zi\",\"potentialAction\":[{\"@type\":\"SearchAction\",\"target\":{\"@type\":\"EntryPoint\",\"urlTemplate\":\"https:\/\/www.visit-ulcinj.com\/blog\/?s={search_term_string}\"},\"query-input\":\"required name=search_term_string\"}],\"inLanguage\":\"en-US\"},{\"@type\":\"ImageObject\",\"inLanguage\":\"en-US\",\"@id\":\"https:\/\/www.visit-ulcinj.com\/blog\/2014\/12\/08\/rijesiti-hoce-li-mozura-biti-meduopstinska-ili-regionalna-deponija\/#primaryimage\",\"url\":\"https:\/\/www.visit-ulcinj.com\/blog\/wp-content\/uploads\/2010\/12\/deponija_picnik.jpg\",\"contentUrl\":\"https:\/\/www.visit-ulcinj.com\/blog\/wp-content\/uploads\/2010\/12\/deponija_picnik.jpg\",\"width\":\"1094\",\"height\":\"729\"},{\"@type\":\"WebPage\",\"@id\":\"https:\/\/www.visit-ulcinj.com\/blog\/2014\/12\/08\/rijesiti-hoce-li-mozura-biti-meduopstinska-ili-regionalna-deponija\/#webpage\",\"url\":\"https:\/\/www.visit-ulcinj.com\/blog\/2014\/12\/08\/rijesiti-hoce-li-mozura-biti-meduopstinska-ili-regionalna-deponija\/\",\"name\":\"Rije\u0161iti ho\u0107e li \\\"Mo\u017eura\\\" biti me\u0111uop\u0161tinska ili regionalna Deponija - Lajme nga Ulqini\",\"isPartOf\":{\"@id\":\"https:\/\/www.visit-ulcinj.com\/blog\/#website\"},\"primaryImageOfPage\":{\"@id\":\"https:\/\/www.visit-ulcinj.com\/blog\/2014\/12\/08\/rijesiti-hoce-li-mozura-biti-meduopstinska-ili-regionalna-deponija\/#primaryimage\"},\"datePublished\":\"2014-12-08T11:39:40+00:00\",\"dateModified\":\"2014-12-08T11:39:40+00:00\",\"author\":{\"@id\":\"https:\/\/www.visit-ulcinj.com\/blog\/#\/schema\/person\/dcab619c614d3038751c63bc2aadc06d\"},\"description\":\"\\\"Treba rije\u0161iti ho\u0107e li Mo\u017eura biti me\u0111uop\u0161tinska ili regionalna, kao iraspodjelu dobiti jer \u0107e u 2014. ona biti preko milion eura\\\" Autor: Radomir Petri\u0107\",\"breadcrumb\":{\"@id\":\"https:\/\/www.visit-ulcinj.com\/blog\/2014\/12\/08\/rijesiti-hoce-li-mozura-biti-meduopstinska-ili-regionalna-deponija\/#breadcrumb\"},\"inLanguage\":\"en-US\",\"potentialAction\":[{\"@type\":\"ReadAction\",\"target\":[\"https:\/\/www.visit-ulcinj.com\/blog\/2014\/12\/08\/rijesiti-hoce-li-mozura-biti-meduopstinska-ili-regionalna-deponija\/\"]}]},{\"@type\":\"BreadcrumbList\",\"@id\":\"https:\/\/www.visit-ulcinj.com\/blog\/2014\/12\/08\/rijesiti-hoce-li-mozura-biti-meduopstinska-ili-regionalna-deponija\/#breadcrumb\",\"itemListElement\":[{\"@type\":\"ListItem\",\"position\":1,\"name\":\"Rije\u0161iti ho\u0107e li &#8220;Mo\u017eura&#8221; biti me\u0111uop\u0161tinska ili regionalna Deponija\"}]},{\"@type\":\"Person\",\"@id\":\"https:\/\/www.visit-ulcinj.com\/blog\/#\/schema\/person\/dcab619c614d3038751c63bc2aadc06d\",\"name\":\"ulqini\",\"sameAs\":[\"http:\/\/www.visit-ulcinj.com\"],\"url\":\"https:\/\/www.visit-ulcinj.com\/blog\/author\/admin\/\"}]}<\/script>\n<!-- \/ Yoast SEO plugin. -->","yoast_head_json":{"title":"Rije\u0161iti ho\u0107e li \"Mo\u017eura\" biti me\u0111uop\u0161tinska ili regionalna Deponija - Lajme nga Ulqini","description":"\"Treba rije\u0161iti ho\u0107e li Mo\u017eura biti me\u0111uop\u0161tinska ili regionalna, kao iraspodjelu dobiti jer \u0107e u 2014. ona biti preko milion eura\" Autor: Radomir Petri\u0107","robots":{"index":"index","follow":"follow","max-snippet":"max-snippet:-1","max-image-preview":"max-image-preview:large","max-video-preview":"max-video-preview:-1"},"canonical":"https:\/\/www.visit-ulcinj.com\/blog\/2014\/12\/08\/rijesiti-hoce-li-mozura-biti-meduopstinska-ili-regionalna-deponija\/","og_locale":"en_US","og_type":"article","og_title":"Rije\u0161iti ho\u0107e li \"Mo\u017eura\" biti me\u0111uop\u0161tinska ili regionalna Deponija - Lajme nga Ulqini","og_description":"\"Treba rije\u0161iti ho\u0107e li Mo\u017eura biti me\u0111uop\u0161tinska ili regionalna, kao iraspodjelu dobiti jer \u0107e u 2014. ona biti preko milion eura\" Autor: Radomir Petri\u0107","og_url":"https:\/\/www.visit-ulcinj.com\/blog\/2014\/12\/08\/rijesiti-hoce-li-mozura-biti-meduopstinska-ili-regionalna-deponija\/","og_site_name":"Lajme nga Ulqini","article_published_time":"2014-12-08T11:39:40+00:00","og_image":[{"url":"http:\/\/www.visit-ulcinj.com\/blog\/wp-content\/uploads\/2010\/12\/deponija_picnik.jpg"}],"twitter_misc":{"Written by":"ulqini","Est. reading time":"1 minute"},"schema":{"@context":"https:\/\/schema.org","@graph":[{"@type":"WebSite","@id":"https:\/\/www.visit-ulcinj.com\/blog\/#website","url":"https:\/\/www.visit-ulcinj.com\/blog\/","name":"Lajme nga Ulqini","description":"Lajme,Vijesti,Ulqini,Ulqin,Crna Gora,Mali i Zi","potentialAction":[{"@type":"SearchAction","target":{"@type":"EntryPoint","urlTemplate":"https:\/\/www.visit-ulcinj.com\/blog\/?s={search_term_string}"},"query-input":"required name=search_term_string"}],"inLanguage":"en-US"},{"@type":"ImageObject","inLanguage":"en-US","@id":"https:\/\/www.visit-ulcinj.com\/blog\/2014\/12\/08\/rijesiti-hoce-li-mozura-biti-meduopstinska-ili-regionalna-deponija\/#primaryimage","url":"https:\/\/www.visit-ulcinj.com\/blog\/wp-content\/uploads\/2010\/12\/deponija_picnik.jpg","contentUrl":"https:\/\/www.visit-ulcinj.com\/blog\/wp-content\/uploads\/2010\/12\/deponija_picnik.jpg","width":"1094","height":"729"},{"@type":"WebPage","@id":"https:\/\/www.visit-ulcinj.com\/blog\/2014\/12\/08\/rijesiti-hoce-li-mozura-biti-meduopstinska-ili-regionalna-deponija\/#webpage","url":"https:\/\/www.visit-ulcinj.com\/blog\/2014\/12\/08\/rijesiti-hoce-li-mozura-biti-meduopstinska-ili-regionalna-deponija\/","name":"Rije\u0161iti ho\u0107e li \"Mo\u017eura\" biti me\u0111uop\u0161tinska ili regionalna Deponija - Lajme nga Ulqini","isPartOf":{"@id":"https:\/\/www.visit-ulcinj.com\/blog\/#website"},"primaryImageOfPage":{"@id":"https:\/\/www.visit-ulcinj.com\/blog\/2014\/12\/08\/rijesiti-hoce-li-mozura-biti-meduopstinska-ili-regionalna-deponija\/#primaryimage"},"datePublished":"2014-12-08T11:39:40+00:00","dateModified":"2014-12-08T11:39:40+00:00","author":{"@id":"https:\/\/www.visit-ulcinj.com\/blog\/#\/schema\/person\/dcab619c614d3038751c63bc2aadc06d"},"description":"\"Treba rije\u0161iti ho\u0107e li Mo\u017eura biti me\u0111uop\u0161tinska ili regionalna, kao iraspodjelu dobiti jer \u0107e u 2014. ona biti preko milion eura\" Autor: Radomir Petri\u0107","breadcrumb":{"@id":"https:\/\/www.visit-ulcinj.com\/blog\/2014\/12\/08\/rijesiti-hoce-li-mozura-biti-meduopstinska-ili-regionalna-deponija\/#breadcrumb"},"inLanguage":"en-US","potentialAction":[{"@type":"ReadAction","target":["https:\/\/www.visit-ulcinj.com\/blog\/2014\/12\/08\/rijesiti-hoce-li-mozura-biti-meduopstinska-ili-regionalna-deponija\/"]}]},{"@type":"BreadcrumbList","@id":"https:\/\/www.visit-ulcinj.com\/blog\/2014\/12\/08\/rijesiti-hoce-li-mozura-biti-meduopstinska-ili-regionalna-deponija\/#breadcrumb","itemListElement":[{"@type":"ListItem","position":1,"name":"Rije\u0161iti ho\u0107e li &#8220;Mo\u017eura&#8221; biti me\u0111uop\u0161tinska ili regionalna Deponija"}]},{"@type":"Person","@id":"https:\/\/www.visit-ulcinj.com\/blog\/#\/schema\/person\/dcab619c614d3038751c63bc2aadc06d","name":"ulqini","sameAs":["http:\/\/www.visit-ulcinj.com"],"url":"https:\/\/www.visit-ulcinj.com\/blog\/author\/admin\/"}]}},"jetpack_featured_media_url":"","jetpack_sharing_enabled":true,"jetpack_shortlink":"https:\/\/wp.me\/pe6lTn-mBY","_links":{"self":[{"href":"https:\/\/www.visit-ulcinj.com\/blog\/wp-json\/wp\/v2\/posts\/86922"}],"collection":[{"href":"https:\/\/www.visit-ulcinj.com\/blog\/wp-json\/wp\/v2\/posts"}],"about":[{"href":"https:\/\/www.visit-ulcinj.com\/blog\/wp-json\/wp\/v2\/types\/post"}],"author":[{"embeddable":true,"href":"https:\/\/www.visit-ulcinj.com\/blog\/wp-json\/wp\/v2\/users\/1"}],"replies":[{"embeddable":true,"href":"https:\/\/www.visit-ulcinj.com\/blog\/wp-json\/wp\/v2\/comments?post=86922"}],"version-history":[{"count":1,"href":"https:\/\/www.visit-ulcinj.com\/blog\/wp-json\/wp\/v2\/posts\/86922\/revisions"}],"predecessor-version":[{"id":86923,"href":"https:\/\/www.visit-ulcinj.com\/blog\/wp-json\/wp\/v2\/posts\/86922\/revisions\/86923"}],"wp:attachment":[{"href":"https:\/\/www.visit-ulcinj.com\/blog\/wp-json\/wp\/v2\/media?parent=86922"}],"wp:term":[{"taxonomy":"category","embeddable":true,"href":"https:\/\/www.visit-ulcinj.com\/blog\/wp-json\/wp\/v2\/categories?post=86922"},{"taxonomy":"post_tag","embeddable":true,"href":"https:\/\/www.visit-ulcinj.com\/blog\/wp-json\/wp\/v2\/tags?post=86922"}],"curies":[{"name":"wp","href":"https:\/\/api.w.org\/{rel}","templated":true}]}}