{"id":86926,"date":"2014-12-08T12:51:34","date_gmt":"2014-12-08T11:51:34","guid":{"rendered":"http:\/\/www.visit-ulcinj.com\/blog\/?p=86926"},"modified":"2014-12-08T12:51:34","modified_gmt":"2014-12-08T11:51:34","slug":"za-docek-nove-u-ulcinj-nastupaju-genta-ismajli-leonora-jakupi-sladana-delibasic","status":"publish","type":"post","link":"https:\/\/www.visit-ulcinj.com\/blog\/2014\/12\/08\/za-docek-nove-u-ulcinj-nastupaju-genta-ismajli-leonora-jakupi-sladana-delibasic\/","title":{"rendered":"Za do\u010dek Nove u Ulcinj nastupaju Genta Ismajli, Leonora Jakupi i Sla\u0111ana Deliba\u0161i\u0107"},"content":{"rendered":"<p><a href=\"http:\/\/www.visit-ulcinj.com\/blog\/wp-content\/uploads\/2013\/01\/Genta_Leonora.jpg\"><img loading=\"lazy\" class=\"alignleft wp-image-67588\" src=\"http:\/\/www.visit-ulcinj.com\/blog\/wp-content\/uploads\/2013\/01\/Genta_Leonora.jpg\" alt=\"Genta_Leonora\" width=\"508\" height=\"508\" \/><\/a>Na ulcinjskom Pristanu bi\u0107e organizovan sve\u010dani do\u010dek Nove 2015. godine, a goste \u0107e zabavljati regionalne zvijezde: Genta Ismajli, Leonora Jakupi i Sla\u0111ana Deliba\u0161i\u0107, saznaje Portal Ul-info.<\/p>\n<div class=\"body-text\">\n<p>Tro\u0161kove ove manifestacije snosi\u0107e op\u0161tina Ulcinj, lokalna Turisti\u010dka organizacija i preduzetnici, a podr\u0161ka se o\u010dekuje i od donatora.<\/p>\n<p>Iako se pregovaralo o dolasku \u010duvene italijanske pjeva\u010dice Ane Okse, od te se namjere odustalo, jer je za njen anga\u017eman trebalo izdvojiti 55 hiljada eura.<\/p>\n<p>Zbog situacije u kojoj se nalazi ova lokalna uprava organizatori su se odlu\u010dili za ne\u0161to skromniji bud\u017eet.<\/p>\n<\/div>\n","protected":false},"excerpt":{"rendered":"<p>Na ulcinjskom Pristanu bi\u0107e organizovan sve\u010dani do\u010dek Nove 2015. godine, a goste \u0107e zabavljati regionalne zvijezde: Genta Ismajli, Leonora Jakupi i Sla\u0111ana Deliba\u0161i\u0107, saznaje Portal Ul-info. Tro\u0161kove ove manifestacije snosi\u0107e op\u0161tina Ulcinj, lokalna Turisti\u010dka organizacija i preduzetnici, a podr\u0161ka se o\u010dekuje i od donatora. Iako se pregovaralo o dolasku \u010duvene italijanske pjeva\u010dice Ane Okse, od [&hellip;]<\/p>\n","protected":false},"author":1,"featured_media":0,"comment_status":"closed","ping_status":"closed","sticky":false,"template":"","format":"standard","meta":{"spay_email":"","jetpack_publicize_message":"","jetpack_is_tweetstorm":false,"jetpack_publicize_feature_enabled":true},"categories":[6950],"tags":[],"jetpack_publicize_connections":[],"yoast_head":"<!-- This site is optimized with the Yoast SEO plugin v19.1 - https:\/\/yoast.com\/wordpress\/plugins\/seo\/ -->\n<title>Za do\u010dek Nove u Ulcinj nastupaju Genta Ismajli, Leonora Jakupi i Sla\u0111ana Deliba\u0161i\u0107 - Lajme nga Ulqini<\/title>\n<meta name=\"description\" content=\"Na ulcinjskom Pristanu bi\u0107e organizovan sve\u010dani do\u010dek Nove 2015. godine, a goste \u0107e zabavljati regionalne zvijezde: Genta Ismajli, Leonora Jakupi i\" \/>\n<meta name=\"robots\" content=\"index, follow, max-snippet:-1, max-image-preview:large, max-video-preview:-1\" \/>\n<link rel=\"canonical\" href=\"https:\/\/www.visit-ulcinj.com\/blog\/2014\/12\/08\/za-docek-nove-u-ulcinj-nastupaju-genta-ismajli-leonora-jakupi-sladana-delibasic\/\" \/>\n<meta property=\"og:locale\" content=\"en_US\" \/>\n<meta property=\"og:type\" content=\"article\" \/>\n<meta property=\"og:title\" content=\"Za do\u010dek Nove u Ulcinj nastupaju Genta Ismajli, Leonora Jakupi i Sla\u0111ana Deliba\u0161i\u0107 - Lajme nga Ulqini\" \/>\n<meta property=\"og:description\" content=\"Na ulcinjskom Pristanu bi\u0107e organizovan sve\u010dani do\u010dek Nove 2015. godine, a goste \u0107e zabavljati regionalne zvijezde: Genta Ismajli, Leonora Jakupi i\" \/>\n<meta property=\"og:url\" content=\"https:\/\/www.visit-ulcinj.com\/blog\/2014\/12\/08\/za-docek-nove-u-ulcinj-nastupaju-genta-ismajli-leonora-jakupi-sladana-delibasic\/\" \/>\n<meta property=\"og:site_name\" content=\"Lajme nga Ulqini\" \/>\n<meta property=\"article:published_time\" content=\"2014-12-08T11:51:34+00:00\" \/>\n<meta property=\"og:image\" content=\"http:\/\/www.visit-ulcinj.com\/blog\/wp-content\/uploads\/2013\/01\/Genta_Leonora.jpg\" \/>\n<meta name=\"twitter:label1\" content=\"Written by\" \/>\n\t<meta name=\"twitter:data1\" content=\"ulqini\" \/>\n\t<meta name=\"twitter:label2\" content=\"Est. reading time\" \/>\n\t<meta name=\"twitter:data2\" content=\"1 minute\" \/>\n<script type=\"application\/ld+json\" class=\"yoast-schema-graph\">{\"@context\":\"https:\/\/schema.org\",\"@graph\":[{\"@type\":\"WebSite\",\"@id\":\"https:\/\/www.visit-ulcinj.com\/blog\/#website\",\"url\":\"https:\/\/www.visit-ulcinj.com\/blog\/\",\"name\":\"Lajme nga Ulqini\",\"description\":\"Lajme,Vijesti,Ulqini,Ulqin,Crna Gora,Mali i Zi\",\"potentialAction\":[{\"@type\":\"SearchAction\",\"target\":{\"@type\":\"EntryPoint\",\"urlTemplate\":\"https:\/\/www.visit-ulcinj.com\/blog\/?s={search_term_string}\"},\"query-input\":\"required name=search_term_string\"}],\"inLanguage\":\"en-US\"},{\"@type\":\"ImageObject\",\"inLanguage\":\"en-US\",\"@id\":\"https:\/\/www.visit-ulcinj.com\/blog\/2014\/12\/08\/za-docek-nove-u-ulcinj-nastupaju-genta-ismajli-leonora-jakupi-sladana-delibasic\/#primaryimage\",\"url\":\"http:\/\/www.visit-ulcinj.com\/blog\/wp-content\/uploads\/2013\/01\/Genta_Leonora.jpg\",\"contentUrl\":\"http:\/\/www.visit-ulcinj.com\/blog\/wp-content\/uploads\/2013\/01\/Genta_Leonora.jpg\"},{\"@type\":\"WebPage\",\"@id\":\"https:\/\/www.visit-ulcinj.com\/blog\/2014\/12\/08\/za-docek-nove-u-ulcinj-nastupaju-genta-ismajli-leonora-jakupi-sladana-delibasic\/#webpage\",\"url\":\"https:\/\/www.visit-ulcinj.com\/blog\/2014\/12\/08\/za-docek-nove-u-ulcinj-nastupaju-genta-ismajli-leonora-jakupi-sladana-delibasic\/\",\"name\":\"Za do\u010dek Nove u Ulcinj nastupaju Genta Ismajli, Leonora Jakupi i Sla\u0111ana Deliba\u0161i\u0107 - Lajme nga Ulqini\",\"isPartOf\":{\"@id\":\"https:\/\/www.visit-ulcinj.com\/blog\/#website\"},\"primaryImageOfPage\":{\"@id\":\"https:\/\/www.visit-ulcinj.com\/blog\/2014\/12\/08\/za-docek-nove-u-ulcinj-nastupaju-genta-ismajli-leonora-jakupi-sladana-delibasic\/#primaryimage\"},\"datePublished\":\"2014-12-08T11:51:34+00:00\",\"dateModified\":\"2014-12-08T11:51:34+00:00\",\"author\":{\"@id\":\"https:\/\/www.visit-ulcinj.com\/blog\/#\/schema\/person\/dcab619c614d3038751c63bc2aadc06d\"},\"description\":\"Na ulcinjskom Pristanu bi\u0107e organizovan sve\u010dani do\u010dek Nove 2015. godine, a goste \u0107e zabavljati regionalne zvijezde: Genta Ismajli, Leonora Jakupi i\",\"breadcrumb\":{\"@id\":\"https:\/\/www.visit-ulcinj.com\/blog\/2014\/12\/08\/za-docek-nove-u-ulcinj-nastupaju-genta-ismajli-leonora-jakupi-sladana-delibasic\/#breadcrumb\"},\"inLanguage\":\"en-US\",\"potentialAction\":[{\"@type\":\"ReadAction\",\"target\":[\"https:\/\/www.visit-ulcinj.com\/blog\/2014\/12\/08\/za-docek-nove-u-ulcinj-nastupaju-genta-ismajli-leonora-jakupi-sladana-delibasic\/\"]}]},{\"@type\":\"BreadcrumbList\",\"@id\":\"https:\/\/www.visit-ulcinj.com\/blog\/2014\/12\/08\/za-docek-nove-u-ulcinj-nastupaju-genta-ismajli-leonora-jakupi-sladana-delibasic\/#breadcrumb\",\"itemListElement\":[{\"@type\":\"ListItem\",\"position\":1,\"name\":\"Za do\u010dek Nove u Ulcinj nastupaju Genta Ismajli, Leonora Jakupi i Sla\u0111ana Deliba\u0161i\u0107\"}]},{\"@type\":\"Person\",\"@id\":\"https:\/\/www.visit-ulcinj.com\/blog\/#\/schema\/person\/dcab619c614d3038751c63bc2aadc06d\",\"name\":\"ulqini\",\"sameAs\":[\"http:\/\/www.visit-ulcinj.com\"],\"url\":\"https:\/\/www.visit-ulcinj.com\/blog\/author\/admin\/\"}]}<\/script>\n<!-- \/ Yoast SEO plugin. -->","yoast_head_json":{"title":"Za do\u010dek Nove u Ulcinj nastupaju Genta Ismajli, Leonora Jakupi i Sla\u0111ana Deliba\u0161i\u0107 - Lajme nga Ulqini","description":"Na ulcinjskom Pristanu bi\u0107e organizovan sve\u010dani do\u010dek Nove 2015. godine, a goste \u0107e zabavljati regionalne zvijezde: Genta Ismajli, Leonora Jakupi i","robots":{"index":"index","follow":"follow","max-snippet":"max-snippet:-1","max-image-preview":"max-image-preview:large","max-video-preview":"max-video-preview:-1"},"canonical":"https:\/\/www.visit-ulcinj.com\/blog\/2014\/12\/08\/za-docek-nove-u-ulcinj-nastupaju-genta-ismajli-leonora-jakupi-sladana-delibasic\/","og_locale":"en_US","og_type":"article","og_title":"Za do\u010dek Nove u Ulcinj nastupaju Genta Ismajli, Leonora Jakupi i Sla\u0111ana Deliba\u0161i\u0107 - Lajme nga Ulqini","og_description":"Na ulcinjskom Pristanu bi\u0107e organizovan sve\u010dani do\u010dek Nove 2015. godine, a goste \u0107e zabavljati regionalne zvijezde: Genta Ismajli, Leonora Jakupi i","og_url":"https:\/\/www.visit-ulcinj.com\/blog\/2014\/12\/08\/za-docek-nove-u-ulcinj-nastupaju-genta-ismajli-leonora-jakupi-sladana-delibasic\/","og_site_name":"Lajme nga Ulqini","article_published_time":"2014-12-08T11:51:34+00:00","og_image":[{"url":"http:\/\/www.visit-ulcinj.com\/blog\/wp-content\/uploads\/2013\/01\/Genta_Leonora.jpg"}],"twitter_misc":{"Written by":"ulqini","Est. reading time":"1 minute"},"schema":{"@context":"https:\/\/schema.org","@graph":[{"@type":"WebSite","@id":"https:\/\/www.visit-ulcinj.com\/blog\/#website","url":"https:\/\/www.visit-ulcinj.com\/blog\/","name":"Lajme nga Ulqini","description":"Lajme,Vijesti,Ulqini,Ulqin,Crna Gora,Mali i Zi","potentialAction":[{"@type":"SearchAction","target":{"@type":"EntryPoint","urlTemplate":"https:\/\/www.visit-ulcinj.com\/blog\/?s={search_term_string}"},"query-input":"required name=search_term_string"}],"inLanguage":"en-US"},{"@type":"ImageObject","inLanguage":"en-US","@id":"https:\/\/www.visit-ulcinj.com\/blog\/2014\/12\/08\/za-docek-nove-u-ulcinj-nastupaju-genta-ismajli-leonora-jakupi-sladana-delibasic\/#primaryimage","url":"http:\/\/www.visit-ulcinj.com\/blog\/wp-content\/uploads\/2013\/01\/Genta_Leonora.jpg","contentUrl":"http:\/\/www.visit-ulcinj.com\/blog\/wp-content\/uploads\/2013\/01\/Genta_Leonora.jpg"},{"@type":"WebPage","@id":"https:\/\/www.visit-ulcinj.com\/blog\/2014\/12\/08\/za-docek-nove-u-ulcinj-nastupaju-genta-ismajli-leonora-jakupi-sladana-delibasic\/#webpage","url":"https:\/\/www.visit-ulcinj.com\/blog\/2014\/12\/08\/za-docek-nove-u-ulcinj-nastupaju-genta-ismajli-leonora-jakupi-sladana-delibasic\/","name":"Za do\u010dek Nove u Ulcinj nastupaju Genta Ismajli, Leonora Jakupi i Sla\u0111ana Deliba\u0161i\u0107 - Lajme nga Ulqini","isPartOf":{"@id":"https:\/\/www.visit-ulcinj.com\/blog\/#website"},"primaryImageOfPage":{"@id":"https:\/\/www.visit-ulcinj.com\/blog\/2014\/12\/08\/za-docek-nove-u-ulcinj-nastupaju-genta-ismajli-leonora-jakupi-sladana-delibasic\/#primaryimage"},"datePublished":"2014-12-08T11:51:34+00:00","dateModified":"2014-12-08T11:51:34+00:00","author":{"@id":"https:\/\/www.visit-ulcinj.com\/blog\/#\/schema\/person\/dcab619c614d3038751c63bc2aadc06d"},"description":"Na ulcinjskom Pristanu bi\u0107e organizovan sve\u010dani do\u010dek Nove 2015. godine, a goste \u0107e zabavljati regionalne zvijezde: Genta Ismajli, Leonora Jakupi i","breadcrumb":{"@id":"https:\/\/www.visit-ulcinj.com\/blog\/2014\/12\/08\/za-docek-nove-u-ulcinj-nastupaju-genta-ismajli-leonora-jakupi-sladana-delibasic\/#breadcrumb"},"inLanguage":"en-US","potentialAction":[{"@type":"ReadAction","target":["https:\/\/www.visit-ulcinj.com\/blog\/2014\/12\/08\/za-docek-nove-u-ulcinj-nastupaju-genta-ismajli-leonora-jakupi-sladana-delibasic\/"]}]},{"@type":"BreadcrumbList","@id":"https:\/\/www.visit-ulcinj.com\/blog\/2014\/12\/08\/za-docek-nove-u-ulcinj-nastupaju-genta-ismajli-leonora-jakupi-sladana-delibasic\/#breadcrumb","itemListElement":[{"@type":"ListItem","position":1,"name":"Za do\u010dek Nove u Ulcinj nastupaju Genta Ismajli, Leonora Jakupi i Sla\u0111ana Deliba\u0161i\u0107"}]},{"@type":"Person","@id":"https:\/\/www.visit-ulcinj.com\/blog\/#\/schema\/person\/dcab619c614d3038751c63bc2aadc06d","name":"ulqini","sameAs":["http:\/\/www.visit-ulcinj.com"],"url":"https:\/\/www.visit-ulcinj.com\/blog\/author\/admin\/"}]}},"jetpack_featured_media_url":"","jetpack_sharing_enabled":true,"jetpack_shortlink":"https:\/\/wp.me\/pe6lTn-mC2","_links":{"self":[{"href":"https:\/\/www.visit-ulcinj.com\/blog\/wp-json\/wp\/v2\/posts\/86926"}],"collection":[{"href":"https:\/\/www.visit-ulcinj.com\/blog\/wp-json\/wp\/v2\/posts"}],"about":[{"href":"https:\/\/www.visit-ulcinj.com\/blog\/wp-json\/wp\/v2\/types\/post"}],"author":[{"embeddable":true,"href":"https:\/\/www.visit-ulcinj.com\/blog\/wp-json\/wp\/v2\/users\/1"}],"replies":[{"embeddable":true,"href":"https:\/\/www.visit-ulcinj.com\/blog\/wp-json\/wp\/v2\/comments?post=86926"}],"version-history":[{"count":1,"href":"https:\/\/www.visit-ulcinj.com\/blog\/wp-json\/wp\/v2\/posts\/86926\/revisions"}],"predecessor-version":[{"id":86927,"href":"https:\/\/www.visit-ulcinj.com\/blog\/wp-json\/wp\/v2\/posts\/86926\/revisions\/86927"}],"wp:attachment":[{"href":"https:\/\/www.visit-ulcinj.com\/blog\/wp-json\/wp\/v2\/media?parent=86926"}],"wp:term":[{"taxonomy":"category","embeddable":true,"href":"https:\/\/www.visit-ulcinj.com\/blog\/wp-json\/wp\/v2\/categories?post=86926"},{"taxonomy":"post_tag","embeddable":true,"href":"https:\/\/www.visit-ulcinj.com\/blog\/wp-json\/wp\/v2\/tags?post=86926"}],"curies":[{"name":"wp","href":"https:\/\/api.w.org\/{rel}","templated":true}]}}