{"id":86943,"date":"2014-12-09T19:03:36","date_gmt":"2014-12-09T18:03:36","guid":{"rendered":"http:\/\/www.visit-ulcinj.com\/blog\/?p=86943"},"modified":"2014-12-09T19:03:36","modified_gmt":"2014-12-09T18:03:36","slug":"spomenik-u-svoje-tamne-dubine-obale-ulcinja","status":"publish","type":"post","link":"https:\/\/www.visit-ulcinj.com\/blog\/2014\/12\/09\/spomenik-u-svoje-tamne-dubine-obale-ulcinja\/","title":{"rendered":"Spomenik u svoje tamne dubine obale Ulcinja"},"content":{"rendered":"<p><span id=\"fbPhotoSnowliftCaption\" class=\"fbPhotosPhotoCaption\" tabindex=\"0\" data-ft=\"{&quot;tn&quot;:&quot;K&quot;}\"><span class=\"hasCaption\"><a href=\"http:\/\/www.visit-ulcinj.com\/blog\/wp-content\/uploads\/2014\/12\/Spomenik-u-svoje-tamne-dubine-Ulcinja.jpg\"><img loading=\"lazy\" class=\"alignleft wp-image-86944\" src=\"http:\/\/www.visit-ulcinj.com\/blog\/wp-content\/uploads\/2014\/12\/Spomenik-u-svoje-tamne-dubine-Ulcinja.jpg\" alt=\"Spomenik u svoje tamne dubine Ulcinja\" width=\"508\" height=\"381\" srcset=\"https:\/\/www.visit-ulcinj.com\/blog\/wp-content\/uploads\/2014\/12\/Spomenik-u-svoje-tamne-dubine-Ulcinja.jpg 960w, https:\/\/www.visit-ulcinj.com\/blog\/wp-content\/uploads\/2014\/12\/Spomenik-u-svoje-tamne-dubine-Ulcinja-300x225.jpg 300w\" sizes=\"(max-width: 508px) 100vw, 508px\" \/><\/a>Ba\u0161 nas ne\u0107e rabota! Prije par godina jedan se zaspali tip oburdao autom ispod &#8216;Galeba&#8217;, do same obale i ostao da visi na stijeni. On zdrav \u010ditav, a auto je postalo turisti\u010dka znamenitost.<i class=\"_4-k1 img sp__oU4mqkcxt7 sx_45a6b2\"><\/i> Vodili su roditelji djecu na slikanje za volanom, mladi su se vjerivali na haubi, nevjeste su na djevoja\u010dku no\u0107 igrale po krovu auta, poslednja \u017eelja starih bila je da se ogledaju u retrovizoru, ma\u010dke su se macile na zadnjem sjedi\u0161tu, iz zvu\u010dnika se orila Karmina Burana&#8230; I, zimus, veliko more odvu\u010de na\u0161 spomenik u svoje tamne dubine. Ostade stijena prazna, kao i na\u0161e du\u0161e..<\/span><\/span><\/p>\n<p><strong><a id=\"js_g2\" href=\"https:\/\/www.facebook.com\/muzafer.caushi?fref=photo\" data-hovercard=\"\/ajax\/hovercard\/user.php?id=100004977483151\">Muzafer Beljo Causi <\/a>Facebook<\/strong><\/p>\n","protected":false},"excerpt":{"rendered":"<p>Ba\u0161 nas ne\u0107e rabota! Prije par godina jedan se zaspali tip oburdao autom ispod &#8216;Galeba&#8217;, do same obale i ostao da visi na stijeni. On zdrav \u010ditav, a auto je postalo turisti\u010dka znamenitost. Vodili su roditelji djecu na slikanje za volanom, mladi su se vjerivali na haubi, nevjeste su na djevoja\u010dku no\u0107 igrale po krovu [&hellip;]<\/p>\n","protected":false},"author":1,"featured_media":0,"comment_status":"closed","ping_status":"closed","sticky":false,"template":"","format":"standard","meta":{"spay_email":"","jetpack_publicize_message":"","jetpack_is_tweetstorm":false,"jetpack_publicize_feature_enabled":true},"categories":[8337],"tags":[],"jetpack_publicize_connections":[],"yoast_head":"<!-- This site is optimized with the Yoast SEO plugin v19.1 - https:\/\/yoast.com\/wordpress\/plugins\/seo\/ -->\n<title>Spomenik u svoje tamne dubine obale Ulcinja - Lajme nga Ulqini<\/title>\n<meta name=\"description\" content=\"Ba\u0161 nas ne\u0107e rabota! Prije par godina jedan se zaspali tip oburdao autom ispod &#039;Galeba&#039;, do same obale i ostao da visi na stijeni. On zdrav \u010ditav, a auto\" \/>\n<meta name=\"robots\" content=\"index, follow, max-snippet:-1, max-image-preview:large, max-video-preview:-1\" \/>\n<link rel=\"canonical\" href=\"https:\/\/www.visit-ulcinj.com\/blog\/2014\/12\/09\/spomenik-u-svoje-tamne-dubine-obale-ulcinja\/\" \/>\n<meta property=\"og:locale\" content=\"en_US\" \/>\n<meta property=\"og:type\" content=\"article\" \/>\n<meta property=\"og:title\" content=\"Spomenik u svoje tamne dubine obale Ulcinja - Lajme nga Ulqini\" \/>\n<meta property=\"og:description\" content=\"Ba\u0161 nas ne\u0107e rabota! Prije par godina jedan se zaspali tip oburdao autom ispod &#039;Galeba&#039;, do same obale i ostao da visi na stijeni. On zdrav \u010ditav, a auto\" \/>\n<meta property=\"og:url\" content=\"https:\/\/www.visit-ulcinj.com\/blog\/2014\/12\/09\/spomenik-u-svoje-tamne-dubine-obale-ulcinja\/\" \/>\n<meta property=\"og:site_name\" content=\"Lajme nga Ulqini\" \/>\n<meta property=\"article:published_time\" content=\"2014-12-09T18:03:36+00:00\" \/>\n<meta property=\"og:image\" content=\"http:\/\/www.visit-ulcinj.com\/blog\/wp-content\/uploads\/2014\/12\/Spomenik-u-svoje-tamne-dubine-Ulcinja.jpg\" \/>\n<meta name=\"twitter:label1\" content=\"Written by\" \/>\n\t<meta name=\"twitter:data1\" content=\"ulqini\" \/>\n\t<meta name=\"twitter:label2\" content=\"Est. reading time\" \/>\n\t<meta name=\"twitter:data2\" content=\"1 minute\" \/>\n<script type=\"application\/ld+json\" class=\"yoast-schema-graph\">{\"@context\":\"https:\/\/schema.org\",\"@graph\":[{\"@type\":\"WebSite\",\"@id\":\"https:\/\/www.visit-ulcinj.com\/blog\/#website\",\"url\":\"https:\/\/www.visit-ulcinj.com\/blog\/\",\"name\":\"Lajme nga Ulqini\",\"description\":\"Lajme,Vijesti,Ulqini,Ulqin,Crna Gora,Mali i Zi\",\"potentialAction\":[{\"@type\":\"SearchAction\",\"target\":{\"@type\":\"EntryPoint\",\"urlTemplate\":\"https:\/\/www.visit-ulcinj.com\/blog\/?s={search_term_string}\"},\"query-input\":\"required name=search_term_string\"}],\"inLanguage\":\"en-US\"},{\"@type\":\"ImageObject\",\"inLanguage\":\"en-US\",\"@id\":\"https:\/\/www.visit-ulcinj.com\/blog\/2014\/12\/09\/spomenik-u-svoje-tamne-dubine-obale-ulcinja\/#primaryimage\",\"url\":\"https:\/\/www.visit-ulcinj.com\/blog\/wp-content\/uploads\/2014\/12\/Spomenik-u-svoje-tamne-dubine-Ulcinja.jpg\",\"contentUrl\":\"https:\/\/www.visit-ulcinj.com\/blog\/wp-content\/uploads\/2014\/12\/Spomenik-u-svoje-tamne-dubine-Ulcinja.jpg\",\"width\":960,\"height\":720},{\"@type\":\"WebPage\",\"@id\":\"https:\/\/www.visit-ulcinj.com\/blog\/2014\/12\/09\/spomenik-u-svoje-tamne-dubine-obale-ulcinja\/#webpage\",\"url\":\"https:\/\/www.visit-ulcinj.com\/blog\/2014\/12\/09\/spomenik-u-svoje-tamne-dubine-obale-ulcinja\/\",\"name\":\"Spomenik u svoje tamne dubine obale Ulcinja - Lajme nga Ulqini\",\"isPartOf\":{\"@id\":\"https:\/\/www.visit-ulcinj.com\/blog\/#website\"},\"primaryImageOfPage\":{\"@id\":\"https:\/\/www.visit-ulcinj.com\/blog\/2014\/12\/09\/spomenik-u-svoje-tamne-dubine-obale-ulcinja\/#primaryimage\"},\"datePublished\":\"2014-12-09T18:03:36+00:00\",\"dateModified\":\"2014-12-09T18:03:36+00:00\",\"author\":{\"@id\":\"https:\/\/www.visit-ulcinj.com\/blog\/#\/schema\/person\/dcab619c614d3038751c63bc2aadc06d\"},\"description\":\"Ba\u0161 nas ne\u0107e rabota! Prije par godina jedan se zaspali tip oburdao autom ispod 'Galeba', do same obale i ostao da visi na stijeni. On zdrav \u010ditav, a auto\",\"breadcrumb\":{\"@id\":\"https:\/\/www.visit-ulcinj.com\/blog\/2014\/12\/09\/spomenik-u-svoje-tamne-dubine-obale-ulcinja\/#breadcrumb\"},\"inLanguage\":\"en-US\",\"potentialAction\":[{\"@type\":\"ReadAction\",\"target\":[\"https:\/\/www.visit-ulcinj.com\/blog\/2014\/12\/09\/spomenik-u-svoje-tamne-dubine-obale-ulcinja\/\"]}]},{\"@type\":\"BreadcrumbList\",\"@id\":\"https:\/\/www.visit-ulcinj.com\/blog\/2014\/12\/09\/spomenik-u-svoje-tamne-dubine-obale-ulcinja\/#breadcrumb\",\"itemListElement\":[{\"@type\":\"ListItem\",\"position\":1,\"name\":\"Spomenik u svoje tamne dubine obale Ulcinja\"}]},{\"@type\":\"Person\",\"@id\":\"https:\/\/www.visit-ulcinj.com\/blog\/#\/schema\/person\/dcab619c614d3038751c63bc2aadc06d\",\"name\":\"ulqini\",\"sameAs\":[\"http:\/\/www.visit-ulcinj.com\"],\"url\":\"https:\/\/www.visit-ulcinj.com\/blog\/author\/admin\/\"}]}<\/script>\n<!-- \/ Yoast SEO plugin. -->","yoast_head_json":{"title":"Spomenik u svoje tamne dubine obale Ulcinja - Lajme nga Ulqini","description":"Ba\u0161 nas ne\u0107e rabota! Prije par godina jedan se zaspali tip oburdao autom ispod 'Galeba', do same obale i ostao da visi na stijeni. On zdrav \u010ditav, a auto","robots":{"index":"index","follow":"follow","max-snippet":"max-snippet:-1","max-image-preview":"max-image-preview:large","max-video-preview":"max-video-preview:-1"},"canonical":"https:\/\/www.visit-ulcinj.com\/blog\/2014\/12\/09\/spomenik-u-svoje-tamne-dubine-obale-ulcinja\/","og_locale":"en_US","og_type":"article","og_title":"Spomenik u svoje tamne dubine obale Ulcinja - Lajme nga Ulqini","og_description":"Ba\u0161 nas ne\u0107e rabota! Prije par godina jedan se zaspali tip oburdao autom ispod 'Galeba', do same obale i ostao da visi na stijeni. On zdrav \u010ditav, a auto","og_url":"https:\/\/www.visit-ulcinj.com\/blog\/2014\/12\/09\/spomenik-u-svoje-tamne-dubine-obale-ulcinja\/","og_site_name":"Lajme nga Ulqini","article_published_time":"2014-12-09T18:03:36+00:00","og_image":[{"url":"http:\/\/www.visit-ulcinj.com\/blog\/wp-content\/uploads\/2014\/12\/Spomenik-u-svoje-tamne-dubine-Ulcinja.jpg"}],"twitter_misc":{"Written by":"ulqini","Est. reading time":"1 minute"},"schema":{"@context":"https:\/\/schema.org","@graph":[{"@type":"WebSite","@id":"https:\/\/www.visit-ulcinj.com\/blog\/#website","url":"https:\/\/www.visit-ulcinj.com\/blog\/","name":"Lajme nga Ulqini","description":"Lajme,Vijesti,Ulqini,Ulqin,Crna Gora,Mali i Zi","potentialAction":[{"@type":"SearchAction","target":{"@type":"EntryPoint","urlTemplate":"https:\/\/www.visit-ulcinj.com\/blog\/?s={search_term_string}"},"query-input":"required name=search_term_string"}],"inLanguage":"en-US"},{"@type":"ImageObject","inLanguage":"en-US","@id":"https:\/\/www.visit-ulcinj.com\/blog\/2014\/12\/09\/spomenik-u-svoje-tamne-dubine-obale-ulcinja\/#primaryimage","url":"https:\/\/www.visit-ulcinj.com\/blog\/wp-content\/uploads\/2014\/12\/Spomenik-u-svoje-tamne-dubine-Ulcinja.jpg","contentUrl":"https:\/\/www.visit-ulcinj.com\/blog\/wp-content\/uploads\/2014\/12\/Spomenik-u-svoje-tamne-dubine-Ulcinja.jpg","width":960,"height":720},{"@type":"WebPage","@id":"https:\/\/www.visit-ulcinj.com\/blog\/2014\/12\/09\/spomenik-u-svoje-tamne-dubine-obale-ulcinja\/#webpage","url":"https:\/\/www.visit-ulcinj.com\/blog\/2014\/12\/09\/spomenik-u-svoje-tamne-dubine-obale-ulcinja\/","name":"Spomenik u svoje tamne dubine obale Ulcinja - Lajme nga Ulqini","isPartOf":{"@id":"https:\/\/www.visit-ulcinj.com\/blog\/#website"},"primaryImageOfPage":{"@id":"https:\/\/www.visit-ulcinj.com\/blog\/2014\/12\/09\/spomenik-u-svoje-tamne-dubine-obale-ulcinja\/#primaryimage"},"datePublished":"2014-12-09T18:03:36+00:00","dateModified":"2014-12-09T18:03:36+00:00","author":{"@id":"https:\/\/www.visit-ulcinj.com\/blog\/#\/schema\/person\/dcab619c614d3038751c63bc2aadc06d"},"description":"Ba\u0161 nas ne\u0107e rabota! Prije par godina jedan se zaspali tip oburdao autom ispod 'Galeba', do same obale i ostao da visi na stijeni. On zdrav \u010ditav, a auto","breadcrumb":{"@id":"https:\/\/www.visit-ulcinj.com\/blog\/2014\/12\/09\/spomenik-u-svoje-tamne-dubine-obale-ulcinja\/#breadcrumb"},"inLanguage":"en-US","potentialAction":[{"@type":"ReadAction","target":["https:\/\/www.visit-ulcinj.com\/blog\/2014\/12\/09\/spomenik-u-svoje-tamne-dubine-obale-ulcinja\/"]}]},{"@type":"BreadcrumbList","@id":"https:\/\/www.visit-ulcinj.com\/blog\/2014\/12\/09\/spomenik-u-svoje-tamne-dubine-obale-ulcinja\/#breadcrumb","itemListElement":[{"@type":"ListItem","position":1,"name":"Spomenik u svoje tamne dubine obale Ulcinja"}]},{"@type":"Person","@id":"https:\/\/www.visit-ulcinj.com\/blog\/#\/schema\/person\/dcab619c614d3038751c63bc2aadc06d","name":"ulqini","sameAs":["http:\/\/www.visit-ulcinj.com"],"url":"https:\/\/www.visit-ulcinj.com\/blog\/author\/admin\/"}]}},"jetpack_featured_media_url":"","jetpack_sharing_enabled":true,"jetpack_shortlink":"https:\/\/wp.me\/pe6lTn-mCj","_links":{"self":[{"href":"https:\/\/www.visit-ulcinj.com\/blog\/wp-json\/wp\/v2\/posts\/86943"}],"collection":[{"href":"https:\/\/www.visit-ulcinj.com\/blog\/wp-json\/wp\/v2\/posts"}],"about":[{"href":"https:\/\/www.visit-ulcinj.com\/blog\/wp-json\/wp\/v2\/types\/post"}],"author":[{"embeddable":true,"href":"https:\/\/www.visit-ulcinj.com\/blog\/wp-json\/wp\/v2\/users\/1"}],"replies":[{"embeddable":true,"href":"https:\/\/www.visit-ulcinj.com\/blog\/wp-json\/wp\/v2\/comments?post=86943"}],"version-history":[{"count":1,"href":"https:\/\/www.visit-ulcinj.com\/blog\/wp-json\/wp\/v2\/posts\/86943\/revisions"}],"predecessor-version":[{"id":86945,"href":"https:\/\/www.visit-ulcinj.com\/blog\/wp-json\/wp\/v2\/posts\/86943\/revisions\/86945"}],"wp:attachment":[{"href":"https:\/\/www.visit-ulcinj.com\/blog\/wp-json\/wp\/v2\/media?parent=86943"}],"wp:term":[{"taxonomy":"category","embeddable":true,"href":"https:\/\/www.visit-ulcinj.com\/blog\/wp-json\/wp\/v2\/categories?post=86943"},{"taxonomy":"post_tag","embeddable":true,"href":"https:\/\/www.visit-ulcinj.com\/blog\/wp-json\/wp\/v2\/tags?post=86943"}],"curies":[{"name":"wp","href":"https:\/\/api.w.org\/{rel}","templated":true}]}}