{"id":86983,"date":"2014-12-11T23:21:02","date_gmt":"2014-12-11T22:21:02","guid":{"rendered":"http:\/\/www.visit-ulcinj.com\/blog\/?p=86983"},"modified":"2014-12-12T18:36:41","modified_gmt":"2014-12-12T17:36:41","slug":"radio-elita-pervjetorin-e-12-te-punes-e-shenon-organizimin-e-konferences-shkencore-per-turizmin","status":"publish","type":"post","link":"https:\/\/www.visit-ulcinj.com\/blog\/2014\/12\/11\/radio-elita-pervjetorin-e-12-te-punes-e-shenon-organizimin-e-konferences-shkencore-per-turizmin\/","title":{"rendered":"Radio ,,Elita ,, pervjetorin e 12 t\u00eb  pun\u00ebs e shenon me organizimin e Konferences shkencore  per turizmin"},"content":{"rendered":"<p><a href=\"http:\/\/www.visit-ulcinj.com\/blog\/wp-content\/uploads\/2014\/12\/Konferenca-shkencore-per-turizmin-Ulqin-1.jpg\"><img loading=\"lazy\" class=\"alignleft wp-image-86984\" src=\"http:\/\/www.visit-ulcinj.com\/blog\/wp-content\/uploads\/2014\/12\/Konferenca-shkencore-per-turizmin-Ulqin-1.jpg\" alt=\"Konferenca shkencore  per turizmin-Ulqin-1\" width=\"508\" height=\"339\" srcset=\"https:\/\/www.visit-ulcinj.com\/blog\/wp-content\/uploads\/2014\/12\/Konferenca-shkencore-per-turizmin-Ulqin-1.jpg 747w, https:\/\/www.visit-ulcinj.com\/blog\/wp-content\/uploads\/2014\/12\/Konferenca-shkencore-per-turizmin-Ulqin-1-300x200.jpg 300w\" sizes=\"(max-width: 508px) 100vw, 508px\" \/><\/a>Ne hotelin ,,Mediteran,,u hap konferenca shkencore ,, Mali i Zi, Shqip\u00ebria dhe Kosova &#8211; Mund\u00ebsit\u00eb e zhvillimit t\u00eb prodhimit t\u00eb p\u00ebrbashk\u00ebt turistik dhe promovimit\u2019\u2019<br \/>\nQellimi i organizimit te ketij takimi eshte forcimi i\u00a0 partneritetit me vendet e rajonit\u00a0 dhe dergimi i\u00a0 mesazhit nga Ulqini q\u00eb turizmi \u00ebsht\u00eb industri q\u00eb bashkon\u00a0 kombet dhe kulturat\u00a0 thane\u00a0 organizatoret\u00a0 e Konferences. .<\/p>\n<p><a href=\"http:\/\/www.visit-ulcinj.com\/blog\/wp-content\/uploads\/2014\/12\/Konferenca-shkencore-per-turizmin-Ulqin-Radio-Elita.jpg\"><img loading=\"lazy\" class=\"alignleft wp-image-86986\" src=\"http:\/\/www.visit-ulcinj.com\/blog\/wp-content\/uploads\/2014\/12\/Konferenca-shkencore-per-turizmin-Ulqin-Radio-Elita.jpg\" alt=\"\" width=\"508\" height=\"286\" srcset=\"https:\/\/www.visit-ulcinj.com\/blog\/wp-content\/uploads\/2014\/12\/Konferenca-shkencore-per-turizmin-Ulqin-Radio-Elita.jpg 640w, https:\/\/www.visit-ulcinj.com\/blog\/wp-content\/uploads\/2014\/12\/Konferenca-shkencore-per-turizmin-Ulqin-Radio-Elita-300x168.jpg 300w\" sizes=\"(max-width: 508px) 100vw, 508px\" \/><\/a><br \/>\nNderkaq\u00a0 p\u00ebr\u00a0 kryetarin e Ulqinit Fatmir Gjeka\u00a0 kjo konference , eshte nje\u00a0 gjetje mjaft e\u00a0 dobishme\u00a0 ku eksperte\u00a0 nga Mali i Zi, Shqiperia dhe Kosova , diskutojne\u00a0 ne gjetjen e\u00a0 rrugeve\u00a0 efikase\u00a0 per tu pergjigjur\u00a0 sfidave\u00a0 \u00a0te\u00a0 zhvillimit te turizmit.Ai nenvizoi se\u00a0 projekte te ketij lloji perhere do te perkrahen nga komuna jone. Per drejtoreshen e\u00a0 Organizates turistike Zana Sarvan turizmi\u00a0 eshte sektor i nje rendesie\u00a0 prioritare\u00a0 ne programin e\u00a0 pushtetit ne Ulqin dhe se\u00a0 vendet pjesemarrese ne konference kane\u00a0 potenciale\u00a0 te pafundme\u00a0 per te\u00a0 ofruar produktet e\u00a0 tyre turistike.\u00a0 Enis Lulanoviq, nenvizoi se ministria e\u00a0 turizmit\u00a0 ka kohe qe i kushton vemendje te vecante dhe perkrah projektet turistike\u00a0 te bashkepunimit\u00a0 mes vendeve\u00a0 e\u00a0 kete do ta beje edhe ne\u00a0 te ardhmen. Vleresime te ngjashme dhane Sekretari i pare\u00a0 i Ambasades se SHqiperise\u00a0 ne Podgorice Janko SHelcaj\u00a0 dhe ai i Ambasades se Kosoves Blerim Xhemajli, ndersa per dr Elez Osmani takime te\u00a0 ketij lloji\u00a0 duhet te behen\u00a0 tradicionale dhe te\u00a0 zgjerohen dhe me partner te tjere.<\/p>\n<p><a href=\"http:\/\/www.visit-ulcinj.com\/blog\/wp-content\/uploads\/2014\/12\/Konferenca-shkencore-per-turizmin-Ulqin.jpg\"><img loading=\"lazy\" class=\"alignleft wp-image-86985\" src=\"http:\/\/www.visit-ulcinj.com\/blog\/wp-content\/uploads\/2014\/12\/Konferenca-shkencore-per-turizmin-Ulqin.jpg\" alt=\"Konferenca shkencore  per turizmin-Ulqin\" width=\"508\" height=\"339\" srcset=\"https:\/\/www.visit-ulcinj.com\/blog\/wp-content\/uploads\/2014\/12\/Konferenca-shkencore-per-turizmin-Ulqin.jpg 747w, https:\/\/www.visit-ulcinj.com\/blog\/wp-content\/uploads\/2014\/12\/Konferenca-shkencore-per-turizmin-Ulqin-300x200.jpg 300w\" sizes=\"(max-width: 508px) 100vw, 508px\" \/><\/a><br \/>\nPunimet\u00a0 e konferences\u00a0 i udhehoqen Zana Sarvan dhe Hajdar Murati. Drejtoresha\u00a0 e Departamentit\u00a0 per projekte\u00a0 dhe maredhenije nderkombetare\u00a0 nga Tirana\u00a0 Elena Bardhi\u00a0 u ndal\u00a0 detalisht ne veprimtarine\u00a0 e Agjencise\u00a0 Nacinale\u00a0 te Turizmit . Nderkaq ,prof Zllatko Buliq\u00a0 foli per\u00a0 gjendjen dhe perspektiven\u00a0 e banoreve\u00a0 t\u00eb komunave\u00a0 bregdetare te\u00a0 malit te Zi , me theks\u00a0 \u00a0te vecante ne Komunen\u00a0 tone\u00a0 duke e ilustruar\u00a0 temen e tij me\u00a0 kuadro\u00a0 te shumta qe\u00a0 flisnin per\u00a0 begatine e papare te flores dhe te\u00a0 faunes\u00a0 se Ulqinit.<br \/>\nEnkeleda Qendro nga Tirana\u00a0 theksoi rendesine\u00a0 qe\u00a0 ipet\u00a0 guidave\u00a0 turistike\u00a0 ne asociacionin kombetar dhe modelet qe ata\u00a0 aplikojne nga\u00a0 vendet\u00a0 \u00a0qe kane nje\u00a0 zhvillim te madh ne turizem. Teme\u00a0 mjaft\u00a0 interesante solli\u00a0 Halil Bajrami nga Universiteti Dardania\u00a0 i Prishtines , ku theksi u vu ne pasurite e medha\u00a0 qe kane viset e Kosoves dhe\u00a0 ne menaxhimin e tyre.Prof DR. Xheladin Ceka\u00a0 kishte sjellur\u00a0 \u00a0nje teme interesante\u00a0 \u00a0duke\u00a0 folur\u00a0 per mjeksine\u00a0 bashkohore\u00a0 ne sherbim te turizmit.Ilustrimet qe\u00a0 prezantoi\u00a0 prof. ishin mjaft\u00a0 te qelluara\u00a0 dhe\u00a0 shume domethenese.\u00a0 Me vemendje\u00a0 u ndoqen\u00a0 ligjeratat\u00a0 e Prof Mirosllav Doderoviq\u00a0 ajo e Prof. Zeke Ceku,Franka Palokes\u00a0 dhe Elton Orozi.<br \/>\nKonferenca\u00a0 vazhdon punimet, krahas ligjeruesve\u00a0 te tjere ligjerate ka paralajmeruar\u00a0 te mbaje\u00a0 dhe Prof. Habib\u00a0 LLesheviq\u00a0 nga Cass business School ne Londer. Nderkohe\u00a0 neser\u00a0 pritet\u00a0 qe grupi punues\u00a0 te\u00a0 prezantoje\u00a0 dhe konkluzat e konferences.<\/p>\n","protected":false},"excerpt":{"rendered":"<p>Ne hotelin ,,Mediteran,,u hap konferenca shkencore ,, Mali i Zi, Shqip\u00ebria dhe Kosova &#8211; Mund\u00ebsit\u00eb e zhvillimit t\u00eb prodhimit t\u00eb p\u00ebrbashk\u00ebt turistik dhe promovimit\u2019\u2019 Qellimi i organizimit te ketij takimi eshte forcimi i\u00a0 partneritetit me vendet e rajonit\u00a0 dhe dergimi i\u00a0 mesazhit nga Ulqini q\u00eb turizmi \u00ebsht\u00eb industri q\u00eb bashkon\u00a0 kombet dhe kulturat\u00a0 thane\u00a0 organizatoret\u00a0 [&hellip;]<\/p>\n","protected":false},"author":1,"featured_media":0,"comment_status":"closed","ping_status":"closed","sticky":false,"template":"","format":"standard","meta":{"spay_email":"","jetpack_publicize_message":"","jetpack_is_tweetstorm":false,"jetpack_publicize_feature_enabled":true},"categories":[1,15],"tags":[],"jetpack_publicize_connections":[],"yoast_head":"<!-- This site is optimized with the Yoast SEO plugin v19.1 - https:\/\/yoast.com\/wordpress\/plugins\/seo\/ -->\n<title>Radio ,,Elita ,, pervjetorin e 12 t\u00eb pun\u00ebs e shenon me organizimin e Konferences shkencore per turizmin - Lajme nga Ulqini<\/title>\n<meta name=\"description\" content=\"Ne hotelin ,,Mediteran,,u hap konferenca shkencore ,, Mali i Zi, Shqip\u00ebria dhe Kosova - Mund\u00ebsit\u00eb e zhvillimit t\u00eb prodhimit t\u00eb p\u00ebrbashk\u00ebt turistik dhe\" \/>\n<meta name=\"robots\" content=\"index, follow, max-snippet:-1, max-image-preview:large, max-video-preview:-1\" \/>\n<link rel=\"canonical\" href=\"https:\/\/www.visit-ulcinj.com\/blog\/2014\/12\/11\/radio-elita-pervjetorin-e-12-te-punes-e-shenon-organizimin-e-konferences-shkencore-per-turizmin\/\" \/>\n<meta property=\"og:locale\" content=\"en_US\" \/>\n<meta property=\"og:type\" content=\"article\" \/>\n<meta property=\"og:title\" content=\"Radio ,,Elita ,, pervjetorin e 12 t\u00eb pun\u00ebs e shenon me organizimin e Konferences shkencore per turizmin - Lajme nga Ulqini\" \/>\n<meta property=\"og:description\" content=\"Ne hotelin ,,Mediteran,,u hap konferenca shkencore ,, Mali i Zi, Shqip\u00ebria dhe Kosova - Mund\u00ebsit\u00eb e zhvillimit t\u00eb prodhimit t\u00eb p\u00ebrbashk\u00ebt turistik dhe\" \/>\n<meta property=\"og:url\" content=\"https:\/\/www.visit-ulcinj.com\/blog\/2014\/12\/11\/radio-elita-pervjetorin-e-12-te-punes-e-shenon-organizimin-e-konferences-shkencore-per-turizmin\/\" \/>\n<meta property=\"og:site_name\" content=\"Lajme nga Ulqini\" \/>\n<meta property=\"article:published_time\" content=\"2014-12-11T22:21:02+00:00\" \/>\n<meta property=\"article:modified_time\" content=\"2014-12-12T17:36:41+00:00\" \/>\n<meta property=\"og:image\" content=\"http:\/\/www.visit-ulcinj.com\/blog\/wp-content\/uploads\/2014\/12\/Konferenca-shkencore-per-turizmin-Ulqin-1.jpg\" \/>\n<meta name=\"twitter:label1\" content=\"Written by\" \/>\n\t<meta name=\"twitter:data1\" content=\"ulqini\" \/>\n\t<meta name=\"twitter:label2\" content=\"Est. reading time\" \/>\n\t<meta name=\"twitter:data2\" content=\"2 minutes\" \/>\n<script type=\"application\/ld+json\" class=\"yoast-schema-graph\">{\"@context\":\"https:\/\/schema.org\",\"@graph\":[{\"@type\":\"WebSite\",\"@id\":\"https:\/\/www.visit-ulcinj.com\/blog\/#website\",\"url\":\"https:\/\/www.visit-ulcinj.com\/blog\/\",\"name\":\"Lajme nga Ulqini\",\"description\":\"Lajme,Vijesti,Ulqini,Ulqin,Crna Gora,Mali i Zi\",\"potentialAction\":[{\"@type\":\"SearchAction\",\"target\":{\"@type\":\"EntryPoint\",\"urlTemplate\":\"https:\/\/www.visit-ulcinj.com\/blog\/?s={search_term_string}\"},\"query-input\":\"required name=search_term_string\"}],\"inLanguage\":\"en-US\"},{\"@type\":\"ImageObject\",\"inLanguage\":\"en-US\",\"@id\":\"https:\/\/www.visit-ulcinj.com\/blog\/2014\/12\/11\/radio-elita-pervjetorin-e-12-te-punes-e-shenon-organizimin-e-konferences-shkencore-per-turizmin\/#primaryimage\",\"url\":\"https:\/\/www.visit-ulcinj.com\/blog\/wp-content\/uploads\/2014\/12\/Konferenca-shkencore-per-turizmin-Ulqin-1.jpg\",\"contentUrl\":\"https:\/\/www.visit-ulcinj.com\/blog\/wp-content\/uploads\/2014\/12\/Konferenca-shkencore-per-turizmin-Ulqin-1.jpg\",\"width\":747,\"height\":498},{\"@type\":\"WebPage\",\"@id\":\"https:\/\/www.visit-ulcinj.com\/blog\/2014\/12\/11\/radio-elita-pervjetorin-e-12-te-punes-e-shenon-organizimin-e-konferences-shkencore-per-turizmin\/#webpage\",\"url\":\"https:\/\/www.visit-ulcinj.com\/blog\/2014\/12\/11\/radio-elita-pervjetorin-e-12-te-punes-e-shenon-organizimin-e-konferences-shkencore-per-turizmin\/\",\"name\":\"Radio ,,Elita ,, pervjetorin e 12 t\u00eb pun\u00ebs e shenon me organizimin e Konferences shkencore per turizmin - Lajme nga Ulqini\",\"isPartOf\":{\"@id\":\"https:\/\/www.visit-ulcinj.com\/blog\/#website\"},\"primaryImageOfPage\":{\"@id\":\"https:\/\/www.visit-ulcinj.com\/blog\/2014\/12\/11\/radio-elita-pervjetorin-e-12-te-punes-e-shenon-organizimin-e-konferences-shkencore-per-turizmin\/#primaryimage\"},\"datePublished\":\"2014-12-11T22:21:02+00:00\",\"dateModified\":\"2014-12-12T17:36:41+00:00\",\"author\":{\"@id\":\"https:\/\/www.visit-ulcinj.com\/blog\/#\/schema\/person\/dcab619c614d3038751c63bc2aadc06d\"},\"description\":\"Ne hotelin ,,Mediteran,,u hap konferenca shkencore ,, Mali i Zi, Shqip\u00ebria dhe Kosova - Mund\u00ebsit\u00eb e zhvillimit t\u00eb prodhimit t\u00eb p\u00ebrbashk\u00ebt turistik dhe\",\"breadcrumb\":{\"@id\":\"https:\/\/www.visit-ulcinj.com\/blog\/2014\/12\/11\/radio-elita-pervjetorin-e-12-te-punes-e-shenon-organizimin-e-konferences-shkencore-per-turizmin\/#breadcrumb\"},\"inLanguage\":\"en-US\",\"potentialAction\":[{\"@type\":\"ReadAction\",\"target\":[\"https:\/\/www.visit-ulcinj.com\/blog\/2014\/12\/11\/radio-elita-pervjetorin-e-12-te-punes-e-shenon-organizimin-e-konferences-shkencore-per-turizmin\/\"]}]},{\"@type\":\"BreadcrumbList\",\"@id\":\"https:\/\/www.visit-ulcinj.com\/blog\/2014\/12\/11\/radio-elita-pervjetorin-e-12-te-punes-e-shenon-organizimin-e-konferences-shkencore-per-turizmin\/#breadcrumb\",\"itemListElement\":[{\"@type\":\"ListItem\",\"position\":1,\"name\":\"Radio ,,Elita ,, pervjetorin e 12 t\u00eb pun\u00ebs e shenon me organizimin e Konferences shkencore per turizmin\"}]},{\"@type\":\"Person\",\"@id\":\"https:\/\/www.visit-ulcinj.com\/blog\/#\/schema\/person\/dcab619c614d3038751c63bc2aadc06d\",\"name\":\"ulqini\",\"sameAs\":[\"http:\/\/www.visit-ulcinj.com\"],\"url\":\"https:\/\/www.visit-ulcinj.com\/blog\/author\/admin\/\"}]}<\/script>\n<!-- \/ Yoast SEO plugin. -->","yoast_head_json":{"title":"Radio ,,Elita ,, pervjetorin e 12 t\u00eb pun\u00ebs e shenon me organizimin e Konferences shkencore per turizmin - Lajme nga Ulqini","description":"Ne hotelin ,,Mediteran,,u hap konferenca shkencore ,, Mali i Zi, Shqip\u00ebria dhe Kosova - Mund\u00ebsit\u00eb e zhvillimit t\u00eb prodhimit t\u00eb p\u00ebrbashk\u00ebt turistik dhe","robots":{"index":"index","follow":"follow","max-snippet":"max-snippet:-1","max-image-preview":"max-image-preview:large","max-video-preview":"max-video-preview:-1"},"canonical":"https:\/\/www.visit-ulcinj.com\/blog\/2014\/12\/11\/radio-elita-pervjetorin-e-12-te-punes-e-shenon-organizimin-e-konferences-shkencore-per-turizmin\/","og_locale":"en_US","og_type":"article","og_title":"Radio ,,Elita ,, pervjetorin e 12 t\u00eb pun\u00ebs e shenon me organizimin e Konferences shkencore per turizmin - Lajme nga Ulqini","og_description":"Ne hotelin ,,Mediteran,,u hap konferenca shkencore ,, Mali i Zi, Shqip\u00ebria dhe Kosova - Mund\u00ebsit\u00eb e zhvillimit t\u00eb prodhimit t\u00eb p\u00ebrbashk\u00ebt turistik dhe","og_url":"https:\/\/www.visit-ulcinj.com\/blog\/2014\/12\/11\/radio-elita-pervjetorin-e-12-te-punes-e-shenon-organizimin-e-konferences-shkencore-per-turizmin\/","og_site_name":"Lajme nga Ulqini","article_published_time":"2014-12-11T22:21:02+00:00","article_modified_time":"2014-12-12T17:36:41+00:00","og_image":[{"url":"http:\/\/www.visit-ulcinj.com\/blog\/wp-content\/uploads\/2014\/12\/Konferenca-shkencore-per-turizmin-Ulqin-1.jpg"}],"twitter_misc":{"Written by":"ulqini","Est. reading time":"2 minutes"},"schema":{"@context":"https:\/\/schema.org","@graph":[{"@type":"WebSite","@id":"https:\/\/www.visit-ulcinj.com\/blog\/#website","url":"https:\/\/www.visit-ulcinj.com\/blog\/","name":"Lajme nga Ulqini","description":"Lajme,Vijesti,Ulqini,Ulqin,Crna Gora,Mali i Zi","potentialAction":[{"@type":"SearchAction","target":{"@type":"EntryPoint","urlTemplate":"https:\/\/www.visit-ulcinj.com\/blog\/?s={search_term_string}"},"query-input":"required name=search_term_string"}],"inLanguage":"en-US"},{"@type":"ImageObject","inLanguage":"en-US","@id":"https:\/\/www.visit-ulcinj.com\/blog\/2014\/12\/11\/radio-elita-pervjetorin-e-12-te-punes-e-shenon-organizimin-e-konferences-shkencore-per-turizmin\/#primaryimage","url":"https:\/\/www.visit-ulcinj.com\/blog\/wp-content\/uploads\/2014\/12\/Konferenca-shkencore-per-turizmin-Ulqin-1.jpg","contentUrl":"https:\/\/www.visit-ulcinj.com\/blog\/wp-content\/uploads\/2014\/12\/Konferenca-shkencore-per-turizmin-Ulqin-1.jpg","width":747,"height":498},{"@type":"WebPage","@id":"https:\/\/www.visit-ulcinj.com\/blog\/2014\/12\/11\/radio-elita-pervjetorin-e-12-te-punes-e-shenon-organizimin-e-konferences-shkencore-per-turizmin\/#webpage","url":"https:\/\/www.visit-ulcinj.com\/blog\/2014\/12\/11\/radio-elita-pervjetorin-e-12-te-punes-e-shenon-organizimin-e-konferences-shkencore-per-turizmin\/","name":"Radio ,,Elita ,, pervjetorin e 12 t\u00eb pun\u00ebs e shenon me organizimin e Konferences shkencore per turizmin - Lajme nga Ulqini","isPartOf":{"@id":"https:\/\/www.visit-ulcinj.com\/blog\/#website"},"primaryImageOfPage":{"@id":"https:\/\/www.visit-ulcinj.com\/blog\/2014\/12\/11\/radio-elita-pervjetorin-e-12-te-punes-e-shenon-organizimin-e-konferences-shkencore-per-turizmin\/#primaryimage"},"datePublished":"2014-12-11T22:21:02+00:00","dateModified":"2014-12-12T17:36:41+00:00","author":{"@id":"https:\/\/www.visit-ulcinj.com\/blog\/#\/schema\/person\/dcab619c614d3038751c63bc2aadc06d"},"description":"Ne hotelin ,,Mediteran,,u hap konferenca shkencore ,, Mali i Zi, Shqip\u00ebria dhe Kosova - Mund\u00ebsit\u00eb e zhvillimit t\u00eb prodhimit t\u00eb p\u00ebrbashk\u00ebt turistik dhe","breadcrumb":{"@id":"https:\/\/www.visit-ulcinj.com\/blog\/2014\/12\/11\/radio-elita-pervjetorin-e-12-te-punes-e-shenon-organizimin-e-konferences-shkencore-per-turizmin\/#breadcrumb"},"inLanguage":"en-US","potentialAction":[{"@type":"ReadAction","target":["https:\/\/www.visit-ulcinj.com\/blog\/2014\/12\/11\/radio-elita-pervjetorin-e-12-te-punes-e-shenon-organizimin-e-konferences-shkencore-per-turizmin\/"]}]},{"@type":"BreadcrumbList","@id":"https:\/\/www.visit-ulcinj.com\/blog\/2014\/12\/11\/radio-elita-pervjetorin-e-12-te-punes-e-shenon-organizimin-e-konferences-shkencore-per-turizmin\/#breadcrumb","itemListElement":[{"@type":"ListItem","position":1,"name":"Radio ,,Elita ,, pervjetorin e 12 t\u00eb pun\u00ebs e shenon me organizimin e Konferences shkencore per turizmin"}]},{"@type":"Person","@id":"https:\/\/www.visit-ulcinj.com\/blog\/#\/schema\/person\/dcab619c614d3038751c63bc2aadc06d","name":"ulqini","sameAs":["http:\/\/www.visit-ulcinj.com"],"url":"https:\/\/www.visit-ulcinj.com\/blog\/author\/admin\/"}]}},"jetpack_featured_media_url":"","jetpack_sharing_enabled":true,"jetpack_shortlink":"https:\/\/wp.me\/pe6lTn-mCX","_links":{"self":[{"href":"https:\/\/www.visit-ulcinj.com\/blog\/wp-json\/wp\/v2\/posts\/86983"}],"collection":[{"href":"https:\/\/www.visit-ulcinj.com\/blog\/wp-json\/wp\/v2\/posts"}],"about":[{"href":"https:\/\/www.visit-ulcinj.com\/blog\/wp-json\/wp\/v2\/types\/post"}],"author":[{"embeddable":true,"href":"https:\/\/www.visit-ulcinj.com\/blog\/wp-json\/wp\/v2\/users\/1"}],"replies":[{"embeddable":true,"href":"https:\/\/www.visit-ulcinj.com\/blog\/wp-json\/wp\/v2\/comments?post=86983"}],"version-history":[{"count":1,"href":"https:\/\/www.visit-ulcinj.com\/blog\/wp-json\/wp\/v2\/posts\/86983\/revisions"}],"predecessor-version":[{"id":86987,"href":"https:\/\/www.visit-ulcinj.com\/blog\/wp-json\/wp\/v2\/posts\/86983\/revisions\/86987"}],"wp:attachment":[{"href":"https:\/\/www.visit-ulcinj.com\/blog\/wp-json\/wp\/v2\/media?parent=86983"}],"wp:term":[{"taxonomy":"category","embeddable":true,"href":"https:\/\/www.visit-ulcinj.com\/blog\/wp-json\/wp\/v2\/categories?post=86983"},{"taxonomy":"post_tag","embeddable":true,"href":"https:\/\/www.visit-ulcinj.com\/blog\/wp-json\/wp\/v2\/tags?post=86983"}],"curies":[{"name":"wp","href":"https:\/\/api.w.org\/{rel}","templated":true}]}}