{"id":8699,"date":"2009-01-12T12:54:54","date_gmt":"2009-01-12T11:54:54","guid":{"rendered":"http:\/\/www.visit-ulcinj.com\/blog\/?p=8699"},"modified":"2009-01-12T12:55:01","modified_gmt":"2009-01-12T11:55:01","slug":"bardhi-albanci-i-srbi-da-saraduju","status":"publish","type":"post","link":"https:\/\/www.visit-ulcinj.com\/blog\/2009\/01\/12\/bardhi-albanci-i-srbi-da-saraduju\/","title":{"rendered":"Bardhi: Albanci i Srbi da sara?uju"},"content":{"rendered":"<p><a rel=\"attachment wp-att-8700\" href=\"http:\/\/www.visit-ulcinj.com\/blog\/2009\/01\/12\/bardhi-albanci-i-srbi-da-saraduju\/mehmet-bardhi_press-center\/\"><img loading=\"lazy\" class=\"alignleft size-full wp-image-8700\" title=\"mehmet-bardhi_press-center\" src=\"http:\/\/www.visit-ulcinj.com\/blog\/wp-content\/uploads\/2009\/01\/mehmet-bardhi_press-center.jpg\" alt=\"mehmet-bardhi_press-center\" width=\"362\" height=\"279\" srcset=\"https:\/\/www.visit-ulcinj.com\/blog\/wp-content\/uploads\/2009\/01\/mehmet-bardhi_press-center.jpg 362w, https:\/\/www.visit-ulcinj.com\/blog\/wp-content\/uploads\/2009\/01\/mehmet-bardhi_press-center-300x231.jpg 300w\" sizes=\"(max-width: 362px) 100vw, 362px\" \/><\/a>Lider Demokratskog saveza Mehmet Bardhi rekao je da u njegovoj partiji nijesu zadovoljni trenutnim polo\u017eajem Albanaca u Crnoj Gori. Za to, priznaje on, dio odgovornosti snose i partije koje zastupaju interese Albanaca u Crnoj Gori, ali je najve?a krivica na aktuelnoj vlasti. Kako je kazao u intervjuu za &#8220;Dan&#8221;, vlast &#8220;jo\u0161 nije spremna za stvarnu demokratizaciju dru\u0161tva, jer da jesu, ne bi im trebali poslu\u0161nici i vazali sa bilo koje strane, ve? bi se po\u0161tovale vrijednosti koje su, na\u017ealost, u Crnoj Gori okrenute naglava?ke&#8221;.<br \/>\n~Kako ocjenjujete trenutni polo\u017eaj albanske manjine u Crnoj Gori?<br \/>\n&#8211; Nismo zadovoljni zastupljeno\u0161?u Albanaca u organima vlasti. Ima struktura u organima vlasti gdje nema nijednog Albanca. Pri?a se afirmativno a radi se obrnuto. Kolektivna prava treba da po?nu da se realizuju. Neophodna je decentralizacija vlasti, vra?anje ingerencija op\u0161tinama, preispitivanje svega u vezi Morskog dobra, koje ja zovem morsko zlo. Op\u0161tinama treba vratiti nadle\u017enosti jer centralna vlast ubira prihode i ula\u017ee ih gdje ona \u017eeli a ne tamo gdje se ostvaruju. To se ti?e ne samo Albanaca nego i svih drugih gra?ana. Treba preispitati dosada\u0161nje privatizacije i naro?ito voditi ra?una o budu?im. Ne treba sve da bude na prodaju kao \u0161to su krenuli. Postoji ne\u0161to \u0161to se ni za kakve pare ne mo\u017ee prodati. Neophodno je vratiti imovinu biv\u0161im vlasnicima u Valdanosu i u Malesiji. Planta\u017ee su u\u0161le u srce Malesije, uzeli su zemlju. Ne tra\u017eimo da se to uni\u0161ti nego da gra?ani Malesije imaju svoj udio. Potrebno je i vra?anje \u0161uma na pravedan na?in. U Ulcinju je radila komisija za povra?aj imovine ali je zakonima i drugim aktima to sada napravljeno na nivou vi\u0161e op\u0161tina sa centrom u Baru. Tendencija je da se marginalizuju prostori gdje \u017eive Albanci. Za sve ovo bi trebalo da postoji dobra politi?ka klima i uzajamno razumijevanje. Mi u DS-u smo uvijek bili spremni za saradnju i ozbiljno partnerstvo. To je proces, ne mo\u017ee biti zavr\u0161eno odjednom, ali je najva\u017enija decentralizacija da ne bi sve bilo u rukama elite koja zloupotrebom vlasti prisvaja i neka dobra koja pripadaju svim gra?anima.<br \/>\n~Vjerujete li da ?e nakon podno\u0161enja aplikacije u daljem putu Crne Gore ka EU biti napretka na ovom planu?<br \/>\n&#8211; Crna Gora je dostavila molbu da bude kandidat za ?lanstvo u EU, taj papir koji popularno zovu aplikacija. Crna Gora mora da stvara klimu po\u0161tovanja normi i standarda EU i SAD. Ako se bude i\u0161lo u tom pravcu, a mora se ukoliko se \u017eeli u Evropu, ne?e mo?i da ostaje samo na rije?ima ve? je neophodno i pokazati se na djelu. Smatram da bi moglo imati prostora za pobolj\u0161anje polo\u017eaja Albanaca i ispunjavanje nekih zahtjeva. Jedno je re?i a drugo omogu?iti da se to i sprovede u stvarnosti. Dosta je ve? re?eno oko potrebe primjene zakona. Neophodno je donijeti dobre zakone koji ?e po\u0161tovati evropske standarde, upodobiti ih za na\u0161e podneblje i naravno primijeniti. Najvi\u0161e ?e zavisiti od albanskih politi?kih subjekata u Crnoj Gori i gra?ana albanske nacionalnosti.<br \/>\n~Po Va\u0161em mi\u0161ljenju, kakvi su trenutni odnosi u crnogorskoj opoziciji i gdje vidite prostor za jedinstveno djelovanje?<br \/>\n&#8211; Opozicija u Crnoj Gori je dosta politi?ki heterogena, ali ipak mo\u017ee zajedno da djeluje po odre?enim konkretnim pitanjima. Mogu?e je djelovati u dva ili tri nukleusa. Ima stvari u kojima se cijela opozicija ne mo\u017ee slagati, jedno od tih pitanja je i Kosovo, o ?emu prosrpske partije misle druga?ije od albanskih. Mislim da ima mjesta za saradnju Albanaca i Srba. Daleko sam od mi\u0161ljenja da se mo\u017ee napraviti neki sporazumni opozicioni blok, ve? treba zajedno djelovati od teme do teme.<br \/>\n~Kako komentari\u0161ete zapo?etu transformaciju SL i najavu ujedinjenja srpskih politi?kih subjekata u jednu partiju?<br \/>\n&#8211; Ideja transformacije je sama po sebi dobra. Ne smatram da treba da bude samo jedan stranka, mo\u017eda bi bile bolje dvije jake. Isto tako ne bi trebalo da bude ovako kako je kod Albanaca. \u0160to je vi\u0161e podjela, vi\u0161e ?e koristiti onima kojima je i dosada koristilo. Raspar?avanje i podjele ne bi trebalo da budu dugoro?an interes nikome ko misli dobro Crnoj Gori, pa ni vlasti.<br \/>\n<strong>V.RADENOVI?<br \/>\nIzvor \/ Dan<\/strong><\/p>\n","protected":false},"excerpt":{"rendered":"<p>Lider Demokratskog saveza Mehmet Bardhi rekao je da u njegovoj partiji nijesu zadovoljni trenutnim polo\u017eajem Albanaca u Crnoj Gori. Za to, priznaje on, dio odgovornosti snose i partije koje zastupaju interese Albanaca u Crnoj Gori, ali je najve?a krivica na aktuelnoj vlasti. Kako je kazao u intervjuu za &#8220;Dan&#8221;, vlast &#8220;jo\u0161 nije spremna za stvarnu [&hellip;]<\/p>\n","protected":false},"author":1,"featured_media":0,"comment_status":"open","ping_status":"closed","sticky":false,"template":"","format":"standard","meta":{"spay_email":"","jetpack_publicize_message":"","jetpack_is_tweetstorm":false,"jetpack_publicize_feature_enabled":true},"categories":[1],"tags":[5721,5722,5720,5724,2708,5723],"jetpack_publicize_connections":[],"yoast_head":"<!-- This site is optimized with the Yoast SEO plugin v19.1 - https:\/\/yoast.com\/wordpress\/plugins\/seo\/ -->\n<title>Bardhi: Albanci i Srbi da sara?uju - Lajme nga Ulqini<\/title>\n<meta name=\"description\" content=\"Lider Demokratskog saveza Mehmet Bardhi rekao je da u njegovoj partiji nijesu zadovoljni trenutnim polo\u017eajem Albanaca u Crnoj Gori. Za to, priznaje on,\" \/>\n<meta name=\"robots\" content=\"index, follow, max-snippet:-1, max-image-preview:large, max-video-preview:-1\" \/>\n<link rel=\"canonical\" href=\"https:\/\/www.visit-ulcinj.com\/blog\/2009\/01\/12\/bardhi-albanci-i-srbi-da-saraduju\/\" \/>\n<meta property=\"og:locale\" content=\"en_US\" \/>\n<meta property=\"og:type\" content=\"article\" \/>\n<meta property=\"og:title\" content=\"Bardhi: Albanci i Srbi da sara?uju - Lajme nga Ulqini\" \/>\n<meta property=\"og:description\" content=\"Lider Demokratskog saveza Mehmet Bardhi rekao je da u njegovoj partiji nijesu zadovoljni trenutnim polo\u017eajem Albanaca u Crnoj Gori. Za to, priznaje on,\" \/>\n<meta property=\"og:url\" content=\"https:\/\/www.visit-ulcinj.com\/blog\/2009\/01\/12\/bardhi-albanci-i-srbi-da-saraduju\/\" \/>\n<meta property=\"og:site_name\" content=\"Lajme nga Ulqini\" \/>\n<meta property=\"article:published_time\" content=\"2009-01-12T11:54:54+00:00\" \/>\n<meta property=\"article:modified_time\" content=\"2009-01-12T11:55:01+00:00\" \/>\n<meta property=\"og:image\" content=\"http:\/\/www.visit-ulcinj.com\/blog\/wp-content\/uploads\/2009\/01\/mehmet-bardhi_press-center.jpg\" \/>\n<meta name=\"twitter:label1\" content=\"Written by\" \/>\n\t<meta name=\"twitter:data1\" content=\"ulqini\" \/>\n\t<meta name=\"twitter:label2\" content=\"Est. reading time\" \/>\n\t<meta name=\"twitter:data2\" content=\"4 minutes\" \/>\n<script type=\"application\/ld+json\" class=\"yoast-schema-graph\">{\"@context\":\"https:\/\/schema.org\",\"@graph\":[{\"@type\":\"WebSite\",\"@id\":\"https:\/\/www.visit-ulcinj.com\/blog\/#website\",\"url\":\"https:\/\/www.visit-ulcinj.com\/blog\/\",\"name\":\"Lajme nga Ulqini\",\"description\":\"Lajme,Vijesti,Ulqini,Ulqin,Crna Gora,Mali i Zi\",\"potentialAction\":[{\"@type\":\"SearchAction\",\"target\":{\"@type\":\"EntryPoint\",\"urlTemplate\":\"https:\/\/www.visit-ulcinj.com\/blog\/?s={search_term_string}\"},\"query-input\":\"required name=search_term_string\"}],\"inLanguage\":\"en-US\"},{\"@type\":\"ImageObject\",\"inLanguage\":\"en-US\",\"@id\":\"https:\/\/www.visit-ulcinj.com\/blog\/2009\/01\/12\/bardhi-albanci-i-srbi-da-saraduju\/#primaryimage\",\"url\":\"https:\/\/www.visit-ulcinj.com\/blog\/wp-content\/uploads\/2009\/01\/mehmet-bardhi_press-center.jpg\",\"contentUrl\":\"https:\/\/www.visit-ulcinj.com\/blog\/wp-content\/uploads\/2009\/01\/mehmet-bardhi_press-center.jpg\",\"width\":\"362\",\"height\":\"279\"},{\"@type\":\"WebPage\",\"@id\":\"https:\/\/www.visit-ulcinj.com\/blog\/2009\/01\/12\/bardhi-albanci-i-srbi-da-saraduju\/#webpage\",\"url\":\"https:\/\/www.visit-ulcinj.com\/blog\/2009\/01\/12\/bardhi-albanci-i-srbi-da-saraduju\/\",\"name\":\"Bardhi: Albanci i Srbi da sara?uju - Lajme nga Ulqini\",\"isPartOf\":{\"@id\":\"https:\/\/www.visit-ulcinj.com\/blog\/#website\"},\"primaryImageOfPage\":{\"@id\":\"https:\/\/www.visit-ulcinj.com\/blog\/2009\/01\/12\/bardhi-albanci-i-srbi-da-saraduju\/#primaryimage\"},\"datePublished\":\"2009-01-12T11:54:54+00:00\",\"dateModified\":\"2009-01-12T11:55:01+00:00\",\"author\":{\"@id\":\"https:\/\/www.visit-ulcinj.com\/blog\/#\/schema\/person\/dcab619c614d3038751c63bc2aadc06d\"},\"description\":\"Lider Demokratskog saveza Mehmet Bardhi rekao je da u njegovoj partiji nijesu zadovoljni trenutnim polo\u017eajem Albanaca u Crnoj Gori. Za to, priznaje on,\",\"breadcrumb\":{\"@id\":\"https:\/\/www.visit-ulcinj.com\/blog\/2009\/01\/12\/bardhi-albanci-i-srbi-da-saraduju\/#breadcrumb\"},\"inLanguage\":\"en-US\",\"potentialAction\":[{\"@type\":\"ReadAction\",\"target\":[\"https:\/\/www.visit-ulcinj.com\/blog\/2009\/01\/12\/bardhi-albanci-i-srbi-da-saraduju\/\"]}]},{\"@type\":\"BreadcrumbList\",\"@id\":\"https:\/\/www.visit-ulcinj.com\/blog\/2009\/01\/12\/bardhi-albanci-i-srbi-da-saraduju\/#breadcrumb\",\"itemListElement\":[{\"@type\":\"ListItem\",\"position\":1,\"name\":\"Bardhi: Albanci i Srbi da sara?uju\"}]},{\"@type\":\"Person\",\"@id\":\"https:\/\/www.visit-ulcinj.com\/blog\/#\/schema\/person\/dcab619c614d3038751c63bc2aadc06d\",\"name\":\"ulqini\",\"sameAs\":[\"http:\/\/www.visit-ulcinj.com\"],\"url\":\"https:\/\/www.visit-ulcinj.com\/blog\/author\/admin\/\"}]}<\/script>\n<!-- \/ Yoast SEO plugin. -->","yoast_head_json":{"title":"Bardhi: Albanci i Srbi da sara?uju - Lajme nga Ulqini","description":"Lider Demokratskog saveza Mehmet Bardhi rekao je da u njegovoj partiji nijesu zadovoljni trenutnim polo\u017eajem Albanaca u Crnoj Gori. Za to, priznaje on,","robots":{"index":"index","follow":"follow","max-snippet":"max-snippet:-1","max-image-preview":"max-image-preview:large","max-video-preview":"max-video-preview:-1"},"canonical":"https:\/\/www.visit-ulcinj.com\/blog\/2009\/01\/12\/bardhi-albanci-i-srbi-da-saraduju\/","og_locale":"en_US","og_type":"article","og_title":"Bardhi: Albanci i Srbi da sara?uju - Lajme nga Ulqini","og_description":"Lider Demokratskog saveza Mehmet Bardhi rekao je da u njegovoj partiji nijesu zadovoljni trenutnim polo\u017eajem Albanaca u Crnoj Gori. Za to, priznaje on,","og_url":"https:\/\/www.visit-ulcinj.com\/blog\/2009\/01\/12\/bardhi-albanci-i-srbi-da-saraduju\/","og_site_name":"Lajme nga Ulqini","article_published_time":"2009-01-12T11:54:54+00:00","article_modified_time":"2009-01-12T11:55:01+00:00","og_image":[{"url":"http:\/\/www.visit-ulcinj.com\/blog\/wp-content\/uploads\/2009\/01\/mehmet-bardhi_press-center.jpg"}],"twitter_misc":{"Written by":"ulqini","Est. reading time":"4 minutes"},"schema":{"@context":"https:\/\/schema.org","@graph":[{"@type":"WebSite","@id":"https:\/\/www.visit-ulcinj.com\/blog\/#website","url":"https:\/\/www.visit-ulcinj.com\/blog\/","name":"Lajme nga Ulqini","description":"Lajme,Vijesti,Ulqini,Ulqin,Crna Gora,Mali i Zi","potentialAction":[{"@type":"SearchAction","target":{"@type":"EntryPoint","urlTemplate":"https:\/\/www.visit-ulcinj.com\/blog\/?s={search_term_string}"},"query-input":"required name=search_term_string"}],"inLanguage":"en-US"},{"@type":"ImageObject","inLanguage":"en-US","@id":"https:\/\/www.visit-ulcinj.com\/blog\/2009\/01\/12\/bardhi-albanci-i-srbi-da-saraduju\/#primaryimage","url":"https:\/\/www.visit-ulcinj.com\/blog\/wp-content\/uploads\/2009\/01\/mehmet-bardhi_press-center.jpg","contentUrl":"https:\/\/www.visit-ulcinj.com\/blog\/wp-content\/uploads\/2009\/01\/mehmet-bardhi_press-center.jpg","width":"362","height":"279"},{"@type":"WebPage","@id":"https:\/\/www.visit-ulcinj.com\/blog\/2009\/01\/12\/bardhi-albanci-i-srbi-da-saraduju\/#webpage","url":"https:\/\/www.visit-ulcinj.com\/blog\/2009\/01\/12\/bardhi-albanci-i-srbi-da-saraduju\/","name":"Bardhi: Albanci i Srbi da sara?uju - Lajme nga Ulqini","isPartOf":{"@id":"https:\/\/www.visit-ulcinj.com\/blog\/#website"},"primaryImageOfPage":{"@id":"https:\/\/www.visit-ulcinj.com\/blog\/2009\/01\/12\/bardhi-albanci-i-srbi-da-saraduju\/#primaryimage"},"datePublished":"2009-01-12T11:54:54+00:00","dateModified":"2009-01-12T11:55:01+00:00","author":{"@id":"https:\/\/www.visit-ulcinj.com\/blog\/#\/schema\/person\/dcab619c614d3038751c63bc2aadc06d"},"description":"Lider Demokratskog saveza Mehmet Bardhi rekao je da u njegovoj partiji nijesu zadovoljni trenutnim polo\u017eajem Albanaca u Crnoj Gori. Za to, priznaje on,","breadcrumb":{"@id":"https:\/\/www.visit-ulcinj.com\/blog\/2009\/01\/12\/bardhi-albanci-i-srbi-da-saraduju\/#breadcrumb"},"inLanguage":"en-US","potentialAction":[{"@type":"ReadAction","target":["https:\/\/www.visit-ulcinj.com\/blog\/2009\/01\/12\/bardhi-albanci-i-srbi-da-saraduju\/"]}]},{"@type":"BreadcrumbList","@id":"https:\/\/www.visit-ulcinj.com\/blog\/2009\/01\/12\/bardhi-albanci-i-srbi-da-saraduju\/#breadcrumb","itemListElement":[{"@type":"ListItem","position":1,"name":"Bardhi: Albanci i Srbi da sara?uju"}]},{"@type":"Person","@id":"https:\/\/www.visit-ulcinj.com\/blog\/#\/schema\/person\/dcab619c614d3038751c63bc2aadc06d","name":"ulqini","sameAs":["http:\/\/www.visit-ulcinj.com"],"url":"https:\/\/www.visit-ulcinj.com\/blog\/author\/admin\/"}]}},"jetpack_featured_media_url":"","jetpack_sharing_enabled":true,"jetpack_shortlink":"https:\/\/wp.me\/pe6lTn-2gj","_links":{"self":[{"href":"https:\/\/www.visit-ulcinj.com\/blog\/wp-json\/wp\/v2\/posts\/8699"}],"collection":[{"href":"https:\/\/www.visit-ulcinj.com\/blog\/wp-json\/wp\/v2\/posts"}],"about":[{"href":"https:\/\/www.visit-ulcinj.com\/blog\/wp-json\/wp\/v2\/types\/post"}],"author":[{"embeddable":true,"href":"https:\/\/www.visit-ulcinj.com\/blog\/wp-json\/wp\/v2\/users\/1"}],"replies":[{"embeddable":true,"href":"https:\/\/www.visit-ulcinj.com\/blog\/wp-json\/wp\/v2\/comments?post=8699"}],"version-history":[{"count":0,"href":"https:\/\/www.visit-ulcinj.com\/blog\/wp-json\/wp\/v2\/posts\/8699\/revisions"}],"wp:attachment":[{"href":"https:\/\/www.visit-ulcinj.com\/blog\/wp-json\/wp\/v2\/media?parent=8699"}],"wp:term":[{"taxonomy":"category","embeddable":true,"href":"https:\/\/www.visit-ulcinj.com\/blog\/wp-json\/wp\/v2\/categories?post=8699"},{"taxonomy":"post_tag","embeddable":true,"href":"https:\/\/www.visit-ulcinj.com\/blog\/wp-json\/wp\/v2\/tags?post=8699"}],"curies":[{"name":"wp","href":"https:\/\/api.w.org\/{rel}","templated":true}]}}