{"id":86991,"date":"2014-12-12T07:05:37","date_gmt":"2014-12-12T06:05:37","guid":{"rendered":"http:\/\/www.visit-ulcinj.com\/blog\/?p=86991"},"modified":"2014-12-12T07:06:39","modified_gmt":"2014-12-12T06:06:39","slug":"ne-mal-te-zi-rriten-shpenzimet-buxhetore-per-201","status":"publish","type":"post","link":"https:\/\/www.visit-ulcinj.com\/blog\/2014\/12\/12\/ne-mal-te-zi-rriten-shpenzimet-buxhetore-per-201\/","title":{"rendered":"N\u00eb Mal t\u00eb Zi, rriten shpenzimet buxhetore p\u00ebr 2015"},"content":{"rendered":"<p><a href=\"http:\/\/www.visit-ulcinj.com\/blog\/wp-content\/uploads\/2014\/12\/buxheti-.jpeg\"><img loading=\"lazy\" class=\"alignleft wp-image-86992\" src=\"http:\/\/www.visit-ulcinj.com\/blog\/wp-content\/uploads\/2014\/12\/buxheti-.jpeg\" alt=\"buxheti-\" width=\"508\" height=\"359\" srcset=\"https:\/\/www.visit-ulcinj.com\/blog\/wp-content\/uploads\/2014\/12\/buxheti-.jpeg 1200w, https:\/\/www.visit-ulcinj.com\/blog\/wp-content\/uploads\/2014\/12\/buxheti--300x212.jpeg 300w, https:\/\/www.visit-ulcinj.com\/blog\/wp-content\/uploads\/2014\/12\/buxheti--1024x724.jpeg 1024w\" sizes=\"(max-width: 508px) 100vw, 508px\" \/><\/a>Mali i Zi ka vendosur q\u00eb buxheti p\u00ebr 2015-nt\u00eb jet\u00eb rreth 2 miliard\u00eb euro, nj\u00eb e kat\u00ebrta m\u00eb shum\u00eb se n\u00eb vitin 2014, p\u00ebr t\u00eb mbuluar kredit\u00eb p\u00ebr nd\u00ebrtimin e autostrad\u00ebs dhe pagesat e kredive t\u00eb m\u00ebparshme.<\/p>\n<p>Kabineti i Malit t\u00eb Zi miratoi projektligjin e Buxhetit 2015, pas ndryshimit mbiprojektligjin p\u00ebr t\u00eb cilin \u00ebsht\u00eb r\u00ebn\u00ebdakord m\u00eb par\u00eb.<\/p>\n<p>Kabineti ra dakordt\u00eb p\u00ebrcaktoj\u00eb nj\u00eb shif\u00ebr prej 2 milion\u00eb eurosh, nj\u00eb rritje prej 455 milion\u00ebsh n\u00eb buxhet krahasuar me k\u00ebt\u00eb vit.<\/p>\n<p>Qeveria pret nj\u00eb deficit buxhetor prej 6.78%, kryesisht p\u00ebr shkak t\u00eb nd\u00ebrtimit t\u00eb nj\u00eb autostrade dhe nevoj\u00ebs p\u00ebr t\u00eb shlyer rreth 400 milion\u00eb euro n\u00eb garanci bankare dhe kredi nga vitet e m\u00ebparshme.<\/p>\n<p>Sipas projektbuxhetit, vitin e ardhsh\u00ebm, qeveria mund t\u00eb marr\u00eb hua deri n\u00eb 650 milion\u00eb euro p\u00ebr t\u00eb mbuluar detyrimet e kredis\u00eb dhe deficitin buxhetor.Rreth 240 milion\u00eb euro do t\u00ebcaktohen p\u00ebr t\u00eb mbuluar hendekun e buxhetit, p\u00ebrfshir\u00eb 206 milion\u00eb euro kredi p\u00ebr autostrad\u00ebn.<\/p>\n<p>Mali i Zi do tambaj\u00eb TVSH-n\u00eb n\u00eb 19%dhe qeveria do t\u00eb vazhdoj\u00eb t\u00eb mbledh\u00eb\u2019taks\u00ebn e kriz\u00ebs\u2019 prej 9% n\u00eb pagat mujore mbi 480 euro.<\/p>\n<p>\u201cQ\u00ebllimi \u00ebsht\u00eb q\u00eb t\u00eb siguroj\u00eb mb\u00ebshtetje m\u00eb t\u00eb fort\u00eb p\u00ebr projektet prioritare t\u00ebzhvillimit t\u00eb Malit t\u00eb Zi dhe t\u00eb inkurajoj\u00eb investitor\u00ebt, n\u00eb m\u00ebnyr\u00eb q\u00eb t\u00eb stimuloj\u00eb rritjen ekonomike dhe t\u00eb krijoj\u00ebvende t\u00eb reja pune\u201d,tha qeveria n\u00eb nj\u00eb deklarat\u00eb.Komisioni Europian dhe Fondi Monetar Nd\u00ebrkomb\u00ebtar, FMN, n\u00eb parashikimet e tyre t\u00eb vjesht\u00ebs ul\u00ebn parashikimin e rritjes s\u00ebMalit t\u00eb Zi p\u00ebr vitin 2015 nga 3.6%parashikuar n\u00eb maj n\u00eb 3%.<\/p>\n<p>Megjithat\u00eb komisioni tha se pretq\u00eb aktiviteti ekonomik t\u00eb rim\u00ebk\u00ebmbetn\u00eb vitin 2016.<\/p>\n<p><strong>Burimi: MONITOR.al<\/strong><\/p>\n","protected":false},"excerpt":{"rendered":"<p>Mali i Zi ka vendosur q\u00eb buxheti p\u00ebr 2015-nt\u00eb jet\u00eb rreth 2 miliard\u00eb euro, nj\u00eb e kat\u00ebrta m\u00eb shum\u00eb se n\u00eb vitin 2014, p\u00ebr t\u00eb mbuluar kredit\u00eb p\u00ebr nd\u00ebrtimin e autostrad\u00ebs dhe pagesat e kredive t\u00eb m\u00ebparshme. Kabineti i Malit t\u00eb Zi miratoi projektligjin e Buxhetit 2015, pas ndryshimit mbiprojektligjin p\u00ebr t\u00eb cilin \u00ebsht\u00eb r\u00ebn\u00ebdakord [&hellip;]<\/p>\n","protected":false},"author":1,"featured_media":0,"comment_status":"closed","ping_status":"closed","sticky":false,"template":"","format":"standard","meta":{"spay_email":"","jetpack_publicize_message":"","jetpack_is_tweetstorm":false,"jetpack_publicize_feature_enabled":true},"categories":[2451],"tags":[],"jetpack_publicize_connections":[],"yoast_head":"<!-- This site is optimized with the Yoast SEO plugin v19.1 - https:\/\/yoast.com\/wordpress\/plugins\/seo\/ -->\n<title>N\u00eb Mal t\u00eb Zi, rriten shpenzimet buxhetore p\u00ebr 2015 - Lajme nga Ulqini<\/title>\n<meta name=\"description\" content=\"Mali i Zi ka vendosur q\u00eb buxheti p\u00ebr 2015-nt\u00eb jet\u00eb rreth 2 miliard\u00eb euro, nj\u00eb e kat\u00ebrta m\u00eb shum\u00eb se n\u00eb vitin 2014, p\u00ebr t\u00eb mbuluar kredit\u00eb p\u00ebr nd\u00ebrtimin e\" \/>\n<meta name=\"robots\" content=\"index, follow, max-snippet:-1, max-image-preview:large, max-video-preview:-1\" \/>\n<link rel=\"canonical\" href=\"https:\/\/www.visit-ulcinj.com\/blog\/2014\/12\/12\/ne-mal-te-zi-rriten-shpenzimet-buxhetore-per-201\/\" \/>\n<meta property=\"og:locale\" content=\"en_US\" \/>\n<meta property=\"og:type\" content=\"article\" \/>\n<meta property=\"og:title\" content=\"N\u00eb Mal t\u00eb Zi, rriten shpenzimet buxhetore p\u00ebr 2015 - Lajme nga Ulqini\" \/>\n<meta property=\"og:description\" content=\"Mali i Zi ka vendosur q\u00eb buxheti p\u00ebr 2015-nt\u00eb jet\u00eb rreth 2 miliard\u00eb euro, nj\u00eb e kat\u00ebrta m\u00eb shum\u00eb se n\u00eb vitin 2014, p\u00ebr t\u00eb mbuluar kredit\u00eb p\u00ebr nd\u00ebrtimin e\" \/>\n<meta property=\"og:url\" content=\"https:\/\/www.visit-ulcinj.com\/blog\/2014\/12\/12\/ne-mal-te-zi-rriten-shpenzimet-buxhetore-per-201\/\" \/>\n<meta property=\"og:site_name\" content=\"Lajme nga Ulqini\" \/>\n<meta property=\"article:published_time\" content=\"2014-12-12T06:05:37+00:00\" \/>\n<meta property=\"article:modified_time\" content=\"2014-12-12T06:06:39+00:00\" \/>\n<meta property=\"og:image\" content=\"http:\/\/www.visit-ulcinj.com\/blog\/wp-content\/uploads\/2014\/12\/buxheti-.jpeg\" \/>\n<meta name=\"twitter:label1\" content=\"Written by\" \/>\n\t<meta name=\"twitter:data1\" content=\"ulqini\" \/>\n\t<meta name=\"twitter:label2\" content=\"Est. reading time\" \/>\n\t<meta name=\"twitter:data2\" content=\"1 minute\" \/>\n<script type=\"application\/ld+json\" class=\"yoast-schema-graph\">{\"@context\":\"https:\/\/schema.org\",\"@graph\":[{\"@type\":\"WebSite\",\"@id\":\"https:\/\/www.visit-ulcinj.com\/blog\/#website\",\"url\":\"https:\/\/www.visit-ulcinj.com\/blog\/\",\"name\":\"Lajme nga Ulqini\",\"description\":\"Lajme,Vijesti,Ulqini,Ulqin,Crna Gora,Mali i Zi\",\"potentialAction\":[{\"@type\":\"SearchAction\",\"target\":{\"@type\":\"EntryPoint\",\"urlTemplate\":\"https:\/\/www.visit-ulcinj.com\/blog\/?s={search_term_string}\"},\"query-input\":\"required name=search_term_string\"}],\"inLanguage\":\"en-US\"},{\"@type\":\"ImageObject\",\"inLanguage\":\"en-US\",\"@id\":\"https:\/\/www.visit-ulcinj.com\/blog\/2014\/12\/12\/ne-mal-te-zi-rriten-shpenzimet-buxhetore-per-201\/#primaryimage\",\"url\":\"https:\/\/www.visit-ulcinj.com\/blog\/wp-content\/uploads\/2014\/12\/buxheti-.jpeg\",\"contentUrl\":\"https:\/\/www.visit-ulcinj.com\/blog\/wp-content\/uploads\/2014\/12\/buxheti-.jpeg\",\"width\":1200,\"height\":849},{\"@type\":\"WebPage\",\"@id\":\"https:\/\/www.visit-ulcinj.com\/blog\/2014\/12\/12\/ne-mal-te-zi-rriten-shpenzimet-buxhetore-per-201\/#webpage\",\"url\":\"https:\/\/www.visit-ulcinj.com\/blog\/2014\/12\/12\/ne-mal-te-zi-rriten-shpenzimet-buxhetore-per-201\/\",\"name\":\"N\u00eb Mal t\u00eb Zi, rriten shpenzimet buxhetore p\u00ebr 2015 - Lajme nga Ulqini\",\"isPartOf\":{\"@id\":\"https:\/\/www.visit-ulcinj.com\/blog\/#website\"},\"primaryImageOfPage\":{\"@id\":\"https:\/\/www.visit-ulcinj.com\/blog\/2014\/12\/12\/ne-mal-te-zi-rriten-shpenzimet-buxhetore-per-201\/#primaryimage\"},\"datePublished\":\"2014-12-12T06:05:37+00:00\",\"dateModified\":\"2014-12-12T06:06:39+00:00\",\"author\":{\"@id\":\"https:\/\/www.visit-ulcinj.com\/blog\/#\/schema\/person\/dcab619c614d3038751c63bc2aadc06d\"},\"description\":\"Mali i Zi ka vendosur q\u00eb buxheti p\u00ebr 2015-nt\u00eb jet\u00eb rreth 2 miliard\u00eb euro, nj\u00eb e kat\u00ebrta m\u00eb shum\u00eb se n\u00eb vitin 2014, p\u00ebr t\u00eb mbuluar kredit\u00eb p\u00ebr nd\u00ebrtimin e\",\"breadcrumb\":{\"@id\":\"https:\/\/www.visit-ulcinj.com\/blog\/2014\/12\/12\/ne-mal-te-zi-rriten-shpenzimet-buxhetore-per-201\/#breadcrumb\"},\"inLanguage\":\"en-US\",\"potentialAction\":[{\"@type\":\"ReadAction\",\"target\":[\"https:\/\/www.visit-ulcinj.com\/blog\/2014\/12\/12\/ne-mal-te-zi-rriten-shpenzimet-buxhetore-per-201\/\"]}]},{\"@type\":\"BreadcrumbList\",\"@id\":\"https:\/\/www.visit-ulcinj.com\/blog\/2014\/12\/12\/ne-mal-te-zi-rriten-shpenzimet-buxhetore-per-201\/#breadcrumb\",\"itemListElement\":[{\"@type\":\"ListItem\",\"position\":1,\"name\":\"N\u00eb Mal t\u00eb Zi, rriten shpenzimet buxhetore p\u00ebr 2015\"}]},{\"@type\":\"Person\",\"@id\":\"https:\/\/www.visit-ulcinj.com\/blog\/#\/schema\/person\/dcab619c614d3038751c63bc2aadc06d\",\"name\":\"ulqini\",\"sameAs\":[\"http:\/\/www.visit-ulcinj.com\"],\"url\":\"https:\/\/www.visit-ulcinj.com\/blog\/author\/admin\/\"}]}<\/script>\n<!-- \/ Yoast SEO plugin. -->","yoast_head_json":{"title":"N\u00eb Mal t\u00eb Zi, rriten shpenzimet buxhetore p\u00ebr 2015 - Lajme nga Ulqini","description":"Mali i Zi ka vendosur q\u00eb buxheti p\u00ebr 2015-nt\u00eb jet\u00eb rreth 2 miliard\u00eb euro, nj\u00eb e kat\u00ebrta m\u00eb shum\u00eb se n\u00eb vitin 2014, p\u00ebr t\u00eb mbuluar kredit\u00eb p\u00ebr nd\u00ebrtimin e","robots":{"index":"index","follow":"follow","max-snippet":"max-snippet:-1","max-image-preview":"max-image-preview:large","max-video-preview":"max-video-preview:-1"},"canonical":"https:\/\/www.visit-ulcinj.com\/blog\/2014\/12\/12\/ne-mal-te-zi-rriten-shpenzimet-buxhetore-per-201\/","og_locale":"en_US","og_type":"article","og_title":"N\u00eb Mal t\u00eb Zi, rriten shpenzimet buxhetore p\u00ebr 2015 - Lajme nga Ulqini","og_description":"Mali i Zi ka vendosur q\u00eb buxheti p\u00ebr 2015-nt\u00eb jet\u00eb rreth 2 miliard\u00eb euro, nj\u00eb e kat\u00ebrta m\u00eb shum\u00eb se n\u00eb vitin 2014, p\u00ebr t\u00eb mbuluar kredit\u00eb p\u00ebr nd\u00ebrtimin e","og_url":"https:\/\/www.visit-ulcinj.com\/blog\/2014\/12\/12\/ne-mal-te-zi-rriten-shpenzimet-buxhetore-per-201\/","og_site_name":"Lajme nga Ulqini","article_published_time":"2014-12-12T06:05:37+00:00","article_modified_time":"2014-12-12T06:06:39+00:00","og_image":[{"url":"http:\/\/www.visit-ulcinj.com\/blog\/wp-content\/uploads\/2014\/12\/buxheti-.jpeg"}],"twitter_misc":{"Written by":"ulqini","Est. reading time":"1 minute"},"schema":{"@context":"https:\/\/schema.org","@graph":[{"@type":"WebSite","@id":"https:\/\/www.visit-ulcinj.com\/blog\/#website","url":"https:\/\/www.visit-ulcinj.com\/blog\/","name":"Lajme nga Ulqini","description":"Lajme,Vijesti,Ulqini,Ulqin,Crna Gora,Mali i Zi","potentialAction":[{"@type":"SearchAction","target":{"@type":"EntryPoint","urlTemplate":"https:\/\/www.visit-ulcinj.com\/blog\/?s={search_term_string}"},"query-input":"required name=search_term_string"}],"inLanguage":"en-US"},{"@type":"ImageObject","inLanguage":"en-US","@id":"https:\/\/www.visit-ulcinj.com\/blog\/2014\/12\/12\/ne-mal-te-zi-rriten-shpenzimet-buxhetore-per-201\/#primaryimage","url":"https:\/\/www.visit-ulcinj.com\/blog\/wp-content\/uploads\/2014\/12\/buxheti-.jpeg","contentUrl":"https:\/\/www.visit-ulcinj.com\/blog\/wp-content\/uploads\/2014\/12\/buxheti-.jpeg","width":1200,"height":849},{"@type":"WebPage","@id":"https:\/\/www.visit-ulcinj.com\/blog\/2014\/12\/12\/ne-mal-te-zi-rriten-shpenzimet-buxhetore-per-201\/#webpage","url":"https:\/\/www.visit-ulcinj.com\/blog\/2014\/12\/12\/ne-mal-te-zi-rriten-shpenzimet-buxhetore-per-201\/","name":"N\u00eb Mal t\u00eb Zi, rriten shpenzimet buxhetore p\u00ebr 2015 - Lajme nga Ulqini","isPartOf":{"@id":"https:\/\/www.visit-ulcinj.com\/blog\/#website"},"primaryImageOfPage":{"@id":"https:\/\/www.visit-ulcinj.com\/blog\/2014\/12\/12\/ne-mal-te-zi-rriten-shpenzimet-buxhetore-per-201\/#primaryimage"},"datePublished":"2014-12-12T06:05:37+00:00","dateModified":"2014-12-12T06:06:39+00:00","author":{"@id":"https:\/\/www.visit-ulcinj.com\/blog\/#\/schema\/person\/dcab619c614d3038751c63bc2aadc06d"},"description":"Mali i Zi ka vendosur q\u00eb buxheti p\u00ebr 2015-nt\u00eb jet\u00eb rreth 2 miliard\u00eb euro, nj\u00eb e kat\u00ebrta m\u00eb shum\u00eb se n\u00eb vitin 2014, p\u00ebr t\u00eb mbuluar kredit\u00eb p\u00ebr nd\u00ebrtimin e","breadcrumb":{"@id":"https:\/\/www.visit-ulcinj.com\/blog\/2014\/12\/12\/ne-mal-te-zi-rriten-shpenzimet-buxhetore-per-201\/#breadcrumb"},"inLanguage":"en-US","potentialAction":[{"@type":"ReadAction","target":["https:\/\/www.visit-ulcinj.com\/blog\/2014\/12\/12\/ne-mal-te-zi-rriten-shpenzimet-buxhetore-per-201\/"]}]},{"@type":"BreadcrumbList","@id":"https:\/\/www.visit-ulcinj.com\/blog\/2014\/12\/12\/ne-mal-te-zi-rriten-shpenzimet-buxhetore-per-201\/#breadcrumb","itemListElement":[{"@type":"ListItem","position":1,"name":"N\u00eb Mal t\u00eb Zi, rriten shpenzimet buxhetore p\u00ebr 2015"}]},{"@type":"Person","@id":"https:\/\/www.visit-ulcinj.com\/blog\/#\/schema\/person\/dcab619c614d3038751c63bc2aadc06d","name":"ulqini","sameAs":["http:\/\/www.visit-ulcinj.com"],"url":"https:\/\/www.visit-ulcinj.com\/blog\/author\/admin\/"}]}},"jetpack_featured_media_url":"","jetpack_sharing_enabled":true,"jetpack_shortlink":"https:\/\/wp.me\/pe6lTn-mD5","_links":{"self":[{"href":"https:\/\/www.visit-ulcinj.com\/blog\/wp-json\/wp\/v2\/posts\/86991"}],"collection":[{"href":"https:\/\/www.visit-ulcinj.com\/blog\/wp-json\/wp\/v2\/posts"}],"about":[{"href":"https:\/\/www.visit-ulcinj.com\/blog\/wp-json\/wp\/v2\/types\/post"}],"author":[{"embeddable":true,"href":"https:\/\/www.visit-ulcinj.com\/blog\/wp-json\/wp\/v2\/users\/1"}],"replies":[{"embeddable":true,"href":"https:\/\/www.visit-ulcinj.com\/blog\/wp-json\/wp\/v2\/comments?post=86991"}],"version-history":[{"count":2,"href":"https:\/\/www.visit-ulcinj.com\/blog\/wp-json\/wp\/v2\/posts\/86991\/revisions"}],"predecessor-version":[{"id":86994,"href":"https:\/\/www.visit-ulcinj.com\/blog\/wp-json\/wp\/v2\/posts\/86991\/revisions\/86994"}],"wp:attachment":[{"href":"https:\/\/www.visit-ulcinj.com\/blog\/wp-json\/wp\/v2\/media?parent=86991"}],"wp:term":[{"taxonomy":"category","embeddable":true,"href":"https:\/\/www.visit-ulcinj.com\/blog\/wp-json\/wp\/v2\/categories?post=86991"},{"taxonomy":"post_tag","embeddable":true,"href":"https:\/\/www.visit-ulcinj.com\/blog\/wp-json\/wp\/v2\/tags?post=86991"}],"curies":[{"name":"wp","href":"https:\/\/api.w.org\/{rel}","templated":true}]}}