{"id":86999,"date":"2014-12-12T18:05:14","date_gmt":"2014-12-12T17:05:14","guid":{"rendered":"http:\/\/www.visit-ulcinj.com\/blog\/?p=86999"},"modified":"2014-12-12T18:05:36","modified_gmt":"2014-12-12T17:05:36","slug":"kgb-lanson-projektin-e-ri-muzikor","status":"publish","type":"post","link":"https:\/\/www.visit-ulcinj.com\/blog\/2014\/12\/12\/kgb-lanson-projektin-e-ri-muzikor\/","title":{"rendered":"KGB lanson projektin e ri muzikor"},"content":{"rendered":"<p><span class=\"_5yl5\" data-reactid=\".es.$mid=11418400040079=2a01e6caa2cd7b99673.2:0.0.0.0.0\"><span data-reactid=\".es.$mid=11418400040079=2a01e6caa2cd7b99673.2:0.0.0.0.0.0\"><span data-reactid=\".es.$mid=11418400040079=2a01e6caa2cd7b99673.2:0.0.0.0.0.0.$text0:0:$4:0\"><a href=\"http:\/\/www.visit-ulcinj.com\/blog\/wp-content\/uploads\/2014\/04\/GRUPI-REP-KGB-ULQIN-ULQINI.jpg\"><img loading=\"lazy\" class=\"alignleft wp-image-81640\" src=\"http:\/\/www.visit-ulcinj.com\/blog\/wp-content\/uploads\/2014\/04\/GRUPI-REP-KGB-ULQIN-ULQINI.jpg\" alt=\"GRUPI-REP-KGB-ULQIN-ULQINI\" width=\"508\" height=\"288\" \/><\/a>Grupi i reperave nga Ulqini \u201cKGB\u201d s\u00eb fundmi lansuan projektin e tyre m\u00eb t\u00eb ri muzikor. B\u00ebhet fjal\u00eb p\u00ebr nj\u00eb remiks t\u00eb k\u00ebng\u00ebs \u201cDanger\u201d, t\u00eb cil\u00ebn ata e kan\u00eb promovuar pothuajse para nj\u00eb viti t\u00eb shoq\u00ebruar me nj\u00eb videoklip t\u00eb realizuar nga produksioni Fron Media.<\/span><br data-reactid=\".es.$mid=11418400040079=2a01e6caa2cd7b99673.2:0.0.0.0.0.0.$text0:0:$5:0\" \/><span data-reactid=\".es.$mid=11418400040079=2a01e6caa2cd7b99673.2:0.0.0.0.0.0.$text0:0:$6:0\">KGB k\u00ebsaj radhe sjell nj\u00eb verzion remiks t\u00eb k\u00ebng\u00ebs n\u00eb bashk\u00ebpunim me reperin Kosovar Elinel, i cili shquhet p\u00ebr stilin e tij unik. Elinel njihet m\u00eb k\u00ebng\u00ebt: Na thej, Se ruj, Naten vone, etj.<\/span><br data-reactid=\".es.$mid=11418400040079=2a01e6caa2cd7b99673.2:0.0.0.0.0.0.$text0:0:$7:0\" \/><span data-reactid=\".es.$mid=11418400040079=2a01e6caa2cd7b99673.2:0.0.0.0.0.0.$text0:0:$8:0\">Djemt\u00eb e KGB shprehen mjaft optimist p\u00ebr k\u00ebt\u00eb projekt dhe e konsiderojn\u00eb k\u00ebt\u00eb bashk\u00ebpunim si mjaft t\u00eb suksessh\u00ebm, p\u00ebrderisa theksojn\u00eb se planifikojn\u00eb bashk\u00ebpunime t\u00eb tilla edhe n\u00eb t\u00eb ardhmen.<\/span><br data-reactid=\".es.$mid=11418400040079=2a01e6caa2cd7b99673.2:0.0.0.0.0.0.$text0:0:$9:0\" \/><span data-reactid=\".es.$mid=11418400040079=2a01e6caa2cd7b99673.2:0.0.0.0.0.0.$text0:0:$10:0\">Ne vijim ndiqni remiksin e realizuar nga KGB n\u00eb bashk\u00ebpunim me Elinel.<\/span><\/span><\/span><\/p>\n<!--YouTube Error: bad URL entered-->\n","protected":false},"excerpt":{"rendered":"<p>Grupi i reperave nga Ulqini \u201cKGB\u201d s\u00eb fundmi lansuan projektin e tyre m\u00eb t\u00eb ri muzikor. B\u00ebhet fjal\u00eb p\u00ebr nj\u00eb remiks t\u00eb k\u00ebng\u00ebs \u201cDanger\u201d, t\u00eb cil\u00ebn ata e kan\u00eb promovuar pothuajse para nj\u00eb viti t\u00eb shoq\u00ebruar me nj\u00eb videoklip t\u00eb realizuar nga produksioni Fron Media.KGB k\u00ebsaj radhe sjell nj\u00eb verzion remiks t\u00eb k\u00ebng\u00ebs n\u00eb bashk\u00ebpunim [&hellip;]<\/p>\n","protected":false},"author":1,"featured_media":0,"comment_status":"closed","ping_status":"closed","sticky":false,"template":"","format":"standard","meta":{"spay_email":"","jetpack_publicize_message":"","jetpack_is_tweetstorm":false,"jetpack_publicize_feature_enabled":true},"categories":[1],"tags":[],"jetpack_publicize_connections":[],"yoast_head":"<!-- This site is optimized with the Yoast SEO plugin v19.1 - https:\/\/yoast.com\/wordpress\/plugins\/seo\/ -->\n<title>KGB lanson projektin e ri muzikor - Lajme nga Ulqini<\/title>\n<meta name=\"description\" content=\"Grupi i reperave nga Ulqini \u201cKGB\u201d s\u00eb fundmi lansuan projektin e tyre m\u00eb t\u00eb ri muzikor. B\u00ebhet fjal\u00eb p\u00ebr nj\u00eb remiks t\u00eb k\u00ebng\u00ebs \u201cDanger\u201d, t\u00eb cil\u00ebn ata e kan\u00eb\" \/>\n<meta name=\"robots\" content=\"index, follow, max-snippet:-1, max-image-preview:large, max-video-preview:-1\" \/>\n<link rel=\"canonical\" href=\"https:\/\/www.visit-ulcinj.com\/blog\/2014\/12\/12\/kgb-lanson-projektin-e-ri-muzikor\/\" \/>\n<meta property=\"og:locale\" content=\"en_US\" \/>\n<meta property=\"og:type\" content=\"article\" \/>\n<meta property=\"og:title\" content=\"KGB lanson projektin e ri muzikor - Lajme nga Ulqini\" \/>\n<meta property=\"og:description\" content=\"Grupi i reperave nga Ulqini \u201cKGB\u201d s\u00eb fundmi lansuan projektin e tyre m\u00eb t\u00eb ri muzikor. B\u00ebhet fjal\u00eb p\u00ebr nj\u00eb remiks t\u00eb k\u00ebng\u00ebs \u201cDanger\u201d, t\u00eb cil\u00ebn ata e kan\u00eb\" \/>\n<meta property=\"og:url\" content=\"https:\/\/www.visit-ulcinj.com\/blog\/2014\/12\/12\/kgb-lanson-projektin-e-ri-muzikor\/\" \/>\n<meta property=\"og:site_name\" content=\"Lajme nga Ulqini\" \/>\n<meta property=\"article:published_time\" content=\"2014-12-12T17:05:14+00:00\" \/>\n<meta property=\"article:modified_time\" content=\"2014-12-12T17:05:36+00:00\" \/>\n<meta property=\"og:image\" content=\"http:\/\/www.visit-ulcinj.com\/blog\/wp-content\/uploads\/2014\/04\/GRUPI-REP-KGB-ULQIN-ULQINI.jpg\" \/>\n<meta name=\"twitter:label1\" content=\"Written by\" \/>\n\t<meta name=\"twitter:data1\" content=\"ulqini\" \/>\n\t<meta name=\"twitter:label2\" content=\"Est. reading time\" \/>\n\t<meta name=\"twitter:data2\" content=\"1 minute\" \/>\n<script type=\"application\/ld+json\" class=\"yoast-schema-graph\">{\"@context\":\"https:\/\/schema.org\",\"@graph\":[{\"@type\":\"WebSite\",\"@id\":\"https:\/\/www.visit-ulcinj.com\/blog\/#website\",\"url\":\"https:\/\/www.visit-ulcinj.com\/blog\/\",\"name\":\"Lajme nga Ulqini\",\"description\":\"Lajme,Vijesti,Ulqini,Ulqin,Crna Gora,Mali i Zi\",\"potentialAction\":[{\"@type\":\"SearchAction\",\"target\":{\"@type\":\"EntryPoint\",\"urlTemplate\":\"https:\/\/www.visit-ulcinj.com\/blog\/?s={search_term_string}\"},\"query-input\":\"required name=search_term_string\"}],\"inLanguage\":\"en-US\"},{\"@type\":\"ImageObject\",\"inLanguage\":\"en-US\",\"@id\":\"https:\/\/www.visit-ulcinj.com\/blog\/2014\/12\/12\/kgb-lanson-projektin-e-ri-muzikor\/#primaryimage\",\"url\":\"https:\/\/www.visit-ulcinj.com\/blog\/wp-content\/uploads\/2014\/04\/GRUPI-REP-KGB-ULQIN-ULQINI.jpg\",\"contentUrl\":\"https:\/\/www.visit-ulcinj.com\/blog\/wp-content\/uploads\/2014\/04\/GRUPI-REP-KGB-ULQIN-ULQINI.jpg\",\"width\":851,\"height\":315},{\"@type\":\"WebPage\",\"@id\":\"https:\/\/www.visit-ulcinj.com\/blog\/2014\/12\/12\/kgb-lanson-projektin-e-ri-muzikor\/#webpage\",\"url\":\"https:\/\/www.visit-ulcinj.com\/blog\/2014\/12\/12\/kgb-lanson-projektin-e-ri-muzikor\/\",\"name\":\"KGB lanson projektin e ri muzikor - Lajme nga Ulqini\",\"isPartOf\":{\"@id\":\"https:\/\/www.visit-ulcinj.com\/blog\/#website\"},\"primaryImageOfPage\":{\"@id\":\"https:\/\/www.visit-ulcinj.com\/blog\/2014\/12\/12\/kgb-lanson-projektin-e-ri-muzikor\/#primaryimage\"},\"datePublished\":\"2014-12-12T17:05:14+00:00\",\"dateModified\":\"2014-12-12T17:05:36+00:00\",\"author\":{\"@id\":\"https:\/\/www.visit-ulcinj.com\/blog\/#\/schema\/person\/dcab619c614d3038751c63bc2aadc06d\"},\"description\":\"Grupi i reperave nga Ulqini \u201cKGB\u201d s\u00eb fundmi lansuan projektin e tyre m\u00eb t\u00eb ri muzikor. B\u00ebhet fjal\u00eb p\u00ebr nj\u00eb remiks t\u00eb k\u00ebng\u00ebs \u201cDanger\u201d, t\u00eb cil\u00ebn ata e kan\u00eb\",\"breadcrumb\":{\"@id\":\"https:\/\/www.visit-ulcinj.com\/blog\/2014\/12\/12\/kgb-lanson-projektin-e-ri-muzikor\/#breadcrumb\"},\"inLanguage\":\"en-US\",\"potentialAction\":[{\"@type\":\"ReadAction\",\"target\":[\"https:\/\/www.visit-ulcinj.com\/blog\/2014\/12\/12\/kgb-lanson-projektin-e-ri-muzikor\/\"]}]},{\"@type\":\"BreadcrumbList\",\"@id\":\"https:\/\/www.visit-ulcinj.com\/blog\/2014\/12\/12\/kgb-lanson-projektin-e-ri-muzikor\/#breadcrumb\",\"itemListElement\":[{\"@type\":\"ListItem\",\"position\":1,\"name\":\"KGB lanson projektin e ri muzikor\"}]},{\"@type\":\"Person\",\"@id\":\"https:\/\/www.visit-ulcinj.com\/blog\/#\/schema\/person\/dcab619c614d3038751c63bc2aadc06d\",\"name\":\"ulqini\",\"sameAs\":[\"http:\/\/www.visit-ulcinj.com\"],\"url\":\"https:\/\/www.visit-ulcinj.com\/blog\/author\/admin\/\"}]}<\/script>\n<!-- \/ Yoast SEO plugin. -->","yoast_head_json":{"title":"KGB lanson projektin e ri muzikor - Lajme nga Ulqini","description":"Grupi i reperave nga Ulqini \u201cKGB\u201d s\u00eb fundmi lansuan projektin e tyre m\u00eb t\u00eb ri muzikor. B\u00ebhet fjal\u00eb p\u00ebr nj\u00eb remiks t\u00eb k\u00ebng\u00ebs \u201cDanger\u201d, t\u00eb cil\u00ebn ata e kan\u00eb","robots":{"index":"index","follow":"follow","max-snippet":"max-snippet:-1","max-image-preview":"max-image-preview:large","max-video-preview":"max-video-preview:-1"},"canonical":"https:\/\/www.visit-ulcinj.com\/blog\/2014\/12\/12\/kgb-lanson-projektin-e-ri-muzikor\/","og_locale":"en_US","og_type":"article","og_title":"KGB lanson projektin e ri muzikor - Lajme nga Ulqini","og_description":"Grupi i reperave nga Ulqini \u201cKGB\u201d s\u00eb fundmi lansuan projektin e tyre m\u00eb t\u00eb ri muzikor. B\u00ebhet fjal\u00eb p\u00ebr nj\u00eb remiks t\u00eb k\u00ebng\u00ebs \u201cDanger\u201d, t\u00eb cil\u00ebn ata e kan\u00eb","og_url":"https:\/\/www.visit-ulcinj.com\/blog\/2014\/12\/12\/kgb-lanson-projektin-e-ri-muzikor\/","og_site_name":"Lajme nga Ulqini","article_published_time":"2014-12-12T17:05:14+00:00","article_modified_time":"2014-12-12T17:05:36+00:00","og_image":[{"url":"http:\/\/www.visit-ulcinj.com\/blog\/wp-content\/uploads\/2014\/04\/GRUPI-REP-KGB-ULQIN-ULQINI.jpg"}],"twitter_misc":{"Written by":"ulqini","Est. reading time":"1 minute"},"schema":{"@context":"https:\/\/schema.org","@graph":[{"@type":"WebSite","@id":"https:\/\/www.visit-ulcinj.com\/blog\/#website","url":"https:\/\/www.visit-ulcinj.com\/blog\/","name":"Lajme nga Ulqini","description":"Lajme,Vijesti,Ulqini,Ulqin,Crna Gora,Mali i Zi","potentialAction":[{"@type":"SearchAction","target":{"@type":"EntryPoint","urlTemplate":"https:\/\/www.visit-ulcinj.com\/blog\/?s={search_term_string}"},"query-input":"required name=search_term_string"}],"inLanguage":"en-US"},{"@type":"ImageObject","inLanguage":"en-US","@id":"https:\/\/www.visit-ulcinj.com\/blog\/2014\/12\/12\/kgb-lanson-projektin-e-ri-muzikor\/#primaryimage","url":"https:\/\/www.visit-ulcinj.com\/blog\/wp-content\/uploads\/2014\/04\/GRUPI-REP-KGB-ULQIN-ULQINI.jpg","contentUrl":"https:\/\/www.visit-ulcinj.com\/blog\/wp-content\/uploads\/2014\/04\/GRUPI-REP-KGB-ULQIN-ULQINI.jpg","width":851,"height":315},{"@type":"WebPage","@id":"https:\/\/www.visit-ulcinj.com\/blog\/2014\/12\/12\/kgb-lanson-projektin-e-ri-muzikor\/#webpage","url":"https:\/\/www.visit-ulcinj.com\/blog\/2014\/12\/12\/kgb-lanson-projektin-e-ri-muzikor\/","name":"KGB lanson projektin e ri muzikor - Lajme nga Ulqini","isPartOf":{"@id":"https:\/\/www.visit-ulcinj.com\/blog\/#website"},"primaryImageOfPage":{"@id":"https:\/\/www.visit-ulcinj.com\/blog\/2014\/12\/12\/kgb-lanson-projektin-e-ri-muzikor\/#primaryimage"},"datePublished":"2014-12-12T17:05:14+00:00","dateModified":"2014-12-12T17:05:36+00:00","author":{"@id":"https:\/\/www.visit-ulcinj.com\/blog\/#\/schema\/person\/dcab619c614d3038751c63bc2aadc06d"},"description":"Grupi i reperave nga Ulqini \u201cKGB\u201d s\u00eb fundmi lansuan projektin e tyre m\u00eb t\u00eb ri muzikor. B\u00ebhet fjal\u00eb p\u00ebr nj\u00eb remiks t\u00eb k\u00ebng\u00ebs \u201cDanger\u201d, t\u00eb cil\u00ebn ata e kan\u00eb","breadcrumb":{"@id":"https:\/\/www.visit-ulcinj.com\/blog\/2014\/12\/12\/kgb-lanson-projektin-e-ri-muzikor\/#breadcrumb"},"inLanguage":"en-US","potentialAction":[{"@type":"ReadAction","target":["https:\/\/www.visit-ulcinj.com\/blog\/2014\/12\/12\/kgb-lanson-projektin-e-ri-muzikor\/"]}]},{"@type":"BreadcrumbList","@id":"https:\/\/www.visit-ulcinj.com\/blog\/2014\/12\/12\/kgb-lanson-projektin-e-ri-muzikor\/#breadcrumb","itemListElement":[{"@type":"ListItem","position":1,"name":"KGB lanson projektin e ri muzikor"}]},{"@type":"Person","@id":"https:\/\/www.visit-ulcinj.com\/blog\/#\/schema\/person\/dcab619c614d3038751c63bc2aadc06d","name":"ulqini","sameAs":["http:\/\/www.visit-ulcinj.com"],"url":"https:\/\/www.visit-ulcinj.com\/blog\/author\/admin\/"}]}},"jetpack_featured_media_url":"","jetpack_sharing_enabled":true,"jetpack_shortlink":"https:\/\/wp.me\/pe6lTn-mDd","_links":{"self":[{"href":"https:\/\/www.visit-ulcinj.com\/blog\/wp-json\/wp\/v2\/posts\/86999"}],"collection":[{"href":"https:\/\/www.visit-ulcinj.com\/blog\/wp-json\/wp\/v2\/posts"}],"about":[{"href":"https:\/\/www.visit-ulcinj.com\/blog\/wp-json\/wp\/v2\/types\/post"}],"author":[{"embeddable":true,"href":"https:\/\/www.visit-ulcinj.com\/blog\/wp-json\/wp\/v2\/users\/1"}],"replies":[{"embeddable":true,"href":"https:\/\/www.visit-ulcinj.com\/blog\/wp-json\/wp\/v2\/comments?post=86999"}],"version-history":[{"count":1,"href":"https:\/\/www.visit-ulcinj.com\/blog\/wp-json\/wp\/v2\/posts\/86999\/revisions"}],"predecessor-version":[{"id":87000,"href":"https:\/\/www.visit-ulcinj.com\/blog\/wp-json\/wp\/v2\/posts\/86999\/revisions\/87000"}],"wp:attachment":[{"href":"https:\/\/www.visit-ulcinj.com\/blog\/wp-json\/wp\/v2\/media?parent=86999"}],"wp:term":[{"taxonomy":"category","embeddable":true,"href":"https:\/\/www.visit-ulcinj.com\/blog\/wp-json\/wp\/v2\/categories?post=86999"},{"taxonomy":"post_tag","embeddable":true,"href":"https:\/\/www.visit-ulcinj.com\/blog\/wp-json\/wp\/v2\/tags?post=86999"}],"curies":[{"name":"wp","href":"https:\/\/api.w.org\/{rel}","templated":true}]}}