{"id":87001,"date":"2014-12-12T18:16:07","date_gmt":"2014-12-12T17:16:07","guid":{"rendered":"http:\/\/www.visit-ulcinj.com\/blog\/?p=87001"},"modified":"2014-12-12T22:58:59","modified_gmt":"2014-12-12T21:58:59","slug":"alldin-zhygjeli-ne-gjysmefinale-te-festivalit-kenga-magjike-2014","status":"publish","type":"post","link":"https:\/\/www.visit-ulcinj.com\/blog\/2014\/12\/12\/alldin-zhygjeli-ne-gjysmefinale-te-festivalit-kenga-magjike-2014\/","title":{"rendered":"Alldin Zhygjeli n\u00eb gjysm\u00ebfinale t\u00eb Festivalit  \u201c K\u00ebnga Magjike 2014\u201d"},"content":{"rendered":"<p><strong><a href=\"http:\/\/www.visit-ulcinj.com\/blog\/wp-content\/uploads\/2014\/12\/Dino-Zhygjeli-K\u00ebnga-Magjike-2014.jpg\"><img loading=\"lazy\" class=\"alignleft wp-image-87002\" src=\"http:\/\/www.visit-ulcinj.com\/blog\/wp-content\/uploads\/2014\/12\/Dino-Zhygjeli-K\u00ebnga-Magjike-2014.jpg\" alt=\"Dino-Zhygjeli-K\u00ebnga Magjike 2014\" width=\"508\" height=\"288\" srcset=\"https:\/\/www.visit-ulcinj.com\/blog\/wp-content\/uploads\/2014\/12\/Dino-Zhygjeli-K\u00ebnga-Magjike-2014.jpg 689w, https:\/\/www.visit-ulcinj.com\/blog\/wp-content\/uploads\/2014\/12\/Dino-Zhygjeli-K\u00ebnga-Magjike-2014-300x169.jpg 300w\" sizes=\"(max-width: 508px) 100vw, 508px\" \/><\/a>Gj. Gjonaj.<\/strong><\/p>\n<p>Mbr\u00ebm\u00eb \u00a0n\u00eb Tiran\u00eb filloi\u00a0 \u00a0\u00a0edicioni i gjasht\u00ebmb\u00ebdhjet\u00eb i Festivalit m\u00eb t\u00eb \u00a0madh t\u00eb muzik\u00ebs moderne shqiptare \u201c K\u00ebnga magjike 2014\u201d \u00a0N\u00eb nat\u00ebn e par\u00eb gjysm\u00ebfinale u prezentuan emra t\u00eb njohur t\u00eb muzik\u00ebs shqipe nga Shqip\u00ebria, Kosova\u00a0 dhe Maqedonia. Nd\u00ebrkaq, \u00a0sonte n\u00eb nat\u00ebn e dyt\u00eb\u00a0 gjysm\u00ebfinale t\u00eb k\u00ebtij spektakli , n\u00eb k\u00ebt\u00eb sken\u00eb\u00a0 do t\u00eb ngjitet p\u00ebr her\u00eb t\u00eb par\u00eb k\u00ebng\u00ebtari i ri, i talentuar nga Ulqini\u00a0 Alldin Zhygjeli. Ai\u00a0 me z\u00ebrin e tij\u00a0 \u00a0t\u00eb ve\u00e7ant\u00eb dhe premtues me grupin muzikor\u00a0 \u201c Burn\u201d nga Tirana do t\u00eb \u00a0performoj\u00eb \u00a0k\u00ebng\u00ebn \u201c Koh\u00ebn do ta ktheja pas\u201d, kompozim i an\u00ebtar\u00ebve t\u00eb grupit.\u00a0 Dalja p\u00ebr her\u00eb t\u00eb par\u00eb e Zhygjelit \u00a0\u00a0n\u00eb k\u00ebt\u00eb sken\u00eb magjike do t\u00eb jet\u00eb nj\u00eb p\u00ebrjetim \u00a0\u00a0emocional tep\u00ebr i ve\u00e7ant\u00eb dhe mbres\u00ebl\u00ebn\u00ebs p\u00ebr k\u00ebt\u00eb k\u00ebng\u00ebtar simpatik, i cili \u00a0i ka fansat e vet jo vet\u00ebm n\u00eb Ulqin, por edhe n\u00eb qytete tjera n\u00eb hap\u00ebsir\u00ebn mbar\u00ebshqiptare.<\/p>\n<p>Alldin Zhygjeli \u00a0ka studiuar tet\u00eb vjet p\u00ebr kitar\u00eb dhe \u00ebsht\u00eb rritur me dashurin\u00eb p\u00ebr muzik\u00ebn\u00a0 n\u00eb nj\u00eb familje me tradit\u00eb muzikore. Studion arkitektur\u00ebn n\u00eb kryeqytetin e Shqip\u00ebris\u00eb.<\/p>\n<p>Festivali \u201c K\u00ebnga magjike 2014\u201d do t\u00eb mbyll siparin e tij nes\u00ebr mbr\u00ebma, kur edhe do t\u00eb mbahet\u00a0 nata \u00a0finale.<\/p>\n<!--YouTube Error: bad URL entered-->\n<p>&nbsp;<\/p>\n","protected":false},"excerpt":{"rendered":"<p>Gj. Gjonaj. Mbr\u00ebm\u00eb \u00a0n\u00eb Tiran\u00eb filloi\u00a0 \u00a0\u00a0edicioni i gjasht\u00ebmb\u00ebdhjet\u00eb i Festivalit m\u00eb t\u00eb \u00a0madh t\u00eb muzik\u00ebs moderne shqiptare \u201c K\u00ebnga magjike 2014\u201d \u00a0N\u00eb nat\u00ebn e par\u00eb gjysm\u00ebfinale u prezentuan emra t\u00eb njohur t\u00eb muzik\u00ebs shqipe nga Shqip\u00ebria, Kosova\u00a0 dhe Maqedonia. Nd\u00ebrkaq, \u00a0sonte n\u00eb nat\u00ebn e dyt\u00eb\u00a0 gjysm\u00ebfinale t\u00eb k\u00ebtij spektakli , n\u00eb k\u00ebt\u00eb sken\u00eb\u00a0 do [&hellip;]<\/p>\n","protected":false},"author":1,"featured_media":0,"comment_status":"closed","ping_status":"closed","sticky":false,"template":"","format":"standard","meta":{"spay_email":"","jetpack_publicize_message":"","jetpack_is_tweetstorm":false,"jetpack_publicize_feature_enabled":true},"categories":[1],"tags":[],"jetpack_publicize_connections":[],"yoast_head":"<!-- This site is optimized with the Yoast SEO plugin v19.1 - https:\/\/yoast.com\/wordpress\/plugins\/seo\/ -->\n<title>Alldin Zhygjeli n\u00eb gjysm\u00ebfinale t\u00eb Festivalit \u201c K\u00ebnga Magjike 2014\u201d - Lajme nga Ulqini<\/title>\n<meta name=\"description\" content=\"Gj. Gjonaj. Mbr\u00ebm\u00eb \u00a0n\u00eb Tiran\u00eb filloi\u00a0 \u00a0\u00a0edicioni i gjasht\u00ebmb\u00ebdhjet\u00eb i Festivalit m\u00eb t\u00eb \u00a0madh t\u00eb muzik\u00ebs moderne shqiptare \u201c K\u00ebnga magjike 2014\u201d \u00a0N\u00eb nat\u00ebn\" \/>\n<meta name=\"robots\" content=\"index, follow, max-snippet:-1, max-image-preview:large, max-video-preview:-1\" \/>\n<link rel=\"canonical\" href=\"https:\/\/www.visit-ulcinj.com\/blog\/2014\/12\/12\/alldin-zhygjeli-ne-gjysmefinale-te-festivalit-kenga-magjike-2014\/\" \/>\n<meta property=\"og:locale\" content=\"en_US\" \/>\n<meta property=\"og:type\" content=\"article\" \/>\n<meta property=\"og:title\" content=\"Alldin Zhygjeli n\u00eb gjysm\u00ebfinale t\u00eb Festivalit \u201c K\u00ebnga Magjike 2014\u201d - Lajme nga Ulqini\" \/>\n<meta property=\"og:description\" content=\"Gj. Gjonaj. Mbr\u00ebm\u00eb \u00a0n\u00eb Tiran\u00eb filloi\u00a0 \u00a0\u00a0edicioni i gjasht\u00ebmb\u00ebdhjet\u00eb i Festivalit m\u00eb t\u00eb \u00a0madh t\u00eb muzik\u00ebs moderne shqiptare \u201c K\u00ebnga magjike 2014\u201d \u00a0N\u00eb nat\u00ebn\" \/>\n<meta property=\"og:url\" content=\"https:\/\/www.visit-ulcinj.com\/blog\/2014\/12\/12\/alldin-zhygjeli-ne-gjysmefinale-te-festivalit-kenga-magjike-2014\/\" \/>\n<meta property=\"og:site_name\" content=\"Lajme nga Ulqini\" \/>\n<meta property=\"article:published_time\" content=\"2014-12-12T17:16:07+00:00\" \/>\n<meta property=\"article:modified_time\" content=\"2014-12-12T21:58:59+00:00\" \/>\n<meta name=\"twitter:label1\" content=\"Written by\" \/>\n\t<meta name=\"twitter:data1\" content=\"ulqini\" \/>\n\t<meta name=\"twitter:label2\" content=\"Est. reading time\" \/>\n\t<meta name=\"twitter:data2\" content=\"1 minute\" \/>\n<script type=\"application\/ld+json\" class=\"yoast-schema-graph\">{\"@context\":\"https:\/\/schema.org\",\"@graph\":[{\"@type\":\"WebSite\",\"@id\":\"https:\/\/www.visit-ulcinj.com\/blog\/#website\",\"url\":\"https:\/\/www.visit-ulcinj.com\/blog\/\",\"name\":\"Lajme nga Ulqini\",\"description\":\"Lajme,Vijesti,Ulqini,Ulqin,Crna Gora,Mali i Zi\",\"potentialAction\":[{\"@type\":\"SearchAction\",\"target\":{\"@type\":\"EntryPoint\",\"urlTemplate\":\"https:\/\/www.visit-ulcinj.com\/blog\/?s={search_term_string}\"},\"query-input\":\"required name=search_term_string\"}],\"inLanguage\":\"en-US\"},{\"@type\":\"WebPage\",\"@id\":\"https:\/\/www.visit-ulcinj.com\/blog\/2014\/12\/12\/alldin-zhygjeli-ne-gjysmefinale-te-festivalit-kenga-magjike-2014\/#webpage\",\"url\":\"https:\/\/www.visit-ulcinj.com\/blog\/2014\/12\/12\/alldin-zhygjeli-ne-gjysmefinale-te-festivalit-kenga-magjike-2014\/\",\"name\":\"Alldin Zhygjeli n\u00eb gjysm\u00ebfinale t\u00eb Festivalit \u201c K\u00ebnga Magjike 2014\u201d - Lajme nga Ulqini\",\"isPartOf\":{\"@id\":\"https:\/\/www.visit-ulcinj.com\/blog\/#website\"},\"datePublished\":\"2014-12-12T17:16:07+00:00\",\"dateModified\":\"2014-12-12T21:58:59+00:00\",\"author\":{\"@id\":\"https:\/\/www.visit-ulcinj.com\/blog\/#\/schema\/person\/dcab619c614d3038751c63bc2aadc06d\"},\"description\":\"Gj. Gjonaj. Mbr\u00ebm\u00eb \u00a0n\u00eb Tiran\u00eb filloi\u00a0 \u00a0\u00a0edicioni i gjasht\u00ebmb\u00ebdhjet\u00eb i Festivalit m\u00eb t\u00eb \u00a0madh t\u00eb muzik\u00ebs moderne shqiptare \u201c K\u00ebnga magjike 2014\u201d \u00a0N\u00eb nat\u00ebn\",\"breadcrumb\":{\"@id\":\"https:\/\/www.visit-ulcinj.com\/blog\/2014\/12\/12\/alldin-zhygjeli-ne-gjysmefinale-te-festivalit-kenga-magjike-2014\/#breadcrumb\"},\"inLanguage\":\"en-US\",\"potentialAction\":[{\"@type\":\"ReadAction\",\"target\":[\"https:\/\/www.visit-ulcinj.com\/blog\/2014\/12\/12\/alldin-zhygjeli-ne-gjysmefinale-te-festivalit-kenga-magjike-2014\/\"]}]},{\"@type\":\"BreadcrumbList\",\"@id\":\"https:\/\/www.visit-ulcinj.com\/blog\/2014\/12\/12\/alldin-zhygjeli-ne-gjysmefinale-te-festivalit-kenga-magjike-2014\/#breadcrumb\",\"itemListElement\":[{\"@type\":\"ListItem\",\"position\":1,\"name\":\"Alldin Zhygjeli n\u00eb gjysm\u00ebfinale t\u00eb Festivalit \u201c K\u00ebnga Magjike 2014\u201d\"}]},{\"@type\":\"Person\",\"@id\":\"https:\/\/www.visit-ulcinj.com\/blog\/#\/schema\/person\/dcab619c614d3038751c63bc2aadc06d\",\"name\":\"ulqini\",\"sameAs\":[\"http:\/\/www.visit-ulcinj.com\"],\"url\":\"https:\/\/www.visit-ulcinj.com\/blog\/author\/admin\/\"}]}<\/script>\n<!-- \/ Yoast SEO plugin. -->","yoast_head_json":{"title":"Alldin Zhygjeli n\u00eb gjysm\u00ebfinale t\u00eb Festivalit \u201c K\u00ebnga Magjike 2014\u201d - Lajme nga Ulqini","description":"Gj. Gjonaj. Mbr\u00ebm\u00eb \u00a0n\u00eb Tiran\u00eb filloi\u00a0 \u00a0\u00a0edicioni i gjasht\u00ebmb\u00ebdhjet\u00eb i Festivalit m\u00eb t\u00eb \u00a0madh t\u00eb muzik\u00ebs moderne shqiptare \u201c K\u00ebnga magjike 2014\u201d \u00a0N\u00eb nat\u00ebn","robots":{"index":"index","follow":"follow","max-snippet":"max-snippet:-1","max-image-preview":"max-image-preview:large","max-video-preview":"max-video-preview:-1"},"canonical":"https:\/\/www.visit-ulcinj.com\/blog\/2014\/12\/12\/alldin-zhygjeli-ne-gjysmefinale-te-festivalit-kenga-magjike-2014\/","og_locale":"en_US","og_type":"article","og_title":"Alldin Zhygjeli n\u00eb gjysm\u00ebfinale t\u00eb Festivalit \u201c K\u00ebnga Magjike 2014\u201d - Lajme nga Ulqini","og_description":"Gj. Gjonaj. Mbr\u00ebm\u00eb \u00a0n\u00eb Tiran\u00eb filloi\u00a0 \u00a0\u00a0edicioni i gjasht\u00ebmb\u00ebdhjet\u00eb i Festivalit m\u00eb t\u00eb \u00a0madh t\u00eb muzik\u00ebs moderne shqiptare \u201c K\u00ebnga magjike 2014\u201d \u00a0N\u00eb nat\u00ebn","og_url":"https:\/\/www.visit-ulcinj.com\/blog\/2014\/12\/12\/alldin-zhygjeli-ne-gjysmefinale-te-festivalit-kenga-magjike-2014\/","og_site_name":"Lajme nga Ulqini","article_published_time":"2014-12-12T17:16:07+00:00","article_modified_time":"2014-12-12T21:58:59+00:00","twitter_misc":{"Written by":"ulqini","Est. reading time":"1 minute"},"schema":{"@context":"https:\/\/schema.org","@graph":[{"@type":"WebSite","@id":"https:\/\/www.visit-ulcinj.com\/blog\/#website","url":"https:\/\/www.visit-ulcinj.com\/blog\/","name":"Lajme nga Ulqini","description":"Lajme,Vijesti,Ulqini,Ulqin,Crna Gora,Mali i Zi","potentialAction":[{"@type":"SearchAction","target":{"@type":"EntryPoint","urlTemplate":"https:\/\/www.visit-ulcinj.com\/blog\/?s={search_term_string}"},"query-input":"required name=search_term_string"}],"inLanguage":"en-US"},{"@type":"WebPage","@id":"https:\/\/www.visit-ulcinj.com\/blog\/2014\/12\/12\/alldin-zhygjeli-ne-gjysmefinale-te-festivalit-kenga-magjike-2014\/#webpage","url":"https:\/\/www.visit-ulcinj.com\/blog\/2014\/12\/12\/alldin-zhygjeli-ne-gjysmefinale-te-festivalit-kenga-magjike-2014\/","name":"Alldin Zhygjeli n\u00eb gjysm\u00ebfinale t\u00eb Festivalit \u201c K\u00ebnga Magjike 2014\u201d - Lajme nga Ulqini","isPartOf":{"@id":"https:\/\/www.visit-ulcinj.com\/blog\/#website"},"datePublished":"2014-12-12T17:16:07+00:00","dateModified":"2014-12-12T21:58:59+00:00","author":{"@id":"https:\/\/www.visit-ulcinj.com\/blog\/#\/schema\/person\/dcab619c614d3038751c63bc2aadc06d"},"description":"Gj. Gjonaj. Mbr\u00ebm\u00eb \u00a0n\u00eb Tiran\u00eb filloi\u00a0 \u00a0\u00a0edicioni i gjasht\u00ebmb\u00ebdhjet\u00eb i Festivalit m\u00eb t\u00eb \u00a0madh t\u00eb muzik\u00ebs moderne shqiptare \u201c K\u00ebnga magjike 2014\u201d \u00a0N\u00eb nat\u00ebn","breadcrumb":{"@id":"https:\/\/www.visit-ulcinj.com\/blog\/2014\/12\/12\/alldin-zhygjeli-ne-gjysmefinale-te-festivalit-kenga-magjike-2014\/#breadcrumb"},"inLanguage":"en-US","potentialAction":[{"@type":"ReadAction","target":["https:\/\/www.visit-ulcinj.com\/blog\/2014\/12\/12\/alldin-zhygjeli-ne-gjysmefinale-te-festivalit-kenga-magjike-2014\/"]}]},{"@type":"BreadcrumbList","@id":"https:\/\/www.visit-ulcinj.com\/blog\/2014\/12\/12\/alldin-zhygjeli-ne-gjysmefinale-te-festivalit-kenga-magjike-2014\/#breadcrumb","itemListElement":[{"@type":"ListItem","position":1,"name":"Alldin Zhygjeli n\u00eb gjysm\u00ebfinale t\u00eb Festivalit \u201c K\u00ebnga Magjike 2014\u201d"}]},{"@type":"Person","@id":"https:\/\/www.visit-ulcinj.com\/blog\/#\/schema\/person\/dcab619c614d3038751c63bc2aadc06d","name":"ulqini","sameAs":["http:\/\/www.visit-ulcinj.com"],"url":"https:\/\/www.visit-ulcinj.com\/blog\/author\/admin\/"}]}},"jetpack_featured_media_url":"","jetpack_sharing_enabled":true,"jetpack_shortlink":"https:\/\/wp.me\/pe6lTn-mDf","_links":{"self":[{"href":"https:\/\/www.visit-ulcinj.com\/blog\/wp-json\/wp\/v2\/posts\/87001"}],"collection":[{"href":"https:\/\/www.visit-ulcinj.com\/blog\/wp-json\/wp\/v2\/posts"}],"about":[{"href":"https:\/\/www.visit-ulcinj.com\/blog\/wp-json\/wp\/v2\/types\/post"}],"author":[{"embeddable":true,"href":"https:\/\/www.visit-ulcinj.com\/blog\/wp-json\/wp\/v2\/users\/1"}],"replies":[{"embeddable":true,"href":"https:\/\/www.visit-ulcinj.com\/blog\/wp-json\/wp\/v2\/comments?post=87001"}],"version-history":[{"count":3,"href":"https:\/\/www.visit-ulcinj.com\/blog\/wp-json\/wp\/v2\/posts\/87001\/revisions"}],"predecessor-version":[{"id":87005,"href":"https:\/\/www.visit-ulcinj.com\/blog\/wp-json\/wp\/v2\/posts\/87001\/revisions\/87005"}],"wp:attachment":[{"href":"https:\/\/www.visit-ulcinj.com\/blog\/wp-json\/wp\/v2\/media?parent=87001"}],"wp:term":[{"taxonomy":"category","embeddable":true,"href":"https:\/\/www.visit-ulcinj.com\/blog\/wp-json\/wp\/v2\/categories?post=87001"},{"taxonomy":"post_tag","embeddable":true,"href":"https:\/\/www.visit-ulcinj.com\/blog\/wp-json\/wp\/v2\/tags?post=87001"}],"curies":[{"name":"wp","href":"https:\/\/api.w.org\/{rel}","templated":true}]}}