{"id":87009,"date":"2014-12-12T23:04:58","date_gmt":"2014-12-12T22:04:58","guid":{"rendered":"http:\/\/www.visit-ulcinj.com\/blog\/?p=87009"},"modified":"2014-12-12T23:04:58","modified_gmt":"2014-12-12T22:04:58","slug":"fuad-haxhibeti-jemi-te-gatshem-te-menaxhojme-pasurite-e-ulqinit","status":"publish","type":"post","link":"https:\/\/www.visit-ulcinj.com\/blog\/2014\/12\/12\/fuad-haxhibeti-jemi-te-gatshem-te-menaxhojme-pasurite-e-ulqinit\/","title":{"rendered":"Fuad Haxhibeti: Jemi t\u00eb gatsh\u00ebm t\u00eb menaxhojm\u00eb pasurit\u00eb e Ulqinit"},"content":{"rendered":"<p><a href=\"http:\/\/www.visit-ulcinj.com\/blog\/wp-content\/uploads\/2014\/02\/Fuad-Haxhibeti-ulqin.jpg\"><img loading=\"lazy\" class=\"alignleft wp-image-79947\" src=\"http:\/\/www.visit-ulcinj.com\/blog\/wp-content\/uploads\/2014\/02\/Fuad-Haxhibeti-ulqin.jpg\" alt=\"Fuad-Haxhibeti-ulqin\" width=\"508\" height=\"389\" srcset=\"https:\/\/www.visit-ulcinj.com\/blog\/wp-content\/uploads\/2014\/02\/Fuad-Haxhibeti-ulqin.jpg 510w, https:\/\/www.visit-ulcinj.com\/blog\/wp-content\/uploads\/2014\/02\/Fuad-Haxhibeti-ulqin-300x230.jpg 300w\" sizes=\"(max-width: 508px) 100vw, 508px\" \/><\/a>Kryetari i kuvendit komunal dhe zyrtar i Forc\u00ebs, Fuad Haxhibeti, n\u00eb nj\u00eb deklarat\u00eb dh\u00ebn\u00eb t\u00eb p\u00ebrditshmes \u201cDan\u201d theksoj se komuna e Ulqinit i ka t\u00eb gjitha kapacitetet kadrovike p\u00ebr menaxhimin e resurseve natyrore q\u00eb n\u00eb baz\u00eb t\u00eb ligjit deri tani i menaxhon qeveria e Malit t\u00eb Zi, raporton Portali Lajm.me.<\/p>\n<p>Ai poashtu u\u00a0 shpreh se decentralizimi \u00ebsht\u00eb i nevojsh\u00ebm n\u00eb t\u00eb gjith\u00eb vendin e jo vet\u00ebm n\u00eb Ulqin.<\/p>\n<p>Deklaratat e z. Haxhibeti dhe p\u00ebrfaq\u00ebsuesve t\u00eb partive t\u00eb tjera politike q\u00eb veprojn\u00eb n\u00eb Ulqin, erdh\u00ebn si pasoj\u00eb e iniciativ\u00ebs s\u00eb drejtorit t\u00eb OJQ \u201cHapi i gjelb\u00ebr\u201d Xhelal Hoxhiq\u00a0,\u00a0i cili u b\u00ebri thirrje organeve shtet\u00ebrore p\u00ebr ndryshimin e\u00a0 rregullores ligjore dhe kalimin e menaxhimit r\u00eb pasurive t\u00eb Ulqinit n\u00eb duar t\u00eb komunitetit lokal. Sipas tij, pasurit\u00eb natyrore t\u00eb Ulqinit si lumi Buna, liqeni i Shasit, Port Milena etj. jan\u00eb duke u shkat\u00ebrruar si pasoj\u00eb e valorizimit t\u00eb pap\u00ebrshtatsh\u00ebm, ndotjes, nd\u00ebrtimeve t\u00eb pakontrolluara dhe gjuetis\u00eb ilegale.<\/p>\n<p>Udh\u00ebheq\u00ebsit e DUA-s\u00eb dhe PPS-s\u00eb, Mehmet Zenka dhe Andrija \u0106etkovi\u0107, edhe pse n\u00eb parim jan\u00eb pro decentralizimit, shprehin dyshime mbi kapacitetin e pushtetit aktual p\u00ebr menaxhimin e k\u00ebtyre pasurive.<\/p>\n<p>P\u00ebr k\u00ebshilltarin e pavarur Dritan Abazoviqin, menaxhimi i resurseve nga komuniteti lokal nuk mund t\u00eb jet\u00eb m\u00eb i keq se menaxhimi i deritanish\u00ebm nga qeveria e Malit t\u00eb Zi. Duke shprehur rezerva p\u00ebr mund\u00ebsit\u00eb e pushtetit lokal q\u00eb ta p\u00ebrballoj\u00eb k\u00ebt\u00eb pun\u00eb, ai \u00ebsht\u00eb i mendimit se zgjidhja m\u00eb e mir\u00eb do t\u00eb ishte arritja e nj\u00eb konsenzusi n\u00eb lidhje me menaxhimin e k\u00ebtyre pasurive.<\/p>\n<p>Kategorikisht kund\u00ebr k\u00ebsaj iniciative \u00ebsht\u00eb kryetari i PDS-s\u00eb n\u00eb Ulqin Loro Nrekiqi, i cili thekson se qeveria e Malit t\u00eb Zi ka b\u00ebr\u00eb ruajtjen e k\u00ebtyre resurseve dhe se investitor\u00ebt do t\u00eb paraqiten eventualisht. P\u00ebr z. Nrekiq \u00a0kjo iniciativ\u00eb, e cila nuk ka as baz\u00eb ligjore, nuk \u00ebsht\u00eb kurrgj\u00eb tjet\u00ebr ve\u00e7se loj\u00eb politike.<\/p>\n","protected":false},"excerpt":{"rendered":"<p>Kryetari i kuvendit komunal dhe zyrtar i Forc\u00ebs, Fuad Haxhibeti, n\u00eb nj\u00eb deklarat\u00eb dh\u00ebn\u00eb t\u00eb p\u00ebrditshmes \u201cDan\u201d theksoj se komuna e Ulqinit i ka t\u00eb gjitha kapacitetet kadrovike p\u00ebr menaxhimin e resurseve natyrore q\u00eb n\u00eb baz\u00eb t\u00eb ligjit deri tani i menaxhon qeveria e Malit t\u00eb Zi, raporton Portali Lajm.me. Ai poashtu u\u00a0 shpreh se [&hellip;]<\/p>\n","protected":false},"author":1,"featured_media":0,"comment_status":"closed","ping_status":"closed","sticky":false,"template":"","format":"standard","meta":{"spay_email":"","jetpack_publicize_message":"","jetpack_is_tweetstorm":false,"jetpack_publicize_feature_enabled":true},"categories":[5],"tags":[],"jetpack_publicize_connections":[],"yoast_head":"<!-- This site is optimized with the Yoast SEO plugin v19.1 - https:\/\/yoast.com\/wordpress\/plugins\/seo\/ -->\n<title>Fuad Haxhibeti: Jemi t\u00eb gatsh\u00ebm t\u00eb menaxhojm\u00eb pasurit\u00eb e Ulqinit - Lajme nga Ulqini<\/title>\n<meta name=\"description\" content=\"Kryetari i kuvendit komunal dhe zyrtar i Forc\u00ebs, Fuad Haxhibeti, n\u00eb nj\u00eb deklarat\u00eb dh\u00ebn\u00eb t\u00eb p\u00ebrditshmes \u201cDan\u201d theksoj se komuna e Ulqinit i ka t\u00eb gjitha\" \/>\n<meta name=\"robots\" content=\"index, follow, max-snippet:-1, max-image-preview:large, max-video-preview:-1\" \/>\n<link rel=\"canonical\" href=\"https:\/\/www.visit-ulcinj.com\/blog\/2014\/12\/12\/fuad-haxhibeti-jemi-te-gatshem-te-menaxhojme-pasurite-e-ulqinit\/\" \/>\n<meta property=\"og:locale\" content=\"en_US\" \/>\n<meta property=\"og:type\" content=\"article\" \/>\n<meta property=\"og:title\" content=\"Fuad Haxhibeti: Jemi t\u00eb gatsh\u00ebm t\u00eb menaxhojm\u00eb pasurit\u00eb e Ulqinit - Lajme nga Ulqini\" \/>\n<meta property=\"og:description\" content=\"Kryetari i kuvendit komunal dhe zyrtar i Forc\u00ebs, Fuad Haxhibeti, n\u00eb nj\u00eb deklarat\u00eb dh\u00ebn\u00eb t\u00eb p\u00ebrditshmes \u201cDan\u201d theksoj se komuna e Ulqinit i ka t\u00eb gjitha\" \/>\n<meta property=\"og:url\" content=\"https:\/\/www.visit-ulcinj.com\/blog\/2014\/12\/12\/fuad-haxhibeti-jemi-te-gatshem-te-menaxhojme-pasurite-e-ulqinit\/\" \/>\n<meta property=\"og:site_name\" content=\"Lajme nga Ulqini\" \/>\n<meta property=\"article:published_time\" content=\"2014-12-12T22:04:58+00:00\" \/>\n<meta property=\"og:image\" content=\"http:\/\/www.visit-ulcinj.com\/blog\/wp-content\/uploads\/2014\/02\/Fuad-Haxhibeti-ulqin.jpg\" \/>\n<meta name=\"twitter:label1\" content=\"Written by\" \/>\n\t<meta name=\"twitter:data1\" content=\"ulqini\" \/>\n\t<meta name=\"twitter:label2\" content=\"Est. reading time\" \/>\n\t<meta name=\"twitter:data2\" content=\"2 minutes\" \/>\n<script type=\"application\/ld+json\" class=\"yoast-schema-graph\">{\"@context\":\"https:\/\/schema.org\",\"@graph\":[{\"@type\":\"WebSite\",\"@id\":\"https:\/\/www.visit-ulcinj.com\/blog\/#website\",\"url\":\"https:\/\/www.visit-ulcinj.com\/blog\/\",\"name\":\"Lajme nga Ulqini\",\"description\":\"Lajme,Vijesti,Ulqini,Ulqin,Crna Gora,Mali i Zi\",\"potentialAction\":[{\"@type\":\"SearchAction\",\"target\":{\"@type\":\"EntryPoint\",\"urlTemplate\":\"https:\/\/www.visit-ulcinj.com\/blog\/?s={search_term_string}\"},\"query-input\":\"required name=search_term_string\"}],\"inLanguage\":\"en-US\"},{\"@type\":\"ImageObject\",\"inLanguage\":\"en-US\",\"@id\":\"https:\/\/www.visit-ulcinj.com\/blog\/2014\/12\/12\/fuad-haxhibeti-jemi-te-gatshem-te-menaxhojme-pasurite-e-ulqinit\/#primaryimage\",\"url\":\"https:\/\/www.visit-ulcinj.com\/blog\/wp-content\/uploads\/2014\/02\/Fuad-Haxhibeti-ulqin.jpg\",\"contentUrl\":\"https:\/\/www.visit-ulcinj.com\/blog\/wp-content\/uploads\/2014\/02\/Fuad-Haxhibeti-ulqin.jpg\",\"width\":510,\"height\":391},{\"@type\":\"WebPage\",\"@id\":\"https:\/\/www.visit-ulcinj.com\/blog\/2014\/12\/12\/fuad-haxhibeti-jemi-te-gatshem-te-menaxhojme-pasurite-e-ulqinit\/#webpage\",\"url\":\"https:\/\/www.visit-ulcinj.com\/blog\/2014\/12\/12\/fuad-haxhibeti-jemi-te-gatshem-te-menaxhojme-pasurite-e-ulqinit\/\",\"name\":\"Fuad Haxhibeti: Jemi t\u00eb gatsh\u00ebm t\u00eb menaxhojm\u00eb pasurit\u00eb e Ulqinit - Lajme nga Ulqini\",\"isPartOf\":{\"@id\":\"https:\/\/www.visit-ulcinj.com\/blog\/#website\"},\"primaryImageOfPage\":{\"@id\":\"https:\/\/www.visit-ulcinj.com\/blog\/2014\/12\/12\/fuad-haxhibeti-jemi-te-gatshem-te-menaxhojme-pasurite-e-ulqinit\/#primaryimage\"},\"datePublished\":\"2014-12-12T22:04:58+00:00\",\"dateModified\":\"2014-12-12T22:04:58+00:00\",\"author\":{\"@id\":\"https:\/\/www.visit-ulcinj.com\/blog\/#\/schema\/person\/dcab619c614d3038751c63bc2aadc06d\"},\"description\":\"Kryetari i kuvendit komunal dhe zyrtar i Forc\u00ebs, Fuad Haxhibeti, n\u00eb nj\u00eb deklarat\u00eb dh\u00ebn\u00eb t\u00eb p\u00ebrditshmes \u201cDan\u201d theksoj se komuna e Ulqinit i ka t\u00eb gjitha\",\"breadcrumb\":{\"@id\":\"https:\/\/www.visit-ulcinj.com\/blog\/2014\/12\/12\/fuad-haxhibeti-jemi-te-gatshem-te-menaxhojme-pasurite-e-ulqinit\/#breadcrumb\"},\"inLanguage\":\"en-US\",\"potentialAction\":[{\"@type\":\"ReadAction\",\"target\":[\"https:\/\/www.visit-ulcinj.com\/blog\/2014\/12\/12\/fuad-haxhibeti-jemi-te-gatshem-te-menaxhojme-pasurite-e-ulqinit\/\"]}]},{\"@type\":\"BreadcrumbList\",\"@id\":\"https:\/\/www.visit-ulcinj.com\/blog\/2014\/12\/12\/fuad-haxhibeti-jemi-te-gatshem-te-menaxhojme-pasurite-e-ulqinit\/#breadcrumb\",\"itemListElement\":[{\"@type\":\"ListItem\",\"position\":1,\"name\":\"Fuad Haxhibeti: Jemi t\u00eb gatsh\u00ebm t\u00eb menaxhojm\u00eb pasurit\u00eb e Ulqinit\"}]},{\"@type\":\"Person\",\"@id\":\"https:\/\/www.visit-ulcinj.com\/blog\/#\/schema\/person\/dcab619c614d3038751c63bc2aadc06d\",\"name\":\"ulqini\",\"sameAs\":[\"http:\/\/www.visit-ulcinj.com\"],\"url\":\"https:\/\/www.visit-ulcinj.com\/blog\/author\/admin\/\"}]}<\/script>\n<!-- \/ Yoast SEO plugin. -->","yoast_head_json":{"title":"Fuad Haxhibeti: Jemi t\u00eb gatsh\u00ebm t\u00eb menaxhojm\u00eb pasurit\u00eb e Ulqinit - Lajme nga Ulqini","description":"Kryetari i kuvendit komunal dhe zyrtar i Forc\u00ebs, Fuad Haxhibeti, n\u00eb nj\u00eb deklarat\u00eb dh\u00ebn\u00eb t\u00eb p\u00ebrditshmes \u201cDan\u201d theksoj se komuna e Ulqinit i ka t\u00eb gjitha","robots":{"index":"index","follow":"follow","max-snippet":"max-snippet:-1","max-image-preview":"max-image-preview:large","max-video-preview":"max-video-preview:-1"},"canonical":"https:\/\/www.visit-ulcinj.com\/blog\/2014\/12\/12\/fuad-haxhibeti-jemi-te-gatshem-te-menaxhojme-pasurite-e-ulqinit\/","og_locale":"en_US","og_type":"article","og_title":"Fuad Haxhibeti: Jemi t\u00eb gatsh\u00ebm t\u00eb menaxhojm\u00eb pasurit\u00eb e Ulqinit - Lajme nga Ulqini","og_description":"Kryetari i kuvendit komunal dhe zyrtar i Forc\u00ebs, Fuad Haxhibeti, n\u00eb nj\u00eb deklarat\u00eb dh\u00ebn\u00eb t\u00eb p\u00ebrditshmes \u201cDan\u201d theksoj se komuna e Ulqinit i ka t\u00eb gjitha","og_url":"https:\/\/www.visit-ulcinj.com\/blog\/2014\/12\/12\/fuad-haxhibeti-jemi-te-gatshem-te-menaxhojme-pasurite-e-ulqinit\/","og_site_name":"Lajme nga Ulqini","article_published_time":"2014-12-12T22:04:58+00:00","og_image":[{"url":"http:\/\/www.visit-ulcinj.com\/blog\/wp-content\/uploads\/2014\/02\/Fuad-Haxhibeti-ulqin.jpg"}],"twitter_misc":{"Written by":"ulqini","Est. reading time":"2 minutes"},"schema":{"@context":"https:\/\/schema.org","@graph":[{"@type":"WebSite","@id":"https:\/\/www.visit-ulcinj.com\/blog\/#website","url":"https:\/\/www.visit-ulcinj.com\/blog\/","name":"Lajme nga Ulqini","description":"Lajme,Vijesti,Ulqini,Ulqin,Crna Gora,Mali i Zi","potentialAction":[{"@type":"SearchAction","target":{"@type":"EntryPoint","urlTemplate":"https:\/\/www.visit-ulcinj.com\/blog\/?s={search_term_string}"},"query-input":"required name=search_term_string"}],"inLanguage":"en-US"},{"@type":"ImageObject","inLanguage":"en-US","@id":"https:\/\/www.visit-ulcinj.com\/blog\/2014\/12\/12\/fuad-haxhibeti-jemi-te-gatshem-te-menaxhojme-pasurite-e-ulqinit\/#primaryimage","url":"https:\/\/www.visit-ulcinj.com\/blog\/wp-content\/uploads\/2014\/02\/Fuad-Haxhibeti-ulqin.jpg","contentUrl":"https:\/\/www.visit-ulcinj.com\/blog\/wp-content\/uploads\/2014\/02\/Fuad-Haxhibeti-ulqin.jpg","width":510,"height":391},{"@type":"WebPage","@id":"https:\/\/www.visit-ulcinj.com\/blog\/2014\/12\/12\/fuad-haxhibeti-jemi-te-gatshem-te-menaxhojme-pasurite-e-ulqinit\/#webpage","url":"https:\/\/www.visit-ulcinj.com\/blog\/2014\/12\/12\/fuad-haxhibeti-jemi-te-gatshem-te-menaxhojme-pasurite-e-ulqinit\/","name":"Fuad Haxhibeti: Jemi t\u00eb gatsh\u00ebm t\u00eb menaxhojm\u00eb pasurit\u00eb e Ulqinit - Lajme nga Ulqini","isPartOf":{"@id":"https:\/\/www.visit-ulcinj.com\/blog\/#website"},"primaryImageOfPage":{"@id":"https:\/\/www.visit-ulcinj.com\/blog\/2014\/12\/12\/fuad-haxhibeti-jemi-te-gatshem-te-menaxhojme-pasurite-e-ulqinit\/#primaryimage"},"datePublished":"2014-12-12T22:04:58+00:00","dateModified":"2014-12-12T22:04:58+00:00","author":{"@id":"https:\/\/www.visit-ulcinj.com\/blog\/#\/schema\/person\/dcab619c614d3038751c63bc2aadc06d"},"description":"Kryetari i kuvendit komunal dhe zyrtar i Forc\u00ebs, Fuad Haxhibeti, n\u00eb nj\u00eb deklarat\u00eb dh\u00ebn\u00eb t\u00eb p\u00ebrditshmes \u201cDan\u201d theksoj se komuna e Ulqinit i ka t\u00eb gjitha","breadcrumb":{"@id":"https:\/\/www.visit-ulcinj.com\/blog\/2014\/12\/12\/fuad-haxhibeti-jemi-te-gatshem-te-menaxhojme-pasurite-e-ulqinit\/#breadcrumb"},"inLanguage":"en-US","potentialAction":[{"@type":"ReadAction","target":["https:\/\/www.visit-ulcinj.com\/blog\/2014\/12\/12\/fuad-haxhibeti-jemi-te-gatshem-te-menaxhojme-pasurite-e-ulqinit\/"]}]},{"@type":"BreadcrumbList","@id":"https:\/\/www.visit-ulcinj.com\/blog\/2014\/12\/12\/fuad-haxhibeti-jemi-te-gatshem-te-menaxhojme-pasurite-e-ulqinit\/#breadcrumb","itemListElement":[{"@type":"ListItem","position":1,"name":"Fuad Haxhibeti: Jemi t\u00eb gatsh\u00ebm t\u00eb menaxhojm\u00eb pasurit\u00eb e Ulqinit"}]},{"@type":"Person","@id":"https:\/\/www.visit-ulcinj.com\/blog\/#\/schema\/person\/dcab619c614d3038751c63bc2aadc06d","name":"ulqini","sameAs":["http:\/\/www.visit-ulcinj.com"],"url":"https:\/\/www.visit-ulcinj.com\/blog\/author\/admin\/"}]}},"jetpack_featured_media_url":"","jetpack_sharing_enabled":true,"jetpack_shortlink":"https:\/\/wp.me\/pe6lTn-mDn","_links":{"self":[{"href":"https:\/\/www.visit-ulcinj.com\/blog\/wp-json\/wp\/v2\/posts\/87009"}],"collection":[{"href":"https:\/\/www.visit-ulcinj.com\/blog\/wp-json\/wp\/v2\/posts"}],"about":[{"href":"https:\/\/www.visit-ulcinj.com\/blog\/wp-json\/wp\/v2\/types\/post"}],"author":[{"embeddable":true,"href":"https:\/\/www.visit-ulcinj.com\/blog\/wp-json\/wp\/v2\/users\/1"}],"replies":[{"embeddable":true,"href":"https:\/\/www.visit-ulcinj.com\/blog\/wp-json\/wp\/v2\/comments?post=87009"}],"version-history":[{"count":1,"href":"https:\/\/www.visit-ulcinj.com\/blog\/wp-json\/wp\/v2\/posts\/87009\/revisions"}],"predecessor-version":[{"id":87010,"href":"https:\/\/www.visit-ulcinj.com\/blog\/wp-json\/wp\/v2\/posts\/87009\/revisions\/87010"}],"wp:attachment":[{"href":"https:\/\/www.visit-ulcinj.com\/blog\/wp-json\/wp\/v2\/media?parent=87009"}],"wp:term":[{"taxonomy":"category","embeddable":true,"href":"https:\/\/www.visit-ulcinj.com\/blog\/wp-json\/wp\/v2\/categories?post=87009"},{"taxonomy":"post_tag","embeddable":true,"href":"https:\/\/www.visit-ulcinj.com\/blog\/wp-json\/wp\/v2\/tags?post=87009"}],"curies":[{"name":"wp","href":"https:\/\/api.w.org\/{rel}","templated":true}]}}