{"id":87026,"date":"2014-12-13T09:01:19","date_gmt":"2014-12-13T08:01:19","guid":{"rendered":"http:\/\/www.visit-ulcinj.com\/blog\/?p=87026"},"modified":"2014-12-13T09:01:19","modified_gmt":"2014-12-13T08:01:19","slug":"shqyrtimi-dhe-planifikimi-buxhetit-te-komunes-per-vitin-2015","status":"publish","type":"post","link":"https:\/\/www.visit-ulcinj.com\/blog\/2014\/12\/13\/shqyrtimi-dhe-planifikimi-buxhetit-te-komunes-per-vitin-2015\/","title":{"rendered":"Shqyrtimi dhe planifikimi i buxhetit te komunes per vitin 2015"},"content":{"rendered":"<p><a href=\"http:\/\/www.visit-ulcinj.com\/blog\/wp-content\/uploads\/2014\/12\/Valdet-Axhemoviq.jpg\"><img loading=\"lazy\" class=\"alignleft wp-image-87024\" src=\"http:\/\/www.visit-ulcinj.com\/blog\/wp-content\/uploads\/2014\/12\/Valdet-Axhemoviq.jpg\" alt=\"Valdet Axhemoviq\" width=\"508\" height=\"381\" srcset=\"https:\/\/www.visit-ulcinj.com\/blog\/wp-content\/uploads\/2014\/12\/Valdet-Axhemoviq.jpg 960w, https:\/\/www.visit-ulcinj.com\/blog\/wp-content\/uploads\/2014\/12\/Valdet-Axhemoviq-300x225.jpg 300w\" sizes=\"(max-width: 508px) 100vw, 508px\" \/><\/a>Nga Sekretariati p\u00ebr buxhet dhe financa p\u00ebr Portalin Ul-info \u00ebsht\u00eb th\u00ebn\u00eb se dit\u00ebt e ardhshme do t\u00eb mbahen tre shqyrtime publike p\u00ebr Propozim buxhetin e komun\u00ebs s\u00eb Ulqinit p\u00ebr vitin e ardhsh\u00ebm.<\/p>\n<p>\u201cTakimet me qytetar\u00eb do t\u00eb organizohen t\u00eb premten, n\u00eb ora 16 n\u00eb Shtoj dhe n\u00eb ora 19 n\u00eb Kat\u00ebrkoll\u00eb, dhe t\u00eb shtun\u00ebn me fillim n\u00eb ora 19 n\u00eb Sall\u00ebn e madhe t\u00eb komun\u00ebs s\u00eb Ulqinit\u201d, tha sekretari i k\u00ebtij sekretariati Valdet Axhemoviq.<\/p>\n<p>Ai theksoi se buxheti i vitit 2015 \u00ebsht\u00eb real dhe \u00ebsht\u00eb planifikuar me vler\u00eb 6,8 milion euro.<\/p>\n<p>\u201cMund t\u00eb jemi t\u00eb k\u00ebnaqur me realizimin e buxhetit t\u00eb sivjetm\u00eb, sepse jan\u00eb mbledhur 80 p\u00ebr qind e t\u00eb ardhurave t\u00eb planifikuara\u201d, shtoi Axhemoviq.<\/p>\n","protected":false},"excerpt":{"rendered":"<p>Nga Sekretariati p\u00ebr buxhet dhe financa p\u00ebr Portalin Ul-info \u00ebsht\u00eb th\u00ebn\u00eb se dit\u00ebt e ardhshme do t\u00eb mbahen tre shqyrtime publike p\u00ebr Propozim buxhetin e komun\u00ebs s\u00eb Ulqinit p\u00ebr vitin e ardhsh\u00ebm. \u201cTakimet me qytetar\u00eb do t\u00eb organizohen t\u00eb premten, n\u00eb ora 16 n\u00eb Shtoj dhe n\u00eb ora 19 n\u00eb Kat\u00ebrkoll\u00eb, dhe t\u00eb shtun\u00ebn me [&hellip;]<\/p>\n","protected":false},"author":1,"featured_media":0,"comment_status":"closed","ping_status":"closed","sticky":false,"template":"","format":"standard","meta":{"spay_email":"","jetpack_publicize_message":"","jetpack_is_tweetstorm":false,"jetpack_publicize_feature_enabled":true},"categories":[6],"tags":[],"jetpack_publicize_connections":[],"yoast_head":"<!-- This site is optimized with the Yoast SEO plugin v19.1 - https:\/\/yoast.com\/wordpress\/plugins\/seo\/ -->\n<title>Shqyrtimi dhe planifikimi i buxhetit te komunes per vitin 2015 - Lajme nga Ulqini<\/title>\n<meta name=\"description\" content=\"Nga Sekretariati p\u00ebr buxhet dhe financa p\u00ebr Portalin Ul-info \u00ebsht\u00eb th\u00ebn\u00eb se dit\u00ebt e ardhshme do t\u00eb mbahen tre shqyrtime publike p\u00ebr Propozim buxhetin e\" \/>\n<meta name=\"robots\" content=\"index, follow, max-snippet:-1, max-image-preview:large, max-video-preview:-1\" \/>\n<link rel=\"canonical\" href=\"https:\/\/www.visit-ulcinj.com\/blog\/2014\/12\/13\/shqyrtimi-dhe-planifikimi-buxhetit-te-komunes-per-vitin-2015\/\" \/>\n<meta property=\"og:locale\" content=\"en_US\" \/>\n<meta property=\"og:type\" content=\"article\" \/>\n<meta property=\"og:title\" content=\"Shqyrtimi dhe planifikimi i buxhetit te komunes per vitin 2015 - Lajme nga Ulqini\" \/>\n<meta property=\"og:description\" content=\"Nga Sekretariati p\u00ebr buxhet dhe financa p\u00ebr Portalin Ul-info \u00ebsht\u00eb th\u00ebn\u00eb se dit\u00ebt e ardhshme do t\u00eb mbahen tre shqyrtime publike p\u00ebr Propozim buxhetin e\" \/>\n<meta property=\"og:url\" content=\"https:\/\/www.visit-ulcinj.com\/blog\/2014\/12\/13\/shqyrtimi-dhe-planifikimi-buxhetit-te-komunes-per-vitin-2015\/\" \/>\n<meta property=\"og:site_name\" content=\"Lajme nga Ulqini\" \/>\n<meta property=\"article:published_time\" content=\"2014-12-13T08:01:19+00:00\" \/>\n<meta property=\"og:image\" content=\"http:\/\/www.visit-ulcinj.com\/blog\/wp-content\/uploads\/2014\/12\/Valdet-Axhemoviq.jpg\" \/>\n<meta name=\"twitter:label1\" content=\"Written by\" \/>\n\t<meta name=\"twitter:data1\" content=\"ulqini\" \/>\n\t<meta name=\"twitter:label2\" content=\"Est. reading time\" \/>\n\t<meta name=\"twitter:data2\" content=\"1 minute\" \/>\n<script type=\"application\/ld+json\" class=\"yoast-schema-graph\">{\"@context\":\"https:\/\/schema.org\",\"@graph\":[{\"@type\":\"WebSite\",\"@id\":\"https:\/\/www.visit-ulcinj.com\/blog\/#website\",\"url\":\"https:\/\/www.visit-ulcinj.com\/blog\/\",\"name\":\"Lajme nga Ulqini\",\"description\":\"Lajme,Vijesti,Ulqini,Ulqin,Crna Gora,Mali i Zi\",\"potentialAction\":[{\"@type\":\"SearchAction\",\"target\":{\"@type\":\"EntryPoint\",\"urlTemplate\":\"https:\/\/www.visit-ulcinj.com\/blog\/?s={search_term_string}\"},\"query-input\":\"required name=search_term_string\"}],\"inLanguage\":\"en-US\"},{\"@type\":\"ImageObject\",\"inLanguage\":\"en-US\",\"@id\":\"https:\/\/www.visit-ulcinj.com\/blog\/2014\/12\/13\/shqyrtimi-dhe-planifikimi-buxhetit-te-komunes-per-vitin-2015\/#primaryimage\",\"url\":\"https:\/\/www.visit-ulcinj.com\/blog\/wp-content\/uploads\/2014\/12\/Valdet-Axhemoviq.jpg\",\"contentUrl\":\"https:\/\/www.visit-ulcinj.com\/blog\/wp-content\/uploads\/2014\/12\/Valdet-Axhemoviq.jpg\",\"width\":960,\"height\":720},{\"@type\":\"WebPage\",\"@id\":\"https:\/\/www.visit-ulcinj.com\/blog\/2014\/12\/13\/shqyrtimi-dhe-planifikimi-buxhetit-te-komunes-per-vitin-2015\/#webpage\",\"url\":\"https:\/\/www.visit-ulcinj.com\/blog\/2014\/12\/13\/shqyrtimi-dhe-planifikimi-buxhetit-te-komunes-per-vitin-2015\/\",\"name\":\"Shqyrtimi dhe planifikimi i buxhetit te komunes per vitin 2015 - Lajme nga Ulqini\",\"isPartOf\":{\"@id\":\"https:\/\/www.visit-ulcinj.com\/blog\/#website\"},\"primaryImageOfPage\":{\"@id\":\"https:\/\/www.visit-ulcinj.com\/blog\/2014\/12\/13\/shqyrtimi-dhe-planifikimi-buxhetit-te-komunes-per-vitin-2015\/#primaryimage\"},\"datePublished\":\"2014-12-13T08:01:19+00:00\",\"dateModified\":\"2014-12-13T08:01:19+00:00\",\"author\":{\"@id\":\"https:\/\/www.visit-ulcinj.com\/blog\/#\/schema\/person\/dcab619c614d3038751c63bc2aadc06d\"},\"description\":\"Nga Sekretariati p\u00ebr buxhet dhe financa p\u00ebr Portalin Ul-info \u00ebsht\u00eb th\u00ebn\u00eb se dit\u00ebt e ardhshme do t\u00eb mbahen tre shqyrtime publike p\u00ebr Propozim buxhetin e\",\"breadcrumb\":{\"@id\":\"https:\/\/www.visit-ulcinj.com\/blog\/2014\/12\/13\/shqyrtimi-dhe-planifikimi-buxhetit-te-komunes-per-vitin-2015\/#breadcrumb\"},\"inLanguage\":\"en-US\",\"potentialAction\":[{\"@type\":\"ReadAction\",\"target\":[\"https:\/\/www.visit-ulcinj.com\/blog\/2014\/12\/13\/shqyrtimi-dhe-planifikimi-buxhetit-te-komunes-per-vitin-2015\/\"]}]},{\"@type\":\"BreadcrumbList\",\"@id\":\"https:\/\/www.visit-ulcinj.com\/blog\/2014\/12\/13\/shqyrtimi-dhe-planifikimi-buxhetit-te-komunes-per-vitin-2015\/#breadcrumb\",\"itemListElement\":[{\"@type\":\"ListItem\",\"position\":1,\"name\":\"Shqyrtimi dhe planifikimi i buxhetit te komunes per vitin 2015\"}]},{\"@type\":\"Person\",\"@id\":\"https:\/\/www.visit-ulcinj.com\/blog\/#\/schema\/person\/dcab619c614d3038751c63bc2aadc06d\",\"name\":\"ulqini\",\"sameAs\":[\"http:\/\/www.visit-ulcinj.com\"],\"url\":\"https:\/\/www.visit-ulcinj.com\/blog\/author\/admin\/\"}]}<\/script>\n<!-- \/ Yoast SEO plugin. -->","yoast_head_json":{"title":"Shqyrtimi dhe planifikimi i buxhetit te komunes per vitin 2015 - Lajme nga Ulqini","description":"Nga Sekretariati p\u00ebr buxhet dhe financa p\u00ebr Portalin Ul-info \u00ebsht\u00eb th\u00ebn\u00eb se dit\u00ebt e ardhshme do t\u00eb mbahen tre shqyrtime publike p\u00ebr Propozim buxhetin e","robots":{"index":"index","follow":"follow","max-snippet":"max-snippet:-1","max-image-preview":"max-image-preview:large","max-video-preview":"max-video-preview:-1"},"canonical":"https:\/\/www.visit-ulcinj.com\/blog\/2014\/12\/13\/shqyrtimi-dhe-planifikimi-buxhetit-te-komunes-per-vitin-2015\/","og_locale":"en_US","og_type":"article","og_title":"Shqyrtimi dhe planifikimi i buxhetit te komunes per vitin 2015 - Lajme nga Ulqini","og_description":"Nga Sekretariati p\u00ebr buxhet dhe financa p\u00ebr Portalin Ul-info \u00ebsht\u00eb th\u00ebn\u00eb se dit\u00ebt e ardhshme do t\u00eb mbahen tre shqyrtime publike p\u00ebr Propozim buxhetin e","og_url":"https:\/\/www.visit-ulcinj.com\/blog\/2014\/12\/13\/shqyrtimi-dhe-planifikimi-buxhetit-te-komunes-per-vitin-2015\/","og_site_name":"Lajme nga Ulqini","article_published_time":"2014-12-13T08:01:19+00:00","og_image":[{"url":"http:\/\/www.visit-ulcinj.com\/blog\/wp-content\/uploads\/2014\/12\/Valdet-Axhemoviq.jpg"}],"twitter_misc":{"Written by":"ulqini","Est. reading time":"1 minute"},"schema":{"@context":"https:\/\/schema.org","@graph":[{"@type":"WebSite","@id":"https:\/\/www.visit-ulcinj.com\/blog\/#website","url":"https:\/\/www.visit-ulcinj.com\/blog\/","name":"Lajme nga Ulqini","description":"Lajme,Vijesti,Ulqini,Ulqin,Crna Gora,Mali i Zi","potentialAction":[{"@type":"SearchAction","target":{"@type":"EntryPoint","urlTemplate":"https:\/\/www.visit-ulcinj.com\/blog\/?s={search_term_string}"},"query-input":"required name=search_term_string"}],"inLanguage":"en-US"},{"@type":"ImageObject","inLanguage":"en-US","@id":"https:\/\/www.visit-ulcinj.com\/blog\/2014\/12\/13\/shqyrtimi-dhe-planifikimi-buxhetit-te-komunes-per-vitin-2015\/#primaryimage","url":"https:\/\/www.visit-ulcinj.com\/blog\/wp-content\/uploads\/2014\/12\/Valdet-Axhemoviq.jpg","contentUrl":"https:\/\/www.visit-ulcinj.com\/blog\/wp-content\/uploads\/2014\/12\/Valdet-Axhemoviq.jpg","width":960,"height":720},{"@type":"WebPage","@id":"https:\/\/www.visit-ulcinj.com\/blog\/2014\/12\/13\/shqyrtimi-dhe-planifikimi-buxhetit-te-komunes-per-vitin-2015\/#webpage","url":"https:\/\/www.visit-ulcinj.com\/blog\/2014\/12\/13\/shqyrtimi-dhe-planifikimi-buxhetit-te-komunes-per-vitin-2015\/","name":"Shqyrtimi dhe planifikimi i buxhetit te komunes per vitin 2015 - Lajme nga Ulqini","isPartOf":{"@id":"https:\/\/www.visit-ulcinj.com\/blog\/#website"},"primaryImageOfPage":{"@id":"https:\/\/www.visit-ulcinj.com\/blog\/2014\/12\/13\/shqyrtimi-dhe-planifikimi-buxhetit-te-komunes-per-vitin-2015\/#primaryimage"},"datePublished":"2014-12-13T08:01:19+00:00","dateModified":"2014-12-13T08:01:19+00:00","author":{"@id":"https:\/\/www.visit-ulcinj.com\/blog\/#\/schema\/person\/dcab619c614d3038751c63bc2aadc06d"},"description":"Nga Sekretariati p\u00ebr buxhet dhe financa p\u00ebr Portalin Ul-info \u00ebsht\u00eb th\u00ebn\u00eb se dit\u00ebt e ardhshme do t\u00eb mbahen tre shqyrtime publike p\u00ebr Propozim buxhetin e","breadcrumb":{"@id":"https:\/\/www.visit-ulcinj.com\/blog\/2014\/12\/13\/shqyrtimi-dhe-planifikimi-buxhetit-te-komunes-per-vitin-2015\/#breadcrumb"},"inLanguage":"en-US","potentialAction":[{"@type":"ReadAction","target":["https:\/\/www.visit-ulcinj.com\/blog\/2014\/12\/13\/shqyrtimi-dhe-planifikimi-buxhetit-te-komunes-per-vitin-2015\/"]}]},{"@type":"BreadcrumbList","@id":"https:\/\/www.visit-ulcinj.com\/blog\/2014\/12\/13\/shqyrtimi-dhe-planifikimi-buxhetit-te-komunes-per-vitin-2015\/#breadcrumb","itemListElement":[{"@type":"ListItem","position":1,"name":"Shqyrtimi dhe planifikimi i buxhetit te komunes per vitin 2015"}]},{"@type":"Person","@id":"https:\/\/www.visit-ulcinj.com\/blog\/#\/schema\/person\/dcab619c614d3038751c63bc2aadc06d","name":"ulqini","sameAs":["http:\/\/www.visit-ulcinj.com"],"url":"https:\/\/www.visit-ulcinj.com\/blog\/author\/admin\/"}]}},"jetpack_featured_media_url":"","jetpack_sharing_enabled":true,"jetpack_shortlink":"https:\/\/wp.me\/pe6lTn-mDE","_links":{"self":[{"href":"https:\/\/www.visit-ulcinj.com\/blog\/wp-json\/wp\/v2\/posts\/87026"}],"collection":[{"href":"https:\/\/www.visit-ulcinj.com\/blog\/wp-json\/wp\/v2\/posts"}],"about":[{"href":"https:\/\/www.visit-ulcinj.com\/blog\/wp-json\/wp\/v2\/types\/post"}],"author":[{"embeddable":true,"href":"https:\/\/www.visit-ulcinj.com\/blog\/wp-json\/wp\/v2\/users\/1"}],"replies":[{"embeddable":true,"href":"https:\/\/www.visit-ulcinj.com\/blog\/wp-json\/wp\/v2\/comments?post=87026"}],"version-history":[{"count":1,"href":"https:\/\/www.visit-ulcinj.com\/blog\/wp-json\/wp\/v2\/posts\/87026\/revisions"}],"predecessor-version":[{"id":87027,"href":"https:\/\/www.visit-ulcinj.com\/blog\/wp-json\/wp\/v2\/posts\/87026\/revisions\/87027"}],"wp:attachment":[{"href":"https:\/\/www.visit-ulcinj.com\/blog\/wp-json\/wp\/v2\/media?parent=87026"}],"wp:term":[{"taxonomy":"category","embeddable":true,"href":"https:\/\/www.visit-ulcinj.com\/blog\/wp-json\/wp\/v2\/categories?post=87026"},{"taxonomy":"post_tag","embeddable":true,"href":"https:\/\/www.visit-ulcinj.com\/blog\/wp-json\/wp\/v2\/tags?post=87026"}],"curies":[{"name":"wp","href":"https:\/\/api.w.org\/{rel}","templated":true}]}}