{"id":87028,"date":"2014-12-13T09:17:05","date_gmt":"2014-12-13T08:17:05","guid":{"rendered":"http:\/\/www.visit-ulcinj.com\/blog\/?p=87028"},"modified":"2014-12-13T09:17:05","modified_gmt":"2014-12-13T08:17:05","slug":"abazovic-uskoro-formiramo-gradanski-pokret","status":"publish","type":"post","link":"https:\/\/www.visit-ulcinj.com\/blog\/2014\/12\/13\/abazovic-uskoro-formiramo-gradanski-pokret\/","title":{"rendered":"Abazovic: Uskoro formiramo gra\u0111anski pokret"},"content":{"rendered":"<p id=\"articleIntro\"><a href=\"http:\/\/www.visit-ulcinj.com\/blog\/wp-content\/uploads\/2014\/12\/Dritan-Abazovic.jpg\"><img loading=\"lazy\" class=\"alignleft wp-image-87029\" src=\"http:\/\/www.visit-ulcinj.com\/blog\/wp-content\/uploads\/2014\/12\/Dritan-Abazovic.jpg\" alt=\"Dritan-Abazovic\" width=\"508\" height=\"339\" srcset=\"https:\/\/www.visit-ulcinj.com\/blog\/wp-content\/uploads\/2014\/12\/Dritan-Abazovic.jpg 960w, https:\/\/www.visit-ulcinj.com\/blog\/wp-content\/uploads\/2014\/12\/Dritan-Abazovic-300x200.jpg 300w\" sizes=\"(max-width: 508px) 100vw, 508px\" \/><\/a>Pravimo gra\u0111anski pokret a ne partiju i sve proti\u010de bolje nego \u0161to smo zamislili. Taj pokret \u0107e okupljaiti kredibilne pojedince i definitivno \u0107e predstavljati istinsku gra\u0111ansku alternativu vladaju\u0107oj strukturi, ubije\u0111en je sagovornik Portala Analitika, najavljuju\u0107i da \u0107e javnost brzo saznati imena ljudi koji \u0107e se pridru\u017eiti ovom politi\u010dkom projektu i osnovne politi\u010dke postulate sa kojih \u0107e djelovati. On smatra da je ujedinjenje prave opozicije najdjelotvorniji na\u010din borbe za promjene, a da protesti bez jasnog cilja donose vi\u0161e \u0161tete nego koristi<\/p>\n<div id=\"articleContent\">\n<p>Nezavisni poslanik u Skup\u0161tini Crne Gore Dritan Abazovi\u0107 kazao je\u00a0 u razgovoru za Portal Analitika da pripreme za formiranje novog, gra\u0111anskog pokreta teku iznad svih o\u010dekivanja i da uskoro o\u010dekuje pokretanje nove politi\u010dke organizacije.<\/p>\n<p>&#8211; U svakom slu\u010daju, bi\u0107e iznena\u0111enja &#8211;\u00a0kazao je Abazovi\u0107 za Portal Analitika.<\/p>\n<p>Komentari\u0161u\u0107i najave protesta iz Demokratskog fronta, on isti\u010de da je uvijek podr\u017eavao proteste, za koje ka\u017ee da na neki na\u010din predstavljaju \u201etreninge za demokratsko dru\u0161tvo\u201c ali da uvijek postoji rizik da naprave vi\u0161e \u0161tete nego koristi, ukoliko se dobro ne organizuju.<\/p>\n<p>&#8211; Protesti su legitiman na\u010din borbe za demokratiju u svim zemljama svijeta. Do sada sam uvijek podr\u017eavao takav vid anga\u017emana, bilo da ih je organizovao sindikat, civilni sektor ili politi\u010dke grupacije. Ali, najva\u017enije je da protesti budu dobro pripremljeni i da imaju jasan zadatak i cilj. Ne znam da li se to do sada postiglo, pa stoga uvijek postoji rizik da protesti naprave vi\u0161e \u0161tete nego koristi &#8211;\u00a0rekao je <strong>Abazovi\u0107<\/strong>.<\/p>\n<p>Bez obzira na brojne kombinatorike oko poslani\u010dkog kluba koji omogu\u0107ava poslani\u010dka prava koja nema kao nezavisni poslanik, sagovornik <em>Portala Analitika<\/em> najavljuje da \u0107e ostati u tom statusu, tim prije \u0161to je najvi\u0161e trenutno anga\u017eovan oko formiranja nove politi\u010dke organizacije. Nerado se vra\u0107aju\u0107i pri\u010di oko napu\u0161tanja Pozitivne, te Pajovi\u0107evom komentaru da je \u201ePozitivna oslobo\u0111ena uticaja medijske mafije\u201c, <strong>Abazovi\u0107<\/strong> ka\u017ee:<\/p>\n<p>\u201ePozitivna je na\u0161im odlaskom ostala bez ljudi jasne opozicione profilacije, onih\u00a0 koji nisu spremni da budu \u0161rafovi DPS ma\u0161inerije i koji radi li\u010dnog interesa ili sitnih apana\u017ea ne\u00a0 prodaju svoju izvornu ideju. Paranoi\u010dnim i frustriranim izjavama koje upravo servira mafija, ali ona prava, preko svojih medija i &#8216;spava\u010da&#8217; u opoziciji, ne \u017eelim da se bavim niti da ih komentari\u0161em. Vrijeme \u0107e razotkriti istinu, kao \u0161to to neumoljivo i \u010dini iz dana u dan.\u201c<\/p>\n<p><strong>ANALITIKA: Kada ste i zvani\u010dno napu\u0161tili Pozitivnu Crnu Goru zadr\u017eali ste poslani\u010dki mandat i poru\u010dili da ne isklju\u010dujete mogu\u0107nost formiranja nove partije. Kako do sada napreduju napori za formiranje sopstvene partije i poslani\u010dkog kluba i da li o\u010dekujete konkretne rezultate u skorijem periodu?<\/strong><\/p>\n<p><strong>ABAZOVI\u0106:<\/strong> Pripreme teku iznad svih o\u010dekivanja, samo \u0161to moram malo da Vas ispravim &#8211; ne pravimo partiju ve\u0107 gra\u0111anski pokret. Sve proti\u010de bolje nego \u0161to smo i zamislili. Uskoro pokre\u0107emo politi\u010dku organizaciju koja \u0107e okupljati kredibilne pojedince i koja \u0107e definitivno predstavljati istinsku gra\u0111ansku alternativu\u00a0 vladaju\u0107oj strukturi. O\u010dekujem da javnost vrlo brzo sazna imena ljudi koji \u0107e se pridru\u017eiti \u00a0projektu kao i osnovne politi\u010dke pravce njenog djelovanja. U svakom slu\u010daju, bi\u0107e iznena\u0111enja. \u0160to se poslani\u010dkog kluba ti\u010de, o\u010dekujem da se i na to pitanje brzo stavi ta\u010dka mada, priznajem, posve\u0107eniji sam radu oko novog politi\u010dkog subjekta.<\/p>\n<p><strong>ANALITIKA: U medijima se spekulisalo da ste od DF-a i njegovog lidera Miodraga Leki\u0107a\u00a0 tra\u017eili podr\u0161ku za formiranje poslani\u010dkog kluba. Da li je to ta\u010dno?<\/strong><\/p>\n<p><strong>ABAZOVI\u0106: <\/strong>Sa gospodinom Leki\u0107em kojeg naro\u010dito cijenim, ali i sa ostalim kolegama iz DF-a imam vrlo korektnu komunikaciju. Bilo je razgovora o modalitetima tehni\u010dke podr\u0161ke, po\u0161to je pitanje kluba za nas tehni\u010dka stvar, a radi se o razli\u010ditim politi\u010dkim subjektima koji vode razli\u010dite politike. Vidje\u0107emo \u0161ta \u0107emo na kraju odlu\u010diti. U svakom slu\u010daju sa kolegama iz opozicije, a posebno sa gospodinom <strong>Leki\u0107em<\/strong> nastavljamo da razgovaramo oko brojnih tema vezanih za budu\u0107nost Crne Gore. Ideja promjena je ono \u0161to nas strate\u0161ki povezuje. Pitanje kluba se mo\u017ee rije\u0161iti na vi\u0161e na\u010dina, ostaje samo da vidimo koji je najoptimalniji i najrealniji, kako za nas, tako i za ostale kolege iz opozicije.<\/p>\n<p><strong>ANALITIKA: Koji su glavni razlozi zbog kojih biste formirali poslani\u010dki klub a\u00a0 ne nastavili da djelujete kao nezavisni poslanik?<\/strong><\/p>\n<p><strong>ABAZOVI\u0106:<\/strong> Ja nastavljam da djelujem kao nezavisni poslanik u svakom slu\u010daju. Moram Vam priznati da mi ovakva pozicija mnogo vi\u0161e odgovara negoli kad sam bio \u010dlan partije. Ali, klub daje pravo na prostorije u Skup\u0161tini, na prisustvo kolegijumu, postavljanje pitanja premijeru, anga\u017eovanja stru\u010dnog saradnika&#8230; Ti su razlozi prije svega, vrlo pragmati\u010dni. Po poslovniku Skup\u0161tine Crne Gore \u00a0bez kluba nemate jednaka prava sa ostalim poslanicima, \u010dak i kad se radi o samo tehni\u010dkim stvarima. U svakom slu\u010daju, nije tragi\u010dno ni ako ne formiramo klub. I ranije sam se trudio da djelujem prili\u010dno autonomno, slijede\u0107i svoja duboka politi\u010dka uvjerenja, uz malo druga\u010diji pristup poslani\u010dkom poslu u odnosu na konvecionalni koji se ustalio u Crnoj Gori. Kako god bilo, nastavljam biti nezavisni poslanik, u klubu ili bez njega.<\/p>\n<p><strong>ANALITIKA: Da li postoji mogu\u0107nost da pre\u0111ete u neki drugi politi\u010dki klub i tako nastavite da djelujete?<\/strong><\/p>\n<p><strong>ABAZOVI\u0106:<\/strong> Takva mogu\u0107nost ne postoji. Do sada su me samo mediji selili u druge politi\u010dke klubove. Li\u010dno, spreman sam i te\u017eim da imam \u0161to bolju saradnju sa svim opozicionim kolegama, a s obzirom da \u0107emo brzo formirati novi politi\u010dki subjekat, ne vidim logiku da pre\u0111em bilo gdje, osim ako to ne podrazumijeva da dogovorimo tehni\u010dku saradnju vezanu za klub ili veliko opoziciono okupljanje.<\/p>\n<p><strong>ANALITIKA: Funkcioneri Demokratskog fronta Andrija Mandi\u0107 i Neboj\u0161a Medojevi\u0107 u vi\u0161e navrata najavljivali su uli\u010dne proteste, pozivaju\u0107i ostatak opozicije da im se pridru\u017ei. Da li podr\u017eavate takav na\u010din borbe protiv DPS-a i da li ste spremni da podr\u017eite eventualne proteste?<\/strong><\/p>\n<p><strong>ABAZOVI\u0106:<\/strong> Protesti su legitiman na\u010din borbe za demokratiju u svim zemljama svijeta. Do sada sam uvijek podr\u017eavao takav vid anga\u017emana, bilo da ih je organizovao sindikat, civilni sektor ili politi\u010dke grupacije.\u00a0 Ne vidim za\u0161to bi ubudu\u0107e bilo druga\u010dije. Ali, neophodno je da protesti budu dobro pripremljeni i da imaju svoj jasan zadatak i cilj. Ne znam da li se to do sada postiglo, pa stoga uvijek postoji rizik da protesti naprave vi\u0161e \u0161tete nego koristi. Nisam siguran ni koliko je interesovanje gra\u0111ana za tako ne\u0161to, naro\u010dito u prazni\u010dnom periodu. Ali, vidje\u0107emo \u0161ta o tome misle kolege. Kao gra\u0111anin nemam ni\u0161ta protiv, volio bih da ta ideja uspije i da gra\u0111ani Crne Gore kona\u010dno shvate da je i to na\u010din na koji se osvaja sloboda \u010dak i u mnogo demokrati\u010dnijim zemljama od na\u0161e. Protesti su na neki na\u010din &#8220;treninzi&#8221; za demokratsko dru\u0161tvo.<\/p>\n<div id=\"articleContent\">\n<p><strong>ANALITIKA: Po Vama, koji je vid borbe protiv vlasti najefikasniji? Da li su to protesti, ujedinjenje opozicije iza jedne li\u010dnosti, institucionalna borba&#8230;?<\/strong><\/p>\n<p><strong>ABAZOVI\u0106:<\/strong> Smatram da je ujedinjenje prave opozicije najdjelotvorniji i naju\u010dinkovitiji metod\u00a0 borbe za promjene, mada ne treba izuzeti ni institucionalnu borbu i\/ili proteste. Me\u0111utim, da bi se bilo \u0161ta dalje radilo mora se napraviti prvi korak, a to je neka vrsta ujedinjenja. To nije lako posti\u0107i, naro\u010dito ako imamo u vidu da jedan dio ljudi u opoziciji zapravo radi za vlast. Tek kada se svi oni u potpunosti demaskiraju stvori\u0107e se pretpostavke za ve\u0107u opozicionu solidarnost koja \u0107e voditi sinhronizovanom djelovanju koju \u0107e predvoditi jedna ili vi\u0161e osoba. To je manje va\u017eno u cijeloj pri\u010di.<\/p>\n<p><strong>ANALITIKA: Kada ste Vi, gospodin Bojani\u0107 i dio funkcionera i \u010dlanstva napu\u0161tili Pozitivnu lider stranke Darko Pajovi\u0107 je kazao da je \u201ePozitivna oslobo\u0111ena uticaja medijske mafije\u201c. Da li smatrate da se te rije\u010di odnose na Vas i da li je opravdano povezivanje dijela stranke sa \u201emedijskom mafijom\u201c?<\/strong><\/p>\n<p><strong>ABAZOVI\u0106: <\/strong>Pozitivna je na\u0161im odlaskom ostala bez ljudi jasne opozicione profilacije, onih \u00a0koji nisu spremni da budu \u0161rafovi DPS ma\u0161inerije i koji radi li\u010dnog interesa ili sitnih apana\u017ea ne \u00a0prodaju svoju izvornu ideju. Paranoi\u010dnim i frustriranim izjavama koje upravo servira mafija, ali ona prava, preko svojih medija i spava\u010da u opoziciji, ne \u017eelim da se bavim niti da ih komentari\u0161em. Vrijeme \u0107e razotkriti istinu, kao \u0161to to neumoljivo i \u010dini iz dana u dan.<\/p>\n<p><strong>ANALITIKA: Za\u0161to je po Vama do\u0161lo do raskola u Pozitivnoj?<\/strong><\/p>\n<p><strong>ABAZOVI\u0106:<\/strong> Nerado se vra\u0107am na to zaista, ali \u0107u Vas ispo\u0161tovati. Vi\u0161e je razloga zbog \u010dega je do\u0161lo do raskola, a javnosti su neki od njih poznati. Naprosto mislim da su pogre\u0161ni ljudi do\u0161li na va\u017eno mjesto. Razloga je bilo mnogo, pomenu\u0107u samo neke: lo\u0161a politika, lo\u0161 me\u0111uljudski menad\u017ement, neiskrenost, paranoja, pogre\u0161ne kalkulacije, nedostatak vizije, nedostatak hrabrosti \u00a0i nemogu\u0107nost dono\u0161enja odluka&#8230; Bilo je i politi\u010dkih razlika ali, uglavnom je lider\u0161ip generisao probleme koje je konstantno stavljao pod tepih. Kada je to postalo nemogu\u0107e kontrolisati, usled va\u017enih procesa, do\u0161lo je do raskola. Na taj na\u010din potro\u0161ena je jedna sjajna ideja. Ne \u017eelim vi\u0161e da se vra\u0107am na to, kolegama iz Pozitivne sam po\u017eelio puno uspjeha u daljem radu. \u0160ta je bilo, bilo je. Pred nama su novi izazovi i li\u010dno uz veliki entuzijazam pristupam novim projektima koji me mnogo vi\u0161e ispunjavaju i kao \u010dovjeka i kao politi\u010dara.<\/p>\n<p><strong>Bal\u0161a KNE\u017dEVI\u0106<\/strong><\/p>\n<\/div>\n<div class=\"commentsBox\">\u00a0<strong>Izvor: Portal Analitika<\/strong><\/div>\n<\/div>\n","protected":false},"excerpt":{"rendered":"<p>Pravimo gra\u0111anski pokret a ne partiju i sve proti\u010de bolje nego \u0161to smo zamislili. Taj pokret \u0107e okupljaiti kredibilne pojedince i definitivno \u0107e predstavljati istinsku gra\u0111ansku alternativu vladaju\u0107oj strukturi, ubije\u0111en je sagovornik Portala Analitika, najavljuju\u0107i da \u0107e javnost brzo saznati imena ljudi koji \u0107e se pridru\u017eiti ovom politi\u010dkom projektu i osnovne politi\u010dke postulate sa kojih [&hellip;]<\/p>\n","protected":false},"author":1,"featured_media":0,"comment_status":"closed","ping_status":"closed","sticky":false,"template":"","format":"standard","meta":{"spay_email":"","jetpack_publicize_message":"","jetpack_is_tweetstorm":false,"jetpack_publicize_feature_enabled":true},"categories":[8337],"tags":[],"jetpack_publicize_connections":[],"yoast_head":"<!-- This site is optimized with the Yoast SEO plugin v19.1 - https:\/\/yoast.com\/wordpress\/plugins\/seo\/ -->\n<title>Abazovic: Uskoro formiramo gra\u0111anski pokret - Lajme nga Ulqini<\/title>\n<meta name=\"description\" content=\"Pravimo gra\u0111anski pokret a ne partiju i sve proti\u010de bolje nego \u0161to smo zamislili. Taj pokret \u0107e okupljaiti kredibilne pojedince i definitivno \u0107e\" \/>\n<meta name=\"robots\" content=\"index, follow, max-snippet:-1, max-image-preview:large, max-video-preview:-1\" \/>\n<link rel=\"canonical\" href=\"https:\/\/www.visit-ulcinj.com\/blog\/2014\/12\/13\/abazovic-uskoro-formiramo-gradanski-pokret\/\" \/>\n<meta property=\"og:locale\" content=\"en_US\" \/>\n<meta property=\"og:type\" content=\"article\" \/>\n<meta property=\"og:title\" content=\"Abazovic: Uskoro formiramo gra\u0111anski pokret - Lajme nga Ulqini\" \/>\n<meta property=\"og:description\" content=\"Pravimo gra\u0111anski pokret a ne partiju i sve proti\u010de bolje nego \u0161to smo zamislili. Taj pokret \u0107e okupljaiti kredibilne pojedince i definitivno \u0107e\" \/>\n<meta property=\"og:url\" content=\"https:\/\/www.visit-ulcinj.com\/blog\/2014\/12\/13\/abazovic-uskoro-formiramo-gradanski-pokret\/\" \/>\n<meta property=\"og:site_name\" content=\"Lajme nga Ulqini\" \/>\n<meta property=\"article:published_time\" content=\"2014-12-13T08:17:05+00:00\" \/>\n<meta property=\"og:image\" content=\"http:\/\/www.visit-ulcinj.com\/blog\/wp-content\/uploads\/2014\/12\/Dritan-Abazovic.jpg\" \/>\n<meta name=\"twitter:label1\" content=\"Written by\" \/>\n\t<meta name=\"twitter:data1\" content=\"ulqini\" \/>\n\t<meta name=\"twitter:label2\" content=\"Est. reading time\" \/>\n\t<meta name=\"twitter:data2\" content=\"8 minutes\" \/>\n<script type=\"application\/ld+json\" class=\"yoast-schema-graph\">{\"@context\":\"https:\/\/schema.org\",\"@graph\":[{\"@type\":\"WebSite\",\"@id\":\"https:\/\/www.visit-ulcinj.com\/blog\/#website\",\"url\":\"https:\/\/www.visit-ulcinj.com\/blog\/\",\"name\":\"Lajme nga Ulqini\",\"description\":\"Lajme,Vijesti,Ulqini,Ulqin,Crna Gora,Mali i Zi\",\"potentialAction\":[{\"@type\":\"SearchAction\",\"target\":{\"@type\":\"EntryPoint\",\"urlTemplate\":\"https:\/\/www.visit-ulcinj.com\/blog\/?s={search_term_string}\"},\"query-input\":\"required name=search_term_string\"}],\"inLanguage\":\"en-US\"},{\"@type\":\"ImageObject\",\"inLanguage\":\"en-US\",\"@id\":\"https:\/\/www.visit-ulcinj.com\/blog\/2014\/12\/13\/abazovic-uskoro-formiramo-gradanski-pokret\/#primaryimage\",\"url\":\"https:\/\/www.visit-ulcinj.com\/blog\/wp-content\/uploads\/2014\/12\/Dritan-Abazovic.jpg\",\"contentUrl\":\"https:\/\/www.visit-ulcinj.com\/blog\/wp-content\/uploads\/2014\/12\/Dritan-Abazovic.jpg\",\"width\":960,\"height\":641},{\"@type\":\"WebPage\",\"@id\":\"https:\/\/www.visit-ulcinj.com\/blog\/2014\/12\/13\/abazovic-uskoro-formiramo-gradanski-pokret\/#webpage\",\"url\":\"https:\/\/www.visit-ulcinj.com\/blog\/2014\/12\/13\/abazovic-uskoro-formiramo-gradanski-pokret\/\",\"name\":\"Abazovic: Uskoro formiramo gra\u0111anski pokret - Lajme nga Ulqini\",\"isPartOf\":{\"@id\":\"https:\/\/www.visit-ulcinj.com\/blog\/#website\"},\"primaryImageOfPage\":{\"@id\":\"https:\/\/www.visit-ulcinj.com\/blog\/2014\/12\/13\/abazovic-uskoro-formiramo-gradanski-pokret\/#primaryimage\"},\"datePublished\":\"2014-12-13T08:17:05+00:00\",\"dateModified\":\"2014-12-13T08:17:05+00:00\",\"author\":{\"@id\":\"https:\/\/www.visit-ulcinj.com\/blog\/#\/schema\/person\/dcab619c614d3038751c63bc2aadc06d\"},\"description\":\"Pravimo gra\u0111anski pokret a ne partiju i sve proti\u010de bolje nego \u0161to smo zamislili. Taj pokret \u0107e okupljaiti kredibilne pojedince i definitivno \u0107e\",\"breadcrumb\":{\"@id\":\"https:\/\/www.visit-ulcinj.com\/blog\/2014\/12\/13\/abazovic-uskoro-formiramo-gradanski-pokret\/#breadcrumb\"},\"inLanguage\":\"en-US\",\"potentialAction\":[{\"@type\":\"ReadAction\",\"target\":[\"https:\/\/www.visit-ulcinj.com\/blog\/2014\/12\/13\/abazovic-uskoro-formiramo-gradanski-pokret\/\"]}]},{\"@type\":\"BreadcrumbList\",\"@id\":\"https:\/\/www.visit-ulcinj.com\/blog\/2014\/12\/13\/abazovic-uskoro-formiramo-gradanski-pokret\/#breadcrumb\",\"itemListElement\":[{\"@type\":\"ListItem\",\"position\":1,\"name\":\"Abazovic: Uskoro formiramo gra\u0111anski pokret\"}]},{\"@type\":\"Person\",\"@id\":\"https:\/\/www.visit-ulcinj.com\/blog\/#\/schema\/person\/dcab619c614d3038751c63bc2aadc06d\",\"name\":\"ulqini\",\"sameAs\":[\"http:\/\/www.visit-ulcinj.com\"],\"url\":\"https:\/\/www.visit-ulcinj.com\/blog\/author\/admin\/\"}]}<\/script>\n<!-- \/ Yoast SEO plugin. -->","yoast_head_json":{"title":"Abazovic: Uskoro formiramo gra\u0111anski pokret - Lajme nga Ulqini","description":"Pravimo gra\u0111anski pokret a ne partiju i sve proti\u010de bolje nego \u0161to smo zamislili. Taj pokret \u0107e okupljaiti kredibilne pojedince i definitivno \u0107e","robots":{"index":"index","follow":"follow","max-snippet":"max-snippet:-1","max-image-preview":"max-image-preview:large","max-video-preview":"max-video-preview:-1"},"canonical":"https:\/\/www.visit-ulcinj.com\/blog\/2014\/12\/13\/abazovic-uskoro-formiramo-gradanski-pokret\/","og_locale":"en_US","og_type":"article","og_title":"Abazovic: Uskoro formiramo gra\u0111anski pokret - Lajme nga Ulqini","og_description":"Pravimo gra\u0111anski pokret a ne partiju i sve proti\u010de bolje nego \u0161to smo zamislili. Taj pokret \u0107e okupljaiti kredibilne pojedince i definitivno \u0107e","og_url":"https:\/\/www.visit-ulcinj.com\/blog\/2014\/12\/13\/abazovic-uskoro-formiramo-gradanski-pokret\/","og_site_name":"Lajme nga Ulqini","article_published_time":"2014-12-13T08:17:05+00:00","og_image":[{"url":"http:\/\/www.visit-ulcinj.com\/blog\/wp-content\/uploads\/2014\/12\/Dritan-Abazovic.jpg"}],"twitter_misc":{"Written by":"ulqini","Est. reading time":"8 minutes"},"schema":{"@context":"https:\/\/schema.org","@graph":[{"@type":"WebSite","@id":"https:\/\/www.visit-ulcinj.com\/blog\/#website","url":"https:\/\/www.visit-ulcinj.com\/blog\/","name":"Lajme nga Ulqini","description":"Lajme,Vijesti,Ulqini,Ulqin,Crna Gora,Mali i Zi","potentialAction":[{"@type":"SearchAction","target":{"@type":"EntryPoint","urlTemplate":"https:\/\/www.visit-ulcinj.com\/blog\/?s={search_term_string}"},"query-input":"required name=search_term_string"}],"inLanguage":"en-US"},{"@type":"ImageObject","inLanguage":"en-US","@id":"https:\/\/www.visit-ulcinj.com\/blog\/2014\/12\/13\/abazovic-uskoro-formiramo-gradanski-pokret\/#primaryimage","url":"https:\/\/www.visit-ulcinj.com\/blog\/wp-content\/uploads\/2014\/12\/Dritan-Abazovic.jpg","contentUrl":"https:\/\/www.visit-ulcinj.com\/blog\/wp-content\/uploads\/2014\/12\/Dritan-Abazovic.jpg","width":960,"height":641},{"@type":"WebPage","@id":"https:\/\/www.visit-ulcinj.com\/blog\/2014\/12\/13\/abazovic-uskoro-formiramo-gradanski-pokret\/#webpage","url":"https:\/\/www.visit-ulcinj.com\/blog\/2014\/12\/13\/abazovic-uskoro-formiramo-gradanski-pokret\/","name":"Abazovic: Uskoro formiramo gra\u0111anski pokret - Lajme nga Ulqini","isPartOf":{"@id":"https:\/\/www.visit-ulcinj.com\/blog\/#website"},"primaryImageOfPage":{"@id":"https:\/\/www.visit-ulcinj.com\/blog\/2014\/12\/13\/abazovic-uskoro-formiramo-gradanski-pokret\/#primaryimage"},"datePublished":"2014-12-13T08:17:05+00:00","dateModified":"2014-12-13T08:17:05+00:00","author":{"@id":"https:\/\/www.visit-ulcinj.com\/blog\/#\/schema\/person\/dcab619c614d3038751c63bc2aadc06d"},"description":"Pravimo gra\u0111anski pokret a ne partiju i sve proti\u010de bolje nego \u0161to smo zamislili. Taj pokret \u0107e okupljaiti kredibilne pojedince i definitivno \u0107e","breadcrumb":{"@id":"https:\/\/www.visit-ulcinj.com\/blog\/2014\/12\/13\/abazovic-uskoro-formiramo-gradanski-pokret\/#breadcrumb"},"inLanguage":"en-US","potentialAction":[{"@type":"ReadAction","target":["https:\/\/www.visit-ulcinj.com\/blog\/2014\/12\/13\/abazovic-uskoro-formiramo-gradanski-pokret\/"]}]},{"@type":"BreadcrumbList","@id":"https:\/\/www.visit-ulcinj.com\/blog\/2014\/12\/13\/abazovic-uskoro-formiramo-gradanski-pokret\/#breadcrumb","itemListElement":[{"@type":"ListItem","position":1,"name":"Abazovic: Uskoro formiramo gra\u0111anski pokret"}]},{"@type":"Person","@id":"https:\/\/www.visit-ulcinj.com\/blog\/#\/schema\/person\/dcab619c614d3038751c63bc2aadc06d","name":"ulqini","sameAs":["http:\/\/www.visit-ulcinj.com"],"url":"https:\/\/www.visit-ulcinj.com\/blog\/author\/admin\/"}]}},"jetpack_featured_media_url":"","jetpack_sharing_enabled":true,"jetpack_shortlink":"https:\/\/wp.me\/pe6lTn-mDG","_links":{"self":[{"href":"https:\/\/www.visit-ulcinj.com\/blog\/wp-json\/wp\/v2\/posts\/87028"}],"collection":[{"href":"https:\/\/www.visit-ulcinj.com\/blog\/wp-json\/wp\/v2\/posts"}],"about":[{"href":"https:\/\/www.visit-ulcinj.com\/blog\/wp-json\/wp\/v2\/types\/post"}],"author":[{"embeddable":true,"href":"https:\/\/www.visit-ulcinj.com\/blog\/wp-json\/wp\/v2\/users\/1"}],"replies":[{"embeddable":true,"href":"https:\/\/www.visit-ulcinj.com\/blog\/wp-json\/wp\/v2\/comments?post=87028"}],"version-history":[{"count":1,"href":"https:\/\/www.visit-ulcinj.com\/blog\/wp-json\/wp\/v2\/posts\/87028\/revisions"}],"predecessor-version":[{"id":87030,"href":"https:\/\/www.visit-ulcinj.com\/blog\/wp-json\/wp\/v2\/posts\/87028\/revisions\/87030"}],"wp:attachment":[{"href":"https:\/\/www.visit-ulcinj.com\/blog\/wp-json\/wp\/v2\/media?parent=87028"}],"wp:term":[{"taxonomy":"category","embeddable":true,"href":"https:\/\/www.visit-ulcinj.com\/blog\/wp-json\/wp\/v2\/categories?post=87028"},{"taxonomy":"post_tag","embeddable":true,"href":"https:\/\/www.visit-ulcinj.com\/blog\/wp-json\/wp\/v2\/tags?post=87028"}],"curies":[{"name":"wp","href":"https:\/\/api.w.org\/{rel}","templated":true}]}}