{"id":8704,"date":"2009-01-12T13:13:20","date_gmt":"2009-01-12T12:13:20","guid":{"rendered":"http:\/\/www.visit-ulcinj.com\/blog\/?p=8704"},"modified":"2009-01-12T13:13:25","modified_gmt":"2009-01-12T12:13:25","slug":"sinistaj-status-manjina-ne-zanima-vlast","status":"publish","type":"post","link":"https:\/\/www.visit-ulcinj.com\/blog\/2009\/01\/12\/sinistaj-status-manjina-ne-zanima-vlast\/","title":{"rendered":"Sini\u0161taj: Status manjina ne zanima vlast"},"content":{"rendered":"<p><strong><a rel=\"attachment wp-att-8705\" href=\"http:\/\/www.visit-ulcinj.com\/blog\/2009\/01\/12\/sinistaj-status-manjina-ne-zanima-vlast\/vaselj-sinistaj_predstavnik-albanske-alternative\/\"><img loading=\"lazy\" class=\"alignleft size-full wp-image-8705\" title=\"vaselj-sinistaj_predstavnik-albanske-alternative\" src=\"http:\/\/www.visit-ulcinj.com\/blog\/wp-content\/uploads\/2009\/01\/vaselj-sinistaj_predstavnik-albanske-alternative.jpg\" alt=\"vaselj-sinistaj_predstavnik-albanske-alternative\" width=\"362\" height=\"243\" srcset=\"https:\/\/www.visit-ulcinj.com\/blog\/wp-content\/uploads\/2009\/01\/vaselj-sinistaj_predstavnik-albanske-alternative.jpg 362w, https:\/\/www.visit-ulcinj.com\/blog\/wp-content\/uploads\/2009\/01\/vaselj-sinistaj_predstavnik-albanske-alternative-300x201.jpg 300w\" sizes=\"(max-width: 362px) 100vw, 362px\" \/><\/a>Predstavnik albanske alternative Vaselj Sini\u0161taj nema mnogo razloga za optimizam u novoj godini<\/strong><br \/>\nNaredna godina u Crnoj Gori bi?e obilje\u017eena velikom krizom koju ?e najvi\u0161e osjetiti gra?ani koji su i do sada bilo lo\u0161eg materijalnog statusa, upozorio je predstavnik Albanske alternative Vaselj Sini\u0161taj.<br \/>\nAnaliziraju?i de\u0161avanja u pro\u0161loj i perspektive u narednoj godini, on je kazao da ima malo razloga za optimizam.<br \/>\n&#8211; Ne samo zbog ?injenice da je crnogorska vlast opet pokazala bahatost i nebrigu o statusu manjinskih zajednica, ve? prije svega zbog izvjesnog prelivanja globalne ekononske krize na Crnu Goru &#8211; ka\u017ee Sini\u0161taj.<br \/>\nOn o?ekuje da DPS-SDP koalicija pribjegne izborima na prolje?e, jer ?e ih vidjeti kao na?in da pitanja koja ?e biti aktuelna pred kraj 2009. godine predstavi kao &#8220;\u0161ta ?emo, moralo se i to desiti&#8221;.<br \/>\n&#8211; Pri tom ne?e biti opasnosti da se izgubi vlast zbog te\u0161ke socijalne krize koja bi se tada mogla dogoditi. Naime, ako izbori budu u aprilu, onda je to samo da se na vrijeme obezbijede novi mandati jer pitanje je da li bi koalicija na vlasti to mogla da uradi kada kriza bude u zenitu &#8211; saop\u0161tio je Sini\u0161taj.<br \/>\nOn je kazao da ?e status manjinskih naroda i dalje biti lo\u0161, bez su\u0161tinskih napora vladaju?e elite da ga pobolj\u0161a. Prema njegovoj ocjeni, posebno ?e va\u017ena biti institucionalna borba za potpunu decentralizaciju vlasti i davanja Tuzima statusa op\u0161tine.<br \/>\n&#8211; Vlast sada ka\u017ee &#8220;dajte nam dokaz da mo\u017eete imati u bud\u017eetu ?etiri miliona, pa ?emo vam dati op\u0161tinu&#8221;. To je neshvatljivo i ne mislim da je dobro za ukupan ambijent u Crnoj Gori. Op\u0161tina Tuzi je cilj od koga AA ne \u017eeli da odustane ni u narednoj godini &#8211; kazao je Sini\u0161taj.<br \/>\nIstakao je da treba o?ekivati da se korupcija i organizovani kriminal pojave kao najva\u017eanije prepreke u crnogorskim integracijama u EU i NATO. On smatra da ?e za sve nedostatke koje Crna Gora ima biti potrebna politi?ka volja vlasti.<br \/>\n&#8211; To pod uslovom da nakon prolje?nih izbora vlast i dalje bude u rukama DPS-a. Jer ukoliko opozicija bude sara?ivala, ukoliko se budi tra\u017eile ta?ke koje nas spajaju a ne dijele, onda ?e biti i preduslova da se promijeni vlast u Crnoj Gori, usudio bih se re?i, nakon \u0161est decenija &#8211; izjavio je Vaselj Sini\u0161taj.<br \/>\n<strong>M.V.<br \/>\nIzvor \/ Dan<\/strong><\/p>\n","protected":false},"excerpt":{"rendered":"<p>Predstavnik albanske alternative Vaselj Sini\u0161taj nema mnogo razloga za optimizam u novoj godini Naredna godina u Crnoj Gori bi?e obilje\u017eena velikom krizom koju ?e najvi\u0161e osjetiti gra?ani koji su i do sada bilo lo\u0161eg materijalnog statusa, upozorio je predstavnik Albanske alternative Vaselj Sini\u0161taj. Analiziraju?i de\u0161avanja u pro\u0161loj i perspektive u narednoj godini, on je kazao [&hellip;]<\/p>\n","protected":false},"author":1,"featured_media":0,"comment_status":"open","ping_status":"closed","sticky":false,"template":"","format":"standard","meta":{"spay_email":"","jetpack_publicize_message":"","jetpack_is_tweetstorm":false,"jetpack_publicize_feature_enabled":true},"categories":[12],"tags":[20,5725],"jetpack_publicize_connections":[],"yoast_head":"<!-- This site is optimized with the Yoast SEO plugin v19.1 - https:\/\/yoast.com\/wordpress\/plugins\/seo\/ -->\n<title>Sini\u0161taj: Status manjina ne zanima vlast - Lajme nga Ulqini<\/title>\n<meta name=\"description\" content=\"Predstavnik albanske alternative Vaselj Sini\u0161taj nema mnogo razloga za optimizam u novoj godini Naredna godina u Crnoj Gori bi?e obilje\u017eena velikom krizom\" \/>\n<meta name=\"robots\" content=\"index, follow, max-snippet:-1, max-image-preview:large, max-video-preview:-1\" \/>\n<link rel=\"canonical\" href=\"https:\/\/www.visit-ulcinj.com\/blog\/2009\/01\/12\/sinistaj-status-manjina-ne-zanima-vlast\/\" \/>\n<meta property=\"og:locale\" content=\"en_US\" \/>\n<meta property=\"og:type\" content=\"article\" \/>\n<meta property=\"og:title\" content=\"Sini\u0161taj: Status manjina ne zanima vlast - Lajme nga Ulqini\" \/>\n<meta property=\"og:description\" content=\"Predstavnik albanske alternative Vaselj Sini\u0161taj nema mnogo razloga za optimizam u novoj godini Naredna godina u Crnoj Gori bi?e obilje\u017eena velikom krizom\" \/>\n<meta property=\"og:url\" content=\"https:\/\/www.visit-ulcinj.com\/blog\/2009\/01\/12\/sinistaj-status-manjina-ne-zanima-vlast\/\" \/>\n<meta property=\"og:site_name\" content=\"Lajme nga Ulqini\" \/>\n<meta property=\"article:published_time\" content=\"2009-01-12T12:13:20+00:00\" \/>\n<meta property=\"article:modified_time\" content=\"2009-01-12T12:13:25+00:00\" \/>\n<meta property=\"og:image\" content=\"http:\/\/www.visit-ulcinj.com\/blog\/wp-content\/uploads\/2009\/01\/vaselj-sinistaj_predstavnik-albanske-alternative.jpg\" \/>\n<meta name=\"twitter:label1\" content=\"Written by\" \/>\n\t<meta name=\"twitter:data1\" content=\"ulqini\" \/>\n\t<meta name=\"twitter:label2\" content=\"Est. reading time\" \/>\n\t<meta name=\"twitter:data2\" content=\"2 minutes\" \/>\n<script type=\"application\/ld+json\" class=\"yoast-schema-graph\">{\"@context\":\"https:\/\/schema.org\",\"@graph\":[{\"@type\":\"WebSite\",\"@id\":\"https:\/\/www.visit-ulcinj.com\/blog\/#website\",\"url\":\"https:\/\/www.visit-ulcinj.com\/blog\/\",\"name\":\"Lajme nga Ulqini\",\"description\":\"Lajme,Vijesti,Ulqini,Ulqin,Crna Gora,Mali i Zi\",\"potentialAction\":[{\"@type\":\"SearchAction\",\"target\":{\"@type\":\"EntryPoint\",\"urlTemplate\":\"https:\/\/www.visit-ulcinj.com\/blog\/?s={search_term_string}\"},\"query-input\":\"required name=search_term_string\"}],\"inLanguage\":\"en-US\"},{\"@type\":\"ImageObject\",\"inLanguage\":\"en-US\",\"@id\":\"https:\/\/www.visit-ulcinj.com\/blog\/2009\/01\/12\/sinistaj-status-manjina-ne-zanima-vlast\/#primaryimage\",\"url\":\"https:\/\/www.visit-ulcinj.com\/blog\/wp-content\/uploads\/2009\/01\/vaselj-sinistaj_predstavnik-albanske-alternative.jpg\",\"contentUrl\":\"https:\/\/www.visit-ulcinj.com\/blog\/wp-content\/uploads\/2009\/01\/vaselj-sinistaj_predstavnik-albanske-alternative.jpg\",\"width\":\"362\",\"height\":\"243\"},{\"@type\":\"WebPage\",\"@id\":\"https:\/\/www.visit-ulcinj.com\/blog\/2009\/01\/12\/sinistaj-status-manjina-ne-zanima-vlast\/#webpage\",\"url\":\"https:\/\/www.visit-ulcinj.com\/blog\/2009\/01\/12\/sinistaj-status-manjina-ne-zanima-vlast\/\",\"name\":\"Sini\u0161taj: Status manjina ne zanima vlast - Lajme nga Ulqini\",\"isPartOf\":{\"@id\":\"https:\/\/www.visit-ulcinj.com\/blog\/#website\"},\"primaryImageOfPage\":{\"@id\":\"https:\/\/www.visit-ulcinj.com\/blog\/2009\/01\/12\/sinistaj-status-manjina-ne-zanima-vlast\/#primaryimage\"},\"datePublished\":\"2009-01-12T12:13:20+00:00\",\"dateModified\":\"2009-01-12T12:13:25+00:00\",\"author\":{\"@id\":\"https:\/\/www.visit-ulcinj.com\/blog\/#\/schema\/person\/dcab619c614d3038751c63bc2aadc06d\"},\"description\":\"Predstavnik albanske alternative Vaselj Sini\u0161taj nema mnogo razloga za optimizam u novoj godini Naredna godina u Crnoj Gori bi?e obilje\u017eena velikom krizom\",\"breadcrumb\":{\"@id\":\"https:\/\/www.visit-ulcinj.com\/blog\/2009\/01\/12\/sinistaj-status-manjina-ne-zanima-vlast\/#breadcrumb\"},\"inLanguage\":\"en-US\",\"potentialAction\":[{\"@type\":\"ReadAction\",\"target\":[\"https:\/\/www.visit-ulcinj.com\/blog\/2009\/01\/12\/sinistaj-status-manjina-ne-zanima-vlast\/\"]}]},{\"@type\":\"BreadcrumbList\",\"@id\":\"https:\/\/www.visit-ulcinj.com\/blog\/2009\/01\/12\/sinistaj-status-manjina-ne-zanima-vlast\/#breadcrumb\",\"itemListElement\":[{\"@type\":\"ListItem\",\"position\":1,\"name\":\"Sini\u0161taj: Status manjina ne zanima vlast\"}]},{\"@type\":\"Person\",\"@id\":\"https:\/\/www.visit-ulcinj.com\/blog\/#\/schema\/person\/dcab619c614d3038751c63bc2aadc06d\",\"name\":\"ulqini\",\"sameAs\":[\"http:\/\/www.visit-ulcinj.com\"],\"url\":\"https:\/\/www.visit-ulcinj.com\/blog\/author\/admin\/\"}]}<\/script>\n<!-- \/ Yoast SEO plugin. -->","yoast_head_json":{"title":"Sini\u0161taj: Status manjina ne zanima vlast - Lajme nga Ulqini","description":"Predstavnik albanske alternative Vaselj Sini\u0161taj nema mnogo razloga za optimizam u novoj godini Naredna godina u Crnoj Gori bi?e obilje\u017eena velikom krizom","robots":{"index":"index","follow":"follow","max-snippet":"max-snippet:-1","max-image-preview":"max-image-preview:large","max-video-preview":"max-video-preview:-1"},"canonical":"https:\/\/www.visit-ulcinj.com\/blog\/2009\/01\/12\/sinistaj-status-manjina-ne-zanima-vlast\/","og_locale":"en_US","og_type":"article","og_title":"Sini\u0161taj: Status manjina ne zanima vlast - Lajme nga Ulqini","og_description":"Predstavnik albanske alternative Vaselj Sini\u0161taj nema mnogo razloga za optimizam u novoj godini Naredna godina u Crnoj Gori bi?e obilje\u017eena velikom krizom","og_url":"https:\/\/www.visit-ulcinj.com\/blog\/2009\/01\/12\/sinistaj-status-manjina-ne-zanima-vlast\/","og_site_name":"Lajme nga Ulqini","article_published_time":"2009-01-12T12:13:20+00:00","article_modified_time":"2009-01-12T12:13:25+00:00","og_image":[{"url":"http:\/\/www.visit-ulcinj.com\/blog\/wp-content\/uploads\/2009\/01\/vaselj-sinistaj_predstavnik-albanske-alternative.jpg"}],"twitter_misc":{"Written by":"ulqini","Est. reading time":"2 minutes"},"schema":{"@context":"https:\/\/schema.org","@graph":[{"@type":"WebSite","@id":"https:\/\/www.visit-ulcinj.com\/blog\/#website","url":"https:\/\/www.visit-ulcinj.com\/blog\/","name":"Lajme nga Ulqini","description":"Lajme,Vijesti,Ulqini,Ulqin,Crna Gora,Mali i Zi","potentialAction":[{"@type":"SearchAction","target":{"@type":"EntryPoint","urlTemplate":"https:\/\/www.visit-ulcinj.com\/blog\/?s={search_term_string}"},"query-input":"required name=search_term_string"}],"inLanguage":"en-US"},{"@type":"ImageObject","inLanguage":"en-US","@id":"https:\/\/www.visit-ulcinj.com\/blog\/2009\/01\/12\/sinistaj-status-manjina-ne-zanima-vlast\/#primaryimage","url":"https:\/\/www.visit-ulcinj.com\/blog\/wp-content\/uploads\/2009\/01\/vaselj-sinistaj_predstavnik-albanske-alternative.jpg","contentUrl":"https:\/\/www.visit-ulcinj.com\/blog\/wp-content\/uploads\/2009\/01\/vaselj-sinistaj_predstavnik-albanske-alternative.jpg","width":"362","height":"243"},{"@type":"WebPage","@id":"https:\/\/www.visit-ulcinj.com\/blog\/2009\/01\/12\/sinistaj-status-manjina-ne-zanima-vlast\/#webpage","url":"https:\/\/www.visit-ulcinj.com\/blog\/2009\/01\/12\/sinistaj-status-manjina-ne-zanima-vlast\/","name":"Sini\u0161taj: Status manjina ne zanima vlast - Lajme nga Ulqini","isPartOf":{"@id":"https:\/\/www.visit-ulcinj.com\/blog\/#website"},"primaryImageOfPage":{"@id":"https:\/\/www.visit-ulcinj.com\/blog\/2009\/01\/12\/sinistaj-status-manjina-ne-zanima-vlast\/#primaryimage"},"datePublished":"2009-01-12T12:13:20+00:00","dateModified":"2009-01-12T12:13:25+00:00","author":{"@id":"https:\/\/www.visit-ulcinj.com\/blog\/#\/schema\/person\/dcab619c614d3038751c63bc2aadc06d"},"description":"Predstavnik albanske alternative Vaselj Sini\u0161taj nema mnogo razloga za optimizam u novoj godini Naredna godina u Crnoj Gori bi?e obilje\u017eena velikom krizom","breadcrumb":{"@id":"https:\/\/www.visit-ulcinj.com\/blog\/2009\/01\/12\/sinistaj-status-manjina-ne-zanima-vlast\/#breadcrumb"},"inLanguage":"en-US","potentialAction":[{"@type":"ReadAction","target":["https:\/\/www.visit-ulcinj.com\/blog\/2009\/01\/12\/sinistaj-status-manjina-ne-zanima-vlast\/"]}]},{"@type":"BreadcrumbList","@id":"https:\/\/www.visit-ulcinj.com\/blog\/2009\/01\/12\/sinistaj-status-manjina-ne-zanima-vlast\/#breadcrumb","itemListElement":[{"@type":"ListItem","position":1,"name":"Sini\u0161taj: Status manjina ne zanima vlast"}]},{"@type":"Person","@id":"https:\/\/www.visit-ulcinj.com\/blog\/#\/schema\/person\/dcab619c614d3038751c63bc2aadc06d","name":"ulqini","sameAs":["http:\/\/www.visit-ulcinj.com"],"url":"https:\/\/www.visit-ulcinj.com\/blog\/author\/admin\/"}]}},"jetpack_featured_media_url":"","jetpack_sharing_enabled":true,"jetpack_shortlink":"https:\/\/wp.me\/pe6lTn-2go","_links":{"self":[{"href":"https:\/\/www.visit-ulcinj.com\/blog\/wp-json\/wp\/v2\/posts\/8704"}],"collection":[{"href":"https:\/\/www.visit-ulcinj.com\/blog\/wp-json\/wp\/v2\/posts"}],"about":[{"href":"https:\/\/www.visit-ulcinj.com\/blog\/wp-json\/wp\/v2\/types\/post"}],"author":[{"embeddable":true,"href":"https:\/\/www.visit-ulcinj.com\/blog\/wp-json\/wp\/v2\/users\/1"}],"replies":[{"embeddable":true,"href":"https:\/\/www.visit-ulcinj.com\/blog\/wp-json\/wp\/v2\/comments?post=8704"}],"version-history":[{"count":0,"href":"https:\/\/www.visit-ulcinj.com\/blog\/wp-json\/wp\/v2\/posts\/8704\/revisions"}],"wp:attachment":[{"href":"https:\/\/www.visit-ulcinj.com\/blog\/wp-json\/wp\/v2\/media?parent=8704"}],"wp:term":[{"taxonomy":"category","embeddable":true,"href":"https:\/\/www.visit-ulcinj.com\/blog\/wp-json\/wp\/v2\/categories?post=8704"},{"taxonomy":"post_tag","embeddable":true,"href":"https:\/\/www.visit-ulcinj.com\/blog\/wp-json\/wp\/v2\/tags?post=8704"}],"curies":[{"name":"wp","href":"https:\/\/api.w.org\/{rel}","templated":true}]}}