{"id":87048,"date":"2014-12-14T14:37:40","date_gmt":"2014-12-14T13:37:40","guid":{"rendered":"http:\/\/www.visit-ulcinj.com\/blog\/?p=87048"},"modified":"2014-12-14T14:37:40","modified_gmt":"2014-12-14T13:37:40","slug":"kemba-e-mimoza-shkodres-e-ve-ne-siklet-arifin-e-elites-5","status":"publish","type":"post","link":"https:\/\/www.visit-ulcinj.com\/blog\/2014\/12\/14\/kemba-e-mimoza-shkodres-e-ve-ne-siklet-arifin-e-elites-5\/","title":{"rendered":"K\u00ebmba e Mimoza Shkodr\u00ebs e v\u00eb n\u00eb siklet Arifin e Elit\u00ebs 5"},"content":{"rendered":"<p><a href=\"http:\/\/www.visit-ulcinj.com\/blog\/wp-content\/uploads\/2014\/12\/Kemba-Mimoza-Shkodra-Elita-5.jpg\"><img loading=\"lazy\" class=\"alignleft wp-image-87049\" src=\"http:\/\/www.visit-ulcinj.com\/blog\/wp-content\/uploads\/2014\/12\/Kemba-Mimoza-Shkodra-Elita-5.jpg\" alt=\"Kemba-Mimoza-Shkodra-Elita-5\" width=\"508\" height=\"301\" \/><\/a>N\u00eb promovimin e video klipit t\u00eb k\u00ebng\u00ebs \u201cGabim\u201d nga \u00a0Elita 5 dhe Mimoza Shkodra shihet se Mimoza e ka tepruar me k\u00ebmb\u00ebn e zbuluar p\u00ebrball\u00eb Arfit t\u00eb Elit\u00ebs 5 edhe pse ai nuk e shikon aspak. Arifi \u00a0deri m\u00eb tani njihet si k\u00ebng\u00ebtari m\u00eb serioz n\u00eb estrad\u00ebn shqiptare dhe m\u00eb familjar, por Mimoza si\u00e7 duket e ka v\u00ebn\u00eb n\u00eb siklet.<\/p>\n<p>Nuk dihet pse Mimoza ka zbuluar aq shum\u00eb k\u00ebmben kur bashk\u00ebpunimi me\u00a0\u00a0Elti\u00ebn5\u00a0b\u00ebhet hit edhe pa provokime t\u00eb tilla.<\/p>\n<p>Ndryshe k\u00ebnga \u201cGabim\u201d \u00ebsht\u00eb nga albumi \u201cMohikani i fundit\u201d.\/TetovaSot\/<\/p>\n<!--YouTube Error: bad URL entered-->\n","protected":false},"excerpt":{"rendered":"<p>N\u00eb promovimin e video klipit t\u00eb k\u00ebng\u00ebs \u201cGabim\u201d nga \u00a0Elita 5 dhe Mimoza Shkodra shihet se Mimoza e ka tepruar me k\u00ebmb\u00ebn e zbuluar p\u00ebrball\u00eb Arfit t\u00eb Elit\u00ebs 5 edhe pse ai nuk e shikon aspak. Arifi \u00a0deri m\u00eb tani njihet si k\u00ebng\u00ebtari m\u00eb serioz n\u00eb estrad\u00ebn shqiptare dhe m\u00eb familjar, por Mimoza si\u00e7 duket [&hellip;]<\/p>\n","protected":false},"author":1,"featured_media":0,"comment_status":"closed","ping_status":"closed","sticky":false,"template":"","format":"standard","meta":{"spay_email":"","jetpack_publicize_message":"","jetpack_is_tweetstorm":false,"jetpack_publicize_feature_enabled":true},"categories":[1],"tags":[],"jetpack_publicize_connections":[],"yoast_head":"<!-- This site is optimized with the Yoast SEO plugin v19.1 - https:\/\/yoast.com\/wordpress\/plugins\/seo\/ -->\n<title>K\u00ebmba e Mimoza Shkodr\u00ebs e v\u00eb n\u00eb siklet Arifin e Elit\u00ebs 5 - Lajme nga Ulqini<\/title>\n<meta name=\"description\" content=\"N\u00eb promovimin e video klipit t\u00eb k\u00ebng\u00ebs \u201cGabim\u201d nga \u00a0Elita 5 dhe Mimoza Shkodra shihet se Mimoza e ka tepruar me k\u00ebmb\u00ebn e zbuluar p\u00ebrball\u00eb Arfit t\u00eb Elit\u00ebs\" \/>\n<meta name=\"robots\" content=\"index, follow, max-snippet:-1, max-image-preview:large, max-video-preview:-1\" \/>\n<link rel=\"canonical\" href=\"https:\/\/www.visit-ulcinj.com\/blog\/2014\/12\/14\/kemba-e-mimoza-shkodres-e-ve-ne-siklet-arifin-e-elites-5\/\" \/>\n<meta property=\"og:locale\" content=\"en_US\" \/>\n<meta property=\"og:type\" content=\"article\" \/>\n<meta property=\"og:title\" content=\"K\u00ebmba e Mimoza Shkodr\u00ebs e v\u00eb n\u00eb siklet Arifin e Elit\u00ebs 5 - Lajme nga Ulqini\" \/>\n<meta property=\"og:description\" content=\"N\u00eb promovimin e video klipit t\u00eb k\u00ebng\u00ebs \u201cGabim\u201d nga \u00a0Elita 5 dhe Mimoza Shkodra shihet se Mimoza e ka tepruar me k\u00ebmb\u00ebn e zbuluar p\u00ebrball\u00eb Arfit t\u00eb Elit\u00ebs\" \/>\n<meta property=\"og:url\" content=\"https:\/\/www.visit-ulcinj.com\/blog\/2014\/12\/14\/kemba-e-mimoza-shkodres-e-ve-ne-siklet-arifin-e-elites-5\/\" \/>\n<meta property=\"og:site_name\" content=\"Lajme nga Ulqini\" \/>\n<meta property=\"article:published_time\" content=\"2014-12-14T13:37:40+00:00\" \/>\n<meta property=\"og:image\" content=\"http:\/\/www.visit-ulcinj.com\/blog\/wp-content\/uploads\/2014\/12\/Kemba-Mimoza-Shkodra-Elita-5.jpg\" \/>\n<meta name=\"twitter:label1\" content=\"Written by\" \/>\n\t<meta name=\"twitter:data1\" content=\"ulqini\" \/>\n\t<meta name=\"twitter:label2\" content=\"Est. reading time\" \/>\n\t<meta name=\"twitter:data2\" content=\"1 minute\" \/>\n<script type=\"application\/ld+json\" class=\"yoast-schema-graph\">{\"@context\":\"https:\/\/schema.org\",\"@graph\":[{\"@type\":\"WebSite\",\"@id\":\"https:\/\/www.visit-ulcinj.com\/blog\/#website\",\"url\":\"https:\/\/www.visit-ulcinj.com\/blog\/\",\"name\":\"Lajme nga Ulqini\",\"description\":\"Lajme,Vijesti,Ulqini,Ulqin,Crna Gora,Mali i Zi\",\"potentialAction\":[{\"@type\":\"SearchAction\",\"target\":{\"@type\":\"EntryPoint\",\"urlTemplate\":\"https:\/\/www.visit-ulcinj.com\/blog\/?s={search_term_string}\"},\"query-input\":\"required name=search_term_string\"}],\"inLanguage\":\"en-US\"},{\"@type\":\"ImageObject\",\"inLanguage\":\"en-US\",\"@id\":\"https:\/\/www.visit-ulcinj.com\/blog\/2014\/12\/14\/kemba-e-mimoza-shkodres-e-ve-ne-siklet-arifin-e-elites-5\/#primaryimage\",\"url\":\"http:\/\/www.visit-ulcinj.com\/blog\/wp-content\/uploads\/2014\/12\/Kemba-Mimoza-Shkodra-Elita-5.jpg\",\"contentUrl\":\"http:\/\/www.visit-ulcinj.com\/blog\/wp-content\/uploads\/2014\/12\/Kemba-Mimoza-Shkodra-Elita-5.jpg\"},{\"@type\":\"WebPage\",\"@id\":\"https:\/\/www.visit-ulcinj.com\/blog\/2014\/12\/14\/kemba-e-mimoza-shkodres-e-ve-ne-siklet-arifin-e-elites-5\/#webpage\",\"url\":\"https:\/\/www.visit-ulcinj.com\/blog\/2014\/12\/14\/kemba-e-mimoza-shkodres-e-ve-ne-siklet-arifin-e-elites-5\/\",\"name\":\"K\u00ebmba e Mimoza Shkodr\u00ebs e v\u00eb n\u00eb siklet Arifin e Elit\u00ebs 5 - Lajme nga Ulqini\",\"isPartOf\":{\"@id\":\"https:\/\/www.visit-ulcinj.com\/blog\/#website\"},\"primaryImageOfPage\":{\"@id\":\"https:\/\/www.visit-ulcinj.com\/blog\/2014\/12\/14\/kemba-e-mimoza-shkodres-e-ve-ne-siklet-arifin-e-elites-5\/#primaryimage\"},\"datePublished\":\"2014-12-14T13:37:40+00:00\",\"dateModified\":\"2014-12-14T13:37:40+00:00\",\"author\":{\"@id\":\"https:\/\/www.visit-ulcinj.com\/blog\/#\/schema\/person\/dcab619c614d3038751c63bc2aadc06d\"},\"description\":\"N\u00eb promovimin e video klipit t\u00eb k\u00ebng\u00ebs \u201cGabim\u201d nga \u00a0Elita 5 dhe Mimoza Shkodra shihet se Mimoza e ka tepruar me k\u00ebmb\u00ebn e zbuluar p\u00ebrball\u00eb Arfit t\u00eb Elit\u00ebs\",\"breadcrumb\":{\"@id\":\"https:\/\/www.visit-ulcinj.com\/blog\/2014\/12\/14\/kemba-e-mimoza-shkodres-e-ve-ne-siklet-arifin-e-elites-5\/#breadcrumb\"},\"inLanguage\":\"en-US\",\"potentialAction\":[{\"@type\":\"ReadAction\",\"target\":[\"https:\/\/www.visit-ulcinj.com\/blog\/2014\/12\/14\/kemba-e-mimoza-shkodres-e-ve-ne-siklet-arifin-e-elites-5\/\"]}]},{\"@type\":\"BreadcrumbList\",\"@id\":\"https:\/\/www.visit-ulcinj.com\/blog\/2014\/12\/14\/kemba-e-mimoza-shkodres-e-ve-ne-siklet-arifin-e-elites-5\/#breadcrumb\",\"itemListElement\":[{\"@type\":\"ListItem\",\"position\":1,\"name\":\"K\u00ebmba e Mimoza Shkodr\u00ebs e v\u00eb n\u00eb siklet Arifin e Elit\u00ebs 5\"}]},{\"@type\":\"Person\",\"@id\":\"https:\/\/www.visit-ulcinj.com\/blog\/#\/schema\/person\/dcab619c614d3038751c63bc2aadc06d\",\"name\":\"ulqini\",\"sameAs\":[\"http:\/\/www.visit-ulcinj.com\"],\"url\":\"https:\/\/www.visit-ulcinj.com\/blog\/author\/admin\/\"}]}<\/script>\n<!-- \/ Yoast SEO plugin. -->","yoast_head_json":{"title":"K\u00ebmba e Mimoza Shkodr\u00ebs e v\u00eb n\u00eb siklet Arifin e Elit\u00ebs 5 - Lajme nga Ulqini","description":"N\u00eb promovimin e video klipit t\u00eb k\u00ebng\u00ebs \u201cGabim\u201d nga \u00a0Elita 5 dhe Mimoza Shkodra shihet se Mimoza e ka tepruar me k\u00ebmb\u00ebn e zbuluar p\u00ebrball\u00eb Arfit t\u00eb Elit\u00ebs","robots":{"index":"index","follow":"follow","max-snippet":"max-snippet:-1","max-image-preview":"max-image-preview:large","max-video-preview":"max-video-preview:-1"},"canonical":"https:\/\/www.visit-ulcinj.com\/blog\/2014\/12\/14\/kemba-e-mimoza-shkodres-e-ve-ne-siklet-arifin-e-elites-5\/","og_locale":"en_US","og_type":"article","og_title":"K\u00ebmba e Mimoza Shkodr\u00ebs e v\u00eb n\u00eb siklet Arifin e Elit\u00ebs 5 - Lajme nga Ulqini","og_description":"N\u00eb promovimin e video klipit t\u00eb k\u00ebng\u00ebs \u201cGabim\u201d nga \u00a0Elita 5 dhe Mimoza Shkodra shihet se Mimoza e ka tepruar me k\u00ebmb\u00ebn e zbuluar p\u00ebrball\u00eb Arfit t\u00eb Elit\u00ebs","og_url":"https:\/\/www.visit-ulcinj.com\/blog\/2014\/12\/14\/kemba-e-mimoza-shkodres-e-ve-ne-siklet-arifin-e-elites-5\/","og_site_name":"Lajme nga Ulqini","article_published_time":"2014-12-14T13:37:40+00:00","og_image":[{"url":"http:\/\/www.visit-ulcinj.com\/blog\/wp-content\/uploads\/2014\/12\/Kemba-Mimoza-Shkodra-Elita-5.jpg"}],"twitter_misc":{"Written by":"ulqini","Est. reading time":"1 minute"},"schema":{"@context":"https:\/\/schema.org","@graph":[{"@type":"WebSite","@id":"https:\/\/www.visit-ulcinj.com\/blog\/#website","url":"https:\/\/www.visit-ulcinj.com\/blog\/","name":"Lajme nga Ulqini","description":"Lajme,Vijesti,Ulqini,Ulqin,Crna Gora,Mali i Zi","potentialAction":[{"@type":"SearchAction","target":{"@type":"EntryPoint","urlTemplate":"https:\/\/www.visit-ulcinj.com\/blog\/?s={search_term_string}"},"query-input":"required name=search_term_string"}],"inLanguage":"en-US"},{"@type":"ImageObject","inLanguage":"en-US","@id":"https:\/\/www.visit-ulcinj.com\/blog\/2014\/12\/14\/kemba-e-mimoza-shkodres-e-ve-ne-siklet-arifin-e-elites-5\/#primaryimage","url":"http:\/\/www.visit-ulcinj.com\/blog\/wp-content\/uploads\/2014\/12\/Kemba-Mimoza-Shkodra-Elita-5.jpg","contentUrl":"http:\/\/www.visit-ulcinj.com\/blog\/wp-content\/uploads\/2014\/12\/Kemba-Mimoza-Shkodra-Elita-5.jpg"},{"@type":"WebPage","@id":"https:\/\/www.visit-ulcinj.com\/blog\/2014\/12\/14\/kemba-e-mimoza-shkodres-e-ve-ne-siklet-arifin-e-elites-5\/#webpage","url":"https:\/\/www.visit-ulcinj.com\/blog\/2014\/12\/14\/kemba-e-mimoza-shkodres-e-ve-ne-siklet-arifin-e-elites-5\/","name":"K\u00ebmba e Mimoza Shkodr\u00ebs e v\u00eb n\u00eb siklet Arifin e Elit\u00ebs 5 - Lajme nga Ulqini","isPartOf":{"@id":"https:\/\/www.visit-ulcinj.com\/blog\/#website"},"primaryImageOfPage":{"@id":"https:\/\/www.visit-ulcinj.com\/blog\/2014\/12\/14\/kemba-e-mimoza-shkodres-e-ve-ne-siklet-arifin-e-elites-5\/#primaryimage"},"datePublished":"2014-12-14T13:37:40+00:00","dateModified":"2014-12-14T13:37:40+00:00","author":{"@id":"https:\/\/www.visit-ulcinj.com\/blog\/#\/schema\/person\/dcab619c614d3038751c63bc2aadc06d"},"description":"N\u00eb promovimin e video klipit t\u00eb k\u00ebng\u00ebs \u201cGabim\u201d nga \u00a0Elita 5 dhe Mimoza Shkodra shihet se Mimoza e ka tepruar me k\u00ebmb\u00ebn e zbuluar p\u00ebrball\u00eb Arfit t\u00eb Elit\u00ebs","breadcrumb":{"@id":"https:\/\/www.visit-ulcinj.com\/blog\/2014\/12\/14\/kemba-e-mimoza-shkodres-e-ve-ne-siklet-arifin-e-elites-5\/#breadcrumb"},"inLanguage":"en-US","potentialAction":[{"@type":"ReadAction","target":["https:\/\/www.visit-ulcinj.com\/blog\/2014\/12\/14\/kemba-e-mimoza-shkodres-e-ve-ne-siklet-arifin-e-elites-5\/"]}]},{"@type":"BreadcrumbList","@id":"https:\/\/www.visit-ulcinj.com\/blog\/2014\/12\/14\/kemba-e-mimoza-shkodres-e-ve-ne-siklet-arifin-e-elites-5\/#breadcrumb","itemListElement":[{"@type":"ListItem","position":1,"name":"K\u00ebmba e Mimoza Shkodr\u00ebs e v\u00eb n\u00eb siklet Arifin e Elit\u00ebs 5"}]},{"@type":"Person","@id":"https:\/\/www.visit-ulcinj.com\/blog\/#\/schema\/person\/dcab619c614d3038751c63bc2aadc06d","name":"ulqini","sameAs":["http:\/\/www.visit-ulcinj.com"],"url":"https:\/\/www.visit-ulcinj.com\/blog\/author\/admin\/"}]}},"jetpack_featured_media_url":"","jetpack_sharing_enabled":true,"jetpack_shortlink":"https:\/\/wp.me\/pe6lTn-mE0","_links":{"self":[{"href":"https:\/\/www.visit-ulcinj.com\/blog\/wp-json\/wp\/v2\/posts\/87048"}],"collection":[{"href":"https:\/\/www.visit-ulcinj.com\/blog\/wp-json\/wp\/v2\/posts"}],"about":[{"href":"https:\/\/www.visit-ulcinj.com\/blog\/wp-json\/wp\/v2\/types\/post"}],"author":[{"embeddable":true,"href":"https:\/\/www.visit-ulcinj.com\/blog\/wp-json\/wp\/v2\/users\/1"}],"replies":[{"embeddable":true,"href":"https:\/\/www.visit-ulcinj.com\/blog\/wp-json\/wp\/v2\/comments?post=87048"}],"version-history":[{"count":1,"href":"https:\/\/www.visit-ulcinj.com\/blog\/wp-json\/wp\/v2\/posts\/87048\/revisions"}],"predecessor-version":[{"id":87050,"href":"https:\/\/www.visit-ulcinj.com\/blog\/wp-json\/wp\/v2\/posts\/87048\/revisions\/87050"}],"wp:attachment":[{"href":"https:\/\/www.visit-ulcinj.com\/blog\/wp-json\/wp\/v2\/media?parent=87048"}],"wp:term":[{"taxonomy":"category","embeddable":true,"href":"https:\/\/www.visit-ulcinj.com\/blog\/wp-json\/wp\/v2\/categories?post=87048"},{"taxonomy":"post_tag","embeddable":true,"href":"https:\/\/www.visit-ulcinj.com\/blog\/wp-json\/wp\/v2\/tags?post=87048"}],"curies":[{"name":"wp","href":"https:\/\/api.w.org\/{rel}","templated":true}]}}