{"id":87051,"date":"2014-12-15T16:42:48","date_gmt":"2014-12-15T15:42:48","guid":{"rendered":"http:\/\/www.visit-ulcinj.com\/blog\/?p=87051"},"modified":"2014-12-15T19:24:44","modified_gmt":"2014-12-15T18:24:44","slug":"salaj-mundesite-e-zhvillimit-te-perbashket-te-turizmit-mes-malit-te-zi-shqiperise-dhe-kosoves","status":"publish","type":"post","link":"https:\/\/www.visit-ulcinj.com\/blog\/2014\/12\/15\/salaj-mundesite-e-zhvillimit-te-perbashket-te-turizmit-mes-malit-te-zi-shqiperise-dhe-kosoves\/","title":{"rendered":"Salaj: Mund\u00ebsit\u00eb e zhvillimit t\u00eb p\u00ebrbashk\u00ebt t\u00eb turizmit mes Malit t\u00eb Zi, Shqip\u00ebris\u00eb dhe Kosov\u00ebs &#8211; Video"},"content":{"rendered":"<p><a href=\"http:\/\/www.visit-ulcinj.com\/blog\/wp-content\/uploads\/2014\/12\/Konferenca-shkencore-per-turizmin-Ulqin.jpg\"><img loading=\"lazy\" class=\"alignleft wp-image-86985\" src=\"http:\/\/www.visit-ulcinj.com\/blog\/wp-content\/uploads\/2014\/12\/Konferenca-shkencore-per-turizmin-Ulqin.jpg\" alt=\"Konferenca shkencore  per turizmin-Ulqin\" width=\"508\" height=\"339\" srcset=\"https:\/\/www.visit-ulcinj.com\/blog\/wp-content\/uploads\/2014\/12\/Konferenca-shkencore-per-turizmin-Ulqin.jpg 747w, https:\/\/www.visit-ulcinj.com\/blog\/wp-content\/uploads\/2014\/12\/Konferenca-shkencore-per-turizmin-Ulqin-300x200.jpg 300w\" sizes=\"(max-width: 508px) 100vw, 508px\" \/><\/a>N\u00eb Ulqin, ekspert\u00ebt e rajonit diskutuan sot p\u00ebr mund\u00ebsit\u00eb e zhvillimit t\u00eb p\u00ebrbashk\u00ebt t\u00eb turizmit mes Malit t\u00eb Zi, Shqip\u00ebris\u00eb dhe Kosov\u00ebs. Nj\u00eb konferenc\u00eb p\u00ebr k\u00ebt\u00eb q\u00ebllim, nxorri n\u00eb pah besimin n\u00eb zhvillimin rajonal, duke marr\u00eb parasysh se vendet kan\u00eb kaluar histori t\u00eb ngjashme dhe ndajn\u00eb t\u00eb nj\u00ebjtin vizion p\u00ebr integrimin evropian.<\/p>\n<div><\/div>\n<div>P\u00ebr m\u00eb shum\u00eb ndiqeni kronik\u00ebn e p\u00ebrgaditur nga korrespondenti i Z\u00ebrit t\u00eb Amerik\u00ebs, Ali Salaj.<\/div>\n<div><\/div>\n<div><!--YouTube Error: bad URL entered--><\/div>\n","protected":false},"excerpt":{"rendered":"<p>N\u00eb Ulqin, ekspert\u00ebt e rajonit diskutuan sot p\u00ebr mund\u00ebsit\u00eb e zhvillimit t\u00eb p\u00ebrbashk\u00ebt t\u00eb turizmit mes Malit t\u00eb Zi, Shqip\u00ebris\u00eb dhe Kosov\u00ebs. Nj\u00eb konferenc\u00eb p\u00ebr k\u00ebt\u00eb q\u00ebllim, nxorri n\u00eb pah besimin n\u00eb zhvillimin rajonal, duke marr\u00eb parasysh se vendet kan\u00eb kaluar histori t\u00eb ngjashme dhe ndajn\u00eb t\u00eb nj\u00ebjtin vizion p\u00ebr integrimin evropian. P\u00ebr m\u00eb shum\u00eb [&hellip;]<\/p>\n","protected":false},"author":1,"featured_media":0,"comment_status":"closed","ping_status":"closed","sticky":false,"template":"","format":"standard","meta":{"spay_email":"","jetpack_publicize_message":"","jetpack_is_tweetstorm":false,"jetpack_publicize_feature_enabled":true},"categories":[2451,15],"tags":[],"jetpack_publicize_connections":[],"yoast_head":"<!-- This site is optimized with the Yoast SEO plugin v19.1 - https:\/\/yoast.com\/wordpress\/plugins\/seo\/ -->\n<title>Salaj: Mund\u00ebsit\u00eb e zhvillimit t\u00eb p\u00ebrbashk\u00ebt t\u00eb turizmit mes Malit t\u00eb Zi, Shqip\u00ebris\u00eb dhe Kosov\u00ebs - Video - Lajme nga Ulqini<\/title>\n<meta name=\"description\" content=\"N\u00eb Ulqin, ekspert\u00ebt e rajonit diskutuan sot p\u00ebr mund\u00ebsit\u00eb e zhvillimit t\u00eb p\u00ebrbashk\u00ebt t\u00eb turizmit mes Malit t\u00eb Zi, Shqip\u00ebris\u00eb dhe Kosov\u00ebs. Nj\u00eb konferenc\u00eb\" \/>\n<meta name=\"robots\" content=\"index, follow, max-snippet:-1, max-image-preview:large, max-video-preview:-1\" \/>\n<link rel=\"canonical\" href=\"https:\/\/www.visit-ulcinj.com\/blog\/2014\/12\/15\/salaj-mundesite-e-zhvillimit-te-perbashket-te-turizmit-mes-malit-te-zi-shqiperise-dhe-kosoves\/\" \/>\n<meta property=\"og:locale\" content=\"en_US\" \/>\n<meta property=\"og:type\" content=\"article\" \/>\n<meta property=\"og:title\" content=\"Salaj: Mund\u00ebsit\u00eb e zhvillimit t\u00eb p\u00ebrbashk\u00ebt t\u00eb turizmit mes Malit t\u00eb Zi, Shqip\u00ebris\u00eb dhe Kosov\u00ebs - Video - Lajme nga Ulqini\" \/>\n<meta property=\"og:description\" content=\"N\u00eb Ulqin, ekspert\u00ebt e rajonit diskutuan sot p\u00ebr mund\u00ebsit\u00eb e zhvillimit t\u00eb p\u00ebrbashk\u00ebt t\u00eb turizmit mes Malit t\u00eb Zi, Shqip\u00ebris\u00eb dhe Kosov\u00ebs. Nj\u00eb konferenc\u00eb\" \/>\n<meta property=\"og:url\" content=\"https:\/\/www.visit-ulcinj.com\/blog\/2014\/12\/15\/salaj-mundesite-e-zhvillimit-te-perbashket-te-turizmit-mes-malit-te-zi-shqiperise-dhe-kosoves\/\" \/>\n<meta property=\"og:site_name\" content=\"Lajme nga Ulqini\" \/>\n<meta property=\"article:published_time\" content=\"2014-12-15T15:42:48+00:00\" \/>\n<meta property=\"article:modified_time\" content=\"2014-12-15T18:24:44+00:00\" \/>\n<meta property=\"og:image\" content=\"http:\/\/www.visit-ulcinj.com\/blog\/wp-content\/uploads\/2014\/12\/Konferenca-shkencore-per-turizmin-Ulqin.jpg\" \/>\n<meta name=\"twitter:label1\" content=\"Written by\" \/>\n\t<meta name=\"twitter:data1\" content=\"ulqini\" \/>\n<script type=\"application\/ld+json\" class=\"yoast-schema-graph\">{\"@context\":\"https:\/\/schema.org\",\"@graph\":[{\"@type\":\"WebSite\",\"@id\":\"https:\/\/www.visit-ulcinj.com\/blog\/#website\",\"url\":\"https:\/\/www.visit-ulcinj.com\/blog\/\",\"name\":\"Lajme nga Ulqini\",\"description\":\"Lajme,Vijesti,Ulqini,Ulqin,Crna Gora,Mali i Zi\",\"potentialAction\":[{\"@type\":\"SearchAction\",\"target\":{\"@type\":\"EntryPoint\",\"urlTemplate\":\"https:\/\/www.visit-ulcinj.com\/blog\/?s={search_term_string}\"},\"query-input\":\"required name=search_term_string\"}],\"inLanguage\":\"en-US\"},{\"@type\":\"ImageObject\",\"inLanguage\":\"en-US\",\"@id\":\"https:\/\/www.visit-ulcinj.com\/blog\/2014\/12\/15\/salaj-mundesite-e-zhvillimit-te-perbashket-te-turizmit-mes-malit-te-zi-shqiperise-dhe-kosoves\/#primaryimage\",\"url\":\"https:\/\/www.visit-ulcinj.com\/blog\/wp-content\/uploads\/2014\/12\/Konferenca-shkencore-per-turizmin-Ulqin.jpg\",\"contentUrl\":\"https:\/\/www.visit-ulcinj.com\/blog\/wp-content\/uploads\/2014\/12\/Konferenca-shkencore-per-turizmin-Ulqin.jpg\",\"width\":747,\"height\":498},{\"@type\":\"WebPage\",\"@id\":\"https:\/\/www.visit-ulcinj.com\/blog\/2014\/12\/15\/salaj-mundesite-e-zhvillimit-te-perbashket-te-turizmit-mes-malit-te-zi-shqiperise-dhe-kosoves\/#webpage\",\"url\":\"https:\/\/www.visit-ulcinj.com\/blog\/2014\/12\/15\/salaj-mundesite-e-zhvillimit-te-perbashket-te-turizmit-mes-malit-te-zi-shqiperise-dhe-kosoves\/\",\"name\":\"Salaj: Mund\u00ebsit\u00eb e zhvillimit t\u00eb p\u00ebrbashk\u00ebt t\u00eb turizmit mes Malit t\u00eb Zi, Shqip\u00ebris\u00eb dhe Kosov\u00ebs - Video - Lajme nga Ulqini\",\"isPartOf\":{\"@id\":\"https:\/\/www.visit-ulcinj.com\/blog\/#website\"},\"primaryImageOfPage\":{\"@id\":\"https:\/\/www.visit-ulcinj.com\/blog\/2014\/12\/15\/salaj-mundesite-e-zhvillimit-te-perbashket-te-turizmit-mes-malit-te-zi-shqiperise-dhe-kosoves\/#primaryimage\"},\"datePublished\":\"2014-12-15T15:42:48+00:00\",\"dateModified\":\"2014-12-15T18:24:44+00:00\",\"author\":{\"@id\":\"https:\/\/www.visit-ulcinj.com\/blog\/#\/schema\/person\/dcab619c614d3038751c63bc2aadc06d\"},\"description\":\"N\u00eb Ulqin, ekspert\u00ebt e rajonit diskutuan sot p\u00ebr mund\u00ebsit\u00eb e zhvillimit t\u00eb p\u00ebrbashk\u00ebt t\u00eb turizmit mes Malit t\u00eb Zi, Shqip\u00ebris\u00eb dhe Kosov\u00ebs. Nj\u00eb konferenc\u00eb\",\"breadcrumb\":{\"@id\":\"https:\/\/www.visit-ulcinj.com\/blog\/2014\/12\/15\/salaj-mundesite-e-zhvillimit-te-perbashket-te-turizmit-mes-malit-te-zi-shqiperise-dhe-kosoves\/#breadcrumb\"},\"inLanguage\":\"en-US\",\"potentialAction\":[{\"@type\":\"ReadAction\",\"target\":[\"https:\/\/www.visit-ulcinj.com\/blog\/2014\/12\/15\/salaj-mundesite-e-zhvillimit-te-perbashket-te-turizmit-mes-malit-te-zi-shqiperise-dhe-kosoves\/\"]}]},{\"@type\":\"BreadcrumbList\",\"@id\":\"https:\/\/www.visit-ulcinj.com\/blog\/2014\/12\/15\/salaj-mundesite-e-zhvillimit-te-perbashket-te-turizmit-mes-malit-te-zi-shqiperise-dhe-kosoves\/#breadcrumb\",\"itemListElement\":[{\"@type\":\"ListItem\",\"position\":1,\"name\":\"Salaj: Mund\u00ebsit\u00eb e zhvillimit t\u00eb p\u00ebrbashk\u00ebt t\u00eb turizmit mes Malit t\u00eb Zi, Shqip\u00ebris\u00eb dhe Kosov\u00ebs &#8211; Video\"}]},{\"@type\":\"Person\",\"@id\":\"https:\/\/www.visit-ulcinj.com\/blog\/#\/schema\/person\/dcab619c614d3038751c63bc2aadc06d\",\"name\":\"ulqini\",\"sameAs\":[\"http:\/\/www.visit-ulcinj.com\"],\"url\":\"https:\/\/www.visit-ulcinj.com\/blog\/author\/admin\/\"}]}<\/script>\n<!-- \/ Yoast SEO plugin. -->","yoast_head_json":{"title":"Salaj: Mund\u00ebsit\u00eb e zhvillimit t\u00eb p\u00ebrbashk\u00ebt t\u00eb turizmit mes Malit t\u00eb Zi, Shqip\u00ebris\u00eb dhe Kosov\u00ebs - Video - Lajme nga Ulqini","description":"N\u00eb Ulqin, ekspert\u00ebt e rajonit diskutuan sot p\u00ebr mund\u00ebsit\u00eb e zhvillimit t\u00eb p\u00ebrbashk\u00ebt t\u00eb turizmit mes Malit t\u00eb Zi, Shqip\u00ebris\u00eb dhe Kosov\u00ebs. Nj\u00eb konferenc\u00eb","robots":{"index":"index","follow":"follow","max-snippet":"max-snippet:-1","max-image-preview":"max-image-preview:large","max-video-preview":"max-video-preview:-1"},"canonical":"https:\/\/www.visit-ulcinj.com\/blog\/2014\/12\/15\/salaj-mundesite-e-zhvillimit-te-perbashket-te-turizmit-mes-malit-te-zi-shqiperise-dhe-kosoves\/","og_locale":"en_US","og_type":"article","og_title":"Salaj: Mund\u00ebsit\u00eb e zhvillimit t\u00eb p\u00ebrbashk\u00ebt t\u00eb turizmit mes Malit t\u00eb Zi, Shqip\u00ebris\u00eb dhe Kosov\u00ebs - Video - Lajme nga Ulqini","og_description":"N\u00eb Ulqin, ekspert\u00ebt e rajonit diskutuan sot p\u00ebr mund\u00ebsit\u00eb e zhvillimit t\u00eb p\u00ebrbashk\u00ebt t\u00eb turizmit mes Malit t\u00eb Zi, Shqip\u00ebris\u00eb dhe Kosov\u00ebs. Nj\u00eb konferenc\u00eb","og_url":"https:\/\/www.visit-ulcinj.com\/blog\/2014\/12\/15\/salaj-mundesite-e-zhvillimit-te-perbashket-te-turizmit-mes-malit-te-zi-shqiperise-dhe-kosoves\/","og_site_name":"Lajme nga Ulqini","article_published_time":"2014-12-15T15:42:48+00:00","article_modified_time":"2014-12-15T18:24:44+00:00","og_image":[{"url":"http:\/\/www.visit-ulcinj.com\/blog\/wp-content\/uploads\/2014\/12\/Konferenca-shkencore-per-turizmin-Ulqin.jpg"}],"twitter_misc":{"Written by":"ulqini"},"schema":{"@context":"https:\/\/schema.org","@graph":[{"@type":"WebSite","@id":"https:\/\/www.visit-ulcinj.com\/blog\/#website","url":"https:\/\/www.visit-ulcinj.com\/blog\/","name":"Lajme nga Ulqini","description":"Lajme,Vijesti,Ulqini,Ulqin,Crna Gora,Mali i Zi","potentialAction":[{"@type":"SearchAction","target":{"@type":"EntryPoint","urlTemplate":"https:\/\/www.visit-ulcinj.com\/blog\/?s={search_term_string}"},"query-input":"required name=search_term_string"}],"inLanguage":"en-US"},{"@type":"ImageObject","inLanguage":"en-US","@id":"https:\/\/www.visit-ulcinj.com\/blog\/2014\/12\/15\/salaj-mundesite-e-zhvillimit-te-perbashket-te-turizmit-mes-malit-te-zi-shqiperise-dhe-kosoves\/#primaryimage","url":"https:\/\/www.visit-ulcinj.com\/blog\/wp-content\/uploads\/2014\/12\/Konferenca-shkencore-per-turizmin-Ulqin.jpg","contentUrl":"https:\/\/www.visit-ulcinj.com\/blog\/wp-content\/uploads\/2014\/12\/Konferenca-shkencore-per-turizmin-Ulqin.jpg","width":747,"height":498},{"@type":"WebPage","@id":"https:\/\/www.visit-ulcinj.com\/blog\/2014\/12\/15\/salaj-mundesite-e-zhvillimit-te-perbashket-te-turizmit-mes-malit-te-zi-shqiperise-dhe-kosoves\/#webpage","url":"https:\/\/www.visit-ulcinj.com\/blog\/2014\/12\/15\/salaj-mundesite-e-zhvillimit-te-perbashket-te-turizmit-mes-malit-te-zi-shqiperise-dhe-kosoves\/","name":"Salaj: Mund\u00ebsit\u00eb e zhvillimit t\u00eb p\u00ebrbashk\u00ebt t\u00eb turizmit mes Malit t\u00eb Zi, Shqip\u00ebris\u00eb dhe Kosov\u00ebs - Video - Lajme nga Ulqini","isPartOf":{"@id":"https:\/\/www.visit-ulcinj.com\/blog\/#website"},"primaryImageOfPage":{"@id":"https:\/\/www.visit-ulcinj.com\/blog\/2014\/12\/15\/salaj-mundesite-e-zhvillimit-te-perbashket-te-turizmit-mes-malit-te-zi-shqiperise-dhe-kosoves\/#primaryimage"},"datePublished":"2014-12-15T15:42:48+00:00","dateModified":"2014-12-15T18:24:44+00:00","author":{"@id":"https:\/\/www.visit-ulcinj.com\/blog\/#\/schema\/person\/dcab619c614d3038751c63bc2aadc06d"},"description":"N\u00eb Ulqin, ekspert\u00ebt e rajonit diskutuan sot p\u00ebr mund\u00ebsit\u00eb e zhvillimit t\u00eb p\u00ebrbashk\u00ebt t\u00eb turizmit mes Malit t\u00eb Zi, Shqip\u00ebris\u00eb dhe Kosov\u00ebs. Nj\u00eb konferenc\u00eb","breadcrumb":{"@id":"https:\/\/www.visit-ulcinj.com\/blog\/2014\/12\/15\/salaj-mundesite-e-zhvillimit-te-perbashket-te-turizmit-mes-malit-te-zi-shqiperise-dhe-kosoves\/#breadcrumb"},"inLanguage":"en-US","potentialAction":[{"@type":"ReadAction","target":["https:\/\/www.visit-ulcinj.com\/blog\/2014\/12\/15\/salaj-mundesite-e-zhvillimit-te-perbashket-te-turizmit-mes-malit-te-zi-shqiperise-dhe-kosoves\/"]}]},{"@type":"BreadcrumbList","@id":"https:\/\/www.visit-ulcinj.com\/blog\/2014\/12\/15\/salaj-mundesite-e-zhvillimit-te-perbashket-te-turizmit-mes-malit-te-zi-shqiperise-dhe-kosoves\/#breadcrumb","itemListElement":[{"@type":"ListItem","position":1,"name":"Salaj: Mund\u00ebsit\u00eb e zhvillimit t\u00eb p\u00ebrbashk\u00ebt t\u00eb turizmit mes Malit t\u00eb Zi, Shqip\u00ebris\u00eb dhe Kosov\u00ebs &#8211; Video"}]},{"@type":"Person","@id":"https:\/\/www.visit-ulcinj.com\/blog\/#\/schema\/person\/dcab619c614d3038751c63bc2aadc06d","name":"ulqini","sameAs":["http:\/\/www.visit-ulcinj.com"],"url":"https:\/\/www.visit-ulcinj.com\/blog\/author\/admin\/"}]}},"jetpack_featured_media_url":"","jetpack_sharing_enabled":true,"jetpack_shortlink":"https:\/\/wp.me\/pe6lTn-mE3","_links":{"self":[{"href":"https:\/\/www.visit-ulcinj.com\/blog\/wp-json\/wp\/v2\/posts\/87051"}],"collection":[{"href":"https:\/\/www.visit-ulcinj.com\/blog\/wp-json\/wp\/v2\/posts"}],"about":[{"href":"https:\/\/www.visit-ulcinj.com\/blog\/wp-json\/wp\/v2\/types\/post"}],"author":[{"embeddable":true,"href":"https:\/\/www.visit-ulcinj.com\/blog\/wp-json\/wp\/v2\/users\/1"}],"replies":[{"embeddable":true,"href":"https:\/\/www.visit-ulcinj.com\/blog\/wp-json\/wp\/v2\/comments?post=87051"}],"version-history":[{"count":2,"href":"https:\/\/www.visit-ulcinj.com\/blog\/wp-json\/wp\/v2\/posts\/87051\/revisions"}],"predecessor-version":[{"id":87053,"href":"https:\/\/www.visit-ulcinj.com\/blog\/wp-json\/wp\/v2\/posts\/87051\/revisions\/87053"}],"wp:attachment":[{"href":"https:\/\/www.visit-ulcinj.com\/blog\/wp-json\/wp\/v2\/media?parent=87051"}],"wp:term":[{"taxonomy":"category","embeddable":true,"href":"https:\/\/www.visit-ulcinj.com\/blog\/wp-json\/wp\/v2\/categories?post=87051"},{"taxonomy":"post_tag","embeddable":true,"href":"https:\/\/www.visit-ulcinj.com\/blog\/wp-json\/wp\/v2\/tags?post=87051"}],"curies":[{"name":"wp","href":"https:\/\/api.w.org\/{rel}","templated":true}]}}