{"id":87054,"date":"2014-12-15T16:53:04","date_gmt":"2014-12-15T15:53:04","guid":{"rendered":"http:\/\/www.visit-ulcinj.com\/blog\/?p=87054"},"modified":"2014-12-15T18:20:31","modified_gmt":"2014-12-15T17:20:31","slug":"xhemal-bushati-kryetar-ri-kuvendit-ekzekutiv-te-organizates-turistike","status":"publish","type":"post","link":"https:\/\/www.visit-ulcinj.com\/blog\/2014\/12\/15\/xhemal-bushati-kryetar-ri-kuvendit-ekzekutiv-te-organizates-turistike\/","title":{"rendered":"Xhemal Bushati kryetar i ri i Kuvendit Ekzekutiv t\u00eb Organizat\u00ebs Turistike"},"content":{"rendered":"<p><a href=\"http:\/\/www.visit-ulcinj.com\/blog\/wp-content\/uploads\/2010\/09\/xhemal-bushati-dir-hotel-albatros.jpg\"><img loading=\"lazy\" class=\"alignleft wp-image-37726 size-full\" src=\"http:\/\/www.visit-ulcinj.com\/blog\/wp-content\/uploads\/2010\/09\/xhemal-bushati-dir-hotel-albatros.jpg\" alt=\"xhemal bushati-dir-hotel albatros\" width=\"373\" height=\"358\" srcset=\"https:\/\/www.visit-ulcinj.com\/blog\/wp-content\/uploads\/2010\/09\/xhemal-bushati-dir-hotel-albatros.jpg 373w, https:\/\/www.visit-ulcinj.com\/blog\/wp-content\/uploads\/2010\/09\/xhemal-bushati-dir-hotel-albatros-300x287.jpg 300w\" sizes=\"(max-width: 373px) 100vw, 373px\" \/><\/a>Sot, me fillim n\u00eb ora 11, u mbajt mbledhja e rregullt e Kuvendit t\u00eb OT s\u00eb Ulqinit, me rend dite si n\u00eb vijim, raporton Portali Lajm.me.<\/p>\n<p>1.Aprovimi i procesverbalit t\u00eb mbledhjes s\u00eb kaluar 2. Programi i pun\u00ebs dhe plani financiar p\u00ebr vitin 2014 3. Dor\u00ebheqja e Kryetarit t\u00eb Keshillit drejtues t\u00eb OT 4. Em\u00ebrimi i an\u00ebtarit t\u00eb ri dhe zgjedhja e kryetarit t\u00eb K\u00ebshillit drejtues t\u00eb OT\u00a0 5. T\u00eb ndryshme<\/p>\n<p>Mbledhja u drejtua nga kryetari i Kuvendit t\u00eb OT-se z. Fatmir Gjeka.Duke paraqitur planin financiar p\u00ebr vitin 2015, drejtoresha e OT-s\u00eb znj.Zana Sarvan, theksoi se plani \u00ebsht\u00eb mjaft ambicioz por i arritsh\u00ebm.Ne plan parashikohet nj\u00eb rritje e t\u00eb ardhurave prej 42% ose gjthsejt 425.000 euro.Gjegj\u00ebsisht, \u00a0nga taksa e banimit, prej 227.000 euro qe ishte n\u00eb vitin 2014, \u00a0n\u00eb 270.000 euro (realizuar 174.980 ose 77%) vitin e ardhsh\u00ebm.Poashtu rritje e t\u00eb ardhurave nga taksa turistike nga 53.000 euro n\u00eb vitin 2014 (realizuar 52.449 ose 99%) ne 70.000 euro, rritje e t\u00eb ardhurave nga an\u00ebtarsimi prej 20.000 (realizuar 9.905 ose 50%) ne 50.000, rritje nga donacionet prej 26.950 (realizuar 42.580 ose 158%) n\u00eb 30.000 euro.<\/p>\n<p>Gjithashtu u prezantuan edhe vendet n\u00eb panairet e t\u00eb cil\u00ebve OT e Ulqinit planifikon t\u00eb marr\u00eb pjes\u00eb.Ato jan\u00eb: Praga, Beogradi, Budimpeshta, Berlini, Bukureshti, Shkupi, Llukavac, Prishtina, Tirana dhe Varshava.<\/p>\n<p>Ne fjalimet e veta an\u00ebtaret e kuvendit diskutuan n\u00eb lidhje me nevojen e fokusimit m\u00eb shume n\u00eb tregjet e rajonit, nga ku kemi edhe p\u00ebrqindjen m\u00eb t\u00eb madhe t\u00eb mysafireve, por duke mos harruar edhe tregjet prestigjioze.<\/p>\n<p>Z.Xhaudet Cakuli theksoi se \u00ebsht\u00eb e planifikuar edhe pjesmarrja n\u00eb Bratisllav\u00eb dhe Mosk\u00eb, dhe se k\u00ebto vende nuk ndodhen n\u00eb liste vet\u00ebm p\u00ebr arsye t\u00eb nj\u00eb gabimi teknik.<\/p>\n<p>An\u00ebtari, \u00a0z.Ibrahim Milla,\u00a0 sugjeroi q\u00eb shpenzimet e marketingut t\u00eb r\u00ebndojn\u00eb mbi bizneset, n\u00eb var\u00ebsi t\u00eb veprimtaris\u00eb q\u00eb ato kryejn\u00eb.<\/p>\n<p>N\u00eb mbledhje u konstatua dor\u00ebheqja e Kryetarit te Keshillit Drejtues, z. Cakuli, dhe unanimisht u aprovua em\u00ebrimi i z.Xhemal Bushati si kryetar i ri.<\/p>\n","protected":false},"excerpt":{"rendered":"<p>Sot, me fillim n\u00eb ora 11, u mbajt mbledhja e rregullt e Kuvendit t\u00eb OT s\u00eb Ulqinit, me rend dite si n\u00eb vijim, raporton Portali Lajm.me. 1.Aprovimi i procesverbalit t\u00eb mbledhjes s\u00eb kaluar 2. Programi i pun\u00ebs dhe plani financiar p\u00ebr vitin 2014 3. Dor\u00ebheqja e Kryetarit t\u00eb Keshillit drejtues t\u00eb OT 4. Em\u00ebrimi i [&hellip;]<\/p>\n","protected":false},"author":1,"featured_media":0,"comment_status":"closed","ping_status":"closed","sticky":false,"template":"","format":"standard","meta":{"spay_email":"","jetpack_publicize_message":"","jetpack_is_tweetstorm":false,"jetpack_publicize_feature_enabled":true},"categories":[1,15],"tags":[],"jetpack_publicize_connections":[],"yoast_head":"<!-- This site is optimized with the Yoast SEO plugin v19.1 - https:\/\/yoast.com\/wordpress\/plugins\/seo\/ -->\n<title>Xhemal Bushati kryetar i ri i Kuvendit Ekzekutiv t\u00eb Organizat\u00ebs Turistike - Lajme nga Ulqini<\/title>\n<meta name=\"description\" content=\"Sot, me fillim n\u00eb ora 11, u mbajt mbledhja e rregullt e Kuvendit t\u00eb OT s\u00eb Ulqinit, me rend dite si n\u00eb vijim, raporton Portali Lajm.me. 1.Aprovimi i\" \/>\n<meta name=\"robots\" content=\"index, follow, max-snippet:-1, max-image-preview:large, max-video-preview:-1\" \/>\n<link rel=\"canonical\" href=\"https:\/\/www.visit-ulcinj.com\/blog\/2014\/12\/15\/xhemal-bushati-kryetar-ri-kuvendit-ekzekutiv-te-organizates-turistike\/\" \/>\n<meta property=\"og:locale\" content=\"en_US\" \/>\n<meta property=\"og:type\" content=\"article\" \/>\n<meta property=\"og:title\" content=\"Xhemal Bushati kryetar i ri i Kuvendit Ekzekutiv t\u00eb Organizat\u00ebs Turistike - Lajme nga Ulqini\" \/>\n<meta property=\"og:description\" content=\"Sot, me fillim n\u00eb ora 11, u mbajt mbledhja e rregullt e Kuvendit t\u00eb OT s\u00eb Ulqinit, me rend dite si n\u00eb vijim, raporton Portali Lajm.me. 1.Aprovimi i\" \/>\n<meta property=\"og:url\" content=\"https:\/\/www.visit-ulcinj.com\/blog\/2014\/12\/15\/xhemal-bushati-kryetar-ri-kuvendit-ekzekutiv-te-organizates-turistike\/\" \/>\n<meta property=\"og:site_name\" content=\"Lajme nga Ulqini\" \/>\n<meta property=\"article:published_time\" content=\"2014-12-15T15:53:04+00:00\" \/>\n<meta property=\"article:modified_time\" content=\"2014-12-15T17:20:31+00:00\" \/>\n<meta property=\"og:image\" content=\"http:\/\/www.visit-ulcinj.com\/blog\/wp-content\/uploads\/2010\/09\/xhemal-bushati-dir-hotel-albatros.jpg\" \/>\n<meta name=\"twitter:label1\" content=\"Written by\" \/>\n\t<meta name=\"twitter:data1\" content=\"ulqini\" \/>\n\t<meta name=\"twitter:label2\" content=\"Est. reading time\" \/>\n\t<meta name=\"twitter:data2\" content=\"2 minutes\" \/>\n<script type=\"application\/ld+json\" class=\"yoast-schema-graph\">{\"@context\":\"https:\/\/schema.org\",\"@graph\":[{\"@type\":\"WebSite\",\"@id\":\"https:\/\/www.visit-ulcinj.com\/blog\/#website\",\"url\":\"https:\/\/www.visit-ulcinj.com\/blog\/\",\"name\":\"Lajme nga Ulqini\",\"description\":\"Lajme,Vijesti,Ulqini,Ulqin,Crna Gora,Mali i Zi\",\"potentialAction\":[{\"@type\":\"SearchAction\",\"target\":{\"@type\":\"EntryPoint\",\"urlTemplate\":\"https:\/\/www.visit-ulcinj.com\/blog\/?s={search_term_string}\"},\"query-input\":\"required name=search_term_string\"}],\"inLanguage\":\"en-US\"},{\"@type\":\"ImageObject\",\"inLanguage\":\"en-US\",\"@id\":\"https:\/\/www.visit-ulcinj.com\/blog\/2014\/12\/15\/xhemal-bushati-kryetar-ri-kuvendit-ekzekutiv-te-organizates-turistike\/#primaryimage\",\"url\":\"https:\/\/www.visit-ulcinj.com\/blog\/wp-content\/uploads\/2010\/09\/xhemal-bushati-dir-hotel-albatros.jpg\",\"contentUrl\":\"https:\/\/www.visit-ulcinj.com\/blog\/wp-content\/uploads\/2010\/09\/xhemal-bushati-dir-hotel-albatros.jpg\",\"width\":\"373\",\"height\":\"358\"},{\"@type\":\"WebPage\",\"@id\":\"https:\/\/www.visit-ulcinj.com\/blog\/2014\/12\/15\/xhemal-bushati-kryetar-ri-kuvendit-ekzekutiv-te-organizates-turistike\/#webpage\",\"url\":\"https:\/\/www.visit-ulcinj.com\/blog\/2014\/12\/15\/xhemal-bushati-kryetar-ri-kuvendit-ekzekutiv-te-organizates-turistike\/\",\"name\":\"Xhemal Bushati kryetar i ri i Kuvendit Ekzekutiv t\u00eb Organizat\u00ebs Turistike - Lajme nga Ulqini\",\"isPartOf\":{\"@id\":\"https:\/\/www.visit-ulcinj.com\/blog\/#website\"},\"primaryImageOfPage\":{\"@id\":\"https:\/\/www.visit-ulcinj.com\/blog\/2014\/12\/15\/xhemal-bushati-kryetar-ri-kuvendit-ekzekutiv-te-organizates-turistike\/#primaryimage\"},\"datePublished\":\"2014-12-15T15:53:04+00:00\",\"dateModified\":\"2014-12-15T17:20:31+00:00\",\"author\":{\"@id\":\"https:\/\/www.visit-ulcinj.com\/blog\/#\/schema\/person\/dcab619c614d3038751c63bc2aadc06d\"},\"description\":\"Sot, me fillim n\u00eb ora 11, u mbajt mbledhja e rregullt e Kuvendit t\u00eb OT s\u00eb Ulqinit, me rend dite si n\u00eb vijim, raporton Portali Lajm.me. 1.Aprovimi i\",\"breadcrumb\":{\"@id\":\"https:\/\/www.visit-ulcinj.com\/blog\/2014\/12\/15\/xhemal-bushati-kryetar-ri-kuvendit-ekzekutiv-te-organizates-turistike\/#breadcrumb\"},\"inLanguage\":\"en-US\",\"potentialAction\":[{\"@type\":\"ReadAction\",\"target\":[\"https:\/\/www.visit-ulcinj.com\/blog\/2014\/12\/15\/xhemal-bushati-kryetar-ri-kuvendit-ekzekutiv-te-organizates-turistike\/\"]}]},{\"@type\":\"BreadcrumbList\",\"@id\":\"https:\/\/www.visit-ulcinj.com\/blog\/2014\/12\/15\/xhemal-bushati-kryetar-ri-kuvendit-ekzekutiv-te-organizates-turistike\/#breadcrumb\",\"itemListElement\":[{\"@type\":\"ListItem\",\"position\":1,\"name\":\"Xhemal Bushati kryetar i ri i Kuvendit Ekzekutiv t\u00eb Organizat\u00ebs Turistike\"}]},{\"@type\":\"Person\",\"@id\":\"https:\/\/www.visit-ulcinj.com\/blog\/#\/schema\/person\/dcab619c614d3038751c63bc2aadc06d\",\"name\":\"ulqini\",\"sameAs\":[\"http:\/\/www.visit-ulcinj.com\"],\"url\":\"https:\/\/www.visit-ulcinj.com\/blog\/author\/admin\/\"}]}<\/script>\n<!-- \/ Yoast SEO plugin. -->","yoast_head_json":{"title":"Xhemal Bushati kryetar i ri i Kuvendit Ekzekutiv t\u00eb Organizat\u00ebs Turistike - Lajme nga Ulqini","description":"Sot, me fillim n\u00eb ora 11, u mbajt mbledhja e rregullt e Kuvendit t\u00eb OT s\u00eb Ulqinit, me rend dite si n\u00eb vijim, raporton Portali Lajm.me. 1.Aprovimi i","robots":{"index":"index","follow":"follow","max-snippet":"max-snippet:-1","max-image-preview":"max-image-preview:large","max-video-preview":"max-video-preview:-1"},"canonical":"https:\/\/www.visit-ulcinj.com\/blog\/2014\/12\/15\/xhemal-bushati-kryetar-ri-kuvendit-ekzekutiv-te-organizates-turistike\/","og_locale":"en_US","og_type":"article","og_title":"Xhemal Bushati kryetar i ri i Kuvendit Ekzekutiv t\u00eb Organizat\u00ebs Turistike - Lajme nga Ulqini","og_description":"Sot, me fillim n\u00eb ora 11, u mbajt mbledhja e rregullt e Kuvendit t\u00eb OT s\u00eb Ulqinit, me rend dite si n\u00eb vijim, raporton Portali Lajm.me. 1.Aprovimi i","og_url":"https:\/\/www.visit-ulcinj.com\/blog\/2014\/12\/15\/xhemal-bushati-kryetar-ri-kuvendit-ekzekutiv-te-organizates-turistike\/","og_site_name":"Lajme nga Ulqini","article_published_time":"2014-12-15T15:53:04+00:00","article_modified_time":"2014-12-15T17:20:31+00:00","og_image":[{"url":"http:\/\/www.visit-ulcinj.com\/blog\/wp-content\/uploads\/2010\/09\/xhemal-bushati-dir-hotel-albatros.jpg"}],"twitter_misc":{"Written by":"ulqini","Est. reading time":"2 minutes"},"schema":{"@context":"https:\/\/schema.org","@graph":[{"@type":"WebSite","@id":"https:\/\/www.visit-ulcinj.com\/blog\/#website","url":"https:\/\/www.visit-ulcinj.com\/blog\/","name":"Lajme nga Ulqini","description":"Lajme,Vijesti,Ulqini,Ulqin,Crna Gora,Mali i Zi","potentialAction":[{"@type":"SearchAction","target":{"@type":"EntryPoint","urlTemplate":"https:\/\/www.visit-ulcinj.com\/blog\/?s={search_term_string}"},"query-input":"required name=search_term_string"}],"inLanguage":"en-US"},{"@type":"ImageObject","inLanguage":"en-US","@id":"https:\/\/www.visit-ulcinj.com\/blog\/2014\/12\/15\/xhemal-bushati-kryetar-ri-kuvendit-ekzekutiv-te-organizates-turistike\/#primaryimage","url":"https:\/\/www.visit-ulcinj.com\/blog\/wp-content\/uploads\/2010\/09\/xhemal-bushati-dir-hotel-albatros.jpg","contentUrl":"https:\/\/www.visit-ulcinj.com\/blog\/wp-content\/uploads\/2010\/09\/xhemal-bushati-dir-hotel-albatros.jpg","width":"373","height":"358"},{"@type":"WebPage","@id":"https:\/\/www.visit-ulcinj.com\/blog\/2014\/12\/15\/xhemal-bushati-kryetar-ri-kuvendit-ekzekutiv-te-organizates-turistike\/#webpage","url":"https:\/\/www.visit-ulcinj.com\/blog\/2014\/12\/15\/xhemal-bushati-kryetar-ri-kuvendit-ekzekutiv-te-organizates-turistike\/","name":"Xhemal Bushati kryetar i ri i Kuvendit Ekzekutiv t\u00eb Organizat\u00ebs Turistike - Lajme nga Ulqini","isPartOf":{"@id":"https:\/\/www.visit-ulcinj.com\/blog\/#website"},"primaryImageOfPage":{"@id":"https:\/\/www.visit-ulcinj.com\/blog\/2014\/12\/15\/xhemal-bushati-kryetar-ri-kuvendit-ekzekutiv-te-organizates-turistike\/#primaryimage"},"datePublished":"2014-12-15T15:53:04+00:00","dateModified":"2014-12-15T17:20:31+00:00","author":{"@id":"https:\/\/www.visit-ulcinj.com\/blog\/#\/schema\/person\/dcab619c614d3038751c63bc2aadc06d"},"description":"Sot, me fillim n\u00eb ora 11, u mbajt mbledhja e rregullt e Kuvendit t\u00eb OT s\u00eb Ulqinit, me rend dite si n\u00eb vijim, raporton Portali Lajm.me. 1.Aprovimi i","breadcrumb":{"@id":"https:\/\/www.visit-ulcinj.com\/blog\/2014\/12\/15\/xhemal-bushati-kryetar-ri-kuvendit-ekzekutiv-te-organizates-turistike\/#breadcrumb"},"inLanguage":"en-US","potentialAction":[{"@type":"ReadAction","target":["https:\/\/www.visit-ulcinj.com\/blog\/2014\/12\/15\/xhemal-bushati-kryetar-ri-kuvendit-ekzekutiv-te-organizates-turistike\/"]}]},{"@type":"BreadcrumbList","@id":"https:\/\/www.visit-ulcinj.com\/blog\/2014\/12\/15\/xhemal-bushati-kryetar-ri-kuvendit-ekzekutiv-te-organizates-turistike\/#breadcrumb","itemListElement":[{"@type":"ListItem","position":1,"name":"Xhemal Bushati kryetar i ri i Kuvendit Ekzekutiv t\u00eb Organizat\u00ebs Turistike"}]},{"@type":"Person","@id":"https:\/\/www.visit-ulcinj.com\/blog\/#\/schema\/person\/dcab619c614d3038751c63bc2aadc06d","name":"ulqini","sameAs":["http:\/\/www.visit-ulcinj.com"],"url":"https:\/\/www.visit-ulcinj.com\/blog\/author\/admin\/"}]}},"jetpack_featured_media_url":"","jetpack_sharing_enabled":true,"jetpack_shortlink":"https:\/\/wp.me\/pe6lTn-mE6","_links":{"self":[{"href":"https:\/\/www.visit-ulcinj.com\/blog\/wp-json\/wp\/v2\/posts\/87054"}],"collection":[{"href":"https:\/\/www.visit-ulcinj.com\/blog\/wp-json\/wp\/v2\/posts"}],"about":[{"href":"https:\/\/www.visit-ulcinj.com\/blog\/wp-json\/wp\/v2\/types\/post"}],"author":[{"embeddable":true,"href":"https:\/\/www.visit-ulcinj.com\/blog\/wp-json\/wp\/v2\/users\/1"}],"replies":[{"embeddable":true,"href":"https:\/\/www.visit-ulcinj.com\/blog\/wp-json\/wp\/v2\/comments?post=87054"}],"version-history":[{"count":1,"href":"https:\/\/www.visit-ulcinj.com\/blog\/wp-json\/wp\/v2\/posts\/87054\/revisions"}],"predecessor-version":[{"id":87055,"href":"https:\/\/www.visit-ulcinj.com\/blog\/wp-json\/wp\/v2\/posts\/87054\/revisions\/87055"}],"wp:attachment":[{"href":"https:\/\/www.visit-ulcinj.com\/blog\/wp-json\/wp\/v2\/media?parent=87054"}],"wp:term":[{"taxonomy":"category","embeddable":true,"href":"https:\/\/www.visit-ulcinj.com\/blog\/wp-json\/wp\/v2\/categories?post=87054"},{"taxonomy":"post_tag","embeddable":true,"href":"https:\/\/www.visit-ulcinj.com\/blog\/wp-json\/wp\/v2\/tags?post=87054"}],"curies":[{"name":"wp","href":"https:\/\/api.w.org\/{rel}","templated":true}]}}