{"id":87056,"date":"2014-12-15T17:03:43","date_gmt":"2014-12-15T16:03:43","guid":{"rendered":"http:\/\/www.visit-ulcinj.com\/blog\/?p=87056"},"modified":"2014-12-16T16:14:56","modified_gmt":"2014-12-16T15:14:56","slug":"bardhi-sinishtaj-koalicioni-cdo-force-qe-deshiron-rotacionin","status":"publish","type":"post","link":"https:\/\/www.visit-ulcinj.com\/blog\/2014\/12\/15\/bardhi-sinishtaj-koalicioni-cdo-force-qe-deshiron-rotacionin\/","title":{"rendered":"Bardhi &#038; Sinishtaj: Koalicioni me \u00e7do forc\u00eb q\u00eb d\u00ebshiron rotacionin"},"content":{"rendered":"<p><a href=\"http:\/\/www.visit-ulcinj.com\/blog\/wp-content\/uploads\/2012\/08\/Mehmet-Bardhi_Vasel-Sinistaj_Genci-Nimanbegu_FOTO-MONTAZHE.jpg\"><img loading=\"lazy\" class=\"alignleft wp-image-62710\" src=\"http:\/\/www.visit-ulcinj.com\/blog\/wp-content\/uploads\/2012\/08\/Mehmet-Bardhi_Vasel-Sinistaj_Genci-Nimanbegu_FOTO-MONTAZHE.jpg\" alt=\"Mehmet-Bardhi_Vasel-Sinistaj_Genci-Nimanbegu_FOTO-MONTAZHE\" width=\"508\" height=\"434\" srcset=\"https:\/\/www.visit-ulcinj.com\/blog\/wp-content\/uploads\/2012\/08\/Mehmet-Bardhi_Vasel-Sinistaj_Genci-Nimanbegu_FOTO-MONTAZHE.jpg 792w, https:\/\/www.visit-ulcinj.com\/blog\/wp-content\/uploads\/2012\/08\/Mehmet-Bardhi_Vasel-Sinistaj_Genci-Nimanbegu_FOTO-MONTAZHE-300x256.jpg 300w\" sizes=\"(max-width: 508px) 100vw, 508px\" \/><\/a>Drejtuesit e Lidhjes demokratike dhe Alternativ\u00ebs shqiptare Mehmet Bardhi dhe Vasel Sinishtaj kan\u00eb th\u00ebn\u00eb se presin rotacionin n\u00eb bankat e deputet\u00ebve n\u00eb m\u00ebnyr\u00eb q\u00eb t\u00eb z\u00ebn\u00ebn vendin n\u00eb Kuvendin e Malit t\u00eb Zi, raporton Portali Ul.info.<\/p>\n<p>\u201cNik Gjeloshaj q\u00ebndron n\u00eb vendin tim. Ai duhet t\u00eb jepte dor\u00ebheqje q\u00eb prej 22 tetorit, nd\u00ebrsa afati i fundit ishte 6 n\u00ebntori\u201d, tha Bardhi p\u00ebr \u201cDnevne novine\u201d.<\/p>\n<p>Sinishtaj tha se priste reagim m\u00eb t\u00eb shpejt nga Forca e re demokratike, sepse kjo gjendje zgjat gati dy muja. Ai shtoi se tek Genci Nimanbegu situata \u00ebsht\u00eb specifike, sepse me nd\u00ebrprerjen e funksionit t\u00eb deputetit humb dhe vendin e kryetarit t\u00eb K\u00ebshillit komb\u00ebtar t\u00eb Shqiptar\u00ebve.<\/p>\n<p>Sinishtaj tha se priste plot\u00ebsimin e marr\u00ebveshjes, sepse, si\u00e7 theksoi, kur ne nj\u00ebri tjetrin nuk e respektojm\u00eb, si mund t\u00eb presim q\u00eb t\u00eb tjer\u00ebt t\u00eb na respektojn\u00eb<\/p>\n","protected":false},"excerpt":{"rendered":"<p>Drejtuesit e Lidhjes demokratike dhe Alternativ\u00ebs shqiptare Mehmet Bardhi dhe Vasel Sinishtaj kan\u00eb th\u00ebn\u00eb se presin rotacionin n\u00eb bankat e deputet\u00ebve n\u00eb m\u00ebnyr\u00eb q\u00eb t\u00eb z\u00ebn\u00ebn vendin n\u00eb Kuvendin e Malit t\u00eb Zi, raporton Portali Ul.info. \u201cNik Gjeloshaj q\u00ebndron n\u00eb vendin tim. Ai duhet t\u00eb jepte dor\u00ebheqje q\u00eb prej 22 tetorit, nd\u00ebrsa afati i fundit [&hellip;]<\/p>\n","protected":false},"author":1,"featured_media":0,"comment_status":"closed","ping_status":"closed","sticky":false,"template":"","format":"standard","meta":{"spay_email":"","jetpack_publicize_message":"","jetpack_is_tweetstorm":false,"jetpack_publicize_feature_enabled":true},"categories":[6,14],"tags":[],"jetpack_publicize_connections":[],"yoast_head":"<!-- This site is optimized with the Yoast SEO plugin v19.1 - https:\/\/yoast.com\/wordpress\/plugins\/seo\/ -->\n<title>Bardhi &amp; Sinishtaj: Koalicioni me \u00e7do forc\u00eb q\u00eb d\u00ebshiron rotacionin - Lajme nga Ulqini<\/title>\n<meta name=\"description\" content=\"Drejtuesit e Lidhjes demokratike dhe Alternativ\u00ebs shqiptare Mehmet Bardhi dhe Vasel Sinishtaj kan\u00eb th\u00ebn\u00eb se presin rotacionin n\u00eb bankat e deputet\u00ebve n\u00eb\" \/>\n<meta name=\"robots\" content=\"index, follow, max-snippet:-1, max-image-preview:large, max-video-preview:-1\" \/>\n<link rel=\"canonical\" href=\"https:\/\/www.visit-ulcinj.com\/blog\/2014\/12\/15\/bardhi-sinishtaj-koalicioni-cdo-force-qe-deshiron-rotacionin\/\" \/>\n<meta property=\"og:locale\" content=\"en_US\" \/>\n<meta property=\"og:type\" content=\"article\" \/>\n<meta property=\"og:title\" content=\"Bardhi &amp; Sinishtaj: Koalicioni me \u00e7do forc\u00eb q\u00eb d\u00ebshiron rotacionin - Lajme nga Ulqini\" \/>\n<meta property=\"og:description\" content=\"Drejtuesit e Lidhjes demokratike dhe Alternativ\u00ebs shqiptare Mehmet Bardhi dhe Vasel Sinishtaj kan\u00eb th\u00ebn\u00eb se presin rotacionin n\u00eb bankat e deputet\u00ebve n\u00eb\" \/>\n<meta property=\"og:url\" content=\"https:\/\/www.visit-ulcinj.com\/blog\/2014\/12\/15\/bardhi-sinishtaj-koalicioni-cdo-force-qe-deshiron-rotacionin\/\" \/>\n<meta property=\"og:site_name\" content=\"Lajme nga Ulqini\" \/>\n<meta property=\"article:published_time\" content=\"2014-12-15T16:03:43+00:00\" \/>\n<meta property=\"article:modified_time\" content=\"2014-12-16T15:14:56+00:00\" \/>\n<meta property=\"og:image\" content=\"http:\/\/www.visit-ulcinj.com\/blog\/wp-content\/uploads\/2012\/08\/Mehmet-Bardhi_Vasel-Sinistaj_Genci-Nimanbegu_FOTO-MONTAZHE.jpg\" \/>\n<meta name=\"twitter:label1\" content=\"Written by\" \/>\n\t<meta name=\"twitter:data1\" content=\"ulqini\" \/>\n\t<meta name=\"twitter:label2\" content=\"Est. reading time\" \/>\n\t<meta name=\"twitter:data2\" content=\"1 minute\" \/>\n<script type=\"application\/ld+json\" class=\"yoast-schema-graph\">{\"@context\":\"https:\/\/schema.org\",\"@graph\":[{\"@type\":\"WebSite\",\"@id\":\"https:\/\/www.visit-ulcinj.com\/blog\/#website\",\"url\":\"https:\/\/www.visit-ulcinj.com\/blog\/\",\"name\":\"Lajme nga Ulqini\",\"description\":\"Lajme,Vijesti,Ulqini,Ulqin,Crna Gora,Mali i Zi\",\"potentialAction\":[{\"@type\":\"SearchAction\",\"target\":{\"@type\":\"EntryPoint\",\"urlTemplate\":\"https:\/\/www.visit-ulcinj.com\/blog\/?s={search_term_string}\"},\"query-input\":\"required name=search_term_string\"}],\"inLanguage\":\"en-US\"},{\"@type\":\"ImageObject\",\"inLanguage\":\"en-US\",\"@id\":\"https:\/\/www.visit-ulcinj.com\/blog\/2014\/12\/15\/bardhi-sinishtaj-koalicioni-cdo-force-qe-deshiron-rotacionin\/#primaryimage\",\"url\":\"https:\/\/www.visit-ulcinj.com\/blog\/wp-content\/uploads\/2012\/08\/Mehmet-Bardhi_Vasel-Sinistaj_Genci-Nimanbegu_FOTO-MONTAZHE.jpg\",\"contentUrl\":\"https:\/\/www.visit-ulcinj.com\/blog\/wp-content\/uploads\/2012\/08\/Mehmet-Bardhi_Vasel-Sinistaj_Genci-Nimanbegu_FOTO-MONTAZHE.jpg\",\"width\":\"792\",\"height\":\"677\"},{\"@type\":\"WebPage\",\"@id\":\"https:\/\/www.visit-ulcinj.com\/blog\/2014\/12\/15\/bardhi-sinishtaj-koalicioni-cdo-force-qe-deshiron-rotacionin\/#webpage\",\"url\":\"https:\/\/www.visit-ulcinj.com\/blog\/2014\/12\/15\/bardhi-sinishtaj-koalicioni-cdo-force-qe-deshiron-rotacionin\/\",\"name\":\"Bardhi & Sinishtaj: Koalicioni me \u00e7do forc\u00eb q\u00eb d\u00ebshiron rotacionin - Lajme nga Ulqini\",\"isPartOf\":{\"@id\":\"https:\/\/www.visit-ulcinj.com\/blog\/#website\"},\"primaryImageOfPage\":{\"@id\":\"https:\/\/www.visit-ulcinj.com\/blog\/2014\/12\/15\/bardhi-sinishtaj-koalicioni-cdo-force-qe-deshiron-rotacionin\/#primaryimage\"},\"datePublished\":\"2014-12-15T16:03:43+00:00\",\"dateModified\":\"2014-12-16T15:14:56+00:00\",\"author\":{\"@id\":\"https:\/\/www.visit-ulcinj.com\/blog\/#\/schema\/person\/dcab619c614d3038751c63bc2aadc06d\"},\"description\":\"Drejtuesit e Lidhjes demokratike dhe Alternativ\u00ebs shqiptare Mehmet Bardhi dhe Vasel Sinishtaj kan\u00eb th\u00ebn\u00eb se presin rotacionin n\u00eb bankat e deputet\u00ebve n\u00eb\",\"breadcrumb\":{\"@id\":\"https:\/\/www.visit-ulcinj.com\/blog\/2014\/12\/15\/bardhi-sinishtaj-koalicioni-cdo-force-qe-deshiron-rotacionin\/#breadcrumb\"},\"inLanguage\":\"en-US\",\"potentialAction\":[{\"@type\":\"ReadAction\",\"target\":[\"https:\/\/www.visit-ulcinj.com\/blog\/2014\/12\/15\/bardhi-sinishtaj-koalicioni-cdo-force-qe-deshiron-rotacionin\/\"]}]},{\"@type\":\"BreadcrumbList\",\"@id\":\"https:\/\/www.visit-ulcinj.com\/blog\/2014\/12\/15\/bardhi-sinishtaj-koalicioni-cdo-force-qe-deshiron-rotacionin\/#breadcrumb\",\"itemListElement\":[{\"@type\":\"ListItem\",\"position\":1,\"name\":\"Bardhi &#038; Sinishtaj: Koalicioni me \u00e7do forc\u00eb q\u00eb d\u00ebshiron rotacionin\"}]},{\"@type\":\"Person\",\"@id\":\"https:\/\/www.visit-ulcinj.com\/blog\/#\/schema\/person\/dcab619c614d3038751c63bc2aadc06d\",\"name\":\"ulqini\",\"sameAs\":[\"http:\/\/www.visit-ulcinj.com\"],\"url\":\"https:\/\/www.visit-ulcinj.com\/blog\/author\/admin\/\"}]}<\/script>\n<!-- \/ Yoast SEO plugin. -->","yoast_head_json":{"title":"Bardhi & Sinishtaj: Koalicioni me \u00e7do forc\u00eb q\u00eb d\u00ebshiron rotacionin - Lajme nga Ulqini","description":"Drejtuesit e Lidhjes demokratike dhe Alternativ\u00ebs shqiptare Mehmet Bardhi dhe Vasel Sinishtaj kan\u00eb th\u00ebn\u00eb se presin rotacionin n\u00eb bankat e deputet\u00ebve n\u00eb","robots":{"index":"index","follow":"follow","max-snippet":"max-snippet:-1","max-image-preview":"max-image-preview:large","max-video-preview":"max-video-preview:-1"},"canonical":"https:\/\/www.visit-ulcinj.com\/blog\/2014\/12\/15\/bardhi-sinishtaj-koalicioni-cdo-force-qe-deshiron-rotacionin\/","og_locale":"en_US","og_type":"article","og_title":"Bardhi & Sinishtaj: Koalicioni me \u00e7do forc\u00eb q\u00eb d\u00ebshiron rotacionin - Lajme nga Ulqini","og_description":"Drejtuesit e Lidhjes demokratike dhe Alternativ\u00ebs shqiptare Mehmet Bardhi dhe Vasel Sinishtaj kan\u00eb th\u00ebn\u00eb se presin rotacionin n\u00eb bankat e deputet\u00ebve n\u00eb","og_url":"https:\/\/www.visit-ulcinj.com\/blog\/2014\/12\/15\/bardhi-sinishtaj-koalicioni-cdo-force-qe-deshiron-rotacionin\/","og_site_name":"Lajme nga Ulqini","article_published_time":"2014-12-15T16:03:43+00:00","article_modified_time":"2014-12-16T15:14:56+00:00","og_image":[{"url":"http:\/\/www.visit-ulcinj.com\/blog\/wp-content\/uploads\/2012\/08\/Mehmet-Bardhi_Vasel-Sinistaj_Genci-Nimanbegu_FOTO-MONTAZHE.jpg"}],"twitter_misc":{"Written by":"ulqini","Est. reading time":"1 minute"},"schema":{"@context":"https:\/\/schema.org","@graph":[{"@type":"WebSite","@id":"https:\/\/www.visit-ulcinj.com\/blog\/#website","url":"https:\/\/www.visit-ulcinj.com\/blog\/","name":"Lajme nga Ulqini","description":"Lajme,Vijesti,Ulqini,Ulqin,Crna Gora,Mali i Zi","potentialAction":[{"@type":"SearchAction","target":{"@type":"EntryPoint","urlTemplate":"https:\/\/www.visit-ulcinj.com\/blog\/?s={search_term_string}"},"query-input":"required name=search_term_string"}],"inLanguage":"en-US"},{"@type":"ImageObject","inLanguage":"en-US","@id":"https:\/\/www.visit-ulcinj.com\/blog\/2014\/12\/15\/bardhi-sinishtaj-koalicioni-cdo-force-qe-deshiron-rotacionin\/#primaryimage","url":"https:\/\/www.visit-ulcinj.com\/blog\/wp-content\/uploads\/2012\/08\/Mehmet-Bardhi_Vasel-Sinistaj_Genci-Nimanbegu_FOTO-MONTAZHE.jpg","contentUrl":"https:\/\/www.visit-ulcinj.com\/blog\/wp-content\/uploads\/2012\/08\/Mehmet-Bardhi_Vasel-Sinistaj_Genci-Nimanbegu_FOTO-MONTAZHE.jpg","width":"792","height":"677"},{"@type":"WebPage","@id":"https:\/\/www.visit-ulcinj.com\/blog\/2014\/12\/15\/bardhi-sinishtaj-koalicioni-cdo-force-qe-deshiron-rotacionin\/#webpage","url":"https:\/\/www.visit-ulcinj.com\/blog\/2014\/12\/15\/bardhi-sinishtaj-koalicioni-cdo-force-qe-deshiron-rotacionin\/","name":"Bardhi & Sinishtaj: Koalicioni me \u00e7do forc\u00eb q\u00eb d\u00ebshiron rotacionin - Lajme nga Ulqini","isPartOf":{"@id":"https:\/\/www.visit-ulcinj.com\/blog\/#website"},"primaryImageOfPage":{"@id":"https:\/\/www.visit-ulcinj.com\/blog\/2014\/12\/15\/bardhi-sinishtaj-koalicioni-cdo-force-qe-deshiron-rotacionin\/#primaryimage"},"datePublished":"2014-12-15T16:03:43+00:00","dateModified":"2014-12-16T15:14:56+00:00","author":{"@id":"https:\/\/www.visit-ulcinj.com\/blog\/#\/schema\/person\/dcab619c614d3038751c63bc2aadc06d"},"description":"Drejtuesit e Lidhjes demokratike dhe Alternativ\u00ebs shqiptare Mehmet Bardhi dhe Vasel Sinishtaj kan\u00eb th\u00ebn\u00eb se presin rotacionin n\u00eb bankat e deputet\u00ebve n\u00eb","breadcrumb":{"@id":"https:\/\/www.visit-ulcinj.com\/blog\/2014\/12\/15\/bardhi-sinishtaj-koalicioni-cdo-force-qe-deshiron-rotacionin\/#breadcrumb"},"inLanguage":"en-US","potentialAction":[{"@type":"ReadAction","target":["https:\/\/www.visit-ulcinj.com\/blog\/2014\/12\/15\/bardhi-sinishtaj-koalicioni-cdo-force-qe-deshiron-rotacionin\/"]}]},{"@type":"BreadcrumbList","@id":"https:\/\/www.visit-ulcinj.com\/blog\/2014\/12\/15\/bardhi-sinishtaj-koalicioni-cdo-force-qe-deshiron-rotacionin\/#breadcrumb","itemListElement":[{"@type":"ListItem","position":1,"name":"Bardhi &#038; Sinishtaj: Koalicioni me \u00e7do forc\u00eb q\u00eb d\u00ebshiron rotacionin"}]},{"@type":"Person","@id":"https:\/\/www.visit-ulcinj.com\/blog\/#\/schema\/person\/dcab619c614d3038751c63bc2aadc06d","name":"ulqini","sameAs":["http:\/\/www.visit-ulcinj.com"],"url":"https:\/\/www.visit-ulcinj.com\/blog\/author\/admin\/"}]}},"jetpack_featured_media_url":"","jetpack_sharing_enabled":true,"jetpack_shortlink":"https:\/\/wp.me\/pe6lTn-mE8","_links":{"self":[{"href":"https:\/\/www.visit-ulcinj.com\/blog\/wp-json\/wp\/v2\/posts\/87056"}],"collection":[{"href":"https:\/\/www.visit-ulcinj.com\/blog\/wp-json\/wp\/v2\/posts"}],"about":[{"href":"https:\/\/www.visit-ulcinj.com\/blog\/wp-json\/wp\/v2\/types\/post"}],"author":[{"embeddable":true,"href":"https:\/\/www.visit-ulcinj.com\/blog\/wp-json\/wp\/v2\/users\/1"}],"replies":[{"embeddable":true,"href":"https:\/\/www.visit-ulcinj.com\/blog\/wp-json\/wp\/v2\/comments?post=87056"}],"version-history":[{"count":1,"href":"https:\/\/www.visit-ulcinj.com\/blog\/wp-json\/wp\/v2\/posts\/87056\/revisions"}],"predecessor-version":[{"id":87057,"href":"https:\/\/www.visit-ulcinj.com\/blog\/wp-json\/wp\/v2\/posts\/87056\/revisions\/87057"}],"wp:attachment":[{"href":"https:\/\/www.visit-ulcinj.com\/blog\/wp-json\/wp\/v2\/media?parent=87056"}],"wp:term":[{"taxonomy":"category","embeddable":true,"href":"https:\/\/www.visit-ulcinj.com\/blog\/wp-json\/wp\/v2\/categories?post=87056"},{"taxonomy":"post_tag","embeddable":true,"href":"https:\/\/www.visit-ulcinj.com\/blog\/wp-json\/wp\/v2\/tags?post=87056"}],"curies":[{"name":"wp","href":"https:\/\/api.w.org\/{rel}","templated":true}]}}