{"id":87058,"date":"2014-12-15T17:07:43","date_gmt":"2014-12-15T16:07:43","guid":{"rendered":"http:\/\/www.visit-ulcinj.com\/blog\/?p=87058"},"modified":"2014-12-15T17:07:43","modified_gmt":"2014-12-15T16:07:43","slug":"karamanaga-sahat-kulla-ulcinja-iz-1754-god","status":"publish","type":"post","link":"https:\/\/www.visit-ulcinj.com\/blog\/2014\/12\/15\/karamanaga-sahat-kulla-ulcinja-iz-1754-god\/","title":{"rendered":"Karamanaga: Sahat Kulla Ulcinja iz 1754 god."},"content":{"rendered":"<p><a href=\"http:\/\/www.visit-ulcinj.com\/blog\/wp-content\/uploads\/2014\/12\/Sahat-Kulla-Ulcinj-.jpg\"><img loading=\"lazy\" class=\"alignleft wp-image-87059\" src=\"http:\/\/www.visit-ulcinj.com\/blog\/wp-content\/uploads\/2014\/12\/Sahat-Kulla-Ulcinj-.jpg\" alt=\"Sahat-Kulla-Ulcinj-\" width=\"508\" height=\"381\" srcset=\"https:\/\/www.visit-ulcinj.com\/blog\/wp-content\/uploads\/2014\/12\/Sahat-Kulla-Ulcinj-.jpg 960w, https:\/\/www.visit-ulcinj.com\/blog\/wp-content\/uploads\/2014\/12\/Sahat-Kulla-Ulcinj--300x225.jpg 300w\" sizes=\"(max-width: 508px) 100vw, 508px\" \/><\/a>Nakon katastrofalnog zemljotresa 1979 god. Sat Kula je djelimi\u010dno renovirana. Ne\u0161to kasnije, osamdesetih godina pro\u0161log vijeka je jedna delegacija na\u0161ih ljudi, donijela iz \u010ce\u0161koslova\u010dke jedan sasvim skroman sat. \u010cak smo se i tome obradovali, s obzirom da je ipak sat malo o\u017eivio Kulu. Me\u0111utim, sat je vrlo kratko radio, i ve\u0107 davno pokazuje isto vrijeme, ali i opominje. \u010cini mi se, da je ve\u0107 davno pro\u0161lo vrijeme da se sat po<span class=\"text_exposed_show\">pravi, i da makar malo o\u017eivi &#8220;usnuli&#8221; grad. S obzirom da se Sat Kula nalazi na vidnom mjestu, otkucaji sata bi makar malo o\u017eivjeli glavnu ulicu, u kojoj je jedna velika ve\u0107ina radnji zatvorena. Dok, Ispod Sat Kule se nalazi prizor, koji se sre\u0107om ne vidi sa ulice, ali se ipak vide ostaci poru\u0161ene zgrade &#8220;Beledije&#8221;, nekada\u0161nje op\u0161tinske zgrade, i ti ostaci bi trebali biti opomena nadle\u017enima, da se ne\u0161to sli\u010dno ne dogodi i sa Sat Kulom.<br \/>\nUprava za za\u0161titu someni\u010dnog blaga sa Cetinja, pod \u010dijom su ingerencijom svi spomenici na\u0161e kulturne ba\u0161tine, i nadle\u017ene gradske institucije kod nas, morali bi da se pobrinu o za\u0161titi na\u0161eg spomeni\u010dnog blaga&#8230;<\/span><\/p>\n<p class=\"_5pbw\" data-ft=\"{&quot;tn&quot;:&quot;C&quot;}\"><strong><span class=\"fcg\"><span class=\"fwb\"><a id=\"js_2z\" class=\"profileLink\" href=\"https:\/\/www.facebook.com\/ismet.karamanaga\" data-ft=\"{&quot;tn&quot;:&quot;l&quot;}\" data-hovercard=\"\/ajax\/hovercard\/user.php?id=1359492972\">Ismet Karamanaga Facebook<\/a><\/span><\/span><\/strong><\/p>\n","protected":false},"excerpt":{"rendered":"<p>Nakon katastrofalnog zemljotresa 1979 god. Sat Kula je djelimi\u010dno renovirana. Ne\u0161to kasnije, osamdesetih godina pro\u0161log vijeka je jedna delegacija na\u0161ih ljudi, donijela iz \u010ce\u0161koslova\u010dke jedan sasvim skroman sat. \u010cak smo se i tome obradovali, s obzirom da je ipak sat malo o\u017eivio Kulu. Me\u0111utim, sat je vrlo kratko radio, i ve\u0107 davno pokazuje isto vrijeme, [&hellip;]<\/p>\n","protected":false},"author":1,"featured_media":0,"comment_status":"closed","ping_status":"closed","sticky":false,"template":"","format":"standard","meta":{"spay_email":"","jetpack_publicize_message":"","jetpack_is_tweetstorm":false,"jetpack_publicize_feature_enabled":true},"categories":[8337],"tags":[],"jetpack_publicize_connections":[],"yoast_head":"<!-- This site is optimized with the Yoast SEO plugin v19.1 - https:\/\/yoast.com\/wordpress\/plugins\/seo\/ -->\n<title>Karamanaga: Sahat Kulla Ulcinja iz 1754 god. - Lajme nga Ulqini<\/title>\n<meta name=\"description\" content=\"Nakon katastrofalnog zemljotresa 1979 god. Sat Kula je djelimi\u010dno renovirana. Ne\u0161to kasnije, osamdesetih godina pro\u0161log vijeka je jedna delegacija na\u0161ih\" \/>\n<meta name=\"robots\" content=\"index, follow, max-snippet:-1, max-image-preview:large, max-video-preview:-1\" \/>\n<link rel=\"canonical\" href=\"https:\/\/www.visit-ulcinj.com\/blog\/2014\/12\/15\/karamanaga-sahat-kulla-ulcinja-iz-1754-god\/\" \/>\n<meta property=\"og:locale\" content=\"en_US\" \/>\n<meta property=\"og:type\" content=\"article\" \/>\n<meta property=\"og:title\" content=\"Karamanaga: Sahat Kulla Ulcinja iz 1754 god. - Lajme nga Ulqini\" \/>\n<meta property=\"og:description\" content=\"Nakon katastrofalnog zemljotresa 1979 god. Sat Kula je djelimi\u010dno renovirana. Ne\u0161to kasnije, osamdesetih godina pro\u0161log vijeka je jedna delegacija na\u0161ih\" \/>\n<meta property=\"og:url\" content=\"https:\/\/www.visit-ulcinj.com\/blog\/2014\/12\/15\/karamanaga-sahat-kulla-ulcinja-iz-1754-god\/\" \/>\n<meta property=\"og:site_name\" content=\"Lajme nga Ulqini\" \/>\n<meta property=\"article:published_time\" content=\"2014-12-15T16:07:43+00:00\" \/>\n<meta property=\"og:image\" content=\"http:\/\/www.visit-ulcinj.com\/blog\/wp-content\/uploads\/2014\/12\/Sahat-Kulla-Ulcinj-.jpg\" \/>\n<meta name=\"twitter:label1\" content=\"Written by\" \/>\n\t<meta name=\"twitter:data1\" content=\"ulqini\" \/>\n\t<meta name=\"twitter:label2\" content=\"Est. reading time\" \/>\n\t<meta name=\"twitter:data2\" content=\"1 minute\" \/>\n<script type=\"application\/ld+json\" class=\"yoast-schema-graph\">{\"@context\":\"https:\/\/schema.org\",\"@graph\":[{\"@type\":\"WebSite\",\"@id\":\"https:\/\/www.visit-ulcinj.com\/blog\/#website\",\"url\":\"https:\/\/www.visit-ulcinj.com\/blog\/\",\"name\":\"Lajme nga Ulqini\",\"description\":\"Lajme,Vijesti,Ulqini,Ulqin,Crna Gora,Mali i Zi\",\"potentialAction\":[{\"@type\":\"SearchAction\",\"target\":{\"@type\":\"EntryPoint\",\"urlTemplate\":\"https:\/\/www.visit-ulcinj.com\/blog\/?s={search_term_string}\"},\"query-input\":\"required name=search_term_string\"}],\"inLanguage\":\"en-US\"},{\"@type\":\"ImageObject\",\"inLanguage\":\"en-US\",\"@id\":\"https:\/\/www.visit-ulcinj.com\/blog\/2014\/12\/15\/karamanaga-sahat-kulla-ulcinja-iz-1754-god\/#primaryimage\",\"url\":\"https:\/\/www.visit-ulcinj.com\/blog\/wp-content\/uploads\/2014\/12\/Sahat-Kulla-Ulcinj-.jpg\",\"contentUrl\":\"https:\/\/www.visit-ulcinj.com\/blog\/wp-content\/uploads\/2014\/12\/Sahat-Kulla-Ulcinj-.jpg\",\"width\":960,\"height\":720},{\"@type\":\"WebPage\",\"@id\":\"https:\/\/www.visit-ulcinj.com\/blog\/2014\/12\/15\/karamanaga-sahat-kulla-ulcinja-iz-1754-god\/#webpage\",\"url\":\"https:\/\/www.visit-ulcinj.com\/blog\/2014\/12\/15\/karamanaga-sahat-kulla-ulcinja-iz-1754-god\/\",\"name\":\"Karamanaga: Sahat Kulla Ulcinja iz 1754 god. - Lajme nga Ulqini\",\"isPartOf\":{\"@id\":\"https:\/\/www.visit-ulcinj.com\/blog\/#website\"},\"primaryImageOfPage\":{\"@id\":\"https:\/\/www.visit-ulcinj.com\/blog\/2014\/12\/15\/karamanaga-sahat-kulla-ulcinja-iz-1754-god\/#primaryimage\"},\"datePublished\":\"2014-12-15T16:07:43+00:00\",\"dateModified\":\"2014-12-15T16:07:43+00:00\",\"author\":{\"@id\":\"https:\/\/www.visit-ulcinj.com\/blog\/#\/schema\/person\/dcab619c614d3038751c63bc2aadc06d\"},\"description\":\"Nakon katastrofalnog zemljotresa 1979 god. Sat Kula je djelimi\u010dno renovirana. Ne\u0161to kasnije, osamdesetih godina pro\u0161log vijeka je jedna delegacija na\u0161ih\",\"breadcrumb\":{\"@id\":\"https:\/\/www.visit-ulcinj.com\/blog\/2014\/12\/15\/karamanaga-sahat-kulla-ulcinja-iz-1754-god\/#breadcrumb\"},\"inLanguage\":\"en-US\",\"potentialAction\":[{\"@type\":\"ReadAction\",\"target\":[\"https:\/\/www.visit-ulcinj.com\/blog\/2014\/12\/15\/karamanaga-sahat-kulla-ulcinja-iz-1754-god\/\"]}]},{\"@type\":\"BreadcrumbList\",\"@id\":\"https:\/\/www.visit-ulcinj.com\/blog\/2014\/12\/15\/karamanaga-sahat-kulla-ulcinja-iz-1754-god\/#breadcrumb\",\"itemListElement\":[{\"@type\":\"ListItem\",\"position\":1,\"name\":\"Karamanaga: Sahat Kulla Ulcinja iz 1754 god.\"}]},{\"@type\":\"Person\",\"@id\":\"https:\/\/www.visit-ulcinj.com\/blog\/#\/schema\/person\/dcab619c614d3038751c63bc2aadc06d\",\"name\":\"ulqini\",\"sameAs\":[\"http:\/\/www.visit-ulcinj.com\"],\"url\":\"https:\/\/www.visit-ulcinj.com\/blog\/author\/admin\/\"}]}<\/script>\n<!-- \/ Yoast SEO plugin. -->","yoast_head_json":{"title":"Karamanaga: Sahat Kulla Ulcinja iz 1754 god. - Lajme nga Ulqini","description":"Nakon katastrofalnog zemljotresa 1979 god. Sat Kula je djelimi\u010dno renovirana. Ne\u0161to kasnije, osamdesetih godina pro\u0161log vijeka je jedna delegacija na\u0161ih","robots":{"index":"index","follow":"follow","max-snippet":"max-snippet:-1","max-image-preview":"max-image-preview:large","max-video-preview":"max-video-preview:-1"},"canonical":"https:\/\/www.visit-ulcinj.com\/blog\/2014\/12\/15\/karamanaga-sahat-kulla-ulcinja-iz-1754-god\/","og_locale":"en_US","og_type":"article","og_title":"Karamanaga: Sahat Kulla Ulcinja iz 1754 god. - Lajme nga Ulqini","og_description":"Nakon katastrofalnog zemljotresa 1979 god. Sat Kula je djelimi\u010dno renovirana. Ne\u0161to kasnije, osamdesetih godina pro\u0161log vijeka je jedna delegacija na\u0161ih","og_url":"https:\/\/www.visit-ulcinj.com\/blog\/2014\/12\/15\/karamanaga-sahat-kulla-ulcinja-iz-1754-god\/","og_site_name":"Lajme nga Ulqini","article_published_time":"2014-12-15T16:07:43+00:00","og_image":[{"url":"http:\/\/www.visit-ulcinj.com\/blog\/wp-content\/uploads\/2014\/12\/Sahat-Kulla-Ulcinj-.jpg"}],"twitter_misc":{"Written by":"ulqini","Est. reading time":"1 minute"},"schema":{"@context":"https:\/\/schema.org","@graph":[{"@type":"WebSite","@id":"https:\/\/www.visit-ulcinj.com\/blog\/#website","url":"https:\/\/www.visit-ulcinj.com\/blog\/","name":"Lajme nga Ulqini","description":"Lajme,Vijesti,Ulqini,Ulqin,Crna Gora,Mali i Zi","potentialAction":[{"@type":"SearchAction","target":{"@type":"EntryPoint","urlTemplate":"https:\/\/www.visit-ulcinj.com\/blog\/?s={search_term_string}"},"query-input":"required name=search_term_string"}],"inLanguage":"en-US"},{"@type":"ImageObject","inLanguage":"en-US","@id":"https:\/\/www.visit-ulcinj.com\/blog\/2014\/12\/15\/karamanaga-sahat-kulla-ulcinja-iz-1754-god\/#primaryimage","url":"https:\/\/www.visit-ulcinj.com\/blog\/wp-content\/uploads\/2014\/12\/Sahat-Kulla-Ulcinj-.jpg","contentUrl":"https:\/\/www.visit-ulcinj.com\/blog\/wp-content\/uploads\/2014\/12\/Sahat-Kulla-Ulcinj-.jpg","width":960,"height":720},{"@type":"WebPage","@id":"https:\/\/www.visit-ulcinj.com\/blog\/2014\/12\/15\/karamanaga-sahat-kulla-ulcinja-iz-1754-god\/#webpage","url":"https:\/\/www.visit-ulcinj.com\/blog\/2014\/12\/15\/karamanaga-sahat-kulla-ulcinja-iz-1754-god\/","name":"Karamanaga: Sahat Kulla Ulcinja iz 1754 god. - Lajme nga Ulqini","isPartOf":{"@id":"https:\/\/www.visit-ulcinj.com\/blog\/#website"},"primaryImageOfPage":{"@id":"https:\/\/www.visit-ulcinj.com\/blog\/2014\/12\/15\/karamanaga-sahat-kulla-ulcinja-iz-1754-god\/#primaryimage"},"datePublished":"2014-12-15T16:07:43+00:00","dateModified":"2014-12-15T16:07:43+00:00","author":{"@id":"https:\/\/www.visit-ulcinj.com\/blog\/#\/schema\/person\/dcab619c614d3038751c63bc2aadc06d"},"description":"Nakon katastrofalnog zemljotresa 1979 god. Sat Kula je djelimi\u010dno renovirana. Ne\u0161to kasnije, osamdesetih godina pro\u0161log vijeka je jedna delegacija na\u0161ih","breadcrumb":{"@id":"https:\/\/www.visit-ulcinj.com\/blog\/2014\/12\/15\/karamanaga-sahat-kulla-ulcinja-iz-1754-god\/#breadcrumb"},"inLanguage":"en-US","potentialAction":[{"@type":"ReadAction","target":["https:\/\/www.visit-ulcinj.com\/blog\/2014\/12\/15\/karamanaga-sahat-kulla-ulcinja-iz-1754-god\/"]}]},{"@type":"BreadcrumbList","@id":"https:\/\/www.visit-ulcinj.com\/blog\/2014\/12\/15\/karamanaga-sahat-kulla-ulcinja-iz-1754-god\/#breadcrumb","itemListElement":[{"@type":"ListItem","position":1,"name":"Karamanaga: Sahat Kulla Ulcinja iz 1754 god."}]},{"@type":"Person","@id":"https:\/\/www.visit-ulcinj.com\/blog\/#\/schema\/person\/dcab619c614d3038751c63bc2aadc06d","name":"ulqini","sameAs":["http:\/\/www.visit-ulcinj.com"],"url":"https:\/\/www.visit-ulcinj.com\/blog\/author\/admin\/"}]}},"jetpack_featured_media_url":"","jetpack_sharing_enabled":true,"jetpack_shortlink":"https:\/\/wp.me\/pe6lTn-mEa","_links":{"self":[{"href":"https:\/\/www.visit-ulcinj.com\/blog\/wp-json\/wp\/v2\/posts\/87058"}],"collection":[{"href":"https:\/\/www.visit-ulcinj.com\/blog\/wp-json\/wp\/v2\/posts"}],"about":[{"href":"https:\/\/www.visit-ulcinj.com\/blog\/wp-json\/wp\/v2\/types\/post"}],"author":[{"embeddable":true,"href":"https:\/\/www.visit-ulcinj.com\/blog\/wp-json\/wp\/v2\/users\/1"}],"replies":[{"embeddable":true,"href":"https:\/\/www.visit-ulcinj.com\/blog\/wp-json\/wp\/v2\/comments?post=87058"}],"version-history":[{"count":1,"href":"https:\/\/www.visit-ulcinj.com\/blog\/wp-json\/wp\/v2\/posts\/87058\/revisions"}],"predecessor-version":[{"id":87060,"href":"https:\/\/www.visit-ulcinj.com\/blog\/wp-json\/wp\/v2\/posts\/87058\/revisions\/87060"}],"wp:attachment":[{"href":"https:\/\/www.visit-ulcinj.com\/blog\/wp-json\/wp\/v2\/media?parent=87058"}],"wp:term":[{"taxonomy":"category","embeddable":true,"href":"https:\/\/www.visit-ulcinj.com\/blog\/wp-json\/wp\/v2\/categories?post=87058"},{"taxonomy":"post_tag","embeddable":true,"href":"https:\/\/www.visit-ulcinj.com\/blog\/wp-json\/wp\/v2\/tags?post=87058"}],"curies":[{"name":"wp","href":"https:\/\/api.w.org\/{rel}","templated":true}]}}