{"id":87063,"date":"2014-12-15T17:26:55","date_gmt":"2014-12-15T16:26:55","guid":{"rendered":"http:\/\/www.visit-ulcinj.com\/blog\/?p=87063"},"modified":"2014-12-15T17:26:55","modified_gmt":"2014-12-15T16:26:55","slug":"salaj-kurti-ne-mal-te-zi-duhet-platforma-politike","status":"publish","type":"post","link":"https:\/\/www.visit-ulcinj.com\/blog\/2014\/12\/15\/salaj-kurti-ne-mal-te-zi-duhet-platforma-politike\/","title":{"rendered":"Salaj &#038; Kurti:  Ne Mal te Zi duhet Platforma politike"},"content":{"rendered":"<p><a href=\"http:\/\/www.visit-ulcinj.com\/blog\/wp-content\/uploads\/2013\/06\/Xhelal-Svecla-Albin-Kurti-Ulqin.jpg\"><img loading=\"lazy\" class=\"alignleft wp-image-72773\" src=\"http:\/\/www.visit-ulcinj.com\/blog\/wp-content\/uploads\/2013\/06\/Xhelal-Svecla-Albin-Kurti-Ulqin.jpg\" alt=\"Xhelal Svecla-Albin-Kurti-Ulqin\" width=\"508\" height=\"310\" srcset=\"https:\/\/www.visit-ulcinj.com\/blog\/wp-content\/uploads\/2013\/06\/Xhelal-Svecla-Albin-Kurti-Ulqin.jpg 1024w, https:\/\/www.visit-ulcinj.com\/blog\/wp-content\/uploads\/2013\/06\/Xhelal-Svecla-Albin-Kurti-Ulqin-300x183.jpg 300w\" sizes=\"(max-width: 508px) 100vw, 508px\" \/><\/a>Derisa pakicat n\u00eb Kosov\u00eb kan\u00eb 4 ministra, nj\u00eb z\u00ebvend\u00ebs- kryeminist\u00ebr dhe 6 z\u00ebvend\u00ebs-ministra, shqiptar\u00ebt n\u00eb Lugin\u00eb t\u00eb Preshev\u00ebs dhe ata n\u00eb Mal t\u00eb Zi nuk kan\u00eb asnj\u00eb post institucional, thuhet n\u00eb nj\u00eb komunikat\u00eb p\u00ebr medie t\u00eb L\u00ebvizjes Vet\u00ebvendosje. \u201cMustafa dhe Tha\u00e7i serbeve n\u00eb Kosov\u00eb ua kan\u00eb plot\u00ebsuar k\u00ebto d\u00ebshira, p\u00ebrderisa shqiptar\u00ebt n\u00eb Lugin\u00eb dhe ata n\u00eb Mal t\u00eb Zi nuk e kan\u00eb aspak t\u00eb nj\u00ebjtin trajtim. Madje, n\u00eb t\u00eb nj\u00ebjtat pika ku serb\u00ebt n\u00eb Kosov\u00eb sipas k\u00ebsaj marr\u00ebveshje do t\u00eb trajtohen me kujdes t\u00eb ve\u00e7ant\u00eb, shqiptar\u00ebt n\u00eb k\u00ebto dy vende shtypen dhe trajtohen padrejt\u00ebsisht p\u00ebrdit\u00eb\u201d, raporton Portali TvTeuta.<\/p>\n<p><a href=\"http:\/\/www.visit-ulcinj.com\/blog\/wp-content\/uploads\/2014\/12\/Sabri-Salaj.jpg\"><img loading=\"lazy\" class=\"alignleft wp-image-87064\" src=\"http:\/\/www.visit-ulcinj.com\/blog\/wp-content\/uploads\/2014\/12\/Sabri-Salaj.jpg\" alt=\"Sabri-Salaj\" width=\"508\" height=\"381\" srcset=\"https:\/\/www.visit-ulcinj.com\/blog\/wp-content\/uploads\/2014\/12\/Sabri-Salaj.jpg 960w, https:\/\/www.visit-ulcinj.com\/blog\/wp-content\/uploads\/2014\/12\/Sabri-Salaj-300x225.jpg 300w\" sizes=\"(max-width: 508px) 100vw, 508px\" \/><\/a><\/p>\n<p>Poashtu Keshilltari I Forces se Re Demokratike Sabri Salaj, duke analizuar pushtetin e ri ne Kosove, \u00a0vlereson se pushteti tek shqiptar\u00ebt n\u00eb Mal t\u00eb Zi nuk mund t\u00eb zhduket m\u00eb unifikimin apo koalicionet e subjekteve shqiptare por m\u00eb krijimin e nj\u00eb platform\u00eb politike rreth s\u00eb cil\u00ebs duhet t\u00eb bashkohen shqiptar\u00ebt.Salaj thekson se Kosova \u00a0pakicave ju mundeson tretman te posacem, sidomos\u00a0 gjat\u00eb procesit t\u00eb privatizimit n\u00eb komunat me shumic\u00eb serbe, kthimin e t\u00eb zhvendosurve me garancion t\u00eb siguris\u00eb nga ana e qeveris\u00eb dhe kryeministrit si dhe kthimin\u00a0 dhe mbrojtjen e pron\u00ebs s\u00eb uzurpuar, derisa Pakica shqiptare autoktone n\u00eb Malin e Zi me 5%, e \u00e7\u2019orientuar politikisht, eshte \u00a0pa asnj\u00eb platform\u00eb dhe vizion, jasht\u00eb \u00e7do realiteti me koh\u00ebn n\u00eb t\u00eb cil\u00ebn jetojm\u00eb.<\/p>\n","protected":false},"excerpt":{"rendered":"<p>Derisa pakicat n\u00eb Kosov\u00eb kan\u00eb 4 ministra, nj\u00eb z\u00ebvend\u00ebs- kryeminist\u00ebr dhe 6 z\u00ebvend\u00ebs-ministra, shqiptar\u00ebt n\u00eb Lugin\u00eb t\u00eb Preshev\u00ebs dhe ata n\u00eb Mal t\u00eb Zi nuk kan\u00eb asnj\u00eb post institucional, thuhet n\u00eb nj\u00eb komunikat\u00eb p\u00ebr medie t\u00eb L\u00ebvizjes Vet\u00ebvendosje. \u201cMustafa dhe Tha\u00e7i serbeve n\u00eb Kosov\u00eb ua kan\u00eb plot\u00ebsuar k\u00ebto d\u00ebshira, p\u00ebrderisa shqiptar\u00ebt n\u00eb Lugin\u00eb dhe ata [&hellip;]<\/p>\n","protected":false},"author":1,"featured_media":0,"comment_status":"closed","ping_status":"closed","sticky":false,"template":"","format":"standard","meta":{"spay_email":"","jetpack_publicize_message":"","jetpack_is_tweetstorm":false,"jetpack_publicize_feature_enabled":true},"categories":[12],"tags":[],"jetpack_publicize_connections":[],"yoast_head":"<!-- This site is optimized with the Yoast SEO plugin v19.1 - https:\/\/yoast.com\/wordpress\/plugins\/seo\/ -->\n<title>Salaj &amp; Kurti: Ne Mal te Zi duhet Platforma politike - Lajme nga Ulqini<\/title>\n<meta name=\"description\" content=\"Derisa pakicat n\u00eb Kosov\u00eb kan\u00eb 4 ministra, nj\u00eb z\u00ebvend\u00ebs- kryeminist\u00ebr dhe 6 z\u00ebvend\u00ebs-ministra, shqiptar\u00ebt n\u00eb Lugin\u00eb t\u00eb Preshev\u00ebs dhe ata n\u00eb Mal t\u00eb Zi nuk\" \/>\n<meta name=\"robots\" content=\"index, follow, max-snippet:-1, max-image-preview:large, max-video-preview:-1\" \/>\n<link rel=\"canonical\" href=\"https:\/\/www.visit-ulcinj.com\/blog\/2014\/12\/15\/salaj-kurti-ne-mal-te-zi-duhet-platforma-politike\/\" \/>\n<meta property=\"og:locale\" content=\"en_US\" \/>\n<meta property=\"og:type\" content=\"article\" \/>\n<meta property=\"og:title\" content=\"Salaj &amp; Kurti: Ne Mal te Zi duhet Platforma politike - Lajme nga Ulqini\" \/>\n<meta property=\"og:description\" content=\"Derisa pakicat n\u00eb Kosov\u00eb kan\u00eb 4 ministra, nj\u00eb z\u00ebvend\u00ebs- kryeminist\u00ebr dhe 6 z\u00ebvend\u00ebs-ministra, shqiptar\u00ebt n\u00eb Lugin\u00eb t\u00eb Preshev\u00ebs dhe ata n\u00eb Mal t\u00eb Zi nuk\" \/>\n<meta property=\"og:url\" content=\"https:\/\/www.visit-ulcinj.com\/blog\/2014\/12\/15\/salaj-kurti-ne-mal-te-zi-duhet-platforma-politike\/\" \/>\n<meta property=\"og:site_name\" content=\"Lajme nga Ulqini\" \/>\n<meta property=\"article:published_time\" content=\"2014-12-15T16:26:55+00:00\" \/>\n<meta property=\"og:image\" content=\"http:\/\/www.visit-ulcinj.com\/blog\/wp-content\/uploads\/2013\/06\/Xhelal-Svecla-Albin-Kurti-Ulqin.jpg\" \/>\n<meta name=\"twitter:label1\" content=\"Written by\" \/>\n\t<meta name=\"twitter:data1\" content=\"ulqini\" \/>\n\t<meta name=\"twitter:label2\" content=\"Est. reading time\" \/>\n\t<meta name=\"twitter:data2\" content=\"1 minute\" \/>\n<script type=\"application\/ld+json\" class=\"yoast-schema-graph\">{\"@context\":\"https:\/\/schema.org\",\"@graph\":[{\"@type\":\"WebSite\",\"@id\":\"https:\/\/www.visit-ulcinj.com\/blog\/#website\",\"url\":\"https:\/\/www.visit-ulcinj.com\/blog\/\",\"name\":\"Lajme nga Ulqini\",\"description\":\"Lajme,Vijesti,Ulqini,Ulqin,Crna Gora,Mali i Zi\",\"potentialAction\":[{\"@type\":\"SearchAction\",\"target\":{\"@type\":\"EntryPoint\",\"urlTemplate\":\"https:\/\/www.visit-ulcinj.com\/blog\/?s={search_term_string}\"},\"query-input\":\"required name=search_term_string\"}],\"inLanguage\":\"en-US\"},{\"@type\":\"ImageObject\",\"inLanguage\":\"en-US\",\"@id\":\"https:\/\/www.visit-ulcinj.com\/blog\/2014\/12\/15\/salaj-kurti-ne-mal-te-zi-duhet-platforma-politike\/#primaryimage\",\"url\":\"https:\/\/www.visit-ulcinj.com\/blog\/wp-content\/uploads\/2013\/06\/Xhelal-Svecla-Albin-Kurti-Ulqin.jpg\",\"contentUrl\":\"https:\/\/www.visit-ulcinj.com\/blog\/wp-content\/uploads\/2013\/06\/Xhelal-Svecla-Albin-Kurti-Ulqin.jpg\",\"width\":1024,\"height\":625},{\"@type\":\"WebPage\",\"@id\":\"https:\/\/www.visit-ulcinj.com\/blog\/2014\/12\/15\/salaj-kurti-ne-mal-te-zi-duhet-platforma-politike\/#webpage\",\"url\":\"https:\/\/www.visit-ulcinj.com\/blog\/2014\/12\/15\/salaj-kurti-ne-mal-te-zi-duhet-platforma-politike\/\",\"name\":\"Salaj & Kurti: Ne Mal te Zi duhet Platforma politike - Lajme nga Ulqini\",\"isPartOf\":{\"@id\":\"https:\/\/www.visit-ulcinj.com\/blog\/#website\"},\"primaryImageOfPage\":{\"@id\":\"https:\/\/www.visit-ulcinj.com\/blog\/2014\/12\/15\/salaj-kurti-ne-mal-te-zi-duhet-platforma-politike\/#primaryimage\"},\"datePublished\":\"2014-12-15T16:26:55+00:00\",\"dateModified\":\"2014-12-15T16:26:55+00:00\",\"author\":{\"@id\":\"https:\/\/www.visit-ulcinj.com\/blog\/#\/schema\/person\/dcab619c614d3038751c63bc2aadc06d\"},\"description\":\"Derisa pakicat n\u00eb Kosov\u00eb kan\u00eb 4 ministra, nj\u00eb z\u00ebvend\u00ebs- kryeminist\u00ebr dhe 6 z\u00ebvend\u00ebs-ministra, shqiptar\u00ebt n\u00eb Lugin\u00eb t\u00eb Preshev\u00ebs dhe ata n\u00eb Mal t\u00eb Zi nuk\",\"breadcrumb\":{\"@id\":\"https:\/\/www.visit-ulcinj.com\/blog\/2014\/12\/15\/salaj-kurti-ne-mal-te-zi-duhet-platforma-politike\/#breadcrumb\"},\"inLanguage\":\"en-US\",\"potentialAction\":[{\"@type\":\"ReadAction\",\"target\":[\"https:\/\/www.visit-ulcinj.com\/blog\/2014\/12\/15\/salaj-kurti-ne-mal-te-zi-duhet-platforma-politike\/\"]}]},{\"@type\":\"BreadcrumbList\",\"@id\":\"https:\/\/www.visit-ulcinj.com\/blog\/2014\/12\/15\/salaj-kurti-ne-mal-te-zi-duhet-platforma-politike\/#breadcrumb\",\"itemListElement\":[{\"@type\":\"ListItem\",\"position\":1,\"name\":\"Salaj &#038; Kurti: Ne Mal te Zi duhet Platforma politike\"}]},{\"@type\":\"Person\",\"@id\":\"https:\/\/www.visit-ulcinj.com\/blog\/#\/schema\/person\/dcab619c614d3038751c63bc2aadc06d\",\"name\":\"ulqini\",\"sameAs\":[\"http:\/\/www.visit-ulcinj.com\"],\"url\":\"https:\/\/www.visit-ulcinj.com\/blog\/author\/admin\/\"}]}<\/script>\n<!-- \/ Yoast SEO plugin. -->","yoast_head_json":{"title":"Salaj & Kurti: Ne Mal te Zi duhet Platforma politike - Lajme nga Ulqini","description":"Derisa pakicat n\u00eb Kosov\u00eb kan\u00eb 4 ministra, nj\u00eb z\u00ebvend\u00ebs- kryeminist\u00ebr dhe 6 z\u00ebvend\u00ebs-ministra, shqiptar\u00ebt n\u00eb Lugin\u00eb t\u00eb Preshev\u00ebs dhe ata n\u00eb Mal t\u00eb Zi nuk","robots":{"index":"index","follow":"follow","max-snippet":"max-snippet:-1","max-image-preview":"max-image-preview:large","max-video-preview":"max-video-preview:-1"},"canonical":"https:\/\/www.visit-ulcinj.com\/blog\/2014\/12\/15\/salaj-kurti-ne-mal-te-zi-duhet-platforma-politike\/","og_locale":"en_US","og_type":"article","og_title":"Salaj & Kurti: Ne Mal te Zi duhet Platforma politike - Lajme nga Ulqini","og_description":"Derisa pakicat n\u00eb Kosov\u00eb kan\u00eb 4 ministra, nj\u00eb z\u00ebvend\u00ebs- kryeminist\u00ebr dhe 6 z\u00ebvend\u00ebs-ministra, shqiptar\u00ebt n\u00eb Lugin\u00eb t\u00eb Preshev\u00ebs dhe ata n\u00eb Mal t\u00eb Zi nuk","og_url":"https:\/\/www.visit-ulcinj.com\/blog\/2014\/12\/15\/salaj-kurti-ne-mal-te-zi-duhet-platforma-politike\/","og_site_name":"Lajme nga Ulqini","article_published_time":"2014-12-15T16:26:55+00:00","og_image":[{"url":"http:\/\/www.visit-ulcinj.com\/blog\/wp-content\/uploads\/2013\/06\/Xhelal-Svecla-Albin-Kurti-Ulqin.jpg"}],"twitter_misc":{"Written by":"ulqini","Est. reading time":"1 minute"},"schema":{"@context":"https:\/\/schema.org","@graph":[{"@type":"WebSite","@id":"https:\/\/www.visit-ulcinj.com\/blog\/#website","url":"https:\/\/www.visit-ulcinj.com\/blog\/","name":"Lajme nga Ulqini","description":"Lajme,Vijesti,Ulqini,Ulqin,Crna Gora,Mali i Zi","potentialAction":[{"@type":"SearchAction","target":{"@type":"EntryPoint","urlTemplate":"https:\/\/www.visit-ulcinj.com\/blog\/?s={search_term_string}"},"query-input":"required name=search_term_string"}],"inLanguage":"en-US"},{"@type":"ImageObject","inLanguage":"en-US","@id":"https:\/\/www.visit-ulcinj.com\/blog\/2014\/12\/15\/salaj-kurti-ne-mal-te-zi-duhet-platforma-politike\/#primaryimage","url":"https:\/\/www.visit-ulcinj.com\/blog\/wp-content\/uploads\/2013\/06\/Xhelal-Svecla-Albin-Kurti-Ulqin.jpg","contentUrl":"https:\/\/www.visit-ulcinj.com\/blog\/wp-content\/uploads\/2013\/06\/Xhelal-Svecla-Albin-Kurti-Ulqin.jpg","width":1024,"height":625},{"@type":"WebPage","@id":"https:\/\/www.visit-ulcinj.com\/blog\/2014\/12\/15\/salaj-kurti-ne-mal-te-zi-duhet-platforma-politike\/#webpage","url":"https:\/\/www.visit-ulcinj.com\/blog\/2014\/12\/15\/salaj-kurti-ne-mal-te-zi-duhet-platforma-politike\/","name":"Salaj & Kurti: Ne Mal te Zi duhet Platforma politike - Lajme nga Ulqini","isPartOf":{"@id":"https:\/\/www.visit-ulcinj.com\/blog\/#website"},"primaryImageOfPage":{"@id":"https:\/\/www.visit-ulcinj.com\/blog\/2014\/12\/15\/salaj-kurti-ne-mal-te-zi-duhet-platforma-politike\/#primaryimage"},"datePublished":"2014-12-15T16:26:55+00:00","dateModified":"2014-12-15T16:26:55+00:00","author":{"@id":"https:\/\/www.visit-ulcinj.com\/blog\/#\/schema\/person\/dcab619c614d3038751c63bc2aadc06d"},"description":"Derisa pakicat n\u00eb Kosov\u00eb kan\u00eb 4 ministra, nj\u00eb z\u00ebvend\u00ebs- kryeminist\u00ebr dhe 6 z\u00ebvend\u00ebs-ministra, shqiptar\u00ebt n\u00eb Lugin\u00eb t\u00eb Preshev\u00ebs dhe ata n\u00eb Mal t\u00eb Zi nuk","breadcrumb":{"@id":"https:\/\/www.visit-ulcinj.com\/blog\/2014\/12\/15\/salaj-kurti-ne-mal-te-zi-duhet-platforma-politike\/#breadcrumb"},"inLanguage":"en-US","potentialAction":[{"@type":"ReadAction","target":["https:\/\/www.visit-ulcinj.com\/blog\/2014\/12\/15\/salaj-kurti-ne-mal-te-zi-duhet-platforma-politike\/"]}]},{"@type":"BreadcrumbList","@id":"https:\/\/www.visit-ulcinj.com\/blog\/2014\/12\/15\/salaj-kurti-ne-mal-te-zi-duhet-platforma-politike\/#breadcrumb","itemListElement":[{"@type":"ListItem","position":1,"name":"Salaj &#038; Kurti: Ne Mal te Zi duhet Platforma politike"}]},{"@type":"Person","@id":"https:\/\/www.visit-ulcinj.com\/blog\/#\/schema\/person\/dcab619c614d3038751c63bc2aadc06d","name":"ulqini","sameAs":["http:\/\/www.visit-ulcinj.com"],"url":"https:\/\/www.visit-ulcinj.com\/blog\/author\/admin\/"}]}},"jetpack_featured_media_url":"","jetpack_sharing_enabled":true,"jetpack_shortlink":"https:\/\/wp.me\/pe6lTn-mEf","_links":{"self":[{"href":"https:\/\/www.visit-ulcinj.com\/blog\/wp-json\/wp\/v2\/posts\/87063"}],"collection":[{"href":"https:\/\/www.visit-ulcinj.com\/blog\/wp-json\/wp\/v2\/posts"}],"about":[{"href":"https:\/\/www.visit-ulcinj.com\/blog\/wp-json\/wp\/v2\/types\/post"}],"author":[{"embeddable":true,"href":"https:\/\/www.visit-ulcinj.com\/blog\/wp-json\/wp\/v2\/users\/1"}],"replies":[{"embeddable":true,"href":"https:\/\/www.visit-ulcinj.com\/blog\/wp-json\/wp\/v2\/comments?post=87063"}],"version-history":[{"count":1,"href":"https:\/\/www.visit-ulcinj.com\/blog\/wp-json\/wp\/v2\/posts\/87063\/revisions"}],"predecessor-version":[{"id":87065,"href":"https:\/\/www.visit-ulcinj.com\/blog\/wp-json\/wp\/v2\/posts\/87063\/revisions\/87065"}],"wp:attachment":[{"href":"https:\/\/www.visit-ulcinj.com\/blog\/wp-json\/wp\/v2\/media?parent=87063"}],"wp:term":[{"taxonomy":"category","embeddable":true,"href":"https:\/\/www.visit-ulcinj.com\/blog\/wp-json\/wp\/v2\/categories?post=87063"},{"taxonomy":"post_tag","embeddable":true,"href":"https:\/\/www.visit-ulcinj.com\/blog\/wp-json\/wp\/v2\/tags?post=87063"}],"curies":[{"name":"wp","href":"https:\/\/api.w.org\/{rel}","templated":true}]}}