{"id":87066,"date":"2014-12-15T17:34:46","date_gmt":"2014-12-15T16:34:46","guid":{"rendered":"http:\/\/www.visit-ulcinj.com\/blog\/?p=87066"},"modified":"2014-12-15T17:34:46","modified_gmt":"2014-12-15T16:34:46","slug":"pse-nuk-respektohet-pronesia-e-tokes-ne-ulqin","status":"publish","type":"post","link":"https:\/\/www.visit-ulcinj.com\/blog\/2014\/12\/15\/pse-nuk-respektohet-pronesia-e-tokes-ne-ulqin\/","title":{"rendered":"Pse nuk respektohet pron\u00ebsia e tok\u00ebs n\u00eb Ulqin"},"content":{"rendered":"<p><a href=\"http:\/\/www.visit-ulcinj.com\/blog\/wp-content\/uploads\/2014\/12\/Anto-Rudovic-ulcinj.jpg\"><img loading=\"lazy\" class=\"alignleft wp-image-86876 size-full\" src=\"http:\/\/www.visit-ulcinj.com\/blog\/wp-content\/uploads\/2014\/12\/Anto-Rudovic-ulcinj.jpg\" alt=\"Anto Rudovic-ulcinj\" width=\"508\" height=\"472\" srcset=\"https:\/\/www.visit-ulcinj.com\/blog\/wp-content\/uploads\/2014\/12\/Anto-Rudovic-ulcinj.jpg 508w, https:\/\/www.visit-ulcinj.com\/blog\/wp-content\/uploads\/2014\/12\/Anto-Rudovic-ulcinj-300x278.jpg 300w\" sizes=\"(max-width: 508px) 100vw, 508px\" \/><\/a>N\u00ebnshkrimi i marrveshjes p\u00ebr akua parkun do t\u00eb realizohet t\u00eb marten me 16 dhjetor raporton Portali TvTeuta.<\/p>\n<p>Kompania turke Polin e cila ka marrur me qira sip\u00ebrfaqen prej 25 000 e gjysm\u00eb metra katror n\u00eb prapavin e plazhit t\u00eb madh, ka kumtuar se nd\u00ebrtimi i k\u00ebtij parku do t\u00eb filloj menj\u00ebher\u00eb p\u00ebr t\u00eb qen\u00eb gati ver\u00ebn e ardhshme. Pronari i tok\u00ebs ku do t\u00eb nd\u00ebrtohet akua parku Anton Rudoviq t\u00eb cilit pronesia i \u00ebsht\u00eb njohur dy her\u00eb, do t\u00eb vazhdoj\u00eb luft\u00ebn p\u00ebr t\u00eb drejtat e tij ligjore dhe kushtetutare. Me nenshkrimin e marreveshtjes, nenkuptohet qe te drejtat pronesore nuk do te respektohen, madje do te jepen per pak mjete, fjala eshte per 30 mije euro ne vit, sepse kjo ndermarrje do te lirohet edhe ng obligimet e pagesave komunale.<\/p>\n","protected":false},"excerpt":{"rendered":"<p>N\u00ebnshkrimi i marrveshjes p\u00ebr akua parkun do t\u00eb realizohet t\u00eb marten me 16 dhjetor raporton Portali TvTeuta. Kompania turke Polin e cila ka marrur me qira sip\u00ebrfaqen prej 25 000 e gjysm\u00eb metra katror n\u00eb prapavin e plazhit t\u00eb madh, ka kumtuar se nd\u00ebrtimi i k\u00ebtij parku do t\u00eb filloj menj\u00ebher\u00eb p\u00ebr t\u00eb qen\u00eb gati [&hellip;]<\/p>\n","protected":false},"author":1,"featured_media":0,"comment_status":"closed","ping_status":"closed","sticky":false,"template":"","format":"standard","meta":{"spay_email":"","jetpack_publicize_message":"","jetpack_is_tweetstorm":false,"jetpack_publicize_feature_enabled":true},"categories":[13],"tags":[],"jetpack_publicize_connections":[],"yoast_head":"<!-- This site is optimized with the Yoast SEO plugin v19.1 - https:\/\/yoast.com\/wordpress\/plugins\/seo\/ -->\n<title>Pse nuk respektohet pron\u00ebsia e tok\u00ebs n\u00eb Ulqin - Lajme nga Ulqini<\/title>\n<meta name=\"description\" content=\"N\u00ebnshkrimi i marrveshjes p\u00ebr akua parkun do t\u00eb realizohet t\u00eb marten me 16 dhjetor raporton Portali TvTeuta. Kompania turke Polin e cila ka marrur me qira\" \/>\n<meta name=\"robots\" content=\"index, follow, max-snippet:-1, max-image-preview:large, max-video-preview:-1\" \/>\n<link rel=\"canonical\" href=\"https:\/\/www.visit-ulcinj.com\/blog\/2014\/12\/15\/pse-nuk-respektohet-pronesia-e-tokes-ne-ulqin\/\" \/>\n<meta property=\"og:locale\" content=\"en_US\" \/>\n<meta property=\"og:type\" content=\"article\" \/>\n<meta property=\"og:title\" content=\"Pse nuk respektohet pron\u00ebsia e tok\u00ebs n\u00eb Ulqin - Lajme nga Ulqini\" \/>\n<meta property=\"og:description\" content=\"N\u00ebnshkrimi i marrveshjes p\u00ebr akua parkun do t\u00eb realizohet t\u00eb marten me 16 dhjetor raporton Portali TvTeuta. Kompania turke Polin e cila ka marrur me qira\" \/>\n<meta property=\"og:url\" content=\"https:\/\/www.visit-ulcinj.com\/blog\/2014\/12\/15\/pse-nuk-respektohet-pronesia-e-tokes-ne-ulqin\/\" \/>\n<meta property=\"og:site_name\" content=\"Lajme nga Ulqini\" \/>\n<meta property=\"article:published_time\" content=\"2014-12-15T16:34:46+00:00\" \/>\n<meta property=\"og:image\" content=\"http:\/\/www.visit-ulcinj.com\/blog\/wp-content\/uploads\/2014\/12\/Anto-Rudovic-ulcinj.jpg\" \/>\n<meta name=\"twitter:label1\" content=\"Written by\" \/>\n\t<meta name=\"twitter:data1\" content=\"ulqini\" \/>\n\t<meta name=\"twitter:label2\" content=\"Est. reading time\" \/>\n\t<meta name=\"twitter:data2\" content=\"1 minute\" \/>\n<script type=\"application\/ld+json\" class=\"yoast-schema-graph\">{\"@context\":\"https:\/\/schema.org\",\"@graph\":[{\"@type\":\"WebSite\",\"@id\":\"https:\/\/www.visit-ulcinj.com\/blog\/#website\",\"url\":\"https:\/\/www.visit-ulcinj.com\/blog\/\",\"name\":\"Lajme nga Ulqini\",\"description\":\"Lajme,Vijesti,Ulqini,Ulqin,Crna Gora,Mali i Zi\",\"potentialAction\":[{\"@type\":\"SearchAction\",\"target\":{\"@type\":\"EntryPoint\",\"urlTemplate\":\"https:\/\/www.visit-ulcinj.com\/blog\/?s={search_term_string}\"},\"query-input\":\"required name=search_term_string\"}],\"inLanguage\":\"en-US\"},{\"@type\":\"ImageObject\",\"inLanguage\":\"en-US\",\"@id\":\"https:\/\/www.visit-ulcinj.com\/blog\/2014\/12\/15\/pse-nuk-respektohet-pronesia-e-tokes-ne-ulqin\/#primaryimage\",\"url\":\"https:\/\/www.visit-ulcinj.com\/blog\/wp-content\/uploads\/2014\/12\/Anto-Rudovic-ulcinj.jpg\",\"contentUrl\":\"https:\/\/www.visit-ulcinj.com\/blog\/wp-content\/uploads\/2014\/12\/Anto-Rudovic-ulcinj.jpg\",\"width\":508,\"height\":472},{\"@type\":\"WebPage\",\"@id\":\"https:\/\/www.visit-ulcinj.com\/blog\/2014\/12\/15\/pse-nuk-respektohet-pronesia-e-tokes-ne-ulqin\/#webpage\",\"url\":\"https:\/\/www.visit-ulcinj.com\/blog\/2014\/12\/15\/pse-nuk-respektohet-pronesia-e-tokes-ne-ulqin\/\",\"name\":\"Pse nuk respektohet pron\u00ebsia e tok\u00ebs n\u00eb Ulqin - Lajme nga Ulqini\",\"isPartOf\":{\"@id\":\"https:\/\/www.visit-ulcinj.com\/blog\/#website\"},\"primaryImageOfPage\":{\"@id\":\"https:\/\/www.visit-ulcinj.com\/blog\/2014\/12\/15\/pse-nuk-respektohet-pronesia-e-tokes-ne-ulqin\/#primaryimage\"},\"datePublished\":\"2014-12-15T16:34:46+00:00\",\"dateModified\":\"2014-12-15T16:34:46+00:00\",\"author\":{\"@id\":\"https:\/\/www.visit-ulcinj.com\/blog\/#\/schema\/person\/dcab619c614d3038751c63bc2aadc06d\"},\"description\":\"N\u00ebnshkrimi i marrveshjes p\u00ebr akua parkun do t\u00eb realizohet t\u00eb marten me 16 dhjetor raporton Portali TvTeuta. Kompania turke Polin e cila ka marrur me qira\",\"breadcrumb\":{\"@id\":\"https:\/\/www.visit-ulcinj.com\/blog\/2014\/12\/15\/pse-nuk-respektohet-pronesia-e-tokes-ne-ulqin\/#breadcrumb\"},\"inLanguage\":\"en-US\",\"potentialAction\":[{\"@type\":\"ReadAction\",\"target\":[\"https:\/\/www.visit-ulcinj.com\/blog\/2014\/12\/15\/pse-nuk-respektohet-pronesia-e-tokes-ne-ulqin\/\"]}]},{\"@type\":\"BreadcrumbList\",\"@id\":\"https:\/\/www.visit-ulcinj.com\/blog\/2014\/12\/15\/pse-nuk-respektohet-pronesia-e-tokes-ne-ulqin\/#breadcrumb\",\"itemListElement\":[{\"@type\":\"ListItem\",\"position\":1,\"name\":\"Pse nuk respektohet pron\u00ebsia e tok\u00ebs n\u00eb Ulqin\"}]},{\"@type\":\"Person\",\"@id\":\"https:\/\/www.visit-ulcinj.com\/blog\/#\/schema\/person\/dcab619c614d3038751c63bc2aadc06d\",\"name\":\"ulqini\",\"sameAs\":[\"http:\/\/www.visit-ulcinj.com\"],\"url\":\"https:\/\/www.visit-ulcinj.com\/blog\/author\/admin\/\"}]}<\/script>\n<!-- \/ Yoast SEO plugin. -->","yoast_head_json":{"title":"Pse nuk respektohet pron\u00ebsia e tok\u00ebs n\u00eb Ulqin - Lajme nga Ulqini","description":"N\u00ebnshkrimi i marrveshjes p\u00ebr akua parkun do t\u00eb realizohet t\u00eb marten me 16 dhjetor raporton Portali TvTeuta. Kompania turke Polin e cila ka marrur me qira","robots":{"index":"index","follow":"follow","max-snippet":"max-snippet:-1","max-image-preview":"max-image-preview:large","max-video-preview":"max-video-preview:-1"},"canonical":"https:\/\/www.visit-ulcinj.com\/blog\/2014\/12\/15\/pse-nuk-respektohet-pronesia-e-tokes-ne-ulqin\/","og_locale":"en_US","og_type":"article","og_title":"Pse nuk respektohet pron\u00ebsia e tok\u00ebs n\u00eb Ulqin - Lajme nga Ulqini","og_description":"N\u00ebnshkrimi i marrveshjes p\u00ebr akua parkun do t\u00eb realizohet t\u00eb marten me 16 dhjetor raporton Portali TvTeuta. Kompania turke Polin e cila ka marrur me qira","og_url":"https:\/\/www.visit-ulcinj.com\/blog\/2014\/12\/15\/pse-nuk-respektohet-pronesia-e-tokes-ne-ulqin\/","og_site_name":"Lajme nga Ulqini","article_published_time":"2014-12-15T16:34:46+00:00","og_image":[{"url":"http:\/\/www.visit-ulcinj.com\/blog\/wp-content\/uploads\/2014\/12\/Anto-Rudovic-ulcinj.jpg"}],"twitter_misc":{"Written by":"ulqini","Est. reading time":"1 minute"},"schema":{"@context":"https:\/\/schema.org","@graph":[{"@type":"WebSite","@id":"https:\/\/www.visit-ulcinj.com\/blog\/#website","url":"https:\/\/www.visit-ulcinj.com\/blog\/","name":"Lajme nga Ulqini","description":"Lajme,Vijesti,Ulqini,Ulqin,Crna Gora,Mali i Zi","potentialAction":[{"@type":"SearchAction","target":{"@type":"EntryPoint","urlTemplate":"https:\/\/www.visit-ulcinj.com\/blog\/?s={search_term_string}"},"query-input":"required name=search_term_string"}],"inLanguage":"en-US"},{"@type":"ImageObject","inLanguage":"en-US","@id":"https:\/\/www.visit-ulcinj.com\/blog\/2014\/12\/15\/pse-nuk-respektohet-pronesia-e-tokes-ne-ulqin\/#primaryimage","url":"https:\/\/www.visit-ulcinj.com\/blog\/wp-content\/uploads\/2014\/12\/Anto-Rudovic-ulcinj.jpg","contentUrl":"https:\/\/www.visit-ulcinj.com\/blog\/wp-content\/uploads\/2014\/12\/Anto-Rudovic-ulcinj.jpg","width":508,"height":472},{"@type":"WebPage","@id":"https:\/\/www.visit-ulcinj.com\/blog\/2014\/12\/15\/pse-nuk-respektohet-pronesia-e-tokes-ne-ulqin\/#webpage","url":"https:\/\/www.visit-ulcinj.com\/blog\/2014\/12\/15\/pse-nuk-respektohet-pronesia-e-tokes-ne-ulqin\/","name":"Pse nuk respektohet pron\u00ebsia e tok\u00ebs n\u00eb Ulqin - Lajme nga Ulqini","isPartOf":{"@id":"https:\/\/www.visit-ulcinj.com\/blog\/#website"},"primaryImageOfPage":{"@id":"https:\/\/www.visit-ulcinj.com\/blog\/2014\/12\/15\/pse-nuk-respektohet-pronesia-e-tokes-ne-ulqin\/#primaryimage"},"datePublished":"2014-12-15T16:34:46+00:00","dateModified":"2014-12-15T16:34:46+00:00","author":{"@id":"https:\/\/www.visit-ulcinj.com\/blog\/#\/schema\/person\/dcab619c614d3038751c63bc2aadc06d"},"description":"N\u00ebnshkrimi i marrveshjes p\u00ebr akua parkun do t\u00eb realizohet t\u00eb marten me 16 dhjetor raporton Portali TvTeuta. Kompania turke Polin e cila ka marrur me qira","breadcrumb":{"@id":"https:\/\/www.visit-ulcinj.com\/blog\/2014\/12\/15\/pse-nuk-respektohet-pronesia-e-tokes-ne-ulqin\/#breadcrumb"},"inLanguage":"en-US","potentialAction":[{"@type":"ReadAction","target":["https:\/\/www.visit-ulcinj.com\/blog\/2014\/12\/15\/pse-nuk-respektohet-pronesia-e-tokes-ne-ulqin\/"]}]},{"@type":"BreadcrumbList","@id":"https:\/\/www.visit-ulcinj.com\/blog\/2014\/12\/15\/pse-nuk-respektohet-pronesia-e-tokes-ne-ulqin\/#breadcrumb","itemListElement":[{"@type":"ListItem","position":1,"name":"Pse nuk respektohet pron\u00ebsia e tok\u00ebs n\u00eb Ulqin"}]},{"@type":"Person","@id":"https:\/\/www.visit-ulcinj.com\/blog\/#\/schema\/person\/dcab619c614d3038751c63bc2aadc06d","name":"ulqini","sameAs":["http:\/\/www.visit-ulcinj.com"],"url":"https:\/\/www.visit-ulcinj.com\/blog\/author\/admin\/"}]}},"jetpack_featured_media_url":"","jetpack_sharing_enabled":true,"jetpack_shortlink":"https:\/\/wp.me\/pe6lTn-mEi","_links":{"self":[{"href":"https:\/\/www.visit-ulcinj.com\/blog\/wp-json\/wp\/v2\/posts\/87066"}],"collection":[{"href":"https:\/\/www.visit-ulcinj.com\/blog\/wp-json\/wp\/v2\/posts"}],"about":[{"href":"https:\/\/www.visit-ulcinj.com\/blog\/wp-json\/wp\/v2\/types\/post"}],"author":[{"embeddable":true,"href":"https:\/\/www.visit-ulcinj.com\/blog\/wp-json\/wp\/v2\/users\/1"}],"replies":[{"embeddable":true,"href":"https:\/\/www.visit-ulcinj.com\/blog\/wp-json\/wp\/v2\/comments?post=87066"}],"version-history":[{"count":1,"href":"https:\/\/www.visit-ulcinj.com\/blog\/wp-json\/wp\/v2\/posts\/87066\/revisions"}],"predecessor-version":[{"id":87067,"href":"https:\/\/www.visit-ulcinj.com\/blog\/wp-json\/wp\/v2\/posts\/87066\/revisions\/87067"}],"wp:attachment":[{"href":"https:\/\/www.visit-ulcinj.com\/blog\/wp-json\/wp\/v2\/media?parent=87066"}],"wp:term":[{"taxonomy":"category","embeddable":true,"href":"https:\/\/www.visit-ulcinj.com\/blog\/wp-json\/wp\/v2\/categories?post=87066"},{"taxonomy":"post_tag","embeddable":true,"href":"https:\/\/www.visit-ulcinj.com\/blog\/wp-json\/wp\/v2\/tags?post=87066"}],"curies":[{"name":"wp","href":"https:\/\/api.w.org\/{rel}","templated":true}]}}