{"id":87074,"date":"2014-12-15T17:52:39","date_gmt":"2014-12-15T16:52:39","guid":{"rendered":"http:\/\/www.visit-ulcinj.com\/blog\/?p=87074"},"modified":"2014-12-16T16:15:23","modified_gmt":"2014-12-16T15:15:23","slug":"sot-u-shenua-70-vjetori-clirimit-te-tuzit","status":"publish","type":"post","link":"https:\/\/www.visit-ulcinj.com\/blog\/2014\/12\/15\/sot-u-shenua-70-vjetori-clirimit-te-tuzit\/","title":{"rendered":"Sot u sh\u00ebnua 70 vjetori i \u00e7lirimit t\u00eb Tuzit"},"content":{"rendered":"<p><a href=\"http:\/\/www.visit-ulcinj.com\/blog\/wp-content\/uploads\/2014\/12\/Komuna-Urbane-Tuzi.jpg\"><img loading=\"lazy\" class=\"alignleft wp-image-87075\" src=\"http:\/\/www.visit-ulcinj.com\/blog\/wp-content\/uploads\/2014\/12\/Komuna-Urbane-Tuzi.jpg\" alt=\"Komuna-Urbane-Tuzi\" width=\"508\" height=\"377\" srcset=\"https:\/\/www.visit-ulcinj.com\/blog\/wp-content\/uploads\/2014\/12\/Komuna-Urbane-Tuzi.jpg 407w, https:\/\/www.visit-ulcinj.com\/blog\/wp-content\/uploads\/2014\/12\/Komuna-Urbane-Tuzi-300x222.jpg 300w\" sizes=\"(max-width: 508px) 100vw, 508px\" \/><\/a>Me nj\u00eb manifestim \u00a0t\u00eb rastit sot n\u00eb QIK\u00a0 Mal\u00ebsia\u00a0 u sh\u00ebnua dita e KU\u00a0 t\u00eb Tuzit me \u00e7,rast u ndan\u00eb edhe \u00e7mimet e k\u00ebsaj KU. \u00c7mimet iu ndan\u00eb \u00a0SHKA\u00a0 Besa nga Trieshi, p\u00ebr kontributin kulturor dhe Vlladan Vu\u00e7eliq\u00a0 p\u00ebr angazhim n\u00eb zgjidhjen e problemeve komunale . Juria\u00a0 t\u00eb cilin e kryesoi\u00a0 Mark Camaj\u00a0 solli vendimin p\u00ebr ndarjen e k\u00ebtyre \u00e7mimeve,\u00a0 kurse ato sot ua dor\u00ebzoi kryetari i KU t\u00eb Tuizit \u00a0Abedin Axhoviq. \u00a0Kryetari i Komun\u00ebs \u00a0Abedin Axhoviq n\u00eb fjal\u00ebn p\u00ebrsh\u00ebndet\u00ebse p\u00ebrkujtoi se p\u00ebr kohen q\u00eb lidhet ky jubile nuk mund ti mohohet r\u00ebnd\u00ebsia, derisa r\u00ebnd\u00ebsia e fitores\u00a0 ndaj fashizmit nuk mund t\u00eb harrohet. Pik\u00ebrisht nga k\u00ebto shkaqe koha n\u00eb t\u00eb cil\u00ebn jetojm\u00eb dhe ajo q\u00eb \u00ebsht\u00eb para nesh k\u00ebrkon \u00a0q\u00eb ky jubile t\u00eb sh\u00ebnohet n\u00eb m\u00ebnyr\u00eb \u00a0q\u00eb t\u00eb lidh\u00eb historin\u00eb e vendit p\u00ebrmes vlerave universale pa paragjykime ideologjike, nacionale etj. Ai, p\u00ebrkujtoi \u00a0edhe disa\u00a0 investime t\u00eb cilat u realizuan n\u00eb kohen e mandatit t\u00eb tij, nd\u00ebrsa foli edhe p\u00ebr projektet nd\u00ebrkufitare \u00a0dhe ato nd\u00ebrkomb\u00ebtare n\u00eb t\u00eb cilat ka aplikuar kjo komun\u00eb urbane. Me rastin e Dit\u00ebs s\u00eb \u00e7lirimit t\u00eb Tuzit kryetarit t\u00eb Komun\u00ebs dhe kryetarit t\u00eb Kuvendit Fadil Kajoshoj si dhe t\u00eb gjith\u00eb qytetar\u00ebve telegram urimi u d\u00ebrguan presidenti i Malit t\u00eb Zi Filip Vujanoviq dhe kryeministri \u00a0Millo Gjukanoviq. N\u00eb k\u00ebt\u00eb manifestim\u00a0 krahas k\u00ebshilltar\u00ebve t\u00eb KU \u00a0mor\u00ebn pjes\u00eb edhe \u00a0p\u00ebrfaq\u00ebsuesit e kryeqytetit n\u00eb krye me kryetarin Sllavolub Stjepoviq, pastaj ambasadori i Shqip\u00ebris\u00eb n\u00eb Mal t\u00eb Zi Ernal Filo , ambasadori i Turqis\u00eb, p\u00ebrfaq\u00ebsuesit e ambasad\u00ebs amerikane dhe mysafir\u00eb t\u00eb shumt\u00eb. N\u00eb fund t\u00eb manifestimit u organizua edhe nj\u00eb program kulturo zbativ\u00ebts ku mor\u00ebn pjes\u00eb Shtjef\u00ebn Ujkaj , Amella Frlu\u00e7kiq dhe ansambli i f\u00ebmij\u00ebve i shoq\u00ebris\u00eb kulturo artistike Ramadan Sharkiq.<\/p>\n<p><strong>TVCG<\/strong><\/p>\n","protected":false},"excerpt":{"rendered":"<p>Me nj\u00eb manifestim \u00a0t\u00eb rastit sot n\u00eb QIK\u00a0 Mal\u00ebsia\u00a0 u sh\u00ebnua dita e KU\u00a0 t\u00eb Tuzit me \u00e7,rast u ndan\u00eb edhe \u00e7mimet e k\u00ebsaj KU. \u00c7mimet iu ndan\u00eb \u00a0SHKA\u00a0 Besa nga Trieshi, p\u00ebr kontributin kulturor dhe Vlladan Vu\u00e7eliq\u00a0 p\u00ebr angazhim n\u00eb zgjidhjen e problemeve komunale . Juria\u00a0 t\u00eb cilin e kryesoi\u00a0 Mark Camaj\u00a0 solli vendimin [&hellip;]<\/p>\n","protected":false},"author":1,"featured_media":0,"comment_status":"closed","ping_status":"closed","sticky":false,"template":"","format":"standard","meta":{"spay_email":"","jetpack_publicize_message":"","jetpack_is_tweetstorm":false,"jetpack_publicize_feature_enabled":true},"categories":[6950],"tags":[],"jetpack_publicize_connections":[],"yoast_head":"<!-- This site is optimized with the Yoast SEO plugin v19.1 - https:\/\/yoast.com\/wordpress\/plugins\/seo\/ -->\n<title>Sot u sh\u00ebnua 70 vjetori i \u00e7lirimit t\u00eb Tuzit - Lajme nga Ulqini<\/title>\n<meta name=\"description\" content=\"Me nj\u00eb manifestim \u00a0t\u00eb rastit sot n\u00eb QIK\u00a0 Mal\u00ebsia\u00a0 u sh\u00ebnua dita e KU\u00a0 t\u00eb Tuzit me \u00e7,rast u ndan\u00eb edhe \u00e7mimet e k\u00ebsaj KU. \u00c7mimet iu ndan\u00eb \u00a0SHKA\u00a0 Besa nga\" \/>\n<meta name=\"robots\" content=\"index, follow, max-snippet:-1, max-image-preview:large, max-video-preview:-1\" \/>\n<link rel=\"canonical\" href=\"https:\/\/www.visit-ulcinj.com\/blog\/2014\/12\/15\/sot-u-shenua-70-vjetori-clirimit-te-tuzit\/\" \/>\n<meta property=\"og:locale\" content=\"en_US\" \/>\n<meta property=\"og:type\" content=\"article\" \/>\n<meta property=\"og:title\" content=\"Sot u sh\u00ebnua 70 vjetori i \u00e7lirimit t\u00eb Tuzit - Lajme nga Ulqini\" \/>\n<meta property=\"og:description\" content=\"Me nj\u00eb manifestim \u00a0t\u00eb rastit sot n\u00eb QIK\u00a0 Mal\u00ebsia\u00a0 u sh\u00ebnua dita e KU\u00a0 t\u00eb Tuzit me \u00e7,rast u ndan\u00eb edhe \u00e7mimet e k\u00ebsaj KU. \u00c7mimet iu ndan\u00eb \u00a0SHKA\u00a0 Besa nga\" \/>\n<meta property=\"og:url\" content=\"https:\/\/www.visit-ulcinj.com\/blog\/2014\/12\/15\/sot-u-shenua-70-vjetori-clirimit-te-tuzit\/\" \/>\n<meta property=\"og:site_name\" content=\"Lajme nga Ulqini\" \/>\n<meta property=\"article:published_time\" content=\"2014-12-15T16:52:39+00:00\" \/>\n<meta property=\"article:modified_time\" content=\"2014-12-16T15:15:23+00:00\" \/>\n<meta property=\"og:image\" content=\"http:\/\/www.visit-ulcinj.com\/blog\/wp-content\/uploads\/2014\/12\/Komuna-Urbane-Tuzi.jpg\" \/>\n<meta name=\"twitter:label1\" content=\"Written by\" \/>\n\t<meta name=\"twitter:data1\" content=\"ulqini\" \/>\n\t<meta name=\"twitter:label2\" content=\"Est. reading time\" \/>\n\t<meta name=\"twitter:data2\" content=\"2 minutes\" \/>\n<script type=\"application\/ld+json\" class=\"yoast-schema-graph\">{\"@context\":\"https:\/\/schema.org\",\"@graph\":[{\"@type\":\"WebSite\",\"@id\":\"https:\/\/www.visit-ulcinj.com\/blog\/#website\",\"url\":\"https:\/\/www.visit-ulcinj.com\/blog\/\",\"name\":\"Lajme nga Ulqini\",\"description\":\"Lajme,Vijesti,Ulqini,Ulqin,Crna Gora,Mali i Zi\",\"potentialAction\":[{\"@type\":\"SearchAction\",\"target\":{\"@type\":\"EntryPoint\",\"urlTemplate\":\"https:\/\/www.visit-ulcinj.com\/blog\/?s={search_term_string}\"},\"query-input\":\"required name=search_term_string\"}],\"inLanguage\":\"en-US\"},{\"@type\":\"ImageObject\",\"inLanguage\":\"en-US\",\"@id\":\"https:\/\/www.visit-ulcinj.com\/blog\/2014\/12\/15\/sot-u-shenua-70-vjetori-clirimit-te-tuzit\/#primaryimage\",\"url\":\"https:\/\/www.visit-ulcinj.com\/blog\/wp-content\/uploads\/2014\/12\/Komuna-Urbane-Tuzi.jpg\",\"contentUrl\":\"https:\/\/www.visit-ulcinj.com\/blog\/wp-content\/uploads\/2014\/12\/Komuna-Urbane-Tuzi.jpg\",\"width\":407,\"height\":302},{\"@type\":\"WebPage\",\"@id\":\"https:\/\/www.visit-ulcinj.com\/blog\/2014\/12\/15\/sot-u-shenua-70-vjetori-clirimit-te-tuzit\/#webpage\",\"url\":\"https:\/\/www.visit-ulcinj.com\/blog\/2014\/12\/15\/sot-u-shenua-70-vjetori-clirimit-te-tuzit\/\",\"name\":\"Sot u sh\u00ebnua 70 vjetori i \u00e7lirimit t\u00eb Tuzit - Lajme nga Ulqini\",\"isPartOf\":{\"@id\":\"https:\/\/www.visit-ulcinj.com\/blog\/#website\"},\"primaryImageOfPage\":{\"@id\":\"https:\/\/www.visit-ulcinj.com\/blog\/2014\/12\/15\/sot-u-shenua-70-vjetori-clirimit-te-tuzit\/#primaryimage\"},\"datePublished\":\"2014-12-15T16:52:39+00:00\",\"dateModified\":\"2014-12-16T15:15:23+00:00\",\"author\":{\"@id\":\"https:\/\/www.visit-ulcinj.com\/blog\/#\/schema\/person\/dcab619c614d3038751c63bc2aadc06d\"},\"description\":\"Me nj\u00eb manifestim \u00a0t\u00eb rastit sot n\u00eb QIK\u00a0 Mal\u00ebsia\u00a0 u sh\u00ebnua dita e KU\u00a0 t\u00eb Tuzit me \u00e7,rast u ndan\u00eb edhe \u00e7mimet e k\u00ebsaj KU. \u00c7mimet iu ndan\u00eb \u00a0SHKA\u00a0 Besa nga\",\"breadcrumb\":{\"@id\":\"https:\/\/www.visit-ulcinj.com\/blog\/2014\/12\/15\/sot-u-shenua-70-vjetori-clirimit-te-tuzit\/#breadcrumb\"},\"inLanguage\":\"en-US\",\"potentialAction\":[{\"@type\":\"ReadAction\",\"target\":[\"https:\/\/www.visit-ulcinj.com\/blog\/2014\/12\/15\/sot-u-shenua-70-vjetori-clirimit-te-tuzit\/\"]}]},{\"@type\":\"BreadcrumbList\",\"@id\":\"https:\/\/www.visit-ulcinj.com\/blog\/2014\/12\/15\/sot-u-shenua-70-vjetori-clirimit-te-tuzit\/#breadcrumb\",\"itemListElement\":[{\"@type\":\"ListItem\",\"position\":1,\"name\":\"Sot u sh\u00ebnua 70 vjetori i \u00e7lirimit t\u00eb Tuzit\"}]},{\"@type\":\"Person\",\"@id\":\"https:\/\/www.visit-ulcinj.com\/blog\/#\/schema\/person\/dcab619c614d3038751c63bc2aadc06d\",\"name\":\"ulqini\",\"sameAs\":[\"http:\/\/www.visit-ulcinj.com\"],\"url\":\"https:\/\/www.visit-ulcinj.com\/blog\/author\/admin\/\"}]}<\/script>\n<!-- \/ Yoast SEO plugin. -->","yoast_head_json":{"title":"Sot u sh\u00ebnua 70 vjetori i \u00e7lirimit t\u00eb Tuzit - Lajme nga Ulqini","description":"Me nj\u00eb manifestim \u00a0t\u00eb rastit sot n\u00eb QIK\u00a0 Mal\u00ebsia\u00a0 u sh\u00ebnua dita e KU\u00a0 t\u00eb Tuzit me \u00e7,rast u ndan\u00eb edhe \u00e7mimet e k\u00ebsaj KU. \u00c7mimet iu ndan\u00eb \u00a0SHKA\u00a0 Besa nga","robots":{"index":"index","follow":"follow","max-snippet":"max-snippet:-1","max-image-preview":"max-image-preview:large","max-video-preview":"max-video-preview:-1"},"canonical":"https:\/\/www.visit-ulcinj.com\/blog\/2014\/12\/15\/sot-u-shenua-70-vjetori-clirimit-te-tuzit\/","og_locale":"en_US","og_type":"article","og_title":"Sot u sh\u00ebnua 70 vjetori i \u00e7lirimit t\u00eb Tuzit - Lajme nga Ulqini","og_description":"Me nj\u00eb manifestim \u00a0t\u00eb rastit sot n\u00eb QIK\u00a0 Mal\u00ebsia\u00a0 u sh\u00ebnua dita e KU\u00a0 t\u00eb Tuzit me \u00e7,rast u ndan\u00eb edhe \u00e7mimet e k\u00ebsaj KU. \u00c7mimet iu ndan\u00eb \u00a0SHKA\u00a0 Besa nga","og_url":"https:\/\/www.visit-ulcinj.com\/blog\/2014\/12\/15\/sot-u-shenua-70-vjetori-clirimit-te-tuzit\/","og_site_name":"Lajme nga Ulqini","article_published_time":"2014-12-15T16:52:39+00:00","article_modified_time":"2014-12-16T15:15:23+00:00","og_image":[{"url":"http:\/\/www.visit-ulcinj.com\/blog\/wp-content\/uploads\/2014\/12\/Komuna-Urbane-Tuzi.jpg"}],"twitter_misc":{"Written by":"ulqini","Est. reading time":"2 minutes"},"schema":{"@context":"https:\/\/schema.org","@graph":[{"@type":"WebSite","@id":"https:\/\/www.visit-ulcinj.com\/blog\/#website","url":"https:\/\/www.visit-ulcinj.com\/blog\/","name":"Lajme nga Ulqini","description":"Lajme,Vijesti,Ulqini,Ulqin,Crna Gora,Mali i Zi","potentialAction":[{"@type":"SearchAction","target":{"@type":"EntryPoint","urlTemplate":"https:\/\/www.visit-ulcinj.com\/blog\/?s={search_term_string}"},"query-input":"required name=search_term_string"}],"inLanguage":"en-US"},{"@type":"ImageObject","inLanguage":"en-US","@id":"https:\/\/www.visit-ulcinj.com\/blog\/2014\/12\/15\/sot-u-shenua-70-vjetori-clirimit-te-tuzit\/#primaryimage","url":"https:\/\/www.visit-ulcinj.com\/blog\/wp-content\/uploads\/2014\/12\/Komuna-Urbane-Tuzi.jpg","contentUrl":"https:\/\/www.visit-ulcinj.com\/blog\/wp-content\/uploads\/2014\/12\/Komuna-Urbane-Tuzi.jpg","width":407,"height":302},{"@type":"WebPage","@id":"https:\/\/www.visit-ulcinj.com\/blog\/2014\/12\/15\/sot-u-shenua-70-vjetori-clirimit-te-tuzit\/#webpage","url":"https:\/\/www.visit-ulcinj.com\/blog\/2014\/12\/15\/sot-u-shenua-70-vjetori-clirimit-te-tuzit\/","name":"Sot u sh\u00ebnua 70 vjetori i \u00e7lirimit t\u00eb Tuzit - Lajme nga Ulqini","isPartOf":{"@id":"https:\/\/www.visit-ulcinj.com\/blog\/#website"},"primaryImageOfPage":{"@id":"https:\/\/www.visit-ulcinj.com\/blog\/2014\/12\/15\/sot-u-shenua-70-vjetori-clirimit-te-tuzit\/#primaryimage"},"datePublished":"2014-12-15T16:52:39+00:00","dateModified":"2014-12-16T15:15:23+00:00","author":{"@id":"https:\/\/www.visit-ulcinj.com\/blog\/#\/schema\/person\/dcab619c614d3038751c63bc2aadc06d"},"description":"Me nj\u00eb manifestim \u00a0t\u00eb rastit sot n\u00eb QIK\u00a0 Mal\u00ebsia\u00a0 u sh\u00ebnua dita e KU\u00a0 t\u00eb Tuzit me \u00e7,rast u ndan\u00eb edhe \u00e7mimet e k\u00ebsaj KU. \u00c7mimet iu ndan\u00eb \u00a0SHKA\u00a0 Besa nga","breadcrumb":{"@id":"https:\/\/www.visit-ulcinj.com\/blog\/2014\/12\/15\/sot-u-shenua-70-vjetori-clirimit-te-tuzit\/#breadcrumb"},"inLanguage":"en-US","potentialAction":[{"@type":"ReadAction","target":["https:\/\/www.visit-ulcinj.com\/blog\/2014\/12\/15\/sot-u-shenua-70-vjetori-clirimit-te-tuzit\/"]}]},{"@type":"BreadcrumbList","@id":"https:\/\/www.visit-ulcinj.com\/blog\/2014\/12\/15\/sot-u-shenua-70-vjetori-clirimit-te-tuzit\/#breadcrumb","itemListElement":[{"@type":"ListItem","position":1,"name":"Sot u sh\u00ebnua 70 vjetori i \u00e7lirimit t\u00eb Tuzit"}]},{"@type":"Person","@id":"https:\/\/www.visit-ulcinj.com\/blog\/#\/schema\/person\/dcab619c614d3038751c63bc2aadc06d","name":"ulqini","sameAs":["http:\/\/www.visit-ulcinj.com"],"url":"https:\/\/www.visit-ulcinj.com\/blog\/author\/admin\/"}]}},"jetpack_featured_media_url":"","jetpack_sharing_enabled":true,"jetpack_shortlink":"https:\/\/wp.me\/pe6lTn-mEq","_links":{"self":[{"href":"https:\/\/www.visit-ulcinj.com\/blog\/wp-json\/wp\/v2\/posts\/87074"}],"collection":[{"href":"https:\/\/www.visit-ulcinj.com\/blog\/wp-json\/wp\/v2\/posts"}],"about":[{"href":"https:\/\/www.visit-ulcinj.com\/blog\/wp-json\/wp\/v2\/types\/post"}],"author":[{"embeddable":true,"href":"https:\/\/www.visit-ulcinj.com\/blog\/wp-json\/wp\/v2\/users\/1"}],"replies":[{"embeddable":true,"href":"https:\/\/www.visit-ulcinj.com\/blog\/wp-json\/wp\/v2\/comments?post=87074"}],"version-history":[{"count":1,"href":"https:\/\/www.visit-ulcinj.com\/blog\/wp-json\/wp\/v2\/posts\/87074\/revisions"}],"predecessor-version":[{"id":87076,"href":"https:\/\/www.visit-ulcinj.com\/blog\/wp-json\/wp\/v2\/posts\/87074\/revisions\/87076"}],"wp:attachment":[{"href":"https:\/\/www.visit-ulcinj.com\/blog\/wp-json\/wp\/v2\/media?parent=87074"}],"wp:term":[{"taxonomy":"category","embeddable":true,"href":"https:\/\/www.visit-ulcinj.com\/blog\/wp-json\/wp\/v2\/categories?post=87074"},{"taxonomy":"post_tag","embeddable":true,"href":"https:\/\/www.visit-ulcinj.com\/blog\/wp-json\/wp\/v2\/tags?post=87074"}],"curies":[{"name":"wp","href":"https:\/\/api.w.org\/{rel}","templated":true}]}}