{"id":87101,"date":"2014-12-15T19:28:51","date_gmt":"2014-12-15T18:28:51","guid":{"rendered":"http:\/\/www.visit-ulcinj.com\/blog\/?p=87101"},"modified":"2014-12-15T19:28:51","modified_gmt":"2014-12-15T18:28:51","slug":"lukshiq-bushati-marredheniet-mes-shqiperise-dhe-malit-te-zi-te-shkelqyera","status":"publish","type":"post","link":"https:\/\/www.visit-ulcinj.com\/blog\/2014\/12\/15\/lukshiq-bushati-marredheniet-mes-shqiperise-dhe-malit-te-zi-te-shkelqyera\/","title":{"rendered":"Lukshiq &#8211; Bushati: Marr\u00ebdh\u00ebniet mes Shqip\u00ebris\u00eb dhe Malit t\u00eb Zi t\u00eb shk\u00eblqyera"},"content":{"rendered":"<p><a href=\"http:\/\/www.visit-ulcinj.com\/blog\/wp-content\/uploads\/2014\/12\/Lukshiq-Bushati.jpg\"><img loading=\"lazy\" class=\"alignleft wp-image-87102\" src=\"http:\/\/www.visit-ulcinj.com\/blog\/wp-content\/uploads\/2014\/12\/Lukshiq-Bushati.jpg\" alt=\"Lukshiq-Bushati\" width=\"508\" height=\"317\" srcset=\"https:\/\/www.visit-ulcinj.com\/blog\/wp-content\/uploads\/2014\/12\/Lukshiq-Bushati.jpg 645w, https:\/\/www.visit-ulcinj.com\/blog\/wp-content\/uploads\/2014\/12\/Lukshiq-Bushati-300x186.jpg 300w\" sizes=\"(max-width: 508px) 100vw, 508px\" \/><\/a>Ministri i Pun\u00ebve t\u00eb Jashtme, Ditmir Bushati, i cil\u00ebsoi sot marr\u00ebdh\u00ebniet mes Shqip\u00ebris\u00eb dhe Malit t\u00eb Zi si t\u00eb shk\u00eblqyera.<\/p>\n<p>Ministri Bushati priti sot n\u00eb MPJ zv\/ Kryeministrin dhe Ministrin e Pun\u00ebve t\u00eb Jashtme t\u00eb Malit t\u00eb Zi, Igor Lukshic, Pas p\u00ebrfundimit t\u00eb takimit, dy ministrat mbajt\u00ebn nj\u00eb konferenc\u00eb t\u00eb perbashk\u00ebt p\u00ebr shtyp, ku ministri Bushati theksoi se, \u201cduhet t\u00eb kemi nj\u00eb situat\u00eb nd\u00ebrlishm\u00ebrie shum\u00eb m\u00eb t\u00eb mir\u00eb se\u00e7 e kemi sot, n\u00eb nj\u00eb koh\u00eb kur t\u00eb dyja vendet po punojm\u00eb q\u00eb Ballkani Per\u00ebndimor t\u00eb jet\u00eb n\u00eb nj\u00eb gjendje shum\u00eb m\u00eb t\u00eb mir\u00eb se sot\u201d.<\/p>\n<p>Ministri Bushati e cil\u00ebsoi si nj\u00eb nevoj\u00eb strategjike p\u00ebr sigurin\u00eb, an\u00ebtar\u00ebsimin e Malit t\u00eb Zi n\u00eb NATO.<\/p>\n<p>\u201c\u00cbsht\u00eb nevoj\u00eb strategjike e NATO-s p\u00ebr t\u00eb evituar krijimin e boshll\u00ebqeve nga pik\u00ebpamja e siguris\u00eb n\u00eb rajonin ton\u00eb. N\u00eb kuptimin strategjik, sot p\u00ebr sot nga Lisbona n\u00eb Stamboll ka vet\u00ebm nj\u00eb pjes\u00eb t\u00eb vog\u00ebl q\u00eb p\u00ebrkon me Malin e Zi q\u00eb nuk \u00ebsht\u00eb pjes\u00eb e NATO-s, prandaj mund t\u00eb themi se \u00ebsht\u00eb strategjike an\u00ebtar\u00ebsimi i Mali t\u00eb Zi n\u00eb NATO nga pik\u00ebpamje e strategjis\u00eb. Flasim p\u00ebr nj\u00eb vend me t\u00eb cilin kemi objektiva t\u00eb p\u00ebrbashk\u00ebta. Vend q\u00eb i ka t\u00eb p\u00ebrputhura politik\u00ebn e jashtme me at\u00eb t\u00eb BE, kur vjen fjala p\u00ebr kriza t\u00eb m\u00ebdha q\u00eb po p\u00ebrballet Evropa n\u00eb Lindje apo Jug, \u00e7ka na jep bindje se do t\u00eb jet\u00eb nj\u00eb vler\u00eb e shtuar p\u00ebr NATO\u201d, tha Bushati.<\/p>\n<p>\u201cJemi besim plot\u00eb, tha Bushati, \u201cq\u00eb n\u00eb fund t\u00eb vitit tjet\u00ebr, Mali i Zi do t\u00eb marr\u00eb ftes\u00ebn p\u00ebr an\u00ebtar\u00ebsimin n\u00eb NATO\u201d. Por, shtoi Bushati, \u201cpo kaq t\u00eb r\u00ebnd\u00ebsish\u00ebm e shoh dhe rrug\u00ebtimin drejt BE. Fakti q\u00eb Mali i Zi \u00ebsht\u00eb vendi i rajonit m\u00eb pran\u00eb BE na shtyn ne t\u00eb nxjerrim m\u00ebsimet tona dhe t\u00eb ecim drejt reformave n\u00eb m\u00ebnyr\u00eb solide\u201d.<\/p>\n<p>Nd\u00ebrsa duke folur p\u00ebr marr\u00ebdh\u00ebniet mes dy vendeve, ministri Bushati i cil\u00ebsoi ato si t\u00eb shk\u00eblqyera, por tha ai, \u201cduhet t\u00eb kemi nj\u00eb situat\u00eb nd\u00ebrlishm\u00ebrie shum\u00eb m\u00eb t\u00eb mir\u00eb se\u00e7 e kemi sot, n\u00eb nj\u00eb koh\u00eb kur t\u00eb dyja vendet po punojm\u00eb q\u00eb Ballkani Per\u00ebndimor t\u00eb jet\u00eb n\u00eb nj\u00eb gjendje shum\u00eb m\u00eb t\u00eb mir\u00eb se sot\u201d.<\/p>\n<p>Nd\u00ebrsa zv. Kryeministri dhe Ministri i Pun\u00ebve t\u00eb Jashtme t\u00eb Malit t\u00eb Zi, Igor Lukshic, n\u00eb fjal\u00ebn e tij u shpreh se, \u201cdo t\u2019i bashkohesha deklarat\u00ebs s\u00eb z. Bushati, i cili tha se marr\u00ebdh\u00ebniet mes dy vendeve jan\u00eb t\u00eb shk\u00eblqyera\u201d. Jav\u00ebn tjet\u00ebr, tha Luksic, \u201cdo t\u00eb n\u00ebnshkruajm\u00eb nj\u00eb tjet\u00ebr marr\u00ebveshje q\u00eb ka t\u00eb b\u00ebj\u00eb me \u00e7\u00ebshtjet ekonomike. Falenderoj qeverin\u00eb shqiptare dhe personalisht z. Bushati p\u00ebr mb\u00ebshtetjen q\u00eb ka dh\u00ebn\u00eb p\u00ebr ambiciet e Malit t\u00eb Zi n\u00eb integrimin euro-atlantik\u201d.<\/p>\n<p>Duke folur p\u00ebr takimin Lukshic tha se, \u201cn\u00eb k\u00ebto takime dypal\u00ebshe flitet dhe p\u00ebr arritjet n\u00eb planin rajonal, ku nj\u00eb prej arritjeve \u00ebsht\u00eb marr\u00ebveshja p\u00ebr gazsjell\u00ebsin TAP, por dhe marr\u00ebvesheja p\u00ebr autostrad\u00ebn Adriatik-Jon\u201d. \u201cFalenderoj qerverin\u00eb shqiptare p\u00ebr investimet q\u00eb i ka alokuar infrastruktur\u00ebs n\u00eb veri t\u00eb Shqi\u00ebpris\u00eb, pasi jan\u00eb nj\u00eb ndihmes\u00eb si p\u00ebr pjes\u00ebn e veriut, por dhe p\u00ebr zon\u00ebn e Plav\u00ebs dhe Gucis\u00eb. Ne e konsiderojm\u00eb k\u00ebt\u00eb si nj\u00eb shembull t\u00eb marr\u00ebdh\u00ebnieve t\u00eb mira mes dy pal\u00ebve\u201d, tha Lukshic.<\/p>\n<p>Gjithashtu, Lukshic u shpreh se, \u201ckemi r\u00ebn\u00eb dakord p\u00ebr t\u00eb par\u00eb mund\u00ebsin\u00eb p\u00ebr rritjen e pikave kufitare\u201d. Nd\u00ebrsa duke folur p\u00ebr minoritetin shqiptar n\u00eb Mal t\u00eb Zi, Lukshic u shpreh se, \u201cqeveria e Malit t\u00eb Zi \u00ebsht\u00eb shu\u00ebm e angazhuar p\u00ebr t\u00eb integruar t\u00eb gjitha pakicat n\u00eb Malin e Zi. E konsiderojm\u00eb integrimin e pakicave shqiptare n\u00eb Mal t\u00eb Zi si p\u00ebrpar\u00ebsi dhe kur them p\u00ebrpar\u00ebsi, jo vet\u00ebm p\u00ebrfshirjen politike, por dhe n\u00eb fusha t\u00eb tjera t\u00eb zhvillimit t\u00eb vendit\u201d.<\/p>\n<p><strong>Bota Sot<\/strong><\/p>\n","protected":false},"excerpt":{"rendered":"<p>Ministri i Pun\u00ebve t\u00eb Jashtme, Ditmir Bushati, i cil\u00ebsoi sot marr\u00ebdh\u00ebniet mes Shqip\u00ebris\u00eb dhe Malit t\u00eb Zi si t\u00eb shk\u00eblqyera. Ministri Bushati priti sot n\u00eb MPJ zv\/ Kryeministrin dhe Ministrin e Pun\u00ebve t\u00eb Jashtme t\u00eb Malit t\u00eb Zi, Igor Lukshic, Pas p\u00ebrfundimit t\u00eb takimit, dy ministrat mbajt\u00ebn nj\u00eb konferenc\u00eb t\u00eb perbashk\u00ebt p\u00ebr shtyp, ku ministri [&hellip;]<\/p>\n","protected":false},"author":1,"featured_media":0,"comment_status":"closed","ping_status":"closed","sticky":false,"template":"","format":"standard","meta":{"spay_email":"","jetpack_publicize_message":"","jetpack_is_tweetstorm":false,"jetpack_publicize_feature_enabled":true},"categories":[6950],"tags":[],"jetpack_publicize_connections":[],"yoast_head":"<!-- This site is optimized with the Yoast SEO plugin v19.1 - https:\/\/yoast.com\/wordpress\/plugins\/seo\/ -->\n<title>Lukshiq - Bushati: Marr\u00ebdh\u00ebniet mes Shqip\u00ebris\u00eb dhe Malit t\u00eb Zi t\u00eb shk\u00eblqyera - Lajme nga Ulqini<\/title>\n<meta name=\"description\" content=\"Ministri i Pun\u00ebve t\u00eb Jashtme, Ditmir Bushati, i cil\u00ebsoi sot marr\u00ebdh\u00ebniet mes Shqip\u00ebris\u00eb dhe Malit t\u00eb Zi si t\u00eb shk\u00eblqyera. Ministri Bushati priti sot n\u00eb\" \/>\n<meta name=\"robots\" content=\"index, follow, max-snippet:-1, max-image-preview:large, max-video-preview:-1\" \/>\n<link rel=\"canonical\" href=\"https:\/\/www.visit-ulcinj.com\/blog\/2014\/12\/15\/lukshiq-bushati-marredheniet-mes-shqiperise-dhe-malit-te-zi-te-shkelqyera\/\" \/>\n<meta property=\"og:locale\" content=\"en_US\" \/>\n<meta property=\"og:type\" content=\"article\" \/>\n<meta property=\"og:title\" content=\"Lukshiq - Bushati: Marr\u00ebdh\u00ebniet mes Shqip\u00ebris\u00eb dhe Malit t\u00eb Zi t\u00eb shk\u00eblqyera - Lajme nga Ulqini\" \/>\n<meta property=\"og:description\" content=\"Ministri i Pun\u00ebve t\u00eb Jashtme, Ditmir Bushati, i cil\u00ebsoi sot marr\u00ebdh\u00ebniet mes Shqip\u00ebris\u00eb dhe Malit t\u00eb Zi si t\u00eb shk\u00eblqyera. Ministri Bushati priti sot n\u00eb\" \/>\n<meta property=\"og:url\" content=\"https:\/\/www.visit-ulcinj.com\/blog\/2014\/12\/15\/lukshiq-bushati-marredheniet-mes-shqiperise-dhe-malit-te-zi-te-shkelqyera\/\" \/>\n<meta property=\"og:site_name\" content=\"Lajme nga Ulqini\" \/>\n<meta property=\"article:published_time\" content=\"2014-12-15T18:28:51+00:00\" \/>\n<meta property=\"og:image\" content=\"http:\/\/www.visit-ulcinj.com\/blog\/wp-content\/uploads\/2014\/12\/Lukshiq-Bushati.jpg\" \/>\n<meta name=\"twitter:label1\" content=\"Written by\" \/>\n\t<meta name=\"twitter:data1\" content=\"ulqini\" \/>\n\t<meta name=\"twitter:label2\" content=\"Est. reading time\" \/>\n\t<meta name=\"twitter:data2\" content=\"4 minutes\" \/>\n<script type=\"application\/ld+json\" class=\"yoast-schema-graph\">{\"@context\":\"https:\/\/schema.org\",\"@graph\":[{\"@type\":\"WebSite\",\"@id\":\"https:\/\/www.visit-ulcinj.com\/blog\/#website\",\"url\":\"https:\/\/www.visit-ulcinj.com\/blog\/\",\"name\":\"Lajme nga Ulqini\",\"description\":\"Lajme,Vijesti,Ulqini,Ulqin,Crna Gora,Mali i Zi\",\"potentialAction\":[{\"@type\":\"SearchAction\",\"target\":{\"@type\":\"EntryPoint\",\"urlTemplate\":\"https:\/\/www.visit-ulcinj.com\/blog\/?s={search_term_string}\"},\"query-input\":\"required name=search_term_string\"}],\"inLanguage\":\"en-US\"},{\"@type\":\"ImageObject\",\"inLanguage\":\"en-US\",\"@id\":\"https:\/\/www.visit-ulcinj.com\/blog\/2014\/12\/15\/lukshiq-bushati-marredheniet-mes-shqiperise-dhe-malit-te-zi-te-shkelqyera\/#primaryimage\",\"url\":\"https:\/\/www.visit-ulcinj.com\/blog\/wp-content\/uploads\/2014\/12\/Lukshiq-Bushati.jpg\",\"contentUrl\":\"https:\/\/www.visit-ulcinj.com\/blog\/wp-content\/uploads\/2014\/12\/Lukshiq-Bushati.jpg\",\"width\":645,\"height\":402},{\"@type\":\"WebPage\",\"@id\":\"https:\/\/www.visit-ulcinj.com\/blog\/2014\/12\/15\/lukshiq-bushati-marredheniet-mes-shqiperise-dhe-malit-te-zi-te-shkelqyera\/#webpage\",\"url\":\"https:\/\/www.visit-ulcinj.com\/blog\/2014\/12\/15\/lukshiq-bushati-marredheniet-mes-shqiperise-dhe-malit-te-zi-te-shkelqyera\/\",\"name\":\"Lukshiq - Bushati: Marr\u00ebdh\u00ebniet mes Shqip\u00ebris\u00eb dhe Malit t\u00eb Zi t\u00eb shk\u00eblqyera - Lajme nga Ulqini\",\"isPartOf\":{\"@id\":\"https:\/\/www.visit-ulcinj.com\/blog\/#website\"},\"primaryImageOfPage\":{\"@id\":\"https:\/\/www.visit-ulcinj.com\/blog\/2014\/12\/15\/lukshiq-bushati-marredheniet-mes-shqiperise-dhe-malit-te-zi-te-shkelqyera\/#primaryimage\"},\"datePublished\":\"2014-12-15T18:28:51+00:00\",\"dateModified\":\"2014-12-15T18:28:51+00:00\",\"author\":{\"@id\":\"https:\/\/www.visit-ulcinj.com\/blog\/#\/schema\/person\/dcab619c614d3038751c63bc2aadc06d\"},\"description\":\"Ministri i Pun\u00ebve t\u00eb Jashtme, Ditmir Bushati, i cil\u00ebsoi sot marr\u00ebdh\u00ebniet mes Shqip\u00ebris\u00eb dhe Malit t\u00eb Zi si t\u00eb shk\u00eblqyera. Ministri Bushati priti sot n\u00eb\",\"breadcrumb\":{\"@id\":\"https:\/\/www.visit-ulcinj.com\/blog\/2014\/12\/15\/lukshiq-bushati-marredheniet-mes-shqiperise-dhe-malit-te-zi-te-shkelqyera\/#breadcrumb\"},\"inLanguage\":\"en-US\",\"potentialAction\":[{\"@type\":\"ReadAction\",\"target\":[\"https:\/\/www.visit-ulcinj.com\/blog\/2014\/12\/15\/lukshiq-bushati-marredheniet-mes-shqiperise-dhe-malit-te-zi-te-shkelqyera\/\"]}]},{\"@type\":\"BreadcrumbList\",\"@id\":\"https:\/\/www.visit-ulcinj.com\/blog\/2014\/12\/15\/lukshiq-bushati-marredheniet-mes-shqiperise-dhe-malit-te-zi-te-shkelqyera\/#breadcrumb\",\"itemListElement\":[{\"@type\":\"ListItem\",\"position\":1,\"name\":\"Lukshiq &#8211; Bushati: Marr\u00ebdh\u00ebniet mes Shqip\u00ebris\u00eb dhe Malit t\u00eb Zi t\u00eb shk\u00eblqyera\"}]},{\"@type\":\"Person\",\"@id\":\"https:\/\/www.visit-ulcinj.com\/blog\/#\/schema\/person\/dcab619c614d3038751c63bc2aadc06d\",\"name\":\"ulqini\",\"sameAs\":[\"http:\/\/www.visit-ulcinj.com\"],\"url\":\"https:\/\/www.visit-ulcinj.com\/blog\/author\/admin\/\"}]}<\/script>\n<!-- \/ Yoast SEO plugin. -->","yoast_head_json":{"title":"Lukshiq - Bushati: Marr\u00ebdh\u00ebniet mes Shqip\u00ebris\u00eb dhe Malit t\u00eb Zi t\u00eb shk\u00eblqyera - Lajme nga Ulqini","description":"Ministri i Pun\u00ebve t\u00eb Jashtme, Ditmir Bushati, i cil\u00ebsoi sot marr\u00ebdh\u00ebniet mes Shqip\u00ebris\u00eb dhe Malit t\u00eb Zi si t\u00eb shk\u00eblqyera. Ministri Bushati priti sot n\u00eb","robots":{"index":"index","follow":"follow","max-snippet":"max-snippet:-1","max-image-preview":"max-image-preview:large","max-video-preview":"max-video-preview:-1"},"canonical":"https:\/\/www.visit-ulcinj.com\/blog\/2014\/12\/15\/lukshiq-bushati-marredheniet-mes-shqiperise-dhe-malit-te-zi-te-shkelqyera\/","og_locale":"en_US","og_type":"article","og_title":"Lukshiq - Bushati: Marr\u00ebdh\u00ebniet mes Shqip\u00ebris\u00eb dhe Malit t\u00eb Zi t\u00eb shk\u00eblqyera - Lajme nga Ulqini","og_description":"Ministri i Pun\u00ebve t\u00eb Jashtme, Ditmir Bushati, i cil\u00ebsoi sot marr\u00ebdh\u00ebniet mes Shqip\u00ebris\u00eb dhe Malit t\u00eb Zi si t\u00eb shk\u00eblqyera. Ministri Bushati priti sot n\u00eb","og_url":"https:\/\/www.visit-ulcinj.com\/blog\/2014\/12\/15\/lukshiq-bushati-marredheniet-mes-shqiperise-dhe-malit-te-zi-te-shkelqyera\/","og_site_name":"Lajme nga Ulqini","article_published_time":"2014-12-15T18:28:51+00:00","og_image":[{"url":"http:\/\/www.visit-ulcinj.com\/blog\/wp-content\/uploads\/2014\/12\/Lukshiq-Bushati.jpg"}],"twitter_misc":{"Written by":"ulqini","Est. reading time":"4 minutes"},"schema":{"@context":"https:\/\/schema.org","@graph":[{"@type":"WebSite","@id":"https:\/\/www.visit-ulcinj.com\/blog\/#website","url":"https:\/\/www.visit-ulcinj.com\/blog\/","name":"Lajme nga Ulqini","description":"Lajme,Vijesti,Ulqini,Ulqin,Crna Gora,Mali i Zi","potentialAction":[{"@type":"SearchAction","target":{"@type":"EntryPoint","urlTemplate":"https:\/\/www.visit-ulcinj.com\/blog\/?s={search_term_string}"},"query-input":"required name=search_term_string"}],"inLanguage":"en-US"},{"@type":"ImageObject","inLanguage":"en-US","@id":"https:\/\/www.visit-ulcinj.com\/blog\/2014\/12\/15\/lukshiq-bushati-marredheniet-mes-shqiperise-dhe-malit-te-zi-te-shkelqyera\/#primaryimage","url":"https:\/\/www.visit-ulcinj.com\/blog\/wp-content\/uploads\/2014\/12\/Lukshiq-Bushati.jpg","contentUrl":"https:\/\/www.visit-ulcinj.com\/blog\/wp-content\/uploads\/2014\/12\/Lukshiq-Bushati.jpg","width":645,"height":402},{"@type":"WebPage","@id":"https:\/\/www.visit-ulcinj.com\/blog\/2014\/12\/15\/lukshiq-bushati-marredheniet-mes-shqiperise-dhe-malit-te-zi-te-shkelqyera\/#webpage","url":"https:\/\/www.visit-ulcinj.com\/blog\/2014\/12\/15\/lukshiq-bushati-marredheniet-mes-shqiperise-dhe-malit-te-zi-te-shkelqyera\/","name":"Lukshiq - Bushati: Marr\u00ebdh\u00ebniet mes Shqip\u00ebris\u00eb dhe Malit t\u00eb Zi t\u00eb shk\u00eblqyera - Lajme nga Ulqini","isPartOf":{"@id":"https:\/\/www.visit-ulcinj.com\/blog\/#website"},"primaryImageOfPage":{"@id":"https:\/\/www.visit-ulcinj.com\/blog\/2014\/12\/15\/lukshiq-bushati-marredheniet-mes-shqiperise-dhe-malit-te-zi-te-shkelqyera\/#primaryimage"},"datePublished":"2014-12-15T18:28:51+00:00","dateModified":"2014-12-15T18:28:51+00:00","author":{"@id":"https:\/\/www.visit-ulcinj.com\/blog\/#\/schema\/person\/dcab619c614d3038751c63bc2aadc06d"},"description":"Ministri i Pun\u00ebve t\u00eb Jashtme, Ditmir Bushati, i cil\u00ebsoi sot marr\u00ebdh\u00ebniet mes Shqip\u00ebris\u00eb dhe Malit t\u00eb Zi si t\u00eb shk\u00eblqyera. Ministri Bushati priti sot n\u00eb","breadcrumb":{"@id":"https:\/\/www.visit-ulcinj.com\/blog\/2014\/12\/15\/lukshiq-bushati-marredheniet-mes-shqiperise-dhe-malit-te-zi-te-shkelqyera\/#breadcrumb"},"inLanguage":"en-US","potentialAction":[{"@type":"ReadAction","target":["https:\/\/www.visit-ulcinj.com\/blog\/2014\/12\/15\/lukshiq-bushati-marredheniet-mes-shqiperise-dhe-malit-te-zi-te-shkelqyera\/"]}]},{"@type":"BreadcrumbList","@id":"https:\/\/www.visit-ulcinj.com\/blog\/2014\/12\/15\/lukshiq-bushati-marredheniet-mes-shqiperise-dhe-malit-te-zi-te-shkelqyera\/#breadcrumb","itemListElement":[{"@type":"ListItem","position":1,"name":"Lukshiq &#8211; Bushati: Marr\u00ebdh\u00ebniet mes Shqip\u00ebris\u00eb dhe Malit t\u00eb Zi t\u00eb shk\u00eblqyera"}]},{"@type":"Person","@id":"https:\/\/www.visit-ulcinj.com\/blog\/#\/schema\/person\/dcab619c614d3038751c63bc2aadc06d","name":"ulqini","sameAs":["http:\/\/www.visit-ulcinj.com"],"url":"https:\/\/www.visit-ulcinj.com\/blog\/author\/admin\/"}]}},"jetpack_featured_media_url":"","jetpack_sharing_enabled":true,"jetpack_shortlink":"https:\/\/wp.me\/pe6lTn-mER","_links":{"self":[{"href":"https:\/\/www.visit-ulcinj.com\/blog\/wp-json\/wp\/v2\/posts\/87101"}],"collection":[{"href":"https:\/\/www.visit-ulcinj.com\/blog\/wp-json\/wp\/v2\/posts"}],"about":[{"href":"https:\/\/www.visit-ulcinj.com\/blog\/wp-json\/wp\/v2\/types\/post"}],"author":[{"embeddable":true,"href":"https:\/\/www.visit-ulcinj.com\/blog\/wp-json\/wp\/v2\/users\/1"}],"replies":[{"embeddable":true,"href":"https:\/\/www.visit-ulcinj.com\/blog\/wp-json\/wp\/v2\/comments?post=87101"}],"version-history":[{"count":1,"href":"https:\/\/www.visit-ulcinj.com\/blog\/wp-json\/wp\/v2\/posts\/87101\/revisions"}],"predecessor-version":[{"id":87103,"href":"https:\/\/www.visit-ulcinj.com\/blog\/wp-json\/wp\/v2\/posts\/87101\/revisions\/87103"}],"wp:attachment":[{"href":"https:\/\/www.visit-ulcinj.com\/blog\/wp-json\/wp\/v2\/media?parent=87101"}],"wp:term":[{"taxonomy":"category","embeddable":true,"href":"https:\/\/www.visit-ulcinj.com\/blog\/wp-json\/wp\/v2\/categories?post=87101"},{"taxonomy":"post_tag","embeddable":true,"href":"https:\/\/www.visit-ulcinj.com\/blog\/wp-json\/wp\/v2\/tags?post=87101"}],"curies":[{"name":"wp","href":"https:\/\/api.w.org\/{rel}","templated":true}]}}