{"id":87104,"date":"2014-12-16T16:07:30","date_gmt":"2014-12-16T15:07:30","guid":{"rendered":"http:\/\/www.visit-ulcinj.com\/blog\/?p=87104"},"modified":"2014-12-18T08:37:12","modified_gmt":"2014-12-18T07:37:12","slug":"nika-bulevardi-vdekjes","status":"publish","type":"post","link":"https:\/\/www.visit-ulcinj.com\/blog\/2014\/12\/16\/nika-bulevardi-vdekjes\/","title":{"rendered":"Nika:  Bulevardi i vdekjes"},"content":{"rendered":"<p><strong><a href=\"http:\/\/www.visit-ulcinj.com\/blog\/wp-content\/uploads\/2014\/11\/Muhamet-Nika.jpg\"><img loading=\"lazy\" class=\"alignleft wp-image-86143 size-full\" src=\"http:\/\/www.visit-ulcinj.com\/blog\/wp-content\/uploads\/2014\/11\/Muhamet-Nika.jpg\" alt=\"Muhamet Nika\" width=\"256\" height=\"319\" srcset=\"https:\/\/www.visit-ulcinj.com\/blog\/wp-content\/uploads\/2014\/11\/Muhamet-Nika.jpg 256w, https:\/\/www.visit-ulcinj.com\/blog\/wp-content\/uploads\/2014\/11\/Muhamet-Nika-240x300.jpg 240w\" sizes=\"(max-width: 256px) 100vw, 256px\" \/><\/a>Shkruan :Muhamet Nika<\/strong><\/p>\n<p><strong>Transmetohet se n\u00eb dit\u00ebn e gjyqit t\u00eb madh mat \u2018an\u00eb, \u00e7do mashtrues do ta ket\u00eb t\u00eb ngritur lart\u00eb flamurin e mashtrimit, kurse lart\u00ebsia e tij varet prej madh\u00ebsis\u00eb s\u00eb g\u00ebnjeshtr\u00ebs n\u00eb dyrnjall\u00ebk<\/strong><strong>. <\/strong><strong>Flamuri<\/strong> <strong>m\u00eb lart\u00eb i ngritur, thuhet se ,<\/strong> <strong> do t\u00eb jet\u00eb ai i udh\u00ebheq\u00ebsve t\u00eb popullit&#8230;?!!! E sidomos i atyre , q\u00eb popullin e urdh\u00ebruan t\u00eb b\u00ebj\u00eb mir\u00eb e veten e harruan&#8230;?!!!<\/strong><\/p>\n<p>K\u00ebtyre dit\u00ebve n\u00eb Ulqin, me t\u00eb drejt\u00eb \u00ebsht\u00eb aktuale prishja e bulevardit nga firma \u201cKastelana \u201c, e cila k\u00ebt\u00eb pun\u00eb po e b\u00ebn\u00eb me vet\u00ebdije, mbi baz\u00ebn e lejeve t\u00eb fituara nga republika dhe komuna p\u00ebr stacion benzine pran\u00eb bulevardit n\u00eb Fush\u00eb t\u00eb Ulqinit. N\u00eb fillim, shtojm\u00eb se pronari i pomp\u00ebs Kastelana, n\u00eb hart\u00ebn\u00a0\u00a0 q\u00eb ai disponon , i bie q\u00eb n\u00eb te, n\u00eb teori, aty t\u00eb jet\u00eb , tok\u00eb shtet\u00ebrore- kullos\u00eb e klas\u00ebs tret\u00eb dhe \u201cme t\u00eb drejt\u00eb \u201c ka filluar e i sh\u00ebnon palmat q\u00eb e pengojn\u00eb&#8230;.?!!<\/p>\n<p>Duke pasur parasysh nd\u00ebrrimet e shpeshta t\u00eb pushteteve dhe t\u00eb kryetar\u00ebve t\u00eb kuvendit ,si dhe deklarata e kryetarit aktual q\u00eb ai\u201d nuk di se \u00e7far\u00eb ka ndodhur n\u00eb t\u00eb v\u00ebrtet\u00eb \u201c\u2013 pasi q\u00eb fjala \u00ebsht\u00eb p\u00ebr rastin kur ai nuk ka qen\u00eb kryetar ,un\u00eb ndej nevoj\u00ebn , t\u00eb cek\u00eb se anomalia e k\u00ebtill\u00eb nuk ndodhi n\u00eb koh\u00ebn time, dhe nuk mund t\u00eb paraqitem, si \u201canglez&#8230;\u201d?!! Por padyshim dua t\u00eb cek\u00eb se asnj\u00eb veprim antiligjor q\u00eb ka ndodhur dhe mbase ndodh, e q\u00eb sot po p\u00ebrfliten me t\u00eb madhe duke u ngritur edhe padi nga prokurori, ose po zhvillohen procese gjyq\u00ebsore, ndaj zyrtar\u00ebve lokal\u00eb, nuk kan\u00eb t b\u00ebjn\u00eb me koh\u00ebn time. Kjo vlen edhe p\u00ebr koh\u00ebn deri sa isha n\u00ebnkryetar i komun\u00ebs.<\/p>\n<p>\u00c7\u2019\u00ebsht\u00eb e v\u00ebrteta, n\u00eb k\u00ebt\u00eb koh\u00eb trash\u00ebguam nj\u00eb p\u00ebrvoj\u00eb shum\u00eb t\u00eb keqe n\u00eb t\u00eb udh\u00ebhequr nga kryetari paraprak i komun\u00ebs dhe sekretari i at\u00ebhersh\u00ebm i urbanizmit. Po t\u00eb hulumtohen rastet, do t\u00eb gjejm\u00eb edhe ndarje t\u00eb tok\u00ebs- pa kuvend fare- krejt fallco ,dhe t\u00eb publikuar m\u00eb von\u00eb n\u00eb Gazet\u00eb Zyrtare, duke iu zyrtarizuar k\u00ebshtu pron\u00ebsin\u00eb pal\u00ebve p\u00ebr tok\u00ebn e komun\u00ebs?!! Edhe pse me ligj vet\u00ebm kuvendit i takon e drejta e ndarjes s\u00eb tok\u00ebs&#8230;.?!!!! Por, nuk kam d\u00ebgjuar q\u00eb kryetarit dhe sekretarit p\u00ebrkat\u00ebs, qoft\u00eb t\u00eb komun\u00ebs , qoft\u00eb t\u00eb urbanizmit, t\u2019i ket\u00eb hyr\u00eb ferr\u00eb n\u00eb k\u00ebmb\u00eb p\u00ebr k\u00ebt\u00eb ?!! Si ka ndodhur kjo , \u00ebsht\u00eb e pa shpjeguar &#8230;?!! Andaj edhe sot, t\u00eb nxjerr\u00ebsh , amendamente pa e pyetur kuvendin, ose duke e hutuar at\u00eb, n\u00eb Ulqin \u00ebsht\u00eb gj\u00eb m\u00eb se e zakonshme?!!<\/p>\n<p><a href=\"http:\/\/www.visit-ulcinj.com\/blog\/wp-content\/uploads\/2014\/12\/Prishja-e-rrug\u00ebs-n\u00eb-Bulevardin-Teuta-Ulqin.jpg\"><img loading=\"lazy\" class=\"alignleft wp-image-86947\" src=\"http:\/\/www.visit-ulcinj.com\/blog\/wp-content\/uploads\/2014\/12\/Prishja-e-rrug\u00ebs-n\u00eb-Bulevardin-Teuta-Ulqin.jpg\" alt=\"Prishja e rrug\u00ebs n\u00eb Bulevardin Teuta-Ulqin\" width=\"508\" height=\"319\" srcset=\"https:\/\/www.visit-ulcinj.com\/blog\/wp-content\/uploads\/2014\/12\/Prishja-e-rrug\u00ebs-n\u00eb-Bulevardin-Teuta-Ulqin.jpg 560w, https:\/\/www.visit-ulcinj.com\/blog\/wp-content\/uploads\/2014\/12\/Prishja-e-rrug\u00ebs-n\u00eb-Bulevardin-Teuta-Ulqin-300x188.jpg 300w\" sizes=\"(max-width: 508px) 100vw, 508px\" \/><\/a><\/p>\n<p><strong><em>Historiku i problemit<\/em><\/strong><\/p>\n<p>Bulevardi ishte investim i republik\u00ebs ,q\u00eb iu dha n\u00eb shfryt\u00ebzim dhe kontroll komun\u00ebs. Ai n\u00eb fillim, ishte i parapar\u00eb me plan gjeneral \u2013 nga republika, por pasi nuk ishte miratuar plani detal, iu la komun\u00ebs q\u00eb t\u00eb b\u00ebj\u00eb marrjen e tokave nga qytetar\u00ebt si dhe zhd\u00ebmtimi i qytetar\u00ebve Ky proces u krye n\u00eb koh\u00ebn e Skender Hoxh\u00ebs , si kryetar komune. E kryeminist\u00ebr ishte z.Filip Vujanoviqi. N\u00eb rastin ton\u00eb bulevardi bashk\u00eb me ur\u00ebn iu parapriu planeve detale .Dhe sot as ai dhe as ura nuk kan\u00eb leje p\u00ebrdorimi ngase nuk i plot\u00ebsojn\u00eb kushtet urbanistike. Bulevardi , p\u00ebr hir t\u00eb disa personave, bashk\u00eb me ur\u00ebn,e nd\u00ebrroi disa her\u00eb\u201d trasen \u201ce vet, t\u00eb parapar\u00eb me plan gjeneral duke dredhuar sipas interesit t\u00eb personave p\u00ebrkat\u00ebs dhe me influenc\u00eb q\u00eb k\u00ebtu kishin tokat,por pa nxjerr\u00eb ndonj\u00eb vendim profesionist\u00ebsh dhe pa u miratuar n\u00eb kuvendin lokal&#8230;?!!!<\/p>\n<p><a href=\"http:\/\/www.visit-ulcinj.com\/blog\/wp-content\/uploads\/2014\/12\/Nazif-cungu_mustafa.jpg\"><img loading=\"lazy\" class=\"alignleft wp-image-87106\" src=\"http:\/\/www.visit-ulcinj.com\/blog\/wp-content\/uploads\/2014\/12\/Nazif-cungu_mustafa.jpg\" alt=\"Nazif-cungu_mustafa\" width=\"508\" height=\"339\" srcset=\"https:\/\/www.visit-ulcinj.com\/blog\/wp-content\/uploads\/2014\/12\/Nazif-cungu_mustafa.jpg 720w, https:\/\/www.visit-ulcinj.com\/blog\/wp-content\/uploads\/2014\/12\/Nazif-cungu_mustafa-300x200.jpg 300w\" sizes=\"(max-width: 508px) 100vw, 508px\" \/><\/a><\/p>\n<p><strong><em>Sipas neve kryetar\u00ebt q\u00eb e siguruan at\u00eb me leje ishte Cungu e Mustafa ?!!<\/em><\/strong><\/p>\n<p>Duke l\u00ebn\u00eb anash zhd\u00ebmtimin jo t\u00eb drejt\u00eb duke mos qen\u00eb p\u00ebr t\u00eb gjith\u00eb nj\u00eblloj, firm\u00ebs Kastelana, lejen p\u00ebr pomp\u00eb t\u00eb benzin\u00ebs n\u00eb Kuvend , ia kaloi M. Mustafa, kurse i bie q\u00eb atij t\u2019ia ket\u00eb propozuar,kryetari i komun\u00ebs \u2013Cungu. Ngjash\u00ebm, ashtu si mua kur mi propozonte G. Hajdinaga dhe un\u00eb nga nj\u00ebher\u00eb edhe ia refuzoja kur ishin t\u00eb pa ligjshme. Madje edhe duke rrezikuar vet\u00eb funksionin tim, duke ia p\u00ebrjashtuar nga kuvendi k\u00ebshilltar\u00ebt e tij dhe t\u00eb DPS-it, edhe pse m\u00eb kishin zgjedhur si shumic\u00eb. N\u00eb k\u00ebto raste votoja shpesh pikat me opozit\u00ebn e at\u00ebhershme?!!!<\/p>\n<p>K\u00ebsaj q\u00eb ndodhi p\u00ebr bulevard, duke votuar amendamentin e pa ligjsh\u00ebm, me t\u00eb cilin pronari i pomp\u00ebs , b\u00ebn\u00eb k\u00ebt\u00eb q\u00eb b\u00ebn, e p\u00ebr t\u00eb cilin flet Gjok\u00eb Dabi, sipas neve, i bie t\u00eb jet\u00eb, si puna e atij korrigjimit t\u00eb hartimit t\u00eb nj\u00eb filloristi t\u00eb cilin n\u00eb vend t\u00eb arsimtarit t\u00eb gjuh\u00ebs, korrigjimin ia e b\u00ebn nj\u00eb mjek ..?!!! N\u00eb k\u00ebto situata, mund\u00ebsia q\u00eb mjeku t\u00eb gaboj\u00eb \u00ebsht\u00eb tep\u00ebr e m\u00ebdhe. Kuptohet q\u00eb edhe objektet t\u00eb cilat e p\u00ebrcoll\u00ebn at\u00eb jan\u00eb ashtu si vet\u00eb bulevardi pa leje, e jasht\u00eb planit detal urbanistik. <strong>Aty edhe palmat , jan\u00eb t\u00eb v\u00ebna pa plan; trotuari i mbaruar gjith\u00eb ashtu?! Jasht\u00eb \u00e7do standardi, jan\u00eb t\u00eb v\u00ebna edhe shtyllat elektrike t\u00eb ndri\u00e7imit publik, p\u00ebr t\u00eb cilat aksidentalisht u p\u00ebrplas nj\u00eb i ri duke gjetur vdekjen..?!! Kurse para do koh\u00ebve, te kthesa e ur\u00ebs , e cila jasht\u00eb \u00e7do parametri urbanistik, fillon nga bulevardi me nj\u00eb k\u00ebnd\u00eb prej 90 shkall\u00ebsh, ndikoi q\u00eb nj\u00eb qytetari t\u2019i sillej p\u00ebrmbys kamioni i tij i ngarkuar n\u00eb p\u00ebrpjete , pran\u00eb nj\u00eb shpejt\u00ebsie prej vet\u00ebm 40 km n\u00eb or\u00eb<\/strong>?!!! Po sikur ai t\u00eb kishte qen\u00eb duke shkuar , t\u00ebrmal(te posht\u00eb&#8230;), do t\u00eb kish p\u00ebsuar fatin e t\u00eb parit.Kurse p\u00ebr k\u00ebt\u00eb aksident me t\u00eb drejt\u00eb , pala ka ngritur padi dhe k\u00ebrkon zhd\u00ebmtim n\u00eb gjyq&#8230;?!!! m\u00ebsohet se seanca e fundi n\u00eb gjyq , p\u00ebr rastin u zhvillua k\u00ebtyre dit\u00ebve, kurse ajo u shty p\u00ebr nj\u00eb dit\u00eb tjet\u00ebr.<\/p>\n<p>Rasti i fatkeq\u00ebsive , n\u00eb te ,sa vjen e shtohet dita dit\u00ebs&#8230;?!!! Nd\u00ebrsa komun\u00ebs i mbet t\u00eb paguaj d\u00ebmtimet e aksidenteve , kurse p\u00ebr vdekjet e ndodhura dhe atyre q\u00eb do t\u00eb ndodhin, ka mbetur t\u00eb besojm\u00eb vet\u00ebm p\u00ebr gjyqet q\u00eb do ndodhin mat\u2019an\u00eb t\u00eb durnjall\u00ebkut \u2013 kush beson&#8230;?!!<\/p>\n<p>P\u00ebrfund shtojm\u00eb se pronari i pomp\u00ebs Kastelana, ka plot\u00ebsisht t\u00eb drejt\u00eb dhe me vet\u00ebdije e b\u00ebn\u00eb k\u00ebt\u00eb&#8230;?!! Sepse n\u00eb hart\u00ebn q\u00eb i disponon , i bie q\u00eb n\u00eb teori, aty t\u00eb jet\u00eb , tok\u00eb shtet\u00ebrore- kullos\u00eb e klas\u00ebs\u00a0\u00a0 tret\u00eb dhe me t\u00eb drejt\u00eb ka filluar e i sh\u00ebnon palmat q\u00eb e pengojn\u00eb&#8230;.?!!<\/p>\n<p><a href=\"http:\/\/wikimapia.org\/#lang=en&amp;lat=41.926167&amp;lon=19.231498&amp;z=19&amp;m=b&amp;permpoly=25150575\" target=\"_blank\"><img loading=\"lazy\" class=\"alignleft wp-image-87105\" src=\"http:\/\/www.visit-ulcinj.com\/blog\/wp-content\/uploads\/2014\/12\/Bulevardi-Teuta-Ulqin.jpg\" alt=\"Bulevardi-Teuta-Ulqin\" width=\"508\" height=\"233\" srcset=\"https:\/\/www.visit-ulcinj.com\/blog\/wp-content\/uploads\/2014\/12\/Bulevardi-Teuta-Ulqin.jpg 1000w, https:\/\/www.visit-ulcinj.com\/blog\/wp-content\/uploads\/2014\/12\/Bulevardi-Teuta-Ulqin-300x137.jpg 300w\" sizes=\"(max-width: 508px) 100vw, 508px\" \/><\/a><strong>Zmadho Harten<\/strong><\/p>\n","protected":false},"excerpt":{"rendered":"<p>Shkruan :Muhamet Nika Transmetohet se n\u00eb dit\u00ebn e gjyqit t\u00eb madh mat \u2018an\u00eb, \u00e7do mashtrues do ta ket\u00eb t\u00eb ngritur lart\u00eb flamurin e mashtrimit, kurse lart\u00ebsia e tij varet prej madh\u00ebsis\u00eb s\u00eb g\u00ebnjeshtr\u00ebs n\u00eb dyrnjall\u00ebk. Flamuri m\u00eb lart\u00eb i ngritur, thuhet se , do t\u00eb jet\u00eb ai i udh\u00ebheq\u00ebsve t\u00eb popullit&#8230;?!!! E sidomos i atyre [&hellip;]<\/p>\n","protected":false},"author":1,"featured_media":0,"comment_status":"closed","ping_status":"closed","sticky":false,"template":"","format":"standard","meta":{"spay_email":"","jetpack_publicize_message":"","jetpack_is_tweetstorm":false,"jetpack_publicize_feature_enabled":true},"categories":[1,14249],"tags":[],"jetpack_publicize_connections":[],"yoast_head":"<!-- This site is optimized with the Yoast SEO plugin v19.1 - https:\/\/yoast.com\/wordpress\/plugins\/seo\/ -->\n<title>Nika: Bulevardi i vdekjes - Lajme nga Ulqini<\/title>\n<meta name=\"description\" content=\"Shkruan :Muhamet Nika Transmetohet se n\u00eb dit\u00ebn e gjyqit t\u00eb madh mat \u2018an\u00eb, \u00e7do mashtrues do ta ket\u00eb t\u00eb ngritur lart\u00eb flamurin e mashtrimit, kurse lart\u00ebsia\" \/>\n<meta name=\"robots\" content=\"index, follow, max-snippet:-1, max-image-preview:large, max-video-preview:-1\" \/>\n<link rel=\"canonical\" href=\"https:\/\/www.visit-ulcinj.com\/blog\/2014\/12\/16\/nika-bulevardi-vdekjes\/\" \/>\n<meta property=\"og:locale\" content=\"en_US\" \/>\n<meta property=\"og:type\" content=\"article\" \/>\n<meta property=\"og:title\" content=\"Nika: Bulevardi i vdekjes - Lajme nga Ulqini\" \/>\n<meta property=\"og:description\" content=\"Shkruan :Muhamet Nika Transmetohet se n\u00eb dit\u00ebn e gjyqit t\u00eb madh mat \u2018an\u00eb, \u00e7do mashtrues do ta ket\u00eb t\u00eb ngritur lart\u00eb flamurin e mashtrimit, kurse lart\u00ebsia\" \/>\n<meta property=\"og:url\" content=\"https:\/\/www.visit-ulcinj.com\/blog\/2014\/12\/16\/nika-bulevardi-vdekjes\/\" \/>\n<meta property=\"og:site_name\" content=\"Lajme nga Ulqini\" \/>\n<meta property=\"article:published_time\" content=\"2014-12-16T15:07:30+00:00\" \/>\n<meta property=\"article:modified_time\" content=\"2014-12-18T07:37:12+00:00\" \/>\n<meta property=\"og:image\" content=\"http:\/\/www.visit-ulcinj.com\/blog\/wp-content\/uploads\/2014\/11\/Muhamet-Nika.jpg\" \/>\n<meta name=\"twitter:label1\" content=\"Written by\" \/>\n\t<meta name=\"twitter:data1\" content=\"ulqini\" \/>\n\t<meta name=\"twitter:label2\" content=\"Est. reading time\" \/>\n\t<meta name=\"twitter:data2\" content=\"6 minutes\" \/>\n<script type=\"application\/ld+json\" class=\"yoast-schema-graph\">{\"@context\":\"https:\/\/schema.org\",\"@graph\":[{\"@type\":\"WebSite\",\"@id\":\"https:\/\/www.visit-ulcinj.com\/blog\/#website\",\"url\":\"https:\/\/www.visit-ulcinj.com\/blog\/\",\"name\":\"Lajme nga Ulqini\",\"description\":\"Lajme,Vijesti,Ulqini,Ulqin,Crna Gora,Mali i Zi\",\"potentialAction\":[{\"@type\":\"SearchAction\",\"target\":{\"@type\":\"EntryPoint\",\"urlTemplate\":\"https:\/\/www.visit-ulcinj.com\/blog\/?s={search_term_string}\"},\"query-input\":\"required name=search_term_string\"}],\"inLanguage\":\"en-US\"},{\"@type\":\"ImageObject\",\"inLanguage\":\"en-US\",\"@id\":\"https:\/\/www.visit-ulcinj.com\/blog\/2014\/12\/16\/nika-bulevardi-vdekjes\/#primaryimage\",\"url\":\"https:\/\/www.visit-ulcinj.com\/blog\/wp-content\/uploads\/2014\/11\/Muhamet-Nika.jpg\",\"contentUrl\":\"https:\/\/www.visit-ulcinj.com\/blog\/wp-content\/uploads\/2014\/11\/Muhamet-Nika.jpg\",\"width\":256,\"height\":319},{\"@type\":\"WebPage\",\"@id\":\"https:\/\/www.visit-ulcinj.com\/blog\/2014\/12\/16\/nika-bulevardi-vdekjes\/#webpage\",\"url\":\"https:\/\/www.visit-ulcinj.com\/blog\/2014\/12\/16\/nika-bulevardi-vdekjes\/\",\"name\":\"Nika: Bulevardi i vdekjes - Lajme nga Ulqini\",\"isPartOf\":{\"@id\":\"https:\/\/www.visit-ulcinj.com\/blog\/#website\"},\"primaryImageOfPage\":{\"@id\":\"https:\/\/www.visit-ulcinj.com\/blog\/2014\/12\/16\/nika-bulevardi-vdekjes\/#primaryimage\"},\"datePublished\":\"2014-12-16T15:07:30+00:00\",\"dateModified\":\"2014-12-18T07:37:12+00:00\",\"author\":{\"@id\":\"https:\/\/www.visit-ulcinj.com\/blog\/#\/schema\/person\/dcab619c614d3038751c63bc2aadc06d\"},\"description\":\"Shkruan :Muhamet Nika Transmetohet se n\u00eb dit\u00ebn e gjyqit t\u00eb madh mat \u2018an\u00eb, \u00e7do mashtrues do ta ket\u00eb t\u00eb ngritur lart\u00eb flamurin e mashtrimit, kurse lart\u00ebsia\",\"breadcrumb\":{\"@id\":\"https:\/\/www.visit-ulcinj.com\/blog\/2014\/12\/16\/nika-bulevardi-vdekjes\/#breadcrumb\"},\"inLanguage\":\"en-US\",\"potentialAction\":[{\"@type\":\"ReadAction\",\"target\":[\"https:\/\/www.visit-ulcinj.com\/blog\/2014\/12\/16\/nika-bulevardi-vdekjes\/\"]}]},{\"@type\":\"BreadcrumbList\",\"@id\":\"https:\/\/www.visit-ulcinj.com\/blog\/2014\/12\/16\/nika-bulevardi-vdekjes\/#breadcrumb\",\"itemListElement\":[{\"@type\":\"ListItem\",\"position\":1,\"name\":\"Nika: Bulevardi i vdekjes\"}]},{\"@type\":\"Person\",\"@id\":\"https:\/\/www.visit-ulcinj.com\/blog\/#\/schema\/person\/dcab619c614d3038751c63bc2aadc06d\",\"name\":\"ulqini\",\"sameAs\":[\"http:\/\/www.visit-ulcinj.com\"],\"url\":\"https:\/\/www.visit-ulcinj.com\/blog\/author\/admin\/\"}]}<\/script>\n<!-- \/ Yoast SEO plugin. -->","yoast_head_json":{"title":"Nika: Bulevardi i vdekjes - Lajme nga Ulqini","description":"Shkruan :Muhamet Nika Transmetohet se n\u00eb dit\u00ebn e gjyqit t\u00eb madh mat \u2018an\u00eb, \u00e7do mashtrues do ta ket\u00eb t\u00eb ngritur lart\u00eb flamurin e mashtrimit, kurse lart\u00ebsia","robots":{"index":"index","follow":"follow","max-snippet":"max-snippet:-1","max-image-preview":"max-image-preview:large","max-video-preview":"max-video-preview:-1"},"canonical":"https:\/\/www.visit-ulcinj.com\/blog\/2014\/12\/16\/nika-bulevardi-vdekjes\/","og_locale":"en_US","og_type":"article","og_title":"Nika: Bulevardi i vdekjes - Lajme nga Ulqini","og_description":"Shkruan :Muhamet Nika Transmetohet se n\u00eb dit\u00ebn e gjyqit t\u00eb madh mat \u2018an\u00eb, \u00e7do mashtrues do ta ket\u00eb t\u00eb ngritur lart\u00eb flamurin e mashtrimit, kurse lart\u00ebsia","og_url":"https:\/\/www.visit-ulcinj.com\/blog\/2014\/12\/16\/nika-bulevardi-vdekjes\/","og_site_name":"Lajme nga Ulqini","article_published_time":"2014-12-16T15:07:30+00:00","article_modified_time":"2014-12-18T07:37:12+00:00","og_image":[{"url":"http:\/\/www.visit-ulcinj.com\/blog\/wp-content\/uploads\/2014\/11\/Muhamet-Nika.jpg"}],"twitter_misc":{"Written by":"ulqini","Est. reading time":"6 minutes"},"schema":{"@context":"https:\/\/schema.org","@graph":[{"@type":"WebSite","@id":"https:\/\/www.visit-ulcinj.com\/blog\/#website","url":"https:\/\/www.visit-ulcinj.com\/blog\/","name":"Lajme nga Ulqini","description":"Lajme,Vijesti,Ulqini,Ulqin,Crna Gora,Mali i Zi","potentialAction":[{"@type":"SearchAction","target":{"@type":"EntryPoint","urlTemplate":"https:\/\/www.visit-ulcinj.com\/blog\/?s={search_term_string}"},"query-input":"required name=search_term_string"}],"inLanguage":"en-US"},{"@type":"ImageObject","inLanguage":"en-US","@id":"https:\/\/www.visit-ulcinj.com\/blog\/2014\/12\/16\/nika-bulevardi-vdekjes\/#primaryimage","url":"https:\/\/www.visit-ulcinj.com\/blog\/wp-content\/uploads\/2014\/11\/Muhamet-Nika.jpg","contentUrl":"https:\/\/www.visit-ulcinj.com\/blog\/wp-content\/uploads\/2014\/11\/Muhamet-Nika.jpg","width":256,"height":319},{"@type":"WebPage","@id":"https:\/\/www.visit-ulcinj.com\/blog\/2014\/12\/16\/nika-bulevardi-vdekjes\/#webpage","url":"https:\/\/www.visit-ulcinj.com\/blog\/2014\/12\/16\/nika-bulevardi-vdekjes\/","name":"Nika: Bulevardi i vdekjes - Lajme nga Ulqini","isPartOf":{"@id":"https:\/\/www.visit-ulcinj.com\/blog\/#website"},"primaryImageOfPage":{"@id":"https:\/\/www.visit-ulcinj.com\/blog\/2014\/12\/16\/nika-bulevardi-vdekjes\/#primaryimage"},"datePublished":"2014-12-16T15:07:30+00:00","dateModified":"2014-12-18T07:37:12+00:00","author":{"@id":"https:\/\/www.visit-ulcinj.com\/blog\/#\/schema\/person\/dcab619c614d3038751c63bc2aadc06d"},"description":"Shkruan :Muhamet Nika Transmetohet se n\u00eb dit\u00ebn e gjyqit t\u00eb madh mat \u2018an\u00eb, \u00e7do mashtrues do ta ket\u00eb t\u00eb ngritur lart\u00eb flamurin e mashtrimit, kurse lart\u00ebsia","breadcrumb":{"@id":"https:\/\/www.visit-ulcinj.com\/blog\/2014\/12\/16\/nika-bulevardi-vdekjes\/#breadcrumb"},"inLanguage":"en-US","potentialAction":[{"@type":"ReadAction","target":["https:\/\/www.visit-ulcinj.com\/blog\/2014\/12\/16\/nika-bulevardi-vdekjes\/"]}]},{"@type":"BreadcrumbList","@id":"https:\/\/www.visit-ulcinj.com\/blog\/2014\/12\/16\/nika-bulevardi-vdekjes\/#breadcrumb","itemListElement":[{"@type":"ListItem","position":1,"name":"Nika: Bulevardi i vdekjes"}]},{"@type":"Person","@id":"https:\/\/www.visit-ulcinj.com\/blog\/#\/schema\/person\/dcab619c614d3038751c63bc2aadc06d","name":"ulqini","sameAs":["http:\/\/www.visit-ulcinj.com"],"url":"https:\/\/www.visit-ulcinj.com\/blog\/author\/admin\/"}]}},"jetpack_featured_media_url":"","jetpack_sharing_enabled":true,"jetpack_shortlink":"https:\/\/wp.me\/pe6lTn-mEU","_links":{"self":[{"href":"https:\/\/www.visit-ulcinj.com\/blog\/wp-json\/wp\/v2\/posts\/87104"}],"collection":[{"href":"https:\/\/www.visit-ulcinj.com\/blog\/wp-json\/wp\/v2\/posts"}],"about":[{"href":"https:\/\/www.visit-ulcinj.com\/blog\/wp-json\/wp\/v2\/types\/post"}],"author":[{"embeddable":true,"href":"https:\/\/www.visit-ulcinj.com\/blog\/wp-json\/wp\/v2\/users\/1"}],"replies":[{"embeddable":true,"href":"https:\/\/www.visit-ulcinj.com\/blog\/wp-json\/wp\/v2\/comments?post=87104"}],"version-history":[{"count":1,"href":"https:\/\/www.visit-ulcinj.com\/blog\/wp-json\/wp\/v2\/posts\/87104\/revisions"}],"predecessor-version":[{"id":87107,"href":"https:\/\/www.visit-ulcinj.com\/blog\/wp-json\/wp\/v2\/posts\/87104\/revisions\/87107"}],"wp:attachment":[{"href":"https:\/\/www.visit-ulcinj.com\/blog\/wp-json\/wp\/v2\/media?parent=87104"}],"wp:term":[{"taxonomy":"category","embeddable":true,"href":"https:\/\/www.visit-ulcinj.com\/blog\/wp-json\/wp\/v2\/categories?post=87104"},{"taxonomy":"post_tag","embeddable":true,"href":"https:\/\/www.visit-ulcinj.com\/blog\/wp-json\/wp\/v2\/tags?post=87104"}],"curies":[{"name":"wp","href":"https:\/\/api.w.org\/{rel}","templated":true}]}}