{"id":87116,"date":"2014-12-16T17:38:45","date_gmt":"2014-12-16T16:38:45","guid":{"rendered":"http:\/\/www.visit-ulcinj.com\/blog\/?p=87116"},"modified":"2014-12-16T18:21:02","modified_gmt":"2014-12-16T17:21:02","slug":"ulcinj-dobija-svoj-prvi-akva-park-ljeta","status":"publish","type":"post","link":"https:\/\/www.visit-ulcinj.com\/blog\/2014\/12\/16\/ulcinj-dobija-svoj-prvi-akva-park-ljeta\/","title":{"rendered":"Ulcinj dobija svoj prvi akva park do ljeta"},"content":{"rendered":"<p><strong><span class=\"credits__author\"> <a href=\"http:\/\/www.visit-ulcinj.com\/blog\/wp-content\/uploads\/2014\/12\/Potpisivanje-ugovora-za-Akva-park-Ulcinj.jpg\"><img loading=\"lazy\" class=\"alignleft wp-image-87117\" src=\"http:\/\/www.visit-ulcinj.com\/blog\/wp-content\/uploads\/2014\/12\/Potpisivanje-ugovora-za-Akva-park-Ulcinj.jpg\" alt=\"Potpisivanje ugovora za Akva park - Ulcinj\" width=\"508\" height=\"286\" srcset=\"https:\/\/www.visit-ulcinj.com\/blog\/wp-content\/uploads\/2014\/12\/Potpisivanje-ugovora-za-Akva-park-Ulcinj.jpg 1024w, https:\/\/www.visit-ulcinj.com\/blog\/wp-content\/uploads\/2014\/12\/Potpisivanje-ugovora-za-Akva-park-Ulcinj-300x168.jpg 300w\" sizes=\"(max-width: 508px) 100vw, 508px\" \/><\/a>Autor: Samir Adrovi\u0107 <\/span><\/strong><\/p>\n<p>Predsjednik Op\u0161tine Ulcinj Fatmir \u0110eka i predstavnik turske kompanije Polin, odnosno k\u0107erke firme u Crnoj Gori \u201cUlcinj akva park&amp;Entertainment\u201d, Sahret Hajdarpa\u0161i\u0107 zaklju\u010dili su u Ulcinju ugovor o gradnji akva\u00a0parka u \u0160toju vrijednog sedam i po muiliona eura.<\/p>\n<p>Vodeni grad bi\u0107e izgra\u0111en na blizu 25 hiljada kvadrata, a realizacijom projekta bi\u0107e otvoreno novih 80 radnih mjesta.<\/p>\n<p>\u0110eka je kazao da \u0107e izgradnjom vodenog grada, Ulcinj dobiti jo\u0161 prepoznatljivije mjesto na turisti\u010dkoj mapi planete.<\/p>\n<p>&#8220;Veoma smno vodili ra\u010duna i o interesima \u0160toja jer je u pitanju investicija u tom naselju. Trudili smo se da mje\u0161tanima predo\u010dimo prednosti koje \u0107e od toga imati i oni i grad u cjelini&#8221;, kazao je \u0110eka.<\/p>\n<p>Hajadapa\u0161i\u0107 je naveo da je investitor sa planiranih pet, vrijednost pove\u0107ao na sedam miliona eura.<\/p>\n<p>&#8220;Bi\u0107e to jedan od najve\u0107ih akva\u00a0parkova na Balkanu&#8221;, kazao je on dodaju\u0107i\u00a0da \u0107e Polin po\u0161tovati rokove i u \u0160toju izgraditi vodeni grad prije po\u010detka sezone.<\/p>\n<p><a href=\"http:\/\/www.visit-ulcinj.com\/blog\/wp-content\/uploads\/2014\/12\/Nenshkrimi-kontrates-Akva-park-Ulqin.jpg\"><img loading=\"lazy\" class=\"alignleft wp-image-87125\" src=\"http:\/\/www.visit-ulcinj.com\/blog\/wp-content\/uploads\/2014\/12\/Nenshkrimi-kontrates-Akva-park-Ulqin.jpg\" alt=\"Nenshkrimi-kontrates-Akva-park-Ulqin\" width=\"508\" height=\"286\" srcset=\"https:\/\/www.visit-ulcinj.com\/blog\/wp-content\/uploads\/2014\/12\/Nenshkrimi-kontrates-Akva-park-Ulqin.jpg 1024w, https:\/\/www.visit-ulcinj.com\/blog\/wp-content\/uploads\/2014\/12\/Nenshkrimi-kontrates-Akva-park-Ulqin-300x168.jpg 300w\" sizes=\"(max-width: 508px) 100vw, 508px\" \/><\/a><\/p>\n<p>Polin je zemlji\u0161te u \u0160toju uzeo pod zakup od Op\u0161tine na 30 godina.<\/p>\n<p>Dok je u kabinetu \u0110eke trajao pres, u holu su protestvovali Anton i Peko Rudovi\u0107, biv\u0161i vlasnici imovine u \u0160toju na kojoj \u0107e se graditi Akva park.<\/p>\n<p>Anron je nedavno dobio spor ali je predmet ponovo vra\u0107en prvostepenom organu na odlu\u010divanje. \u0110eka je ranije rekao da \u0107e Rudovi\u0107ima, ukoliko dobiju spor po pravosna\u017enoj presudi Op\u0161tina ponuditi drugu zemlju po istoj tr\u017ei\u0161noj vrijednosti ili u potpunosti prepustiti ugovor o zakupu.<\/p>\n<p><strong>Izvor: Vijesti<\/strong><\/p>\n","protected":false},"excerpt":{"rendered":"<p>Autor: Samir Adrovi\u0107 Predsjednik Op\u0161tine Ulcinj Fatmir \u0110eka i predstavnik turske kompanije Polin, odnosno k\u0107erke firme u Crnoj Gori \u201cUlcinj akva park&amp;Entertainment\u201d, Sahret Hajdarpa\u0161i\u0107 zaklju\u010dili su u Ulcinju ugovor o gradnji akva\u00a0parka u \u0160toju vrijednog sedam i po muiliona eura. Vodeni grad bi\u0107e izgra\u0111en na blizu 25 hiljada kvadrata, a realizacijom projekta bi\u0107e otvoreno novih [&hellip;]<\/p>\n","protected":false},"author":1,"featured_media":0,"comment_status":"closed","ping_status":"closed","sticky":false,"template":"","format":"standard","meta":{"spay_email":"","jetpack_publicize_message":"","jetpack_is_tweetstorm":false,"jetpack_publicize_feature_enabled":true},"categories":[8337],"tags":[],"jetpack_publicize_connections":[],"yoast_head":"<!-- This site is optimized with the Yoast SEO plugin v19.1 - https:\/\/yoast.com\/wordpress\/plugins\/seo\/ -->\n<title>Ulcinj dobija svoj prvi akva park do ljeta - Lajme nga Ulqini<\/title>\n<meta name=\"description\" content=\"Autor: Samir Adrovi\u0107 Predsjednik Op\u0161tine Ulcinj Fatmir \u0110eka i predstavnik turske kompanije Polin, odnosno k\u0107erke firme u Crnoj Gori \u201cUlcinj akva\" \/>\n<meta name=\"robots\" content=\"index, follow, max-snippet:-1, max-image-preview:large, max-video-preview:-1\" \/>\n<link rel=\"canonical\" href=\"https:\/\/www.visit-ulcinj.com\/blog\/2014\/12\/16\/ulcinj-dobija-svoj-prvi-akva-park-ljeta\/\" \/>\n<meta property=\"og:locale\" content=\"en_US\" \/>\n<meta property=\"og:type\" content=\"article\" \/>\n<meta property=\"og:title\" content=\"Ulcinj dobija svoj prvi akva park do ljeta - Lajme nga Ulqini\" \/>\n<meta property=\"og:description\" content=\"Autor: Samir Adrovi\u0107 Predsjednik Op\u0161tine Ulcinj Fatmir \u0110eka i predstavnik turske kompanije Polin, odnosno k\u0107erke firme u Crnoj Gori \u201cUlcinj akva\" \/>\n<meta property=\"og:url\" content=\"https:\/\/www.visit-ulcinj.com\/blog\/2014\/12\/16\/ulcinj-dobija-svoj-prvi-akva-park-ljeta\/\" \/>\n<meta property=\"og:site_name\" content=\"Lajme nga Ulqini\" \/>\n<meta property=\"article:published_time\" content=\"2014-12-16T16:38:45+00:00\" \/>\n<meta property=\"article:modified_time\" content=\"2014-12-16T17:21:02+00:00\" \/>\n<meta property=\"og:image\" content=\"http:\/\/www.visit-ulcinj.com\/blog\/wp-content\/uploads\/2014\/12\/Potpisivanje-ugovora-za-Akva-park-Ulcinj.jpg\" \/>\n<meta name=\"twitter:label1\" content=\"Written by\" \/>\n\t<meta name=\"twitter:data1\" content=\"ulqini\" \/>\n\t<meta name=\"twitter:label2\" content=\"Est. reading time\" \/>\n\t<meta name=\"twitter:data2\" content=\"1 minute\" \/>\n<script type=\"application\/ld+json\" class=\"yoast-schema-graph\">{\"@context\":\"https:\/\/schema.org\",\"@graph\":[{\"@type\":\"WebSite\",\"@id\":\"https:\/\/www.visit-ulcinj.com\/blog\/#website\",\"url\":\"https:\/\/www.visit-ulcinj.com\/blog\/\",\"name\":\"Lajme nga Ulqini\",\"description\":\"Lajme,Vijesti,Ulqini,Ulqin,Crna Gora,Mali i Zi\",\"potentialAction\":[{\"@type\":\"SearchAction\",\"target\":{\"@type\":\"EntryPoint\",\"urlTemplate\":\"https:\/\/www.visit-ulcinj.com\/blog\/?s={search_term_string}\"},\"query-input\":\"required name=search_term_string\"}],\"inLanguage\":\"en-US\"},{\"@type\":\"ImageObject\",\"inLanguage\":\"en-US\",\"@id\":\"https:\/\/www.visit-ulcinj.com\/blog\/2014\/12\/16\/ulcinj-dobija-svoj-prvi-akva-park-ljeta\/#primaryimage\",\"url\":\"https:\/\/www.visit-ulcinj.com\/blog\/wp-content\/uploads\/2014\/12\/Potpisivanje-ugovora-za-Akva-park-Ulcinj.jpg\",\"contentUrl\":\"https:\/\/www.visit-ulcinj.com\/blog\/wp-content\/uploads\/2014\/12\/Potpisivanje-ugovora-za-Akva-park-Ulcinj.jpg\",\"width\":1024,\"height\":576},{\"@type\":\"WebPage\",\"@id\":\"https:\/\/www.visit-ulcinj.com\/blog\/2014\/12\/16\/ulcinj-dobija-svoj-prvi-akva-park-ljeta\/#webpage\",\"url\":\"https:\/\/www.visit-ulcinj.com\/blog\/2014\/12\/16\/ulcinj-dobija-svoj-prvi-akva-park-ljeta\/\",\"name\":\"Ulcinj dobija svoj prvi akva park do ljeta - Lajme nga Ulqini\",\"isPartOf\":{\"@id\":\"https:\/\/www.visit-ulcinj.com\/blog\/#website\"},\"primaryImageOfPage\":{\"@id\":\"https:\/\/www.visit-ulcinj.com\/blog\/2014\/12\/16\/ulcinj-dobija-svoj-prvi-akva-park-ljeta\/#primaryimage\"},\"datePublished\":\"2014-12-16T16:38:45+00:00\",\"dateModified\":\"2014-12-16T17:21:02+00:00\",\"author\":{\"@id\":\"https:\/\/www.visit-ulcinj.com\/blog\/#\/schema\/person\/dcab619c614d3038751c63bc2aadc06d\"},\"description\":\"Autor: Samir Adrovi\u0107 Predsjednik Op\u0161tine Ulcinj Fatmir \u0110eka i predstavnik turske kompanije Polin, odnosno k\u0107erke firme u Crnoj Gori \u201cUlcinj akva\",\"breadcrumb\":{\"@id\":\"https:\/\/www.visit-ulcinj.com\/blog\/2014\/12\/16\/ulcinj-dobija-svoj-prvi-akva-park-ljeta\/#breadcrumb\"},\"inLanguage\":\"en-US\",\"potentialAction\":[{\"@type\":\"ReadAction\",\"target\":[\"https:\/\/www.visit-ulcinj.com\/blog\/2014\/12\/16\/ulcinj-dobija-svoj-prvi-akva-park-ljeta\/\"]}]},{\"@type\":\"BreadcrumbList\",\"@id\":\"https:\/\/www.visit-ulcinj.com\/blog\/2014\/12\/16\/ulcinj-dobija-svoj-prvi-akva-park-ljeta\/#breadcrumb\",\"itemListElement\":[{\"@type\":\"ListItem\",\"position\":1,\"name\":\"Ulcinj dobija svoj prvi akva park do ljeta\"}]},{\"@type\":\"Person\",\"@id\":\"https:\/\/www.visit-ulcinj.com\/blog\/#\/schema\/person\/dcab619c614d3038751c63bc2aadc06d\",\"name\":\"ulqini\",\"sameAs\":[\"http:\/\/www.visit-ulcinj.com\"],\"url\":\"https:\/\/www.visit-ulcinj.com\/blog\/author\/admin\/\"}]}<\/script>\n<!-- \/ Yoast SEO plugin. -->","yoast_head_json":{"title":"Ulcinj dobija svoj prvi akva park do ljeta - Lajme nga Ulqini","description":"Autor: Samir Adrovi\u0107 Predsjednik Op\u0161tine Ulcinj Fatmir \u0110eka i predstavnik turske kompanije Polin, odnosno k\u0107erke firme u Crnoj Gori \u201cUlcinj akva","robots":{"index":"index","follow":"follow","max-snippet":"max-snippet:-1","max-image-preview":"max-image-preview:large","max-video-preview":"max-video-preview:-1"},"canonical":"https:\/\/www.visit-ulcinj.com\/blog\/2014\/12\/16\/ulcinj-dobija-svoj-prvi-akva-park-ljeta\/","og_locale":"en_US","og_type":"article","og_title":"Ulcinj dobija svoj prvi akva park do ljeta - Lajme nga Ulqini","og_description":"Autor: Samir Adrovi\u0107 Predsjednik Op\u0161tine Ulcinj Fatmir \u0110eka i predstavnik turske kompanije Polin, odnosno k\u0107erke firme u Crnoj Gori \u201cUlcinj akva","og_url":"https:\/\/www.visit-ulcinj.com\/blog\/2014\/12\/16\/ulcinj-dobija-svoj-prvi-akva-park-ljeta\/","og_site_name":"Lajme nga Ulqini","article_published_time":"2014-12-16T16:38:45+00:00","article_modified_time":"2014-12-16T17:21:02+00:00","og_image":[{"url":"http:\/\/www.visit-ulcinj.com\/blog\/wp-content\/uploads\/2014\/12\/Potpisivanje-ugovora-za-Akva-park-Ulcinj.jpg"}],"twitter_misc":{"Written by":"ulqini","Est. reading time":"1 minute"},"schema":{"@context":"https:\/\/schema.org","@graph":[{"@type":"WebSite","@id":"https:\/\/www.visit-ulcinj.com\/blog\/#website","url":"https:\/\/www.visit-ulcinj.com\/blog\/","name":"Lajme nga Ulqini","description":"Lajme,Vijesti,Ulqini,Ulqin,Crna Gora,Mali i Zi","potentialAction":[{"@type":"SearchAction","target":{"@type":"EntryPoint","urlTemplate":"https:\/\/www.visit-ulcinj.com\/blog\/?s={search_term_string}"},"query-input":"required name=search_term_string"}],"inLanguage":"en-US"},{"@type":"ImageObject","inLanguage":"en-US","@id":"https:\/\/www.visit-ulcinj.com\/blog\/2014\/12\/16\/ulcinj-dobija-svoj-prvi-akva-park-ljeta\/#primaryimage","url":"https:\/\/www.visit-ulcinj.com\/blog\/wp-content\/uploads\/2014\/12\/Potpisivanje-ugovora-za-Akva-park-Ulcinj.jpg","contentUrl":"https:\/\/www.visit-ulcinj.com\/blog\/wp-content\/uploads\/2014\/12\/Potpisivanje-ugovora-za-Akva-park-Ulcinj.jpg","width":1024,"height":576},{"@type":"WebPage","@id":"https:\/\/www.visit-ulcinj.com\/blog\/2014\/12\/16\/ulcinj-dobija-svoj-prvi-akva-park-ljeta\/#webpage","url":"https:\/\/www.visit-ulcinj.com\/blog\/2014\/12\/16\/ulcinj-dobija-svoj-prvi-akva-park-ljeta\/","name":"Ulcinj dobija svoj prvi akva park do ljeta - Lajme nga Ulqini","isPartOf":{"@id":"https:\/\/www.visit-ulcinj.com\/blog\/#website"},"primaryImageOfPage":{"@id":"https:\/\/www.visit-ulcinj.com\/blog\/2014\/12\/16\/ulcinj-dobija-svoj-prvi-akva-park-ljeta\/#primaryimage"},"datePublished":"2014-12-16T16:38:45+00:00","dateModified":"2014-12-16T17:21:02+00:00","author":{"@id":"https:\/\/www.visit-ulcinj.com\/blog\/#\/schema\/person\/dcab619c614d3038751c63bc2aadc06d"},"description":"Autor: Samir Adrovi\u0107 Predsjednik Op\u0161tine Ulcinj Fatmir \u0110eka i predstavnik turske kompanije Polin, odnosno k\u0107erke firme u Crnoj Gori \u201cUlcinj akva","breadcrumb":{"@id":"https:\/\/www.visit-ulcinj.com\/blog\/2014\/12\/16\/ulcinj-dobija-svoj-prvi-akva-park-ljeta\/#breadcrumb"},"inLanguage":"en-US","potentialAction":[{"@type":"ReadAction","target":["https:\/\/www.visit-ulcinj.com\/blog\/2014\/12\/16\/ulcinj-dobija-svoj-prvi-akva-park-ljeta\/"]}]},{"@type":"BreadcrumbList","@id":"https:\/\/www.visit-ulcinj.com\/blog\/2014\/12\/16\/ulcinj-dobija-svoj-prvi-akva-park-ljeta\/#breadcrumb","itemListElement":[{"@type":"ListItem","position":1,"name":"Ulcinj dobija svoj prvi akva park do ljeta"}]},{"@type":"Person","@id":"https:\/\/www.visit-ulcinj.com\/blog\/#\/schema\/person\/dcab619c614d3038751c63bc2aadc06d","name":"ulqini","sameAs":["http:\/\/www.visit-ulcinj.com"],"url":"https:\/\/www.visit-ulcinj.com\/blog\/author\/admin\/"}]}},"jetpack_featured_media_url":"","jetpack_sharing_enabled":true,"jetpack_shortlink":"https:\/\/wp.me\/pe6lTn-mF6","_links":{"self":[{"href":"https:\/\/www.visit-ulcinj.com\/blog\/wp-json\/wp\/v2\/posts\/87116"}],"collection":[{"href":"https:\/\/www.visit-ulcinj.com\/blog\/wp-json\/wp\/v2\/posts"}],"about":[{"href":"https:\/\/www.visit-ulcinj.com\/blog\/wp-json\/wp\/v2\/types\/post"}],"author":[{"embeddable":true,"href":"https:\/\/www.visit-ulcinj.com\/blog\/wp-json\/wp\/v2\/users\/1"}],"replies":[{"embeddable":true,"href":"https:\/\/www.visit-ulcinj.com\/blog\/wp-json\/wp\/v2\/comments?post=87116"}],"version-history":[{"count":2,"href":"https:\/\/www.visit-ulcinj.com\/blog\/wp-json\/wp\/v2\/posts\/87116\/revisions"}],"predecessor-version":[{"id":87126,"href":"https:\/\/www.visit-ulcinj.com\/blog\/wp-json\/wp\/v2\/posts\/87116\/revisions\/87126"}],"wp:attachment":[{"href":"https:\/\/www.visit-ulcinj.com\/blog\/wp-json\/wp\/v2\/media?parent=87116"}],"wp:term":[{"taxonomy":"category","embeddable":true,"href":"https:\/\/www.visit-ulcinj.com\/blog\/wp-json\/wp\/v2\/categories?post=87116"},{"taxonomy":"post_tag","embeddable":true,"href":"https:\/\/www.visit-ulcinj.com\/blog\/wp-json\/wp\/v2\/tags?post=87116"}],"curies":[{"name":"wp","href":"https:\/\/api.w.org\/{rel}","templated":true}]}}