{"id":87119,"date":"2014-12-16T17:44:23","date_gmt":"2014-12-16T16:44:23","guid":{"rendered":"http:\/\/www.visit-ulcinj.com\/blog\/?p=87119"},"modified":"2014-12-16T18:22:01","modified_gmt":"2014-12-16T17:22:01","slug":"nenshkruhet-marreveshja-per-ndertimin-e-akva-parkut-ne-ulqin","status":"publish","type":"post","link":"https:\/\/www.visit-ulcinj.com\/blog\/2014\/12\/16\/nenshkruhet-marreveshja-per-ndertimin-e-akva-parkut-ne-ulqin\/","title":{"rendered":"N\u00ebnshkruhet marr\u00ebveshja p\u00ebr nd\u00ebrtimin e  Akva Parkut n\u00eb Ulqin"},"content":{"rendered":"<p><a href=\"http:\/\/www.visit-ulcinj.com\/blog\/wp-content\/uploads\/2014\/12\/Potpisivanje-ugovora-za-Akva-park-Ulcinj.jpg\"><img loading=\"lazy\" class=\"alignleft wp-image-87117\" src=\"http:\/\/www.visit-ulcinj.com\/blog\/wp-content\/uploads\/2014\/12\/Potpisivanje-ugovora-za-Akva-park-Ulcinj.jpg\" alt=\"Potpisivanje ugovora za Akva park - Ulcinj\" width=\"508\" height=\"286\" srcset=\"https:\/\/www.visit-ulcinj.com\/blog\/wp-content\/uploads\/2014\/12\/Potpisivanje-ugovora-za-Akva-park-Ulcinj.jpg 1024w, https:\/\/www.visit-ulcinj.com\/blog\/wp-content\/uploads\/2014\/12\/Potpisivanje-ugovora-za-Akva-park-Ulcinj-300x168.jpg 300w\" sizes=\"(max-width: 508px) 100vw, 508px\" \/><\/a>Ulqini deri n\u00eb fund t\u00eb qershorit t\u00eb vitit t\u00eb ardhsh\u00ebm duhet t\u00eb fitoj\u00eb akva parkun m\u00eb t\u00eb madh n\u00eb k\u00ebt\u00eb pjes\u00eb t\u00eb Ballkanit. Marr\u00ebveshjen p\u00ebr k\u00ebt\u00eb e n\u00ebnshkruan sot n\u00eb kabinetin e kryetarit t\u00eb komun\u00ebs s\u00eb Ulqinit, Fatmir Gjeka dhe Sahret Hajdarpashiq, drejtori ekzekutiv i kompanis\u00eb \u201cUlcinj akva park &amp; Entertainment\u201d, themelues dhe pronar i s\u00eb cil\u00ebs \u00ebsht\u00eb kompania e njohur turke \u201cPolin\u201d, raporton Portali Ul.info.<\/p>\n<p>Gjeka falend\u00ebroi t\u00eb gjith\u00eb t\u00eb cil\u00ebt n\u00eb \u00e7far\u00eb do m\u00ebnyr\u00eb kan\u00eb marr\u00eb pjes\u00eb n\u00eb realizimin e k\u00ebsaj pune duke th\u00ebn\u00eb se ky \u00ebsht\u00eb mesazh i mir\u00eb edhe p\u00ebr investitor\u00ebt tjer\u00eb. \u201cUlqini nuk ka koh\u00eb t\u00eb pres: na nevojiten investimet, vendet e reja t\u00eb pun\u00ebs, klim\u00eb e mir\u00eb investuese\u201d, tha ai.<\/p>\n<p>Hajdarpashiq theksoi q\u00eb investimi i p\u00ebrgjithsh\u00ebm p\u00ebr nd\u00ebrtimit e parkut ujor n\u00eb Shtoj do t\u00eb jet\u00eb rreth 7,5 milion euro. \u201cEksperienca e Turqis\u00eb tregon q\u00eb k\u00ebto lloj objektesh ndikojn\u00eb n\u00eb zgjatjen e sezonit dhe rritjen e t\u00eb ardhurave\u201d, shtoi ai.<\/p>\n<p><a href=\"http:\/\/www.visit-ulcinj.com\/blog\/wp-content\/uploads\/2014\/12\/Nenshkrimi-kontrates-Akva-park-Ulqin.jpg\"><img loading=\"lazy\" class=\"alignleft wp-image-87125\" src=\"http:\/\/www.visit-ulcinj.com\/blog\/wp-content\/uploads\/2014\/12\/Nenshkrimi-kontrates-Akva-park-Ulqin.jpg\" alt=\"Nenshkrimi-kontrates-Akva-park-Ulqin\" width=\"508\" height=\"286\" srcset=\"https:\/\/www.visit-ulcinj.com\/blog\/wp-content\/uploads\/2014\/12\/Nenshkrimi-kontrates-Akva-park-Ulqin.jpg 1024w, https:\/\/www.visit-ulcinj.com\/blog\/wp-content\/uploads\/2014\/12\/Nenshkrimi-kontrates-Akva-park-Ulqin-300x168.jpg 300w\" sizes=\"(max-width: 508px) 100vw, 508px\" \/><\/a><\/p>\n<p>Polin, p\u00ebrndryshe, deri tani ka pajisur rreth 2500 mij\u00eb akva parqe n\u00eb bot\u00eb. Vitin e kaluar ka nd\u00ebrtuar parkun ujor n\u00eb Franc\u00eb, nd\u00ebrsa kjo \u00ebsht\u00eb hera e dyt\u00eb q\u00eb paraqitet si investitor i pavarur.<\/p>\n<p>N\u00eb k\u00ebt\u00eb ngjarje ishin t\u00eb pranish\u00ebm personalitete t\u00eb shquara nga jeta politike dhe ekonomike e Malit t\u00eb Zi dhe Ulqinit. Nd\u00ebr to ishin dhe n\u00ebnkryetari i Kuvendit t\u00eb Malit t\u00eb Zi Sulo Mustafiq, funksionar\u00ebt komunal, drejtor\u00ebt e nd\u00ebrmarrjeve publike, agjencive dhe organizatave, kryetar\u00ebt e PDS-s\u00eb dhe PSD-s\u00eb n\u00eb Ulqin Loro Nrekiq dhe Selim Resulbegoviq, Lidhjes demokratike dhe Iniciativ\u00ebs qytetare \u201cPerspektiva\u201d Mehmet Bardhi dhe Amir Hollaj, si dhe drejtori ekzekutiv i UBA Ibrahim Milla.<\/p>\n<p>Ato po ashtu pan\u00eb prezantimin e projektit t\u00eb ardhsh\u00ebm i cili do t\u00eb gjendet n\u00eb tok\u00ebn me sip\u00ebrfaqe 25,5 mij\u00eb met\u00ebr katror n\u00eb pjes\u00ebn e pasme t\u00eb Plazhit t\u00eb madh t\u00eb Ulqinit.<\/p>\n","protected":false},"excerpt":{"rendered":"<p>Ulqini deri n\u00eb fund t\u00eb qershorit t\u00eb vitit t\u00eb ardhsh\u00ebm duhet t\u00eb fitoj\u00eb akva parkun m\u00eb t\u00eb madh n\u00eb k\u00ebt\u00eb pjes\u00eb t\u00eb Ballkanit. Marr\u00ebveshjen p\u00ebr k\u00ebt\u00eb e n\u00ebnshkruan sot n\u00eb kabinetin e kryetarit t\u00eb komun\u00ebs s\u00eb Ulqinit, Fatmir Gjeka dhe Sahret Hajdarpashiq, drejtori ekzekutiv i kompanis\u00eb \u201cUlcinj akva park &amp; Entertainment\u201d, themelues dhe pronar i [&hellip;]<\/p>\n","protected":false},"author":1,"featured_media":0,"comment_status":"closed","ping_status":"closed","sticky":false,"template":"","format":"standard","meta":{"spay_email":"","jetpack_publicize_message":"","jetpack_is_tweetstorm":false,"jetpack_publicize_feature_enabled":true},"categories":[10],"tags":[],"jetpack_publicize_connections":[],"yoast_head":"<!-- This site is optimized with the Yoast SEO plugin v19.1 - https:\/\/yoast.com\/wordpress\/plugins\/seo\/ -->\n<title>N\u00ebnshkruhet marr\u00ebveshja p\u00ebr nd\u00ebrtimin e Akva Parkut n\u00eb Ulqin - Lajme nga Ulqini<\/title>\n<meta name=\"description\" content=\"Ulqini deri n\u00eb fund t\u00eb qershorit t\u00eb vitit t\u00eb ardhsh\u00ebm duhet t\u00eb fitoj\u00eb akva parkun m\u00eb t\u00eb madh n\u00eb k\u00ebt\u00eb pjes\u00eb t\u00eb Ballkanit. Marr\u00ebveshjen p\u00ebr k\u00ebt\u00eb e\" \/>\n<meta name=\"robots\" content=\"index, follow, max-snippet:-1, max-image-preview:large, max-video-preview:-1\" \/>\n<link rel=\"canonical\" href=\"https:\/\/www.visit-ulcinj.com\/blog\/2014\/12\/16\/nenshkruhet-marreveshja-per-ndertimin-e-akva-parkut-ne-ulqin\/\" \/>\n<meta property=\"og:locale\" content=\"en_US\" \/>\n<meta property=\"og:type\" content=\"article\" \/>\n<meta property=\"og:title\" content=\"N\u00ebnshkruhet marr\u00ebveshja p\u00ebr nd\u00ebrtimin e Akva Parkut n\u00eb Ulqin - Lajme nga Ulqini\" \/>\n<meta property=\"og:description\" content=\"Ulqini deri n\u00eb fund t\u00eb qershorit t\u00eb vitit t\u00eb ardhsh\u00ebm duhet t\u00eb fitoj\u00eb akva parkun m\u00eb t\u00eb madh n\u00eb k\u00ebt\u00eb pjes\u00eb t\u00eb Ballkanit. Marr\u00ebveshjen p\u00ebr k\u00ebt\u00eb e\" \/>\n<meta property=\"og:url\" content=\"https:\/\/www.visit-ulcinj.com\/blog\/2014\/12\/16\/nenshkruhet-marreveshja-per-ndertimin-e-akva-parkut-ne-ulqin\/\" \/>\n<meta property=\"og:site_name\" content=\"Lajme nga Ulqini\" \/>\n<meta property=\"article:published_time\" content=\"2014-12-16T16:44:23+00:00\" \/>\n<meta property=\"article:modified_time\" content=\"2014-12-16T17:22:01+00:00\" \/>\n<meta property=\"og:image\" content=\"http:\/\/www.visit-ulcinj.com\/blog\/wp-content\/uploads\/2014\/12\/Potpisivanje-ugovora-za-Akva-park-Ulcinj.jpg\" \/>\n<meta name=\"twitter:label1\" content=\"Written by\" \/>\n\t<meta name=\"twitter:data1\" content=\"ulqini\" \/>\n\t<meta name=\"twitter:label2\" content=\"Est. reading time\" \/>\n\t<meta name=\"twitter:data2\" content=\"2 minutes\" \/>\n<script type=\"application\/ld+json\" class=\"yoast-schema-graph\">{\"@context\":\"https:\/\/schema.org\",\"@graph\":[{\"@type\":\"WebSite\",\"@id\":\"https:\/\/www.visit-ulcinj.com\/blog\/#website\",\"url\":\"https:\/\/www.visit-ulcinj.com\/blog\/\",\"name\":\"Lajme nga Ulqini\",\"description\":\"Lajme,Vijesti,Ulqini,Ulqin,Crna Gora,Mali i Zi\",\"potentialAction\":[{\"@type\":\"SearchAction\",\"target\":{\"@type\":\"EntryPoint\",\"urlTemplate\":\"https:\/\/www.visit-ulcinj.com\/blog\/?s={search_term_string}\"},\"query-input\":\"required name=search_term_string\"}],\"inLanguage\":\"en-US\"},{\"@type\":\"ImageObject\",\"inLanguage\":\"en-US\",\"@id\":\"https:\/\/www.visit-ulcinj.com\/blog\/2014\/12\/16\/nenshkruhet-marreveshja-per-ndertimin-e-akva-parkut-ne-ulqin\/#primaryimage\",\"url\":\"https:\/\/www.visit-ulcinj.com\/blog\/wp-content\/uploads\/2014\/12\/Potpisivanje-ugovora-za-Akva-park-Ulcinj.jpg\",\"contentUrl\":\"https:\/\/www.visit-ulcinj.com\/blog\/wp-content\/uploads\/2014\/12\/Potpisivanje-ugovora-za-Akva-park-Ulcinj.jpg\",\"width\":1024,\"height\":576},{\"@type\":\"WebPage\",\"@id\":\"https:\/\/www.visit-ulcinj.com\/blog\/2014\/12\/16\/nenshkruhet-marreveshja-per-ndertimin-e-akva-parkut-ne-ulqin\/#webpage\",\"url\":\"https:\/\/www.visit-ulcinj.com\/blog\/2014\/12\/16\/nenshkruhet-marreveshja-per-ndertimin-e-akva-parkut-ne-ulqin\/\",\"name\":\"N\u00ebnshkruhet marr\u00ebveshja p\u00ebr nd\u00ebrtimin e Akva Parkut n\u00eb Ulqin - Lajme nga Ulqini\",\"isPartOf\":{\"@id\":\"https:\/\/www.visit-ulcinj.com\/blog\/#website\"},\"primaryImageOfPage\":{\"@id\":\"https:\/\/www.visit-ulcinj.com\/blog\/2014\/12\/16\/nenshkruhet-marreveshja-per-ndertimin-e-akva-parkut-ne-ulqin\/#primaryimage\"},\"datePublished\":\"2014-12-16T16:44:23+00:00\",\"dateModified\":\"2014-12-16T17:22:01+00:00\",\"author\":{\"@id\":\"https:\/\/www.visit-ulcinj.com\/blog\/#\/schema\/person\/dcab619c614d3038751c63bc2aadc06d\"},\"description\":\"Ulqini deri n\u00eb fund t\u00eb qershorit t\u00eb vitit t\u00eb ardhsh\u00ebm duhet t\u00eb fitoj\u00eb akva parkun m\u00eb t\u00eb madh n\u00eb k\u00ebt\u00eb pjes\u00eb t\u00eb Ballkanit. Marr\u00ebveshjen p\u00ebr k\u00ebt\u00eb e\",\"breadcrumb\":{\"@id\":\"https:\/\/www.visit-ulcinj.com\/blog\/2014\/12\/16\/nenshkruhet-marreveshja-per-ndertimin-e-akva-parkut-ne-ulqin\/#breadcrumb\"},\"inLanguage\":\"en-US\",\"potentialAction\":[{\"@type\":\"ReadAction\",\"target\":[\"https:\/\/www.visit-ulcinj.com\/blog\/2014\/12\/16\/nenshkruhet-marreveshja-per-ndertimin-e-akva-parkut-ne-ulqin\/\"]}]},{\"@type\":\"BreadcrumbList\",\"@id\":\"https:\/\/www.visit-ulcinj.com\/blog\/2014\/12\/16\/nenshkruhet-marreveshja-per-ndertimin-e-akva-parkut-ne-ulqin\/#breadcrumb\",\"itemListElement\":[{\"@type\":\"ListItem\",\"position\":1,\"name\":\"N\u00ebnshkruhet marr\u00ebveshja p\u00ebr nd\u00ebrtimin e Akva Parkut n\u00eb Ulqin\"}]},{\"@type\":\"Person\",\"@id\":\"https:\/\/www.visit-ulcinj.com\/blog\/#\/schema\/person\/dcab619c614d3038751c63bc2aadc06d\",\"name\":\"ulqini\",\"sameAs\":[\"http:\/\/www.visit-ulcinj.com\"],\"url\":\"https:\/\/www.visit-ulcinj.com\/blog\/author\/admin\/\"}]}<\/script>\n<!-- \/ Yoast SEO plugin. -->","yoast_head_json":{"title":"N\u00ebnshkruhet marr\u00ebveshja p\u00ebr nd\u00ebrtimin e Akva Parkut n\u00eb Ulqin - Lajme nga Ulqini","description":"Ulqini deri n\u00eb fund t\u00eb qershorit t\u00eb vitit t\u00eb ardhsh\u00ebm duhet t\u00eb fitoj\u00eb akva parkun m\u00eb t\u00eb madh n\u00eb k\u00ebt\u00eb pjes\u00eb t\u00eb Ballkanit. Marr\u00ebveshjen p\u00ebr k\u00ebt\u00eb e","robots":{"index":"index","follow":"follow","max-snippet":"max-snippet:-1","max-image-preview":"max-image-preview:large","max-video-preview":"max-video-preview:-1"},"canonical":"https:\/\/www.visit-ulcinj.com\/blog\/2014\/12\/16\/nenshkruhet-marreveshja-per-ndertimin-e-akva-parkut-ne-ulqin\/","og_locale":"en_US","og_type":"article","og_title":"N\u00ebnshkruhet marr\u00ebveshja p\u00ebr nd\u00ebrtimin e Akva Parkut n\u00eb Ulqin - Lajme nga Ulqini","og_description":"Ulqini deri n\u00eb fund t\u00eb qershorit t\u00eb vitit t\u00eb ardhsh\u00ebm duhet t\u00eb fitoj\u00eb akva parkun m\u00eb t\u00eb madh n\u00eb k\u00ebt\u00eb pjes\u00eb t\u00eb Ballkanit. Marr\u00ebveshjen p\u00ebr k\u00ebt\u00eb e","og_url":"https:\/\/www.visit-ulcinj.com\/blog\/2014\/12\/16\/nenshkruhet-marreveshja-per-ndertimin-e-akva-parkut-ne-ulqin\/","og_site_name":"Lajme nga Ulqini","article_published_time":"2014-12-16T16:44:23+00:00","article_modified_time":"2014-12-16T17:22:01+00:00","og_image":[{"url":"http:\/\/www.visit-ulcinj.com\/blog\/wp-content\/uploads\/2014\/12\/Potpisivanje-ugovora-za-Akva-park-Ulcinj.jpg"}],"twitter_misc":{"Written by":"ulqini","Est. reading time":"2 minutes"},"schema":{"@context":"https:\/\/schema.org","@graph":[{"@type":"WebSite","@id":"https:\/\/www.visit-ulcinj.com\/blog\/#website","url":"https:\/\/www.visit-ulcinj.com\/blog\/","name":"Lajme nga Ulqini","description":"Lajme,Vijesti,Ulqini,Ulqin,Crna Gora,Mali i Zi","potentialAction":[{"@type":"SearchAction","target":{"@type":"EntryPoint","urlTemplate":"https:\/\/www.visit-ulcinj.com\/blog\/?s={search_term_string}"},"query-input":"required name=search_term_string"}],"inLanguage":"en-US"},{"@type":"ImageObject","inLanguage":"en-US","@id":"https:\/\/www.visit-ulcinj.com\/blog\/2014\/12\/16\/nenshkruhet-marreveshja-per-ndertimin-e-akva-parkut-ne-ulqin\/#primaryimage","url":"https:\/\/www.visit-ulcinj.com\/blog\/wp-content\/uploads\/2014\/12\/Potpisivanje-ugovora-za-Akva-park-Ulcinj.jpg","contentUrl":"https:\/\/www.visit-ulcinj.com\/blog\/wp-content\/uploads\/2014\/12\/Potpisivanje-ugovora-za-Akva-park-Ulcinj.jpg","width":1024,"height":576},{"@type":"WebPage","@id":"https:\/\/www.visit-ulcinj.com\/blog\/2014\/12\/16\/nenshkruhet-marreveshja-per-ndertimin-e-akva-parkut-ne-ulqin\/#webpage","url":"https:\/\/www.visit-ulcinj.com\/blog\/2014\/12\/16\/nenshkruhet-marreveshja-per-ndertimin-e-akva-parkut-ne-ulqin\/","name":"N\u00ebnshkruhet marr\u00ebveshja p\u00ebr nd\u00ebrtimin e Akva Parkut n\u00eb Ulqin - Lajme nga Ulqini","isPartOf":{"@id":"https:\/\/www.visit-ulcinj.com\/blog\/#website"},"primaryImageOfPage":{"@id":"https:\/\/www.visit-ulcinj.com\/blog\/2014\/12\/16\/nenshkruhet-marreveshja-per-ndertimin-e-akva-parkut-ne-ulqin\/#primaryimage"},"datePublished":"2014-12-16T16:44:23+00:00","dateModified":"2014-12-16T17:22:01+00:00","author":{"@id":"https:\/\/www.visit-ulcinj.com\/blog\/#\/schema\/person\/dcab619c614d3038751c63bc2aadc06d"},"description":"Ulqini deri n\u00eb fund t\u00eb qershorit t\u00eb vitit t\u00eb ardhsh\u00ebm duhet t\u00eb fitoj\u00eb akva parkun m\u00eb t\u00eb madh n\u00eb k\u00ebt\u00eb pjes\u00eb t\u00eb Ballkanit. Marr\u00ebveshjen p\u00ebr k\u00ebt\u00eb e","breadcrumb":{"@id":"https:\/\/www.visit-ulcinj.com\/blog\/2014\/12\/16\/nenshkruhet-marreveshja-per-ndertimin-e-akva-parkut-ne-ulqin\/#breadcrumb"},"inLanguage":"en-US","potentialAction":[{"@type":"ReadAction","target":["https:\/\/www.visit-ulcinj.com\/blog\/2014\/12\/16\/nenshkruhet-marreveshja-per-ndertimin-e-akva-parkut-ne-ulqin\/"]}]},{"@type":"BreadcrumbList","@id":"https:\/\/www.visit-ulcinj.com\/blog\/2014\/12\/16\/nenshkruhet-marreveshja-per-ndertimin-e-akva-parkut-ne-ulqin\/#breadcrumb","itemListElement":[{"@type":"ListItem","position":1,"name":"N\u00ebnshkruhet marr\u00ebveshja p\u00ebr nd\u00ebrtimin e Akva Parkut n\u00eb Ulqin"}]},{"@type":"Person","@id":"https:\/\/www.visit-ulcinj.com\/blog\/#\/schema\/person\/dcab619c614d3038751c63bc2aadc06d","name":"ulqini","sameAs":["http:\/\/www.visit-ulcinj.com"],"url":"https:\/\/www.visit-ulcinj.com\/blog\/author\/admin\/"}]}},"jetpack_featured_media_url":"","jetpack_sharing_enabled":true,"jetpack_shortlink":"https:\/\/wp.me\/pe6lTn-mF9","_links":{"self":[{"href":"https:\/\/www.visit-ulcinj.com\/blog\/wp-json\/wp\/v2\/posts\/87119"}],"collection":[{"href":"https:\/\/www.visit-ulcinj.com\/blog\/wp-json\/wp\/v2\/posts"}],"about":[{"href":"https:\/\/www.visit-ulcinj.com\/blog\/wp-json\/wp\/v2\/types\/post"}],"author":[{"embeddable":true,"href":"https:\/\/www.visit-ulcinj.com\/blog\/wp-json\/wp\/v2\/users\/1"}],"replies":[{"embeddable":true,"href":"https:\/\/www.visit-ulcinj.com\/blog\/wp-json\/wp\/v2\/comments?post=87119"}],"version-history":[{"count":2,"href":"https:\/\/www.visit-ulcinj.com\/blog\/wp-json\/wp\/v2\/posts\/87119\/revisions"}],"predecessor-version":[{"id":87127,"href":"https:\/\/www.visit-ulcinj.com\/blog\/wp-json\/wp\/v2\/posts\/87119\/revisions\/87127"}],"wp:attachment":[{"href":"https:\/\/www.visit-ulcinj.com\/blog\/wp-json\/wp\/v2\/media?parent=87119"}],"wp:term":[{"taxonomy":"category","embeddable":true,"href":"https:\/\/www.visit-ulcinj.com\/blog\/wp-json\/wp\/v2\/categories?post=87119"},{"taxonomy":"post_tag","embeddable":true,"href":"https:\/\/www.visit-ulcinj.com\/blog\/wp-json\/wp\/v2\/tags?post=87119"}],"curies":[{"name":"wp","href":"https:\/\/api.w.org\/{rel}","templated":true}]}}