{"id":87133,"date":"2014-12-17T16:22:43","date_gmt":"2014-12-17T15:22:43","guid":{"rendered":"http:\/\/www.visit-ulcinj.com\/blog\/?p=87133"},"modified":"2014-12-21T13:37:50","modified_gmt":"2014-12-21T12:37:50","slug":"iliriana-gjoni-me-nje-koncert-recital-ne-ulqin-video","status":"publish","type":"post","link":"https:\/\/www.visit-ulcinj.com\/blog\/2014\/12\/17\/iliriana-gjoni-me-nje-koncert-recital-ne-ulqin-video\/","title":{"rendered":"Iliriana Gjoni me nj\u00eb koncert recital n\u00eb Ulqin &#8211; Video"},"content":{"rendered":"<p><strong><a href=\"http:\/\/www.visit-ulcinj.com\/blog\/wp-content\/uploads\/2014\/12\/Iliriana-Gjoni.jpg\"><img loading=\"lazy\" class=\"alignleft wp-image-87134\" src=\"http:\/\/www.visit-ulcinj.com\/blog\/wp-content\/uploads\/2014\/12\/Iliriana-Gjoni.jpg\" alt=\"Iliriana Gjoni\" width=\"508\" height=\"508\" srcset=\"https:\/\/www.visit-ulcinj.com\/blog\/wp-content\/uploads\/2014\/12\/Iliriana-Gjoni.jpg 768w, https:\/\/www.visit-ulcinj.com\/blog\/wp-content\/uploads\/2014\/12\/Iliriana-Gjoni-150x150.jpg 150w, https:\/\/www.visit-ulcinj.com\/blog\/wp-content\/uploads\/2014\/12\/Iliriana-Gjoni-300x300.jpg 300w\" sizes=\"(max-width: 508px) 100vw, 508px\" \/><\/a>Artistja Iliriana Gjoni do t\u00eb mbaj\u00eb koncert recital n\u00eb Ulqin, n\u00eb Shkoll\u00ebn e muzik\u00ebs, me 27 dhjetor, n\u00eb or\u00ebn 19.<\/strong><\/p>\n<p>Ajo sjell nj\u00eb program nga kompozitor\u00ebt J.S. Bach, L. v. Beethoven dhe F. Chopin.<\/p>\n<p>Iliriana u lind n\u00eb Ulqin n\u00eb vitin 1986. M\u00ebsimet e para t\u00eb pianos i merr n\u00eb mosh\u00ebn 9 vje\u00e7are pran\u00eb Shkoll\u00ebs s\u00eb muzik\u00ebs t\u00eb qytetit t\u00eb saj. N\u00eb vitin 2001 mbaron shkoll\u00ebn fillore t\u00eb muzik\u00ebs dhe at\u00eb t\u00eb p\u00ebrgjithshme, duke u cil\u00ebsuar si nx\u00ebn\u00ebse e gjenerat\u00ebs e t\u00eb dy shkollave. N\u00eb t\u00eb nj\u00ebjtin vit njihet me pianistin e pedagogun e famsh\u00ebm malazez, Boris Kraleviq, me t\u00eb cilin fillon nj\u00eb bashk\u00ebpunim intensiv i cili do t\u00eb zgjaste 5 vjet. Paralelisht studimet e saj i vazhdon n\u00eb klas\u00ebn e prof. Lidija Skender pran\u00eb Shkoll\u00ebs se mesme t\u00eb muzik\u00ebs \u201cVasa Paviq\u201d n\u00eb Podgoric\u00eb, nga e cila do t\u00eb cil\u00ebsohej nx\u00ebn\u00ebse e gjenerat\u00ebs n\u00eb vitin 2005.<\/p>\n<p>N\u00eb shtator t\u00eb 2005 regjistrohet n\u00eb Akademin\u00eb e arteve n\u00eb Tiran\u00eb, Departamenti i Pianos n\u00eb\u00a0klas\u00ebn e prof. Nora \u00c7ashku, nd\u00ebrsa diplomohet n\u00eb qershor t\u00eb 2009 me not\u00ebn 10. Nga korriku i 2006 mundi t\u00eb frekuentonte nj\u00eb masterclass \u2013 t\u00eb organizuar nga Akademia \u2013 t\u00eb pianistes dhe pedagoges s\u00eb shquar italiane Lucia Passaglia, me t\u00eb cil\u00ebn fillon nj\u00eb kurs perfeksionimi. Fituese e nj\u00eb burse studimi t\u00eb dh\u00ebn\u00eb nga Qeveria italiane transferohet n\u00eb Itali ku regjistron kurset universitare t\u00eb nivelit t\u00eb dyt\u00eb (master) n\u00eb Konservatorin e Pescaras, n\u00eb klas\u00ebn e prof. Silvio Feliciani.<\/p>\n<p>N\u00eb semestrin dim\u00ebror t\u00eb vitit akademik 2010\/2011 pranohet n\u00eb klas\u00ebn e Prof. Michael Uhde dhe Markus Stange n\u00eb Universitetin e muzik\u00ebs n\u00eb Karlsruhe (Gjermani), si fituese e nj\u00eb burse shk\u00ebmbimi, Erasmus. E mahnitur me shkoll\u00ebn e disiplin\u00ebn gjermane, ajo vendos t\u00eb vazhdoj\u00eb studimet e saj pran\u00eb k\u00ebtij universiteti, gj\u00eb q\u00eb pati si pasoj\u00eb kalimin me sukses t\u00eb nj\u00eb provimi pranues n\u00eb shkurt t\u00eb 2011. N\u00eb korrik t\u00eb 2012 diplomohet me not\u00ebn m\u00eb t\u00eb lart\u00eb dhe i jepet grada \u201eMaster of Music &#8211; Piano\u201c. N\u00eb prill t\u00eb po atij viti pranohet n\u00eb drejtimin Master &#8211; Muzik\u00eb dhome. Poashtu me not\u00ebn m\u00eb t\u00eb lart\u00eb dhe titullin \u201eMaster of Music \u2013 Chamber Music\u201c p\u00ebrfundon studimet n\u00eb k\u00ebt\u00eb deg\u00eb n\u00eb shtator t\u00eb 2014.<\/p>\n<p>Iliriana ka marr\u00eb pjes\u00eb n\u00eb konkurse t\u00eb shumta republikane, federative, komb\u00ebtare e nd\u00ebrkomb\u00ebtare duke u cil\u00ebsuar deri m\u00eb sot me mbi 20 \u00e7mime nga t\u00eb cilat ve\u00e7ohen: 4 Lira t\u00eb arta n\u00eb Garat komb\u00ebtare t\u00eb Malit t\u00eb Zi, 3 Vende t\u00eb para n\u00eb Konkursin mbarkomb\u00ebtar shqiptar EPTA, \u00c7mimi i par\u00eb absolut n\u00eb Garat evropiane t\u00eb mbajtura n\u00eb Itali dhe s\u00eb fundmi \u00c7mimi i par\u00eb n\u00eb Konkursin nd\u00ebrkomb\u00ebtar Guardiagrele (CH). P\u00ebr studimet e saj n\u00eb Gjermani ajo p\u00ebrfitoi nj\u00eb burs\u00eb t\u00eb Ministris\u00eb s\u00eb kultur\u00ebs s\u00eb Republik\u00ebs s\u00eb Malit t\u00eb Zi.<\/p>\n<p><iframe loading=\"lazy\" src=\"\/\/www.dailymotion.com\/embed\/video\/xcjkqu?autoPlay=1\" width=\"508\" height=\"315\" frameborder=\"0\" allowfullscreen=\"allowfullscreen\"><\/iframe><\/p>\n","protected":false},"excerpt":{"rendered":"<p>Artistja Iliriana Gjoni do t\u00eb mbaj\u00eb koncert recital n\u00eb Ulqin, n\u00eb Shkoll\u00ebn e muzik\u00ebs, me 27 dhjetor, n\u00eb or\u00ebn 19. Ajo sjell nj\u00eb program nga kompozitor\u00ebt J.S. Bach, L. v. Beethoven dhe F. Chopin. Iliriana u lind n\u00eb Ulqin n\u00eb vitin 1986. M\u00ebsimet e para t\u00eb pianos i merr n\u00eb mosh\u00ebn 9 vje\u00e7are pran\u00eb Shkoll\u00ebs [&hellip;]<\/p>\n","protected":false},"author":1,"featured_media":0,"comment_status":"closed","ping_status":"closed","sticky":false,"template":"","format":"standard","meta":{"spay_email":"","jetpack_publicize_message":"","jetpack_is_tweetstorm":false,"jetpack_publicize_feature_enabled":true},"categories":[1],"tags":[],"jetpack_publicize_connections":[],"yoast_head":"<!-- This site is optimized with the Yoast SEO plugin v19.1 - https:\/\/yoast.com\/wordpress\/plugins\/seo\/ -->\n<title>Iliriana Gjoni me nj\u00eb koncert recital n\u00eb Ulqin - Video - Lajme nga Ulqini<\/title>\n<meta name=\"description\" content=\"Artistja Iliriana Gjoni do t\u00eb mbaj\u00eb koncert recital n\u00eb Ulqin, n\u00eb Shkoll\u00ebn e muzik\u00ebs, me 27 dhjetor, n\u00eb or\u00ebn 19. Ajo sjell nj\u00eb program nga kompozitor\u00ebt\" \/>\n<meta name=\"robots\" content=\"index, follow, max-snippet:-1, max-image-preview:large, max-video-preview:-1\" \/>\n<link rel=\"canonical\" href=\"https:\/\/www.visit-ulcinj.com\/blog\/2014\/12\/17\/iliriana-gjoni-me-nje-koncert-recital-ne-ulqin-video\/\" \/>\n<meta property=\"og:locale\" content=\"en_US\" \/>\n<meta property=\"og:type\" content=\"article\" \/>\n<meta property=\"og:title\" content=\"Iliriana Gjoni me nj\u00eb koncert recital n\u00eb Ulqin - Video - Lajme nga Ulqini\" \/>\n<meta property=\"og:description\" content=\"Artistja Iliriana Gjoni do t\u00eb mbaj\u00eb koncert recital n\u00eb Ulqin, n\u00eb Shkoll\u00ebn e muzik\u00ebs, me 27 dhjetor, n\u00eb or\u00ebn 19. Ajo sjell nj\u00eb program nga kompozitor\u00ebt\" \/>\n<meta property=\"og:url\" content=\"https:\/\/www.visit-ulcinj.com\/blog\/2014\/12\/17\/iliriana-gjoni-me-nje-koncert-recital-ne-ulqin-video\/\" \/>\n<meta property=\"og:site_name\" content=\"Lajme nga Ulqini\" \/>\n<meta property=\"article:published_time\" content=\"2014-12-17T15:22:43+00:00\" \/>\n<meta property=\"article:modified_time\" content=\"2014-12-21T12:37:50+00:00\" \/>\n<meta property=\"og:image\" content=\"http:\/\/www.visit-ulcinj.com\/blog\/wp-content\/uploads\/2014\/12\/Iliriana-Gjoni.jpg\" \/>\n<meta name=\"twitter:label1\" content=\"Written by\" \/>\n\t<meta name=\"twitter:data1\" content=\"ulqini\" \/>\n\t<meta name=\"twitter:label2\" content=\"Est. reading time\" \/>\n\t<meta name=\"twitter:data2\" content=\"2 minutes\" \/>\n<script type=\"application\/ld+json\" class=\"yoast-schema-graph\">{\"@context\":\"https:\/\/schema.org\",\"@graph\":[{\"@type\":\"WebSite\",\"@id\":\"https:\/\/www.visit-ulcinj.com\/blog\/#website\",\"url\":\"https:\/\/www.visit-ulcinj.com\/blog\/\",\"name\":\"Lajme nga Ulqini\",\"description\":\"Lajme,Vijesti,Ulqini,Ulqin,Crna Gora,Mali i Zi\",\"potentialAction\":[{\"@type\":\"SearchAction\",\"target\":{\"@type\":\"EntryPoint\",\"urlTemplate\":\"https:\/\/www.visit-ulcinj.com\/blog\/?s={search_term_string}\"},\"query-input\":\"required name=search_term_string\"}],\"inLanguage\":\"en-US\"},{\"@type\":\"ImageObject\",\"inLanguage\":\"en-US\",\"@id\":\"https:\/\/www.visit-ulcinj.com\/blog\/2014\/12\/17\/iliriana-gjoni-me-nje-koncert-recital-ne-ulqin-video\/#primaryimage\",\"url\":\"https:\/\/www.visit-ulcinj.com\/blog\/wp-content\/uploads\/2014\/12\/Iliriana-Gjoni.jpg\",\"contentUrl\":\"https:\/\/www.visit-ulcinj.com\/blog\/wp-content\/uploads\/2014\/12\/Iliriana-Gjoni.jpg\",\"width\":768,\"height\":768},{\"@type\":\"WebPage\",\"@id\":\"https:\/\/www.visit-ulcinj.com\/blog\/2014\/12\/17\/iliriana-gjoni-me-nje-koncert-recital-ne-ulqin-video\/#webpage\",\"url\":\"https:\/\/www.visit-ulcinj.com\/blog\/2014\/12\/17\/iliriana-gjoni-me-nje-koncert-recital-ne-ulqin-video\/\",\"name\":\"Iliriana Gjoni me nj\u00eb koncert recital n\u00eb Ulqin - Video - Lajme nga Ulqini\",\"isPartOf\":{\"@id\":\"https:\/\/www.visit-ulcinj.com\/blog\/#website\"},\"primaryImageOfPage\":{\"@id\":\"https:\/\/www.visit-ulcinj.com\/blog\/2014\/12\/17\/iliriana-gjoni-me-nje-koncert-recital-ne-ulqin-video\/#primaryimage\"},\"datePublished\":\"2014-12-17T15:22:43+00:00\",\"dateModified\":\"2014-12-21T12:37:50+00:00\",\"author\":{\"@id\":\"https:\/\/www.visit-ulcinj.com\/blog\/#\/schema\/person\/dcab619c614d3038751c63bc2aadc06d\"},\"description\":\"Artistja Iliriana Gjoni do t\u00eb mbaj\u00eb koncert recital n\u00eb Ulqin, n\u00eb Shkoll\u00ebn e muzik\u00ebs, me 27 dhjetor, n\u00eb or\u00ebn 19. Ajo sjell nj\u00eb program nga kompozitor\u00ebt\",\"breadcrumb\":{\"@id\":\"https:\/\/www.visit-ulcinj.com\/blog\/2014\/12\/17\/iliriana-gjoni-me-nje-koncert-recital-ne-ulqin-video\/#breadcrumb\"},\"inLanguage\":\"en-US\",\"potentialAction\":[{\"@type\":\"ReadAction\",\"target\":[\"https:\/\/www.visit-ulcinj.com\/blog\/2014\/12\/17\/iliriana-gjoni-me-nje-koncert-recital-ne-ulqin-video\/\"]}]},{\"@type\":\"BreadcrumbList\",\"@id\":\"https:\/\/www.visit-ulcinj.com\/blog\/2014\/12\/17\/iliriana-gjoni-me-nje-koncert-recital-ne-ulqin-video\/#breadcrumb\",\"itemListElement\":[{\"@type\":\"ListItem\",\"position\":1,\"name\":\"Iliriana Gjoni me nj\u00eb koncert recital n\u00eb Ulqin &#8211; Video\"}]},{\"@type\":\"Person\",\"@id\":\"https:\/\/www.visit-ulcinj.com\/blog\/#\/schema\/person\/dcab619c614d3038751c63bc2aadc06d\",\"name\":\"ulqini\",\"sameAs\":[\"http:\/\/www.visit-ulcinj.com\"],\"url\":\"https:\/\/www.visit-ulcinj.com\/blog\/author\/admin\/\"}]}<\/script>\n<!-- \/ Yoast SEO plugin. -->","yoast_head_json":{"title":"Iliriana Gjoni me nj\u00eb koncert recital n\u00eb Ulqin - Video - Lajme nga Ulqini","description":"Artistja Iliriana Gjoni do t\u00eb mbaj\u00eb koncert recital n\u00eb Ulqin, n\u00eb Shkoll\u00ebn e muzik\u00ebs, me 27 dhjetor, n\u00eb or\u00ebn 19. Ajo sjell nj\u00eb program nga kompozitor\u00ebt","robots":{"index":"index","follow":"follow","max-snippet":"max-snippet:-1","max-image-preview":"max-image-preview:large","max-video-preview":"max-video-preview:-1"},"canonical":"https:\/\/www.visit-ulcinj.com\/blog\/2014\/12\/17\/iliriana-gjoni-me-nje-koncert-recital-ne-ulqin-video\/","og_locale":"en_US","og_type":"article","og_title":"Iliriana Gjoni me nj\u00eb koncert recital n\u00eb Ulqin - Video - Lajme nga Ulqini","og_description":"Artistja Iliriana Gjoni do t\u00eb mbaj\u00eb koncert recital n\u00eb Ulqin, n\u00eb Shkoll\u00ebn e muzik\u00ebs, me 27 dhjetor, n\u00eb or\u00ebn 19. Ajo sjell nj\u00eb program nga kompozitor\u00ebt","og_url":"https:\/\/www.visit-ulcinj.com\/blog\/2014\/12\/17\/iliriana-gjoni-me-nje-koncert-recital-ne-ulqin-video\/","og_site_name":"Lajme nga Ulqini","article_published_time":"2014-12-17T15:22:43+00:00","article_modified_time":"2014-12-21T12:37:50+00:00","og_image":[{"url":"http:\/\/www.visit-ulcinj.com\/blog\/wp-content\/uploads\/2014\/12\/Iliriana-Gjoni.jpg"}],"twitter_misc":{"Written by":"ulqini","Est. reading time":"2 minutes"},"schema":{"@context":"https:\/\/schema.org","@graph":[{"@type":"WebSite","@id":"https:\/\/www.visit-ulcinj.com\/blog\/#website","url":"https:\/\/www.visit-ulcinj.com\/blog\/","name":"Lajme nga Ulqini","description":"Lajme,Vijesti,Ulqini,Ulqin,Crna Gora,Mali i Zi","potentialAction":[{"@type":"SearchAction","target":{"@type":"EntryPoint","urlTemplate":"https:\/\/www.visit-ulcinj.com\/blog\/?s={search_term_string}"},"query-input":"required name=search_term_string"}],"inLanguage":"en-US"},{"@type":"ImageObject","inLanguage":"en-US","@id":"https:\/\/www.visit-ulcinj.com\/blog\/2014\/12\/17\/iliriana-gjoni-me-nje-koncert-recital-ne-ulqin-video\/#primaryimage","url":"https:\/\/www.visit-ulcinj.com\/blog\/wp-content\/uploads\/2014\/12\/Iliriana-Gjoni.jpg","contentUrl":"https:\/\/www.visit-ulcinj.com\/blog\/wp-content\/uploads\/2014\/12\/Iliriana-Gjoni.jpg","width":768,"height":768},{"@type":"WebPage","@id":"https:\/\/www.visit-ulcinj.com\/blog\/2014\/12\/17\/iliriana-gjoni-me-nje-koncert-recital-ne-ulqin-video\/#webpage","url":"https:\/\/www.visit-ulcinj.com\/blog\/2014\/12\/17\/iliriana-gjoni-me-nje-koncert-recital-ne-ulqin-video\/","name":"Iliriana Gjoni me nj\u00eb koncert recital n\u00eb Ulqin - Video - Lajme nga Ulqini","isPartOf":{"@id":"https:\/\/www.visit-ulcinj.com\/blog\/#website"},"primaryImageOfPage":{"@id":"https:\/\/www.visit-ulcinj.com\/blog\/2014\/12\/17\/iliriana-gjoni-me-nje-koncert-recital-ne-ulqin-video\/#primaryimage"},"datePublished":"2014-12-17T15:22:43+00:00","dateModified":"2014-12-21T12:37:50+00:00","author":{"@id":"https:\/\/www.visit-ulcinj.com\/blog\/#\/schema\/person\/dcab619c614d3038751c63bc2aadc06d"},"description":"Artistja Iliriana Gjoni do t\u00eb mbaj\u00eb koncert recital n\u00eb Ulqin, n\u00eb Shkoll\u00ebn e muzik\u00ebs, me 27 dhjetor, n\u00eb or\u00ebn 19. Ajo sjell nj\u00eb program nga kompozitor\u00ebt","breadcrumb":{"@id":"https:\/\/www.visit-ulcinj.com\/blog\/2014\/12\/17\/iliriana-gjoni-me-nje-koncert-recital-ne-ulqin-video\/#breadcrumb"},"inLanguage":"en-US","potentialAction":[{"@type":"ReadAction","target":["https:\/\/www.visit-ulcinj.com\/blog\/2014\/12\/17\/iliriana-gjoni-me-nje-koncert-recital-ne-ulqin-video\/"]}]},{"@type":"BreadcrumbList","@id":"https:\/\/www.visit-ulcinj.com\/blog\/2014\/12\/17\/iliriana-gjoni-me-nje-koncert-recital-ne-ulqin-video\/#breadcrumb","itemListElement":[{"@type":"ListItem","position":1,"name":"Iliriana Gjoni me nj\u00eb koncert recital n\u00eb Ulqin &#8211; Video"}]},{"@type":"Person","@id":"https:\/\/www.visit-ulcinj.com\/blog\/#\/schema\/person\/dcab619c614d3038751c63bc2aadc06d","name":"ulqini","sameAs":["http:\/\/www.visit-ulcinj.com"],"url":"https:\/\/www.visit-ulcinj.com\/blog\/author\/admin\/"}]}},"jetpack_featured_media_url":"","jetpack_sharing_enabled":true,"jetpack_shortlink":"https:\/\/wp.me\/pe6lTn-mFn","_links":{"self":[{"href":"https:\/\/www.visit-ulcinj.com\/blog\/wp-json\/wp\/v2\/posts\/87133"}],"collection":[{"href":"https:\/\/www.visit-ulcinj.com\/blog\/wp-json\/wp\/v2\/posts"}],"about":[{"href":"https:\/\/www.visit-ulcinj.com\/blog\/wp-json\/wp\/v2\/types\/post"}],"author":[{"embeddable":true,"href":"https:\/\/www.visit-ulcinj.com\/blog\/wp-json\/wp\/v2\/users\/1"}],"replies":[{"embeddable":true,"href":"https:\/\/www.visit-ulcinj.com\/blog\/wp-json\/wp\/v2\/comments?post=87133"}],"version-history":[{"count":5,"href":"https:\/\/www.visit-ulcinj.com\/blog\/wp-json\/wp\/v2\/posts\/87133\/revisions"}],"predecessor-version":[{"id":87187,"href":"https:\/\/www.visit-ulcinj.com\/blog\/wp-json\/wp\/v2\/posts\/87133\/revisions\/87187"}],"wp:attachment":[{"href":"https:\/\/www.visit-ulcinj.com\/blog\/wp-json\/wp\/v2\/media?parent=87133"}],"wp:term":[{"taxonomy":"category","embeddable":true,"href":"https:\/\/www.visit-ulcinj.com\/blog\/wp-json\/wp\/v2\/categories?post=87133"},{"taxonomy":"post_tag","embeddable":true,"href":"https:\/\/www.visit-ulcinj.com\/blog\/wp-json\/wp\/v2\/tags?post=87133"}],"curies":[{"name":"wp","href":"https:\/\/api.w.org\/{rel}","templated":true}]}}