{"id":87141,"date":"2014-12-17T18:17:09","date_gmt":"2014-12-17T17:17:09","guid":{"rendered":"http:\/\/www.visit-ulcinj.com\/blog\/?p=87141"},"modified":"2014-12-17T18:17:09","modified_gmt":"2014-12-17T17:17:09","slug":"u-abazovicevom-pokretu-rakcevic-bojovic-jelusic","status":"publish","type":"post","link":"https:\/\/www.visit-ulcinj.com\/blog\/2014\/12\/17\/u-abazovicevom-pokretu-rakcevic-bojovic-jelusic\/","title":{"rendered":"U Abazovi\u0107evom pokretu i Rak\u010devi\u0107, Bojovi\u0107 i Jelu\u0161i\u0107?"},"content":{"rendered":"<p><a href=\"http:\/\/www.visit-ulcinj.com\/blog\/wp-content\/uploads\/2014\/09\/Dritan-Abazovic-ulqin.jpg\"><img loading=\"lazy\" class=\"alignleft wp-image-85541\" src=\"http:\/\/www.visit-ulcinj.com\/blog\/wp-content\/uploads\/2014\/09\/Dritan-Abazovic-ulqin.jpg\" alt=\"Dritan-Abazovic-ulqin\" width=\"508\" height=\"338\" srcset=\"https:\/\/www.visit-ulcinj.com\/blog\/wp-content\/uploads\/2014\/09\/Dritan-Abazovic-ulqin.jpg 573w, https:\/\/www.visit-ulcinj.com\/blog\/wp-content\/uploads\/2014\/09\/Dritan-Abazovic-ulqin-300x199.jpg 300w\" sizes=\"(max-width: 508px) 100vw, 508px\" \/><\/a>Osniva\u010dka skup\u0161tina Gra\u0111anskog pokreta, novog politi\u010dkog subjekta u Crnoj Gori, trebalo bi da bude odr\u017eana u februaru, a Inicijalni odbor \u0107e konkretne planove predstaviti na konferenciji za novinare u ponedjeljak, saznaje agencija MINA.<\/p>\n<div class=\"body-text\">\n<p>Prema nezvani\u010dnim informacijama, osim biv\u0161ih \u010dlanova Pozitivne Crne Gore Dritana Abazovi\u0107a i Mladena Bojani\u0107a, u tom politi\u010dkom subjektu bi\u0107e i \u017darko Rak\u010devi\u0107 iz Foruma 2010, koji je i koordinator Inicijalnog odbora, kao i profesorica Bo\u017eena Jelu\u0161i\u0107.<\/p>\n<p>U pokretu \u0107e, kako saznaje MINA, biti i lider Pravedne Crne Gore Rade Bojovi\u0107, kao i istaknuti pojedinci iz nevladinog sektora.<\/p>\n<p>Abazovi\u0107 je ranije rekao da \u0107e Gra\u0111anski pokret biti utemeljen na evropskim vrijednostima i da \u0107e program biti baziran na ekonomiji.<\/p>\n<p><strong>Izvor: CDM<\/strong><\/p>\n<\/div>\n","protected":false},"excerpt":{"rendered":"<p>Osniva\u010dka skup\u0161tina Gra\u0111anskog pokreta, novog politi\u010dkog subjekta u Crnoj Gori, trebalo bi da bude odr\u017eana u februaru, a Inicijalni odbor \u0107e konkretne planove predstaviti na konferenciji za novinare u ponedjeljak, saznaje agencija MINA. Prema nezvani\u010dnim informacijama, osim biv\u0161ih \u010dlanova Pozitivne Crne Gore Dritana Abazovi\u0107a i Mladena Bojani\u0107a, u tom politi\u010dkom subjektu bi\u0107e i \u017darko Rak\u010devi\u0107 [&hellip;]<\/p>\n","protected":false},"author":1,"featured_media":0,"comment_status":"closed","ping_status":"closed","sticky":false,"template":"","format":"standard","meta":{"spay_email":"","jetpack_publicize_message":"","jetpack_is_tweetstorm":false,"jetpack_publicize_feature_enabled":true},"categories":[6950],"tags":[],"jetpack_publicize_connections":[],"yoast_head":"<!-- This site is optimized with the Yoast SEO plugin v19.1 - https:\/\/yoast.com\/wordpress\/plugins\/seo\/ -->\n<title>U Abazovi\u0107evom pokretu i Rak\u010devi\u0107, Bojovi\u0107 i Jelu\u0161i\u0107? - Lajme nga Ulqini<\/title>\n<meta name=\"description\" content=\"Osniva\u010dka skup\u0161tina Gra\u0111anskog pokreta, novog politi\u010dkog subjekta u Crnoj Gori, trebalo bi da bude odr\u017eana u februaru, a Inicijalni odbor \u0107e konkretne\" \/>\n<meta name=\"robots\" content=\"index, follow, max-snippet:-1, max-image-preview:large, max-video-preview:-1\" \/>\n<link rel=\"canonical\" href=\"https:\/\/www.visit-ulcinj.com\/blog\/2014\/12\/17\/u-abazovicevom-pokretu-rakcevic-bojovic-jelusic\/\" \/>\n<meta property=\"og:locale\" content=\"en_US\" \/>\n<meta property=\"og:type\" content=\"article\" \/>\n<meta property=\"og:title\" content=\"U Abazovi\u0107evom pokretu i Rak\u010devi\u0107, Bojovi\u0107 i Jelu\u0161i\u0107? - Lajme nga Ulqini\" \/>\n<meta property=\"og:description\" content=\"Osniva\u010dka skup\u0161tina Gra\u0111anskog pokreta, novog politi\u010dkog subjekta u Crnoj Gori, trebalo bi da bude odr\u017eana u februaru, a Inicijalni odbor \u0107e konkretne\" \/>\n<meta property=\"og:url\" content=\"https:\/\/www.visit-ulcinj.com\/blog\/2014\/12\/17\/u-abazovicevom-pokretu-rakcevic-bojovic-jelusic\/\" \/>\n<meta property=\"og:site_name\" content=\"Lajme nga Ulqini\" \/>\n<meta property=\"article:published_time\" content=\"2014-12-17T17:17:09+00:00\" \/>\n<meta property=\"og:image\" content=\"http:\/\/www.visit-ulcinj.com\/blog\/wp-content\/uploads\/2014\/09\/Dritan-Abazovic-ulqin.jpg\" \/>\n<meta name=\"twitter:label1\" content=\"Written by\" \/>\n\t<meta name=\"twitter:data1\" content=\"ulqini\" \/>\n\t<meta name=\"twitter:label2\" content=\"Est. reading time\" \/>\n\t<meta name=\"twitter:data2\" content=\"1 minute\" \/>\n<script type=\"application\/ld+json\" class=\"yoast-schema-graph\">{\"@context\":\"https:\/\/schema.org\",\"@graph\":[{\"@type\":\"WebSite\",\"@id\":\"https:\/\/www.visit-ulcinj.com\/blog\/#website\",\"url\":\"https:\/\/www.visit-ulcinj.com\/blog\/\",\"name\":\"Lajme nga Ulqini\",\"description\":\"Lajme,Vijesti,Ulqini,Ulqin,Crna Gora,Mali i Zi\",\"potentialAction\":[{\"@type\":\"SearchAction\",\"target\":{\"@type\":\"EntryPoint\",\"urlTemplate\":\"https:\/\/www.visit-ulcinj.com\/blog\/?s={search_term_string}\"},\"query-input\":\"required name=search_term_string\"}],\"inLanguage\":\"en-US\"},{\"@type\":\"ImageObject\",\"inLanguage\":\"en-US\",\"@id\":\"https:\/\/www.visit-ulcinj.com\/blog\/2014\/12\/17\/u-abazovicevom-pokretu-rakcevic-bojovic-jelusic\/#primaryimage\",\"url\":\"https:\/\/www.visit-ulcinj.com\/blog\/wp-content\/uploads\/2014\/09\/Dritan-Abazovic-ulqin.jpg\",\"contentUrl\":\"https:\/\/www.visit-ulcinj.com\/blog\/wp-content\/uploads\/2014\/09\/Dritan-Abazovic-ulqin.jpg\",\"width\":573,\"height\":381},{\"@type\":\"WebPage\",\"@id\":\"https:\/\/www.visit-ulcinj.com\/blog\/2014\/12\/17\/u-abazovicevom-pokretu-rakcevic-bojovic-jelusic\/#webpage\",\"url\":\"https:\/\/www.visit-ulcinj.com\/blog\/2014\/12\/17\/u-abazovicevom-pokretu-rakcevic-bojovic-jelusic\/\",\"name\":\"U Abazovi\u0107evom pokretu i Rak\u010devi\u0107, Bojovi\u0107 i Jelu\u0161i\u0107? - Lajme nga Ulqini\",\"isPartOf\":{\"@id\":\"https:\/\/www.visit-ulcinj.com\/blog\/#website\"},\"primaryImageOfPage\":{\"@id\":\"https:\/\/www.visit-ulcinj.com\/blog\/2014\/12\/17\/u-abazovicevom-pokretu-rakcevic-bojovic-jelusic\/#primaryimage\"},\"datePublished\":\"2014-12-17T17:17:09+00:00\",\"dateModified\":\"2014-12-17T17:17:09+00:00\",\"author\":{\"@id\":\"https:\/\/www.visit-ulcinj.com\/blog\/#\/schema\/person\/dcab619c614d3038751c63bc2aadc06d\"},\"description\":\"Osniva\u010dka skup\u0161tina Gra\u0111anskog pokreta, novog politi\u010dkog subjekta u Crnoj Gori, trebalo bi da bude odr\u017eana u februaru, a Inicijalni odbor \u0107e konkretne\",\"breadcrumb\":{\"@id\":\"https:\/\/www.visit-ulcinj.com\/blog\/2014\/12\/17\/u-abazovicevom-pokretu-rakcevic-bojovic-jelusic\/#breadcrumb\"},\"inLanguage\":\"en-US\",\"potentialAction\":[{\"@type\":\"ReadAction\",\"target\":[\"https:\/\/www.visit-ulcinj.com\/blog\/2014\/12\/17\/u-abazovicevom-pokretu-rakcevic-bojovic-jelusic\/\"]}]},{\"@type\":\"BreadcrumbList\",\"@id\":\"https:\/\/www.visit-ulcinj.com\/blog\/2014\/12\/17\/u-abazovicevom-pokretu-rakcevic-bojovic-jelusic\/#breadcrumb\",\"itemListElement\":[{\"@type\":\"ListItem\",\"position\":1,\"name\":\"U Abazovi\u0107evom pokretu i Rak\u010devi\u0107, Bojovi\u0107 i Jelu\u0161i\u0107?\"}]},{\"@type\":\"Person\",\"@id\":\"https:\/\/www.visit-ulcinj.com\/blog\/#\/schema\/person\/dcab619c614d3038751c63bc2aadc06d\",\"name\":\"ulqini\",\"sameAs\":[\"http:\/\/www.visit-ulcinj.com\"],\"url\":\"https:\/\/www.visit-ulcinj.com\/blog\/author\/admin\/\"}]}<\/script>\n<!-- \/ Yoast SEO plugin. -->","yoast_head_json":{"title":"U Abazovi\u0107evom pokretu i Rak\u010devi\u0107, Bojovi\u0107 i Jelu\u0161i\u0107? - Lajme nga Ulqini","description":"Osniva\u010dka skup\u0161tina Gra\u0111anskog pokreta, novog politi\u010dkog subjekta u Crnoj Gori, trebalo bi da bude odr\u017eana u februaru, a Inicijalni odbor \u0107e konkretne","robots":{"index":"index","follow":"follow","max-snippet":"max-snippet:-1","max-image-preview":"max-image-preview:large","max-video-preview":"max-video-preview:-1"},"canonical":"https:\/\/www.visit-ulcinj.com\/blog\/2014\/12\/17\/u-abazovicevom-pokretu-rakcevic-bojovic-jelusic\/","og_locale":"en_US","og_type":"article","og_title":"U Abazovi\u0107evom pokretu i Rak\u010devi\u0107, Bojovi\u0107 i Jelu\u0161i\u0107? - Lajme nga Ulqini","og_description":"Osniva\u010dka skup\u0161tina Gra\u0111anskog pokreta, novog politi\u010dkog subjekta u Crnoj Gori, trebalo bi da bude odr\u017eana u februaru, a Inicijalni odbor \u0107e konkretne","og_url":"https:\/\/www.visit-ulcinj.com\/blog\/2014\/12\/17\/u-abazovicevom-pokretu-rakcevic-bojovic-jelusic\/","og_site_name":"Lajme nga Ulqini","article_published_time":"2014-12-17T17:17:09+00:00","og_image":[{"url":"http:\/\/www.visit-ulcinj.com\/blog\/wp-content\/uploads\/2014\/09\/Dritan-Abazovic-ulqin.jpg"}],"twitter_misc":{"Written by":"ulqini","Est. reading time":"1 minute"},"schema":{"@context":"https:\/\/schema.org","@graph":[{"@type":"WebSite","@id":"https:\/\/www.visit-ulcinj.com\/blog\/#website","url":"https:\/\/www.visit-ulcinj.com\/blog\/","name":"Lajme nga Ulqini","description":"Lajme,Vijesti,Ulqini,Ulqin,Crna Gora,Mali i Zi","potentialAction":[{"@type":"SearchAction","target":{"@type":"EntryPoint","urlTemplate":"https:\/\/www.visit-ulcinj.com\/blog\/?s={search_term_string}"},"query-input":"required name=search_term_string"}],"inLanguage":"en-US"},{"@type":"ImageObject","inLanguage":"en-US","@id":"https:\/\/www.visit-ulcinj.com\/blog\/2014\/12\/17\/u-abazovicevom-pokretu-rakcevic-bojovic-jelusic\/#primaryimage","url":"https:\/\/www.visit-ulcinj.com\/blog\/wp-content\/uploads\/2014\/09\/Dritan-Abazovic-ulqin.jpg","contentUrl":"https:\/\/www.visit-ulcinj.com\/blog\/wp-content\/uploads\/2014\/09\/Dritan-Abazovic-ulqin.jpg","width":573,"height":381},{"@type":"WebPage","@id":"https:\/\/www.visit-ulcinj.com\/blog\/2014\/12\/17\/u-abazovicevom-pokretu-rakcevic-bojovic-jelusic\/#webpage","url":"https:\/\/www.visit-ulcinj.com\/blog\/2014\/12\/17\/u-abazovicevom-pokretu-rakcevic-bojovic-jelusic\/","name":"U Abazovi\u0107evom pokretu i Rak\u010devi\u0107, Bojovi\u0107 i Jelu\u0161i\u0107? - Lajme nga Ulqini","isPartOf":{"@id":"https:\/\/www.visit-ulcinj.com\/blog\/#website"},"primaryImageOfPage":{"@id":"https:\/\/www.visit-ulcinj.com\/blog\/2014\/12\/17\/u-abazovicevom-pokretu-rakcevic-bojovic-jelusic\/#primaryimage"},"datePublished":"2014-12-17T17:17:09+00:00","dateModified":"2014-12-17T17:17:09+00:00","author":{"@id":"https:\/\/www.visit-ulcinj.com\/blog\/#\/schema\/person\/dcab619c614d3038751c63bc2aadc06d"},"description":"Osniva\u010dka skup\u0161tina Gra\u0111anskog pokreta, novog politi\u010dkog subjekta u Crnoj Gori, trebalo bi da bude odr\u017eana u februaru, a Inicijalni odbor \u0107e konkretne","breadcrumb":{"@id":"https:\/\/www.visit-ulcinj.com\/blog\/2014\/12\/17\/u-abazovicevom-pokretu-rakcevic-bojovic-jelusic\/#breadcrumb"},"inLanguage":"en-US","potentialAction":[{"@type":"ReadAction","target":["https:\/\/www.visit-ulcinj.com\/blog\/2014\/12\/17\/u-abazovicevom-pokretu-rakcevic-bojovic-jelusic\/"]}]},{"@type":"BreadcrumbList","@id":"https:\/\/www.visit-ulcinj.com\/blog\/2014\/12\/17\/u-abazovicevom-pokretu-rakcevic-bojovic-jelusic\/#breadcrumb","itemListElement":[{"@type":"ListItem","position":1,"name":"U Abazovi\u0107evom pokretu i Rak\u010devi\u0107, Bojovi\u0107 i Jelu\u0161i\u0107?"}]},{"@type":"Person","@id":"https:\/\/www.visit-ulcinj.com\/blog\/#\/schema\/person\/dcab619c614d3038751c63bc2aadc06d","name":"ulqini","sameAs":["http:\/\/www.visit-ulcinj.com"],"url":"https:\/\/www.visit-ulcinj.com\/blog\/author\/admin\/"}]}},"jetpack_featured_media_url":"","jetpack_sharing_enabled":true,"jetpack_shortlink":"https:\/\/wp.me\/pe6lTn-mFv","_links":{"self":[{"href":"https:\/\/www.visit-ulcinj.com\/blog\/wp-json\/wp\/v2\/posts\/87141"}],"collection":[{"href":"https:\/\/www.visit-ulcinj.com\/blog\/wp-json\/wp\/v2\/posts"}],"about":[{"href":"https:\/\/www.visit-ulcinj.com\/blog\/wp-json\/wp\/v2\/types\/post"}],"author":[{"embeddable":true,"href":"https:\/\/www.visit-ulcinj.com\/blog\/wp-json\/wp\/v2\/users\/1"}],"replies":[{"embeddable":true,"href":"https:\/\/www.visit-ulcinj.com\/blog\/wp-json\/wp\/v2\/comments?post=87141"}],"version-history":[{"count":1,"href":"https:\/\/www.visit-ulcinj.com\/blog\/wp-json\/wp\/v2\/posts\/87141\/revisions"}],"predecessor-version":[{"id":87142,"href":"https:\/\/www.visit-ulcinj.com\/blog\/wp-json\/wp\/v2\/posts\/87141\/revisions\/87142"}],"wp:attachment":[{"href":"https:\/\/www.visit-ulcinj.com\/blog\/wp-json\/wp\/v2\/media?parent=87141"}],"wp:term":[{"taxonomy":"category","embeddable":true,"href":"https:\/\/www.visit-ulcinj.com\/blog\/wp-json\/wp\/v2\/categories?post=87141"},{"taxonomy":"post_tag","embeddable":true,"href":"https:\/\/www.visit-ulcinj.com\/blog\/wp-json\/wp\/v2\/tags?post=87141"}],"curies":[{"name":"wp","href":"https:\/\/api.w.org\/{rel}","templated":true}]}}