{"id":87143,"date":"2014-12-17T18:39:54","date_gmt":"2014-12-17T17:39:54","guid":{"rendered":"http:\/\/www.visit-ulcinj.com\/blog\/?p=87143"},"modified":"2014-12-17T18:39:54","modified_gmt":"2014-12-17T17:39:54","slug":"rudovic-krivicne-prijave-zbog-necasnog-posla","status":"publish","type":"post","link":"https:\/\/www.visit-ulcinj.com\/blog\/2014\/12\/17\/rudovic-krivicne-prijave-zbog-necasnog-posla\/","title":{"rendered":"Rudovi\u0107: Krivi\u010dne prijave zbog ne\u010dasnog posla"},"content":{"rendered":"<p><span class=\"tekstcijeli\"><span class=\"kapital\"><a href=\"http:\/\/www.visit-ulcinj.com\/blog\/wp-content\/uploads\/2014\/12\/Fatmir-Gjeka-Sahret-Hajdarpasic.jpg\"><img loading=\"lazy\" class=\"alignleft wp-image-87144\" src=\"http:\/\/www.visit-ulcinj.com\/blog\/wp-content\/uploads\/2014\/12\/Fatmir-Gjeka-Sahret-Hajdarpasic.jpg\" alt=\"Fatmir-Gjeka-Sahret-Hajdarpasic\" width=\"508\" height=\"302\" srcset=\"https:\/\/www.visit-ulcinj.com\/blog\/wp-content\/uploads\/2014\/12\/Fatmir-Gjeka-Sahret-Hajdarpasic.jpg 640w, https:\/\/www.visit-ulcinj.com\/blog\/wp-content\/uploads\/2014\/12\/Fatmir-Gjeka-Sahret-Hajdarpasic-300x178.jpg 300w\" sizes=\"(max-width: 508px) 100vw, 508px\" \/><\/a>U<\/span>L\u00adCINj \u2013 Pred\u00adsjed\u00adnik Op\u00ad\u0161ti\u00adne Ul\u00adcinj Fat\u00admir \u0110e\u00adka i iz\u00advr\u00ad\u0161ni di\u00adrek\u00adtor kom\u00adpa\u00adni\u00adje \u201e Ul\u00adcinj Akva-park en\u00adtr\u00adtej\u00adment\u201d Sa\u00adhret Haj\u00addar\u00adpa\u00ad\u0161i\u0107 pot\u00adpi\u00adsa\u00adli su ju\u00ad\u010de spo\u00adra\u00adzum o iz\u00adgrad\u00adnji vo\u00adde\u00adnog gra\u00adda u na\u00adse\u00adlju \u0160toj u Ul\u00adci\u00adnju. Pre\u00adma tom spo\u00adra\u00adzu\u00admu, po\u00adme\u00adnu\u00adta kom\u00adpa\u00adni\u00adja, ina\u00ad\u010de \u201ek\u0107er\u00adka fir\u00adma\u201d tur\u00adske kom\u00adpa\u00adni\u00adje \u201ePo\u00adlin\u201d, jed\u00adnog od naj\u00adve\u00ad\u0107ih pro\u00adiz\u00advo\u00ad\u0111a\u00ad\u010da opre\u00adme za akva-par\u00adko\u00adve, do ju\u00adna na\u00adred\u00adne go\u00addi\u00adne in\u00adve\u00adsti\u00adra\u00ad\u0107e u za\u00adle\u00ad\u0111u Ve\u00adli\u00adke pla\u00ad\u017ee se\u00addam i po mi\u00adli\u00ado\u00adna eura. Pr\u00advi \u010do\u00advjek op\u00ad\u0161ti\u00adne ni\u00adje krio za\u00addo\u00advolj\u00adstvo tom \u010di\u00adnje\u00adni\u00adcom.<br \/>\n\u2013 Ovo je ra\u00addo\u00adsna i du\u00adgo o\u010de\u00adki\u00adva\u00adna vi\u00adjest ko\u00adja nas je sve ob\u00adra\u00addo\u00adva\u00adla, jer se ra\u00addi o pr\u00advoj ve\u00adli\u00adkoj in\u00adve\u00adsti\u00adci\u00adji na\u00adkon vi\u00ad\u0161e go\u00addi\u00adna. Akva-park \u0107e ob\u00adu\u00adhva\u00adti\u00adti pro\u00adstor od 25 hi\u00adlja\u00adda kva\u00addra\u00adta. Put od ide\u00adje do iz\u00adbo\u00adra po\u00adbjed\u00adni\u00adka ten\u00adde\u00adra ni\u00adje bio ni\u00adma\u00adlo lak, ve\u0107 je zah\u00adti\u00adje\u00advao du\u00adge pri\u00adpre\u00adme. Bi\u00adlo je neo\u00adp\u00adhod\u00adno or\u00adga\u00adni\u00adzo\u00adva\u00adti niz sa\u00adsta\u00adna\u00adka sa zva\u00adni\u010d\u00adni\u00adci\u00adma i gra\u00ad\u0111a\u00adni\u00adma, ka\u00adko bi\u00adsmo ih ubi\u00adje\u00addi\u00adli da je na\u00ad\u0161a ide\u00adja da se otva\u00adra\u00adnjem no\u00advih rad\u00adnih mje\u00adsta i ge\u00adne\u00adri\u00adsa\u00adnjem pri\u00adho\u00adda po\u00admog\u00adne sta\u00adnov\u00adni\u00adci\u00adma \u0160to\u00adja i ci\u00adje\u00adle op\u00ad\u0161ti\u00adne. Mi \u0107e\u00admo bi\u00adti is\u00adtraj\u00adni na tom pu\u00adtu, jer sma\u00adtra\u00admo da \u0107e iz\u00adgrad\u00adnja ova\u00adkvog objek\u00adta na\u0161 grad svr\u00adsta\u00adti na ma\u00adpu po\u00adzna\u00adtih tu\u00adri\u00adsti\u010d\u00adkih de\u00adsti\u00adna\u00adci\u00adja \u2013 ka\u00adzao je \u0110e\u00adka i na\u00adgla\u00adsio da ru\u00adko\u00advod\u00adstvo Op\u00ad\u0161ti\u00adne pre\u00adda\u00adno ra\u00addi na pri\u00advla\u00ad\u010de\u00adnju stra\u00adnih in\u00adve\u00adsti\u00adci\u00adja i ka\u00adpi\u00adta\u00adla.<br \/>\nHaj\u00addar\u00adpa\u00ad\u0161i\u0107 je za\u00adhva\u00adlio svim pred\u00adstav\u00adni\u00adci\u00adma iz\u00advr\u00ad\u0161ne i za\u00adko\u00adno\u00addav\u00adne vla\u00adsti ko\u00adji su da\u00adli do\u00adpri\u00adnos da se ve\u00ado\u00adma br\u00adzo stvo\u00adre uslo\u00advi za re\u00ada\u00adli\u00adza\u00adci\u00adju pro\u00adjek\u00adta.<br \/>\nOn je re\u00adkao da je uvje\u00adren da \u0107e akva- park bi\u00adti oko\u00adsni\u00adca raz\u00advo\u00adja tu\u00adri\u00adsti\u010d\u00adke pri\u00advre\u00adde.<br \/>\n\u2013 Ovo \u0107e bi\u00adti je\u00addan od naj\u00adbo\u00adljih akva- par\u00adko\u00adva na Bal\u00adka\u00adnu. Na na\u00adma je sa\u00adda da kre\u00adne\u00admo u re\u00ada\u00adli\u00adza\u00adci\u00adju pro\u00adjek\u00adta, ka\u00adko bismo is\u00adpo\u00ad\u0161to\u00adva\u00adli rok iz\u00adgrad\u00adnje \u2013 ka\u00adzao je Haj\u00addar\u00adpa\u00ad\u0161i\u0107. Pot\u00adpi\u00adsi\u00adva\u00adnju spo\u00adra\u00adzu\u00adma pri\u00adsu\u00adstvo\u00adva\u00adli su pot\u00adpred\u00adsjed\u00adnik Skup\u00ad\u0161ti\u00adne Cr\u00adne Go\u00adre Su\u00adljo Mu\u00adsta\u00adfi\u0107, op\u00ad\u0161tin\u00adski funk\u00adci\u00ado\u00adne\u00adri, di\u00adrek\u00adto\u00adri lo\u00adkal\u00adnih jav\u00adnih pred\u00adu\u00adze\u00ad\u0107a, agen\u00adci\u00adja i or\u00adga\u00adni\u00adza\u00adci\u00adja, pred\u00adsjed\u00adni\u00adci OO DPS-a i SDP-a Ljo\u00adro Nre\u00adki\u0107 i Se\u00adlim Re\u00adsul\u00adbe\u00adgo\u00advi\u0107, De\u00admo\u00adkrat\u00adskog sa\u00adve\u00adza i Gra\u00ad\u0111an\u00adskog po\u00adkre\u00adta \u201ePer\u00adspek\u00adti\u00adva\u201d Meh\u00admet Bard\u00adhi i Amir Ho\u00adlaj, te iz\u00advr\u00ad\u0161ni di\u00adrek\u00adtor UBA Ibra\u00adhim Mi\u00adla.<\/span><\/p>\n<p><span class=\"tekstcijeli\"><a href=\"http:\/\/www.visit-ulcinj.com\/blog\/wp-content\/uploads\/2014\/12\/Anto-Rudovic-ulcinj.jpg\"><img loading=\"lazy\" class=\"alignleft wp-image-86876 size-medium\" src=\"http:\/\/www.visit-ulcinj.com\/blog\/wp-content\/uploads\/2014\/12\/Anto-Rudovic-ulcinj-300x278.jpg\" alt=\"Anto Rudovic-ulcinj\" width=\"300\" height=\"278\" srcset=\"https:\/\/www.visit-ulcinj.com\/blog\/wp-content\/uploads\/2014\/12\/Anto-Rudovic-ulcinj-300x278.jpg 300w, https:\/\/www.visit-ulcinj.com\/blog\/wp-content\/uploads\/2014\/12\/Anto-Rudovic-ulcinj.jpg 508w\" sizes=\"(max-width: 300px) 100vw, 300px\" \/><\/a><br \/>\nUl\u00adci\u00adnja\u00adnin An\u00adto Ru\u00addo\u00advi\u0107, ko\u00adji se spo\u00adri sa Op\u00ad\u0161ti\u00adnom oko ze\u00admlji\u00ad\u0161ta na ko\u00adme se pla\u00adni\u00adra iz\u00adgrad\u00adnja akva-par\u00adka, iz\u00adja\u00advio je ju\u00ad\u010de da je spo\u00adra\u00adzum ko\u00adji su pot\u00adpi\u00adsa\u00adli pred\u00adsjed\u00adnik op\u00ad\u0161ti\u00adne i iz\u00advr\u00ad\u0161ni di\u00adrek\u00adtor kom\u00adpa\u00adni\u00adje \u201eUl\u00adcinj Akva park en\u00adtr\u00adtejm\u00adnet\u201d ne\u00adza\u00adko\u00adnit. Nje\u00admu je, pod\u00adsje\u00adti\u00admo, ne\u00addav\u00adno rje\u00ad\u0161e\u00adnjem Ko\u00admi\u00adsi\u00adje za po\u00advra\u00ad\u0107aj i obe\u00ad\u0161te\u00ad\u0107e\u00adnje imo\u00advi\u00adne vra\u00ad\u0107e\u00adno 25 i po hi\u00adlja\u00adda kva\u00addra\u00adta, od\u00adu\u00adze\u00adtih nje\u00adgo\u00advoj po\u00adro\u00addi\u00adci 1950. go\u00addi\u00adne, ali se na\u00adkon \u017eal\u00adbe Op\u00ad\u0161ti\u00adne taj pred\u00admet na\u00adla\u00adzi pred dru\u00adgo\u00adste\u00adpe\u00adnim or\u00adga\u00adnom. Ru\u00addo\u00advi\u0107, ko\u00adme ju\u00ad\u010de ni\u00adje do\u00adzvo\u00adlje\u00adno da pri\u00adsu\u00adsu\u00advu\u00adje pot\u00adpi\u00adsi\u00adva\u00adnju spo\u00adra\u00adzu\u00adma, po\u00adzvao je nad\u00adle\u00ad\u017ene or\u00adga\u00adne da re\u00ada\u00adgu\u00adju, jer se imo\u00advi\u00adna ko\u00adja je pod spo\u00adrom ne mo\u00ad\u017ee pro\u00adda\u00adti, ni\u00adti iz\u00adda\u00adva\u00adti pod za\u00adkup.<br \/>\n\u2013 Na\u00ad\u010del\u00adnik ul\u00adcinj\u00adskog ka\u00adta\u00adstra ni\u00adje pri\u00adhva\u00adtio za\u00adhtjev po\u00adme\u00adnu\u00adte ko\u00admi\u00adsi\u00adje da se shod\u00adno do\u00adni\u00adje\u00adtom rje\u00ad\u0161e\u00adnju upi\u00ad\u0161e imo\u00advi\u00adna na mo\u00adje ime, a od\u00adbio je i za\u00adhtjev za za\u00adbi\u00adlje\u00ad\u017ebu da se imo\u00advi\u00adna na\u00adla\u00adzi pod spo\u00adrom. Zbog sve\u00adga ja sam se obra\u00adtio Ustav\u00adnom su\u00addu, a pi\u00adsao sam i am\u00adba\u00adsa\u00adda\u00adma evrop\u00adskih ze\u00adma\u00adlja, SAD i Tur\u00adske. Na\u00admje\u00adra\u00advam i da pod\u00adne\u00adsem kri\u00advi\u010d\u00adne pri\u00adja\u00adve pro\u00adtiv svih ko\u00adji su u\u010de\u00adstvo\u00adva\u00adli u ovom ne\u00ad\u010da\u00adsnom po\u00adslu \u2013 re\u00adkao je Ru\u00addo\u00advi\u0107<strong>.M.K.<\/strong><\/span><\/p>\n<p><strong> \u0110e\u00adka po\u00adzvao i osta\u00adle in\u00adve\u00adsti\u00adto\u00adre<\/strong><\/p>\n<p>\u2013 Za na\u00ad\u0161u bu\u00addu\u0107\u00adnost in\u00adve\u00adsti\u00adci\u00adje su od su\u00ad\u0161tin\u00adskog zna\u00ad\u010da\u00adja, jer sa\u00admo ta\u00adko mo\u00ad\u017ee\u00admo po\u00adsti\u00ad\u0107i ni\u00advo kva\u00adli\u00adte\u00adta ka\u00adkav za\u00adslu\u00ad\u017eu\u00adje\u00admo. Na\u00ad\u0161a vi\u00adzi\u00adja je raz\u00advoj i evrop\u00adska per\u00adspek\u00adti\u00adva. Po\u00adzi\u00advam po\u00adten\u00adci\u00adjal\u00adne in\u00adve\u00adsti\u00adto\u00adre da sli\u00adje\u00adde po\u00adzi\u00adti\u00advan pri\u00admjer kom\u00adpa\u00adni\u00adje sa ko\u00adjom smo pot\u00adpi\u00adsa\u00adli ovaj vri\u00adje\u00addan spo\u00adra\u00adzum i po\u00adru\u00ad\u010du\u00adjem da \u0107e u na\u00adma ima\u00adti uvi\u00adjek ozbilj\u00adnog part\u00adne\u00adra \u2013 na\u00adgla\u00adsio je \u0110e\u00adka.<\/p>\n<p><strong>Izvor: DAN<\/strong><\/p>\n","protected":false},"excerpt":{"rendered":"<p>UL\u00adCINj \u2013 Pred\u00adsjed\u00adnik Op\u00ad\u0161ti\u00adne Ul\u00adcinj Fat\u00admir \u0110e\u00adka i iz\u00advr\u00ad\u0161ni di\u00adrek\u00adtor kom\u00adpa\u00adni\u00adje \u201e Ul\u00adcinj Akva-park en\u00adtr\u00adtej\u00adment\u201d Sa\u00adhret Haj\u00addar\u00adpa\u00ad\u0161i\u0107 pot\u00adpi\u00adsa\u00adli su ju\u00ad\u010de spo\u00adra\u00adzum o iz\u00adgrad\u00adnji vo\u00adde\u00adnog gra\u00adda u na\u00adse\u00adlju \u0160toj u Ul\u00adci\u00adnju. Pre\u00adma tom spo\u00adra\u00adzu\u00admu, po\u00adme\u00adnu\u00adta kom\u00adpa\u00adni\u00adja, ina\u00ad\u010de \u201ek\u0107er\u00adka fir\u00adma\u201d tur\u00adske kom\u00adpa\u00adni\u00adje \u201ePo\u00adlin\u201d, jed\u00adnog od naj\u00adve\u00ad\u0107ih pro\u00adiz\u00advo\u00ad\u0111a\u00ad\u010da opre\u00adme za akva-par\u00adko\u00adve, do ju\u00adna na\u00adred\u00adne go\u00addi\u00adne in\u00adve\u00adsti\u00adra\u00ad\u0107e u za\u00adle\u00ad\u0111u [&hellip;]<\/p>\n","protected":false},"author":1,"featured_media":0,"comment_status":"closed","ping_status":"closed","sticky":false,"template":"","format":"standard","meta":{"spay_email":"","jetpack_publicize_message":"","jetpack_is_tweetstorm":false,"jetpack_publicize_feature_enabled":true},"categories":[8337],"tags":[],"jetpack_publicize_connections":[],"yoast_head":"<!-- This site is optimized with the Yoast SEO plugin v19.1 - https:\/\/yoast.com\/wordpress\/plugins\/seo\/ -->\n<title>Rudovi\u0107: Krivi\u010dne prijave zbog ne\u010dasnog posla - Lajme nga Ulqini<\/title>\n<meta name=\"description\" content=\"UL\u00adCINj \u2013 Pred\u00adsjed\u00adnik Op\u00ad\u0161ti\u00adne Ul\u00adcinj Fat\u00admir \u0110e\u00adka i iz\u00advr\u00ad\u0161ni di\u00adrek\u00adtor kom\u00adpa\u00adni\u00adje \u201e Ul\u00adcinj Akva-park en\u00adtr\u00adtej\u00adment\u201d Sa\u00adhret Haj\u00addar\u00adpa\u00ad\u0161i\u0107\" \/>\n<meta name=\"robots\" content=\"index, follow, max-snippet:-1, max-image-preview:large, max-video-preview:-1\" \/>\n<link rel=\"canonical\" href=\"https:\/\/www.visit-ulcinj.com\/blog\/2014\/12\/17\/rudovic-krivicne-prijave-zbog-necasnog-posla\/\" \/>\n<meta property=\"og:locale\" content=\"en_US\" \/>\n<meta property=\"og:type\" content=\"article\" \/>\n<meta property=\"og:title\" content=\"Rudovi\u0107: Krivi\u010dne prijave zbog ne\u010dasnog posla - Lajme nga Ulqini\" \/>\n<meta property=\"og:description\" content=\"UL\u00adCINj \u2013 Pred\u00adsjed\u00adnik Op\u00ad\u0161ti\u00adne Ul\u00adcinj Fat\u00admir \u0110e\u00adka i iz\u00advr\u00ad\u0161ni di\u00adrek\u00adtor kom\u00adpa\u00adni\u00adje \u201e Ul\u00adcinj Akva-park en\u00adtr\u00adtej\u00adment\u201d Sa\u00adhret Haj\u00addar\u00adpa\u00ad\u0161i\u0107\" \/>\n<meta property=\"og:url\" content=\"https:\/\/www.visit-ulcinj.com\/blog\/2014\/12\/17\/rudovic-krivicne-prijave-zbog-necasnog-posla\/\" \/>\n<meta property=\"og:site_name\" content=\"Lajme nga Ulqini\" \/>\n<meta property=\"article:published_time\" content=\"2014-12-17T17:39:54+00:00\" \/>\n<meta property=\"og:image\" content=\"http:\/\/www.visit-ulcinj.com\/blog\/wp-content\/uploads\/2014\/12\/Fatmir-Gjeka-Sahret-Hajdarpasic.jpg\" \/>\n<meta name=\"twitter:label1\" content=\"Written by\" \/>\n\t<meta name=\"twitter:data1\" content=\"ulqini\" \/>\n\t<meta name=\"twitter:label2\" content=\"Est. reading time\" \/>\n\t<meta name=\"twitter:data2\" content=\"6 minutes\" \/>\n<script type=\"application\/ld+json\" class=\"yoast-schema-graph\">{\"@context\":\"https:\/\/schema.org\",\"@graph\":[{\"@type\":\"WebSite\",\"@id\":\"https:\/\/www.visit-ulcinj.com\/blog\/#website\",\"url\":\"https:\/\/www.visit-ulcinj.com\/blog\/\",\"name\":\"Lajme nga Ulqini\",\"description\":\"Lajme,Vijesti,Ulqini,Ulqin,Crna Gora,Mali i Zi\",\"potentialAction\":[{\"@type\":\"SearchAction\",\"target\":{\"@type\":\"EntryPoint\",\"urlTemplate\":\"https:\/\/www.visit-ulcinj.com\/blog\/?s={search_term_string}\"},\"query-input\":\"required name=search_term_string\"}],\"inLanguage\":\"en-US\"},{\"@type\":\"ImageObject\",\"inLanguage\":\"en-US\",\"@id\":\"https:\/\/www.visit-ulcinj.com\/blog\/2014\/12\/17\/rudovic-krivicne-prijave-zbog-necasnog-posla\/#primaryimage\",\"url\":\"https:\/\/www.visit-ulcinj.com\/blog\/wp-content\/uploads\/2014\/12\/Fatmir-Gjeka-Sahret-Hajdarpasic.jpg\",\"contentUrl\":\"https:\/\/www.visit-ulcinj.com\/blog\/wp-content\/uploads\/2014\/12\/Fatmir-Gjeka-Sahret-Hajdarpasic.jpg\",\"width\":640,\"height\":381},{\"@type\":\"WebPage\",\"@id\":\"https:\/\/www.visit-ulcinj.com\/blog\/2014\/12\/17\/rudovic-krivicne-prijave-zbog-necasnog-posla\/#webpage\",\"url\":\"https:\/\/www.visit-ulcinj.com\/blog\/2014\/12\/17\/rudovic-krivicne-prijave-zbog-necasnog-posla\/\",\"name\":\"Rudovi\u0107: Krivi\u010dne prijave zbog ne\u010dasnog posla - Lajme nga Ulqini\",\"isPartOf\":{\"@id\":\"https:\/\/www.visit-ulcinj.com\/blog\/#website\"},\"primaryImageOfPage\":{\"@id\":\"https:\/\/www.visit-ulcinj.com\/blog\/2014\/12\/17\/rudovic-krivicne-prijave-zbog-necasnog-posla\/#primaryimage\"},\"datePublished\":\"2014-12-17T17:39:54+00:00\",\"dateModified\":\"2014-12-17T17:39:54+00:00\",\"author\":{\"@id\":\"https:\/\/www.visit-ulcinj.com\/blog\/#\/schema\/person\/dcab619c614d3038751c63bc2aadc06d\"},\"description\":\"UL\u00adCINj \u2013 Pred\u00adsjed\u00adnik Op\u00ad\u0161ti\u00adne Ul\u00adcinj Fat\u00admir \u0110e\u00adka i iz\u00advr\u00ad\u0161ni di\u00adrek\u00adtor kom\u00adpa\u00adni\u00adje \u201e Ul\u00adcinj Akva-park en\u00adtr\u00adtej\u00adment\u201d Sa\u00adhret Haj\u00addar\u00adpa\u00ad\u0161i\u0107\",\"breadcrumb\":{\"@id\":\"https:\/\/www.visit-ulcinj.com\/blog\/2014\/12\/17\/rudovic-krivicne-prijave-zbog-necasnog-posla\/#breadcrumb\"},\"inLanguage\":\"en-US\",\"potentialAction\":[{\"@type\":\"ReadAction\",\"target\":[\"https:\/\/www.visit-ulcinj.com\/blog\/2014\/12\/17\/rudovic-krivicne-prijave-zbog-necasnog-posla\/\"]}]},{\"@type\":\"BreadcrumbList\",\"@id\":\"https:\/\/www.visit-ulcinj.com\/blog\/2014\/12\/17\/rudovic-krivicne-prijave-zbog-necasnog-posla\/#breadcrumb\",\"itemListElement\":[{\"@type\":\"ListItem\",\"position\":1,\"name\":\"Rudovi\u0107: Krivi\u010dne prijave zbog ne\u010dasnog posla\"}]},{\"@type\":\"Person\",\"@id\":\"https:\/\/www.visit-ulcinj.com\/blog\/#\/schema\/person\/dcab619c614d3038751c63bc2aadc06d\",\"name\":\"ulqini\",\"sameAs\":[\"http:\/\/www.visit-ulcinj.com\"],\"url\":\"https:\/\/www.visit-ulcinj.com\/blog\/author\/admin\/\"}]}<\/script>\n<!-- \/ Yoast SEO plugin. -->","yoast_head_json":{"title":"Rudovi\u0107: Krivi\u010dne prijave zbog ne\u010dasnog posla - Lajme nga Ulqini","description":"UL\u00adCINj \u2013 Pred\u00adsjed\u00adnik Op\u00ad\u0161ti\u00adne Ul\u00adcinj Fat\u00admir \u0110e\u00adka i iz\u00advr\u00ad\u0161ni di\u00adrek\u00adtor kom\u00adpa\u00adni\u00adje \u201e Ul\u00adcinj Akva-park en\u00adtr\u00adtej\u00adment\u201d Sa\u00adhret Haj\u00addar\u00adpa\u00ad\u0161i\u0107","robots":{"index":"index","follow":"follow","max-snippet":"max-snippet:-1","max-image-preview":"max-image-preview:large","max-video-preview":"max-video-preview:-1"},"canonical":"https:\/\/www.visit-ulcinj.com\/blog\/2014\/12\/17\/rudovic-krivicne-prijave-zbog-necasnog-posla\/","og_locale":"en_US","og_type":"article","og_title":"Rudovi\u0107: Krivi\u010dne prijave zbog ne\u010dasnog posla - Lajme nga Ulqini","og_description":"UL\u00adCINj \u2013 Pred\u00adsjed\u00adnik Op\u00ad\u0161ti\u00adne Ul\u00adcinj Fat\u00admir \u0110e\u00adka i iz\u00advr\u00ad\u0161ni di\u00adrek\u00adtor kom\u00adpa\u00adni\u00adje \u201e Ul\u00adcinj Akva-park en\u00adtr\u00adtej\u00adment\u201d Sa\u00adhret Haj\u00addar\u00adpa\u00ad\u0161i\u0107","og_url":"https:\/\/www.visit-ulcinj.com\/blog\/2014\/12\/17\/rudovic-krivicne-prijave-zbog-necasnog-posla\/","og_site_name":"Lajme nga Ulqini","article_published_time":"2014-12-17T17:39:54+00:00","og_image":[{"url":"http:\/\/www.visit-ulcinj.com\/blog\/wp-content\/uploads\/2014\/12\/Fatmir-Gjeka-Sahret-Hajdarpasic.jpg"}],"twitter_misc":{"Written by":"ulqini","Est. reading time":"6 minutes"},"schema":{"@context":"https:\/\/schema.org","@graph":[{"@type":"WebSite","@id":"https:\/\/www.visit-ulcinj.com\/blog\/#website","url":"https:\/\/www.visit-ulcinj.com\/blog\/","name":"Lajme nga Ulqini","description":"Lajme,Vijesti,Ulqini,Ulqin,Crna Gora,Mali i Zi","potentialAction":[{"@type":"SearchAction","target":{"@type":"EntryPoint","urlTemplate":"https:\/\/www.visit-ulcinj.com\/blog\/?s={search_term_string}"},"query-input":"required name=search_term_string"}],"inLanguage":"en-US"},{"@type":"ImageObject","inLanguage":"en-US","@id":"https:\/\/www.visit-ulcinj.com\/blog\/2014\/12\/17\/rudovic-krivicne-prijave-zbog-necasnog-posla\/#primaryimage","url":"https:\/\/www.visit-ulcinj.com\/blog\/wp-content\/uploads\/2014\/12\/Fatmir-Gjeka-Sahret-Hajdarpasic.jpg","contentUrl":"https:\/\/www.visit-ulcinj.com\/blog\/wp-content\/uploads\/2014\/12\/Fatmir-Gjeka-Sahret-Hajdarpasic.jpg","width":640,"height":381},{"@type":"WebPage","@id":"https:\/\/www.visit-ulcinj.com\/blog\/2014\/12\/17\/rudovic-krivicne-prijave-zbog-necasnog-posla\/#webpage","url":"https:\/\/www.visit-ulcinj.com\/blog\/2014\/12\/17\/rudovic-krivicne-prijave-zbog-necasnog-posla\/","name":"Rudovi\u0107: Krivi\u010dne prijave zbog ne\u010dasnog posla - Lajme nga Ulqini","isPartOf":{"@id":"https:\/\/www.visit-ulcinj.com\/blog\/#website"},"primaryImageOfPage":{"@id":"https:\/\/www.visit-ulcinj.com\/blog\/2014\/12\/17\/rudovic-krivicne-prijave-zbog-necasnog-posla\/#primaryimage"},"datePublished":"2014-12-17T17:39:54+00:00","dateModified":"2014-12-17T17:39:54+00:00","author":{"@id":"https:\/\/www.visit-ulcinj.com\/blog\/#\/schema\/person\/dcab619c614d3038751c63bc2aadc06d"},"description":"UL\u00adCINj \u2013 Pred\u00adsjed\u00adnik Op\u00ad\u0161ti\u00adne Ul\u00adcinj Fat\u00admir \u0110e\u00adka i iz\u00advr\u00ad\u0161ni di\u00adrek\u00adtor kom\u00adpa\u00adni\u00adje \u201e Ul\u00adcinj Akva-park en\u00adtr\u00adtej\u00adment\u201d Sa\u00adhret Haj\u00addar\u00adpa\u00ad\u0161i\u0107","breadcrumb":{"@id":"https:\/\/www.visit-ulcinj.com\/blog\/2014\/12\/17\/rudovic-krivicne-prijave-zbog-necasnog-posla\/#breadcrumb"},"inLanguage":"en-US","potentialAction":[{"@type":"ReadAction","target":["https:\/\/www.visit-ulcinj.com\/blog\/2014\/12\/17\/rudovic-krivicne-prijave-zbog-necasnog-posla\/"]}]},{"@type":"BreadcrumbList","@id":"https:\/\/www.visit-ulcinj.com\/blog\/2014\/12\/17\/rudovic-krivicne-prijave-zbog-necasnog-posla\/#breadcrumb","itemListElement":[{"@type":"ListItem","position":1,"name":"Rudovi\u0107: Krivi\u010dne prijave zbog ne\u010dasnog posla"}]},{"@type":"Person","@id":"https:\/\/www.visit-ulcinj.com\/blog\/#\/schema\/person\/dcab619c614d3038751c63bc2aadc06d","name":"ulqini","sameAs":["http:\/\/www.visit-ulcinj.com"],"url":"https:\/\/www.visit-ulcinj.com\/blog\/author\/admin\/"}]}},"jetpack_featured_media_url":"","jetpack_sharing_enabled":true,"jetpack_shortlink":"https:\/\/wp.me\/pe6lTn-mFx","_links":{"self":[{"href":"https:\/\/www.visit-ulcinj.com\/blog\/wp-json\/wp\/v2\/posts\/87143"}],"collection":[{"href":"https:\/\/www.visit-ulcinj.com\/blog\/wp-json\/wp\/v2\/posts"}],"about":[{"href":"https:\/\/www.visit-ulcinj.com\/blog\/wp-json\/wp\/v2\/types\/post"}],"author":[{"embeddable":true,"href":"https:\/\/www.visit-ulcinj.com\/blog\/wp-json\/wp\/v2\/users\/1"}],"replies":[{"embeddable":true,"href":"https:\/\/www.visit-ulcinj.com\/blog\/wp-json\/wp\/v2\/comments?post=87143"}],"version-history":[{"count":1,"href":"https:\/\/www.visit-ulcinj.com\/blog\/wp-json\/wp\/v2\/posts\/87143\/revisions"}],"predecessor-version":[{"id":87145,"href":"https:\/\/www.visit-ulcinj.com\/blog\/wp-json\/wp\/v2\/posts\/87143\/revisions\/87145"}],"wp:attachment":[{"href":"https:\/\/www.visit-ulcinj.com\/blog\/wp-json\/wp\/v2\/media?parent=87143"}],"wp:term":[{"taxonomy":"category","embeddable":true,"href":"https:\/\/www.visit-ulcinj.com\/blog\/wp-json\/wp\/v2\/categories?post=87143"},{"taxonomy":"post_tag","embeddable":true,"href":"https:\/\/www.visit-ulcinj.com\/blog\/wp-json\/wp\/v2\/tags?post=87143"}],"curies":[{"name":"wp","href":"https:\/\/api.w.org\/{rel}","templated":true}]}}