{"id":87154,"date":"2014-12-18T15:06:31","date_gmt":"2014-12-18T14:06:31","guid":{"rendered":"http:\/\/www.visit-ulcinj.com\/blog\/?p=87154"},"modified":"2014-12-18T15:06:31","modified_gmt":"2014-12-18T14:06:31","slug":"kryetari-komunes-se-ulqinit-konkurs-publik-per-ndarjen-e-mjeteve-per-projekte-organizatave-joqeveritare-per-vitin-2014","status":"publish","type":"post","link":"https:\/\/www.visit-ulcinj.com\/blog\/2014\/12\/18\/kryetari-komunes-se-ulqinit-konkurs-publik-per-ndarjen-e-mjeteve-per-projekte-organizatave-joqeveritare-per-vitin-2014\/","title":{"rendered":"KRYETARI I KOMUN\u00cbS S\u00cb ULQINIT: KONKURS PUBLIK P\u00cbR NDARJEN E MJETEVE P\u00cbR PROJEKTE ORGANIZATAVE JOQEVERITARE P\u00cbR VITIN 2014"},"content":{"rendered":"<p><a href=\"http:\/\/www.visit-ulcinj.com\/blog\/wp-content\/uploads\/2013\/06\/Komuna-Ulqinit-Press.jpg\"><img loading=\"lazy\" class=\"alignleft wp-image-72502\" src=\"http:\/\/www.visit-ulcinj.com\/blog\/wp-content\/uploads\/2013\/06\/Komuna-Ulqinit-Press.jpg\" alt=\"Komuna-Ulqinit-Press\" width=\"508\" height=\"406\" srcset=\"https:\/\/www.visit-ulcinj.com\/blog\/wp-content\/uploads\/2013\/06\/Komuna-Ulqinit-Press.jpg 720w, https:\/\/www.visit-ulcinj.com\/blog\/wp-content\/uploads\/2013\/06\/Komuna-Ulqinit-Press-300x240.jpg 300w\" sizes=\"(max-width: 508px) 100vw, 508px\" \/><\/a>N\u00eb baz\u00eb t\u00eb nenit 3 t\u00eb Vendimit p\u00ebr kriteret, m\u00ebnyr\u00ebn dhe procedur\u00ebn e ndarjes s\u00eb mjeteve p\u00ebr organizatat joqeveritare botuar n\u00eb \u201eFletoren zyrtare t\u00eb Malit t\u00eb Zi&#8221;, nr. 5\/07,<\/p>\n<p style=\"text-align: center;\"><strong>KRYETARI I KOMUN\u00cbS S\u00cb ULQINIT<\/strong><\/p>\n<p style=\"text-align: center;\">\n<strong>Shpall<\/strong><\/p>\n<p style=\"text-align: center;\">\n<strong>KONKURS PUBLIK P\u00cbR NDARJEN E MJETEVE P\u00cbR PROJEKTE ORGANIZATAVE JOQEVERITARE P\u00cbR<\/strong> VITIN 2014<\/p>\n<p>1. T\u00eb drejt\u00eb pjes\u00ebmarrjeje kan\u00eb organizatat joqeveritare t\u00eb cilat deri n\u00eb dit\u00ebn e shpalljes s\u00eb Konkursit jan\u00eb t\u00eb regjistruara n\u00eb Mal t\u00eb Zi, e q\u00eb selin\u00eb e kan\u00eb n\u00eb Komun\u00ebn e Ulqinit.<br \/>\n2. Objekt i Konkursit \u00ebsht\u00eb ndarja e mjeteve (fondeve) p\u00ebr projekte t\u00eb organizatave joqeveritare t\u00eb parapara me Buxhetin e Komun\u00ebs s\u00eb Ulqinit, realizimi i t\u00eb cil\u00ebve do t\u00eb b\u00ebhet t\u00ebr\u00ebsisht n\u00eb territorin e Komun\u00ebs s\u00eb Ulqinit, posa\u00e7\u00ebrisht si p\u00ebrkrahje e projekteve t\u00eb organizatave joqeveritare, q\u00eb kontribojn\u00eb n\u00eb realizimin e objektivave t\u00eb caktuara n\u00eb dokumentet strategjike, programet dhe planet e Komun\u00ebs e me t\u00eb cil\u00ebt n\u00eb ve\u00e7anti:<\/p>\n<p>&#8211; sigurohet shum\u00ebllojshm\u00ebri, nivel m\u00eb i lart\u00eb dhe cil\u00ebsi e sh\u00ebrbimeve n\u00eb fush\u00ebn e mbrojtjes sociale dhe t\u00eb f\u00ebmij\u00ebve dhe formave t\u00eb tjera t\u00eb mbrojtjes;<br \/>\n&#8211; i kontribon afirmimit t\u00eb potencialeve kulturore, tradit\u00ebs dhe trash\u00ebgimis\u00eb kulturore t\u00eb Komun\u00ebs, rritjes s\u00eb nivelit t\u00eb kultur\u00ebs urbane dhe ruajtjes s\u00eb trash\u00ebgimis\u00eb kulturore;<br \/>\n&#8211; avancimin e pun\u00ebs t\u00eb organeve t\u00eb administrat\u00ebs lokale posa\u00e7\u00ebrisht n\u00eb realizimin e parimit t\u00eb transparenc\u00ebs dhe p\u00ebrgjegj\u00ebsis\u00eb n\u00eb pun\u00eb t\u00eb organeve;<br \/>\n&#8211; i kontribon ruajtjes s\u00eb midisit jet\u00ebsor dhe sh\u00ebndetit t\u00eb qytetar\u00ebve;<br \/>\n&#8211; nxit\u00ebn zhvillimin ekonomik t\u00eb Komun\u00ebs, i kontribon zhvillimit t\u00eb demokracis\u00eb dhe sundimit t\u00eb ligjit;<br \/>\n&#8211; p\u00ebrfshirjen m\u00eb t\u00eb madhe t\u00eb t\u00eb rinjve, grave dhe pakicave t\u00eb tjera n\u00eb procesin e vendimmarrjes.<br \/>\n3. Ndarjen e mjeteve e b\u00ebn\u00eb Komisioni p\u00ebr ndarjen e mjeteve p\u00ebr organizatat joqeveritare n\u00eb Komun\u00ebn e Ulqinit.<br \/>\n4. Organizata joqeveritare mund t\u00eb konkurroj\u00eb p\u00ebr shum\u00ebn e plot\u00eb ose p\u00ebr nj\u00eb pjes\u00eb t\u00eb mjeteve p\u00ebr realizimin e aktiviteteve nga projekti dhe \u00ebsht\u00eb e obliguar q\u00eb at\u00eb ta sh\u00ebnoj\u00eb.<br \/>\n5. Organizata joqeveritare aplikon n\u00eb Konkurs me formularin e parashikuar t\u00eb aplikimit dhe form\u00ebs s\u00eb aplikimit t\u00eb projektit e cila mund t\u00eb merret n\u00eb ueb faqen e Komun\u00ebs s\u00eb Ulqinit (www.opstinaulcinj.com).<br \/>\n6. Me aplikim bashkangjiten:<br \/>\na. Aktvendimi i regjistrimit,<br \/>\nb. p\u00ebrshkrimi i shkurt\u00ebr i OJQ \u2013 s\u00eb me t\u00eb dh\u00ebnat p\u00ebr projektet e realizuara m\u00eb par\u00eb,<br \/>\nc. projekti ose programi me t\u00eb cilin OJQ konkuron p\u00ebr ndarjen e mjeteve (forma aplikuese e plot\u00ebsuar),<br \/>\nd. deklarata e personit t\u00eb autorizuar q\u00eb nuk ka marr\u00eb mjete nga ndonj\u00eb donator tjet\u00ebr ose pjes\u00eb t\u00eb mjeteve p\u00ebr realizimin e projektit q\u00eb kandidon (deklarat\u00eb),<br \/>\ne. deklarat\u00ebn e personit p\u00ebrgjegj\u00ebs se a ia ka d\u00ebrzuar projektin e kandiduar OJQ ndonj\u00eb donatori tjet\u00ebr p\u00ebr shqyrtim, n\u00eb periudh\u00ebn e kaluar ose n\u00eb koh\u00ebn e dor\u00ebzimit n\u00eb Konkurs t\u00eb Komun\u00ebs (deklarat\u00eb)<br \/>\nf. Statutin e organizat\u00ebs dhe<br \/>\ng. kopjen e v\u00ebrtetuar t\u00eb raportit financiar \u2013 bilancin e gjendjes dhe bilancin e suksesit p\u00ebr vitin e kaluar.<br \/>\n7. Organizata joqeveritare e cila p\u00ebr realizimin e projektit ka shfryt\u00ebzuar mjete buxhetore nga konkursi i vitit t\u00eb kaluar \u00ebsht\u00eb e obliguar q\u00eb t\u00eb dor\u00ebzoj\u00eb edhe raportin p\u00ebr realizimin e projektit me p\u00ebrshkrimin e holl\u00ebsish\u00ebm t\u00eb fazave t\u00eb realizimit dhe arsyetimin e holl\u00ebsish\u00ebm t\u00eb shmangjeve eventuale duke p\u00ebrfshir\u00eb edhe raportin financiar t\u00eb hartuar n\u00eb pajtim me dispozitat e ve\u00e7anta.<\/p>\n<p>8. Paraqitjet n\u00eb Konkurs me projektin dhe dokumentacionin p\u00ebrcjell\u00ebs dor\u00ebzohen n\u00eb zarf t\u00eb mbyllur direkt n\u00eb Zyr\u00ebn e qytetar\u00ebve ose me post\u00eb n\u00eb adres\u00ebn: Komuna e Ulqinit, Sekretariati p\u00ebr administrat\u00eb dhe veprimtari shoq\u00ebrore, p\u00ebr Konkursin p\u00ebr ndarjen e mjeteve p\u00ebr projektet e OJQ \u2013 ve.<\/p>\n<p>9. Konkurse \u00ebsht\u00eb i hapur 30 dit\u00eb nga dita e publikimit n\u00eb ueb faqen e Komun\u00ebs s\u00eb Ulqinit duke u mbyllur, m\u00eb 19. 01. 2015. Komisioni \u00ebsht\u00eb i detyruar q\u00eb t\u00eb nxjerr\u00eb Vendimin p\u00ebr ndarjen e mjeteve n\u00eb afat prej 30 dit\u00ebsh nga dita e p\u00ebrfundimit t\u00eb Konkursit.<\/p>\n<p>10. Aplikimet e pakompletuara ose t\u00eb vonuara nuk do t\u00eb shqyrtohen.<\/p>\n<p>11. Vendimi p\u00ebr ndarjen e mjeteve do t\u00eb publikohet n\u00eb ueb faqen e Komun\u00ebs s\u00eb Ulqinit.<\/p>\n<p>Informatat p\u00ebr t\u00eb gjitha \u00e7\u00ebshtjet me r\u00ebnd\u00ebsi p\u00ebr pjes\u00ebmarrje n\u00eb Konkurs mund t\u00eb fitohen \u00e7do dit\u00eb t\u00eb pun\u00ebs prej or\u00ebs 09,00 deri n\u00eb or\u00ebn 14,00 n\u00eb telefonin celular: <span id=\"skype_c2c_container\" class=\"skype_c2c_container notranslate\" dir=\"ltr\" tabindex=\"-1\" data-numbertocall=\"+38269585583\" data-isfreecall=\"false\" data-isrtl=\"false\" data-ismobile=\"false\"><span class=\"skype_c2c_highlighting_inactive_common\" dir=\"ltr\"><span id=\"non_free_num_ui\" class=\"skype_c2c_textarea_span\"><img loading=\"lazy\" class=\"skype_c2c_logo_img\" src=\"resource:\/\/skype_ff_extension-at-jetpack\/skype_ff_extension\/data\/call_skype_logo.png\" alt=\"\" width=\"0\" height=\"0\" \/><span class=\"skype_c2c_text_span\">069-585-583<\/span><\/span><\/span><\/span>, personi p\u00ebr kontakt: Gjina Daboviq ose me e \u2013 mail: <a href=\"mailto:djina.djonovic@ul-gov.me\">djina.djonovic@ul-gov.me<\/a>.<\/p>\n<p>KOMUNA E ULQINIT<br \/>\nKRYETARI,<br \/>\nFatmir Gjeka, d.v.<\/p>\n<p><a href=\"http:\/\/ul-gov.me\/images\/KonkursOJQ181214\/formullar1.doc\">Formular p\u00ebr paraqitjen e projektit t\u00eb OJQ<\/a><br \/>\n<a href=\"http:\/\/ul-gov.me\/images\/KonkursOJQ181214\/formullar.doc\">Forma sipas projektit<\/a><\/p>\n","protected":false},"excerpt":{"rendered":"<p>N\u00eb baz\u00eb t\u00eb nenit 3 t\u00eb Vendimit p\u00ebr kriteret, m\u00ebnyr\u00ebn dhe procedur\u00ebn e ndarjes s\u00eb mjeteve p\u00ebr organizatat joqeveritare botuar n\u00eb \u201eFletoren zyrtare t\u00eb Malit t\u00eb Zi&#8221;, nr. 5\/07, KRYETARI I KOMUN\u00cbS S\u00cb ULQINIT Shpall KONKURS PUBLIK P\u00cbR NDARJEN E MJETEVE P\u00cbR PROJEKTE ORGANIZATAVE JOQEVERITARE P\u00cbR VITIN 2014 1. T\u00eb drejt\u00eb pjes\u00ebmarrjeje kan\u00eb organizatat joqeveritare [&hellip;]<\/p>\n","protected":false},"author":1,"featured_media":0,"comment_status":"closed","ping_status":"closed","sticky":false,"template":"","format":"standard","meta":{"spay_email":"","jetpack_publicize_message":"","jetpack_is_tweetstorm":false,"jetpack_publicize_feature_enabled":true},"categories":[12],"tags":[],"jetpack_publicize_connections":[],"yoast_head":"<!-- This site is optimized with the Yoast SEO plugin v19.1 - https:\/\/yoast.com\/wordpress\/plugins\/seo\/ -->\n<title>KRYETARI I KOMUN\u00cbS S\u00cb ULQINIT: KONKURS PUBLIK P\u00cbR NDARJEN E MJETEVE P\u00cbR PROJEKTE ORGANIZATAVE JOQEVERITARE P\u00cbR VITIN 2014 - Lajme nga Ulqini<\/title>\n<meta name=\"description\" content=\"N\u00eb baz\u00eb t\u00eb nenit 3 t\u00eb Vendimit p\u00ebr kriteret, m\u00ebnyr\u00ebn dhe procedur\u00ebn e ndarjes s\u00eb mjeteve p\u00ebr organizatat joqeveritare botuar n\u00eb \u201eFletoren zyrtare t\u00eb Malit\" \/>\n<meta name=\"robots\" content=\"index, follow, max-snippet:-1, max-image-preview:large, max-video-preview:-1\" \/>\n<link rel=\"canonical\" href=\"https:\/\/www.visit-ulcinj.com\/blog\/2014\/12\/18\/kryetari-komunes-se-ulqinit-konkurs-publik-per-ndarjen-e-mjeteve-per-projekte-organizatave-joqeveritare-per-vitin-2014\/\" \/>\n<meta property=\"og:locale\" content=\"en_US\" \/>\n<meta property=\"og:type\" content=\"article\" \/>\n<meta property=\"og:title\" content=\"KRYETARI I KOMUN\u00cbS S\u00cb ULQINIT: KONKURS PUBLIK P\u00cbR NDARJEN E MJETEVE P\u00cbR PROJEKTE ORGANIZATAVE JOQEVERITARE P\u00cbR VITIN 2014 - Lajme nga Ulqini\" \/>\n<meta property=\"og:description\" content=\"N\u00eb baz\u00eb t\u00eb nenit 3 t\u00eb Vendimit p\u00ebr kriteret, m\u00ebnyr\u00ebn dhe procedur\u00ebn e ndarjes s\u00eb mjeteve p\u00ebr organizatat joqeveritare botuar n\u00eb \u201eFletoren zyrtare t\u00eb Malit\" \/>\n<meta property=\"og:url\" content=\"https:\/\/www.visit-ulcinj.com\/blog\/2014\/12\/18\/kryetari-komunes-se-ulqinit-konkurs-publik-per-ndarjen-e-mjeteve-per-projekte-organizatave-joqeveritare-per-vitin-2014\/\" \/>\n<meta property=\"og:site_name\" content=\"Lajme nga Ulqini\" \/>\n<meta property=\"article:published_time\" content=\"2014-12-18T14:06:31+00:00\" \/>\n<meta property=\"og:image\" content=\"http:\/\/www.visit-ulcinj.com\/blog\/wp-content\/uploads\/2013\/06\/Komuna-Ulqinit-Press.jpg\" \/>\n<meta name=\"twitter:label1\" content=\"Written by\" \/>\n\t<meta name=\"twitter:data1\" content=\"ulqini\" \/>\n\t<meta name=\"twitter:label2\" content=\"Est. reading time\" \/>\n\t<meta name=\"twitter:data2\" content=\"4 minutes\" \/>\n<script type=\"application\/ld+json\" class=\"yoast-schema-graph\">{\"@context\":\"https:\/\/schema.org\",\"@graph\":[{\"@type\":\"WebSite\",\"@id\":\"https:\/\/www.visit-ulcinj.com\/blog\/#website\",\"url\":\"https:\/\/www.visit-ulcinj.com\/blog\/\",\"name\":\"Lajme nga Ulqini\",\"description\":\"Lajme,Vijesti,Ulqini,Ulqin,Crna Gora,Mali i Zi\",\"potentialAction\":[{\"@type\":\"SearchAction\",\"target\":{\"@type\":\"EntryPoint\",\"urlTemplate\":\"https:\/\/www.visit-ulcinj.com\/blog\/?s={search_term_string}\"},\"query-input\":\"required name=search_term_string\"}],\"inLanguage\":\"en-US\"},{\"@type\":\"ImageObject\",\"inLanguage\":\"en-US\",\"@id\":\"https:\/\/www.visit-ulcinj.com\/blog\/2014\/12\/18\/kryetari-komunes-se-ulqinit-konkurs-publik-per-ndarjen-e-mjeteve-per-projekte-organizatave-joqeveritare-per-vitin-2014\/#primaryimage\",\"url\":\"https:\/\/www.visit-ulcinj.com\/blog\/wp-content\/uploads\/2013\/06\/Komuna-Ulqinit-Press.jpg\",\"contentUrl\":\"https:\/\/www.visit-ulcinj.com\/blog\/wp-content\/uploads\/2013\/06\/Komuna-Ulqinit-Press.jpg\",\"width\":720,\"height\":576},{\"@type\":\"WebPage\",\"@id\":\"https:\/\/www.visit-ulcinj.com\/blog\/2014\/12\/18\/kryetari-komunes-se-ulqinit-konkurs-publik-per-ndarjen-e-mjeteve-per-projekte-organizatave-joqeveritare-per-vitin-2014\/#webpage\",\"url\":\"https:\/\/www.visit-ulcinj.com\/blog\/2014\/12\/18\/kryetari-komunes-se-ulqinit-konkurs-publik-per-ndarjen-e-mjeteve-per-projekte-organizatave-joqeveritare-per-vitin-2014\/\",\"name\":\"KRYETARI I KOMUN\u00cbS S\u00cb ULQINIT: KONKURS PUBLIK P\u00cbR NDARJEN E MJETEVE P\u00cbR PROJEKTE ORGANIZATAVE JOQEVERITARE P\u00cbR VITIN 2014 - Lajme nga Ulqini\",\"isPartOf\":{\"@id\":\"https:\/\/www.visit-ulcinj.com\/blog\/#website\"},\"primaryImageOfPage\":{\"@id\":\"https:\/\/www.visit-ulcinj.com\/blog\/2014\/12\/18\/kryetari-komunes-se-ulqinit-konkurs-publik-per-ndarjen-e-mjeteve-per-projekte-organizatave-joqeveritare-per-vitin-2014\/#primaryimage\"},\"datePublished\":\"2014-12-18T14:06:31+00:00\",\"dateModified\":\"2014-12-18T14:06:31+00:00\",\"author\":{\"@id\":\"https:\/\/www.visit-ulcinj.com\/blog\/#\/schema\/person\/dcab619c614d3038751c63bc2aadc06d\"},\"description\":\"N\u00eb baz\u00eb t\u00eb nenit 3 t\u00eb Vendimit p\u00ebr kriteret, m\u00ebnyr\u00ebn dhe procedur\u00ebn e ndarjes s\u00eb mjeteve p\u00ebr organizatat joqeveritare botuar n\u00eb \u201eFletoren zyrtare t\u00eb Malit\",\"breadcrumb\":{\"@id\":\"https:\/\/www.visit-ulcinj.com\/blog\/2014\/12\/18\/kryetari-komunes-se-ulqinit-konkurs-publik-per-ndarjen-e-mjeteve-per-projekte-organizatave-joqeveritare-per-vitin-2014\/#breadcrumb\"},\"inLanguage\":\"en-US\",\"potentialAction\":[{\"@type\":\"ReadAction\",\"target\":[\"https:\/\/www.visit-ulcinj.com\/blog\/2014\/12\/18\/kryetari-komunes-se-ulqinit-konkurs-publik-per-ndarjen-e-mjeteve-per-projekte-organizatave-joqeveritare-per-vitin-2014\/\"]}]},{\"@type\":\"BreadcrumbList\",\"@id\":\"https:\/\/www.visit-ulcinj.com\/blog\/2014\/12\/18\/kryetari-komunes-se-ulqinit-konkurs-publik-per-ndarjen-e-mjeteve-per-projekte-organizatave-joqeveritare-per-vitin-2014\/#breadcrumb\",\"itemListElement\":[{\"@type\":\"ListItem\",\"position\":1,\"name\":\"KRYETARI I KOMUN\u00cbS S\u00cb ULQINIT: KONKURS PUBLIK P\u00cbR NDARJEN E MJETEVE P\u00cbR PROJEKTE ORGANIZATAVE JOQEVERITARE P\u00cbR VITIN 2014\"}]},{\"@type\":\"Person\",\"@id\":\"https:\/\/www.visit-ulcinj.com\/blog\/#\/schema\/person\/dcab619c614d3038751c63bc2aadc06d\",\"name\":\"ulqini\",\"sameAs\":[\"http:\/\/www.visit-ulcinj.com\"],\"url\":\"https:\/\/www.visit-ulcinj.com\/blog\/author\/admin\/\"}]}<\/script>\n<!-- \/ Yoast SEO plugin. -->","yoast_head_json":{"title":"KRYETARI I KOMUN\u00cbS S\u00cb ULQINIT: KONKURS PUBLIK P\u00cbR NDARJEN E MJETEVE P\u00cbR PROJEKTE ORGANIZATAVE JOQEVERITARE P\u00cbR VITIN 2014 - Lajme nga Ulqini","description":"N\u00eb baz\u00eb t\u00eb nenit 3 t\u00eb Vendimit p\u00ebr kriteret, m\u00ebnyr\u00ebn dhe procedur\u00ebn e ndarjes s\u00eb mjeteve p\u00ebr organizatat joqeveritare botuar n\u00eb \u201eFletoren zyrtare t\u00eb Malit","robots":{"index":"index","follow":"follow","max-snippet":"max-snippet:-1","max-image-preview":"max-image-preview:large","max-video-preview":"max-video-preview:-1"},"canonical":"https:\/\/www.visit-ulcinj.com\/blog\/2014\/12\/18\/kryetari-komunes-se-ulqinit-konkurs-publik-per-ndarjen-e-mjeteve-per-projekte-organizatave-joqeveritare-per-vitin-2014\/","og_locale":"en_US","og_type":"article","og_title":"KRYETARI I KOMUN\u00cbS S\u00cb ULQINIT: KONKURS PUBLIK P\u00cbR NDARJEN E MJETEVE P\u00cbR PROJEKTE ORGANIZATAVE JOQEVERITARE P\u00cbR VITIN 2014 - Lajme nga Ulqini","og_description":"N\u00eb baz\u00eb t\u00eb nenit 3 t\u00eb Vendimit p\u00ebr kriteret, m\u00ebnyr\u00ebn dhe procedur\u00ebn e ndarjes s\u00eb mjeteve p\u00ebr organizatat joqeveritare botuar n\u00eb \u201eFletoren zyrtare t\u00eb Malit","og_url":"https:\/\/www.visit-ulcinj.com\/blog\/2014\/12\/18\/kryetari-komunes-se-ulqinit-konkurs-publik-per-ndarjen-e-mjeteve-per-projekte-organizatave-joqeveritare-per-vitin-2014\/","og_site_name":"Lajme nga Ulqini","article_published_time":"2014-12-18T14:06:31+00:00","og_image":[{"url":"http:\/\/www.visit-ulcinj.com\/blog\/wp-content\/uploads\/2013\/06\/Komuna-Ulqinit-Press.jpg"}],"twitter_misc":{"Written by":"ulqini","Est. reading time":"4 minutes"},"schema":{"@context":"https:\/\/schema.org","@graph":[{"@type":"WebSite","@id":"https:\/\/www.visit-ulcinj.com\/blog\/#website","url":"https:\/\/www.visit-ulcinj.com\/blog\/","name":"Lajme nga Ulqini","description":"Lajme,Vijesti,Ulqini,Ulqin,Crna Gora,Mali i Zi","potentialAction":[{"@type":"SearchAction","target":{"@type":"EntryPoint","urlTemplate":"https:\/\/www.visit-ulcinj.com\/blog\/?s={search_term_string}"},"query-input":"required name=search_term_string"}],"inLanguage":"en-US"},{"@type":"ImageObject","inLanguage":"en-US","@id":"https:\/\/www.visit-ulcinj.com\/blog\/2014\/12\/18\/kryetari-komunes-se-ulqinit-konkurs-publik-per-ndarjen-e-mjeteve-per-projekte-organizatave-joqeveritare-per-vitin-2014\/#primaryimage","url":"https:\/\/www.visit-ulcinj.com\/blog\/wp-content\/uploads\/2013\/06\/Komuna-Ulqinit-Press.jpg","contentUrl":"https:\/\/www.visit-ulcinj.com\/blog\/wp-content\/uploads\/2013\/06\/Komuna-Ulqinit-Press.jpg","width":720,"height":576},{"@type":"WebPage","@id":"https:\/\/www.visit-ulcinj.com\/blog\/2014\/12\/18\/kryetari-komunes-se-ulqinit-konkurs-publik-per-ndarjen-e-mjeteve-per-projekte-organizatave-joqeveritare-per-vitin-2014\/#webpage","url":"https:\/\/www.visit-ulcinj.com\/blog\/2014\/12\/18\/kryetari-komunes-se-ulqinit-konkurs-publik-per-ndarjen-e-mjeteve-per-projekte-organizatave-joqeveritare-per-vitin-2014\/","name":"KRYETARI I KOMUN\u00cbS S\u00cb ULQINIT: KONKURS PUBLIK P\u00cbR NDARJEN E MJETEVE P\u00cbR PROJEKTE ORGANIZATAVE JOQEVERITARE P\u00cbR VITIN 2014 - Lajme nga Ulqini","isPartOf":{"@id":"https:\/\/www.visit-ulcinj.com\/blog\/#website"},"primaryImageOfPage":{"@id":"https:\/\/www.visit-ulcinj.com\/blog\/2014\/12\/18\/kryetari-komunes-se-ulqinit-konkurs-publik-per-ndarjen-e-mjeteve-per-projekte-organizatave-joqeveritare-per-vitin-2014\/#primaryimage"},"datePublished":"2014-12-18T14:06:31+00:00","dateModified":"2014-12-18T14:06:31+00:00","author":{"@id":"https:\/\/www.visit-ulcinj.com\/blog\/#\/schema\/person\/dcab619c614d3038751c63bc2aadc06d"},"description":"N\u00eb baz\u00eb t\u00eb nenit 3 t\u00eb Vendimit p\u00ebr kriteret, m\u00ebnyr\u00ebn dhe procedur\u00ebn e ndarjes s\u00eb mjeteve p\u00ebr organizatat joqeveritare botuar n\u00eb \u201eFletoren zyrtare t\u00eb Malit","breadcrumb":{"@id":"https:\/\/www.visit-ulcinj.com\/blog\/2014\/12\/18\/kryetari-komunes-se-ulqinit-konkurs-publik-per-ndarjen-e-mjeteve-per-projekte-organizatave-joqeveritare-per-vitin-2014\/#breadcrumb"},"inLanguage":"en-US","potentialAction":[{"@type":"ReadAction","target":["https:\/\/www.visit-ulcinj.com\/blog\/2014\/12\/18\/kryetari-komunes-se-ulqinit-konkurs-publik-per-ndarjen-e-mjeteve-per-projekte-organizatave-joqeveritare-per-vitin-2014\/"]}]},{"@type":"BreadcrumbList","@id":"https:\/\/www.visit-ulcinj.com\/blog\/2014\/12\/18\/kryetari-komunes-se-ulqinit-konkurs-publik-per-ndarjen-e-mjeteve-per-projekte-organizatave-joqeveritare-per-vitin-2014\/#breadcrumb","itemListElement":[{"@type":"ListItem","position":1,"name":"KRYETARI I KOMUN\u00cbS S\u00cb ULQINIT: KONKURS PUBLIK P\u00cbR NDARJEN E MJETEVE P\u00cbR PROJEKTE ORGANIZATAVE JOQEVERITARE P\u00cbR VITIN 2014"}]},{"@type":"Person","@id":"https:\/\/www.visit-ulcinj.com\/blog\/#\/schema\/person\/dcab619c614d3038751c63bc2aadc06d","name":"ulqini","sameAs":["http:\/\/www.visit-ulcinj.com"],"url":"https:\/\/www.visit-ulcinj.com\/blog\/author\/admin\/"}]}},"jetpack_featured_media_url":"","jetpack_sharing_enabled":true,"jetpack_shortlink":"https:\/\/wp.me\/pe6lTn-mFI","_links":{"self":[{"href":"https:\/\/www.visit-ulcinj.com\/blog\/wp-json\/wp\/v2\/posts\/87154"}],"collection":[{"href":"https:\/\/www.visit-ulcinj.com\/blog\/wp-json\/wp\/v2\/posts"}],"about":[{"href":"https:\/\/www.visit-ulcinj.com\/blog\/wp-json\/wp\/v2\/types\/post"}],"author":[{"embeddable":true,"href":"https:\/\/www.visit-ulcinj.com\/blog\/wp-json\/wp\/v2\/users\/1"}],"replies":[{"embeddable":true,"href":"https:\/\/www.visit-ulcinj.com\/blog\/wp-json\/wp\/v2\/comments?post=87154"}],"version-history":[{"count":1,"href":"https:\/\/www.visit-ulcinj.com\/blog\/wp-json\/wp\/v2\/posts\/87154\/revisions"}],"predecessor-version":[{"id":87155,"href":"https:\/\/www.visit-ulcinj.com\/blog\/wp-json\/wp\/v2\/posts\/87154\/revisions\/87155"}],"wp:attachment":[{"href":"https:\/\/www.visit-ulcinj.com\/blog\/wp-json\/wp\/v2\/media?parent=87154"}],"wp:term":[{"taxonomy":"category","embeddable":true,"href":"https:\/\/www.visit-ulcinj.com\/blog\/wp-json\/wp\/v2\/categories?post=87154"},{"taxonomy":"post_tag","embeddable":true,"href":"https:\/\/www.visit-ulcinj.com\/blog\/wp-json\/wp\/v2\/tags?post=87154"}],"curies":[{"name":"wp","href":"https:\/\/api.w.org\/{rel}","templated":true}]}}