{"id":87158,"date":"2014-12-18T18:48:29","date_gmt":"2014-12-18T17:48:29","guid":{"rendered":"http:\/\/www.visit-ulcinj.com\/blog\/?p=87158"},"modified":"2014-12-21T13:55:07","modified_gmt":"2014-12-21T12:55:07","slug":"nika-eshte-tv-teuta-nje-informativno-smece","status":"publish","type":"post","link":"https:\/\/www.visit-ulcinj.com\/blog\/2014\/12\/18\/nika-eshte-tv-teuta-nje-informativno-smece\/","title":{"rendered":"Nika: A  \u00ebsht\u00eb  TV Teuta nj\u00eb \u201c Informativno sme\u0107e\u201c"},"content":{"rendered":"<p><strong><em><a href=\"http:\/\/www.visit-ulcinj.com\/blog\/wp-content\/uploads\/2013\/12\/Muhamet-Nika.jpg\"><img loading=\"lazy\" class=\"alignleft wp-image-77361 size-medium\" src=\"http:\/\/www.visit-ulcinj.com\/blog\/wp-content\/uploads\/2013\/12\/Muhamet-Nika-300x190.jpg\" alt=\"Muhamet-Nika\" width=\"300\" height=\"190\" srcset=\"https:\/\/www.visit-ulcinj.com\/blog\/wp-content\/uploads\/2013\/12\/Muhamet-Nika-300x190.jpg 300w, https:\/\/www.visit-ulcinj.com\/blog\/wp-content\/uploads\/2013\/12\/Muhamet-Nika.jpg 389w\" sizes=\"(max-width: 300px) 100vw, 300px\" \/><\/a><\/em><\/strong><strong><em>Shkruan :Muhamet Nika,<\/em><\/strong><\/p>\n<p><strong><em> (Nj\u00eb reagim n\u00eb lidhje me kronik\u00ebn e dh\u00ebn\u00eb n\u00eb Tv \u2013 Teut\u00eb , e t\u00eb shp\u00ebrndar\u00eb edhe nga Ulqini promul)<\/em><\/strong><\/p>\n<p><em>\u00cbsht\u00eb e udh\u00ebs dhe e sanksionuar me ligj , q\u00eb kur dikush t\u00eb p\u00ebrrallis\u00eb nga gazetar\u00ebt , ose mediumi p\u00ebrkat\u00ebs, t\u00eb reagosh n\u00eb deklarat\u00ebn e tij, n\u00eb t\u00eb kund\u00ebrt\u00ebn , n\u00ebse ai nuk ta jep mund\u00ebsin\u00eb p\u00ebr demant , ke t\u00eb drejt\u00eb ta padis\u00ebsh ate. Gjithashtu me ligj\u00eb jan\u00eb t\u00eb denueshme edhe montime-inskenimet mediatike etj. Mir\u00ebpo duke pasur parasysh , p\u00ebrvojen e keqe personale n\u00eb k\u00ebt\u00eb drejtim, me TV-Teut\u00eb, n\u00eb raport me aktivitetet tjera shoq\u00ebrorore, moti jam distancuar nga ajo. Bile edhe n\u00eb sht\u00ebpi e sabotojm\u00eb si televizion, pasi kemi mund\u00ebsi zgjedhjeje. Kur vazhdojn\u00eb t\u00eb m\u00eb prallisin e marrim vesh prej tjer\u00ebve..?! K\u00ebshtuj p\u00ebr t\u00eb reaguar n\u00eb montimet e tyre u p\u00ebrcaktova ta b\u00ebj\u00eb k\u00ebt\u00eb v\u00ebshtrim n\u00eb faqen-Lajme nga Ulqini e cila ka koh\u00eb q\u00eb m\u00eb duket m\u00eb korrerkte n\u00eb k\u00ebt\u00eb pun\u00eb dhe m\u00eb e guximshme.. <\/em><\/p>\n<p><a href=\"http:\/\/www.visit-ulcinj.com\/blog\/wp-content\/uploads\/2014\/12\/Foto-Tv-Teuta.jpg\"><img loading=\"lazy\" class=\"alignleft wp-image-87159\" src=\"http:\/\/www.visit-ulcinj.com\/blog\/wp-content\/uploads\/2014\/12\/Foto-Tv-Teuta.jpg\" alt=\"Foto-Tv-Teuta\" width=\"508\" height=\"349\" srcset=\"https:\/\/www.visit-ulcinj.com\/blog\/wp-content\/uploads\/2014\/12\/Foto-Tv-Teuta.jpg 604w, https:\/\/www.visit-ulcinj.com\/blog\/wp-content\/uploads\/2014\/12\/Foto-Tv-Teuta-300x206.jpg 300w\" sizes=\"(max-width: 508px) 100vw, 508px\" \/><\/a><\/p>\n<p>Kur pash\u00eb k\u00ebt\u00eb fotografi\u00a0\u00a0 t\u00eb shp\u00ebrndar\u00eb nga Ulqini Promul dhe e cila shoq\u00ebronte\u00a0\u00a0 lajmin ku thuhej \u201eDje n\u00eb Komun\u00ebn e Ulqinit u realizua n\u00ebnshkrimi i kontrat\u00ebs p\u00ebr nd\u00ebrtimin e Akua parkut n\u00eb Shtoj&#8230; Nd\u00ebrsa n\u00eb kabinetin e kryetarit t\u00eb komun\u00ebs Fatmir Gjeka ishte duke vijuar konferenca p\u00ebr gazetar\u00eb, n\u00eb korridor protestonin Anton dhe Peko Rudoviq, ish-pronar\u00ebt e pron\u00ebs n\u00eb Shtoj ku do t\u00eb nd\u00ebrtohet Akua parku&#8230;\u201d pata p\u00ebrshtypje se fjala \u00ebsht\u00eb p\u00ebr situata komike t\u00eb filmave soc-realist q\u00eb p\u00ebrqeshnin sistemin paraprak.<\/p>\n<p>Me siguri q\u00eb un\u00eb nuk jam m\u00eb i urti, ose m\u00eb \u201ci tranuari \u201cqytetar i Ulqinit, kur pata p\u00ebrshtypjeje, t\u00eb till\u00eb. Them t\u00eb v\u00ebrtet\u00ebn, kjo edhe \u00ebsht\u00eb , plot\u00ebsisht e kuptueshme , n\u00ebse kemi p\u00ebr baz\u00eb q\u00eb fotografia \u00ebsht\u00eb marr\u00eb nga ky televizion, i cili p\u00ebr mua ka qen\u00eb dhe \u00ebsht\u00eb nj\u00eb b\u00ebrllok-sme\u0107e informative. Fatkeq\u00ebsisht, televizioni, q\u00eb prej themelimit \u00ebsht\u00eb shnd\u00ebrruar n\u00eb \u201c \u00c7ernobil mediatik\u201d t\u00eb edukat\u00ebs mediatike shqiptare tashm\u00eb bukur mir\u00eb t\u00eb \u00e7oroditur e t\u00eb asimiluar nga ky medium. Ftohja im nga ky televizion nis q\u00eb nga koha e themelimit t\u00eb saj , kur me politik\u00ebn e vet po b\u00ebnte nj\u00eb masak\u00ebr mediatik t\u00eb informimit, mbi qenien ton\u00eb komb\u00ebtare. Sidomos, p\u00ebr shembull, n\u00eb rastet, kur b\u00ebhesh gati t\u00eb ndjek\u00ebsh nj\u00eb lajm\u00eb q\u00eb nis shqip, por ai me nj\u00ebher\u00eb t\u00eb vazhdon serbisht, \u00e7\u2019\u00ebsht\u00eb m\u00eb e keqja duke favorizuar at\u00eb serbisht. Ky dualiz\u00ebm i politik\u00ebs s\u00eb saj , vazhdon edhe me politik\u00ebn programore, t\u00eb vet\u00ebn , duke kultivuar vet\u00ebdijen dualiste shqiptaro malazeze, t\u00eb qytetar\u00ebve, n\u00eb vend t\u00eb vet\u00ebdijes s\u00eb mir\u00ebfillt\u00eb komb\u00ebtare. Shum\u00eb her\u00eb kam menduar, q\u00eb k\u00ebt\u00eb televizion ta padis p\u00ebr diskriminim nacional dhe politik\u00eb asimiluese, t\u00eb asociacione e vendit dhe ata nd\u00ebrkomb\u00ebtare , t\u00eb cilat merren me lirit\u00eb njer\u00ebzore. K\u00ebshtu q\u00eb pohoj se nga kjo ide ende nuk kam \u00e7uar dor\u00eb. Mbase edhe do ta b\u00ebj&#8230;?!!!<\/p>\n<p><strong><em>\u00c7far\u00eb ngjau n\u00eb t\u00eb v\u00ebrtet\u00eb k\u00ebt\u00eb dit\u00eb dhe pse u pengua hyrja te kryetari nga un\u00eb e qytetar\u00ebve?!!<\/em><\/strong><\/p>\n<p>N\u00eb lidhje me fjal\u00ebt e imituara e m\u00eb pas t\u00eb fshira, del se,\u201cNika nuk lejoi t\u00eb hyhet te kryetari&#8230;.,dhe p\u00ebrdori fjal\u00eb t\u00eb r\u00ebnda&#8230; , nuk mund ta ndaloj\u00eb kamer\u00ebn e Teut\u00ebs askush&#8230; \u201cetj .<\/p>\n<p>Kjo montazh\u00eb me asocon p\u00ebr momentin n\u00eb koh\u00ebn e reportazheve t\u00eb dikurshme t\u00eb TV \u2013s\u00eb s\u00eb Malit t\u00eb Zi, kur skenoheshin ngjarje televizive , si puna e asaj, kur ushtria jugosllave p\u00ebrparonte duksh\u00ebm\u201c duke ecur lirsh\u00ebm k\u00ebmb\u00eb \u201cdrejt\u00eb Dubrovnikut, ..?!!<\/p>\n<p>Nd\u00ebrsa n\u00eb k\u00ebt\u00eb dit\u00eb shtojm\u00eb se ngjarja u zhvillua si vijon. Edhe pse kryetari i komun\u00ebs e kish ftuar TV Teut\u00ebn n\u00eb konferenc\u00eb shtypi, ajo po duket kish nj\u00eb itinerar(skenar) tjet\u00ebr komprometues p\u00ebr konferenc\u00ebn n\u00eb fjal\u00eb q\u00eb n\u00eb fillim, kur n\u00eb em\u00ebr t\u00eb objektivitetit Antoja mba konferenc\u00eb shtypi n\u00eb katin e par\u00eb t\u00eb komun\u00ebs, lirsh\u00ebm si t\u00eb ishte n\u00eb sht\u00ebpi t\u00eb vet. Pasi n\u00eb k\u00ebt\u00eb moment, q\u00ebllova n\u00eb shkall\u00eb t\u00eb katit t\u00eb tret\u00eb, jo me q\u00ebllim , m\u00eb d\u00ebgjuan vesh\u00ebt , kur gazetarja i tha Antos duke e prositur: \u201c &#8230;Mir\u00eb , ti hajde pas neve e kur t\u00eb hyj\u00eb un\u00eb brenda , hyr edhe ti. E n\u00eb se t\u00eb pengojn\u00eb, at\u00eb her\u00eb kamera do t\u00eb jet\u00eb e aktivizuar fshehtas e do t\u00eb incizoj\u00eb Skandalin&#8230;\u201d Pasi hyrja ishte me protokoll, kuptohet q\u00eb e ndalova me vet\u00ebdije kameramanin( pasi kjo hyn\u00eb n\u00eb kuad\u00ebr t\u00eb referatit tim) , duke i th\u00ebn\u00eb se nuk ke mandat t\u00eb b\u00ebsh nj\u00eb skenar t\u00eb till\u00eb dhe se duhet t\u00eb largosh kamer\u00ebn&#8230;.duke ia t\u00ebrheq v\u00ebrejtjen p\u00ebr pasojat, e jo q\u00eb e pengoi kush hyrjen e saj , atje&#8230;?!!!<\/p>\n<p>Kjo \u00ebsht\u00eb krejt e v\u00ebrteta e situat\u00ebs , e jo se un\u00eb jam trim mesjetar&#8230;?!! N\u00eb se vazhdohet k\u00ebshtu, pasi \u201c nuk jam trim i till\u00eb\u201d, do t\u00eb k\u00ebrkoj, me siguri edhe mbrojtje nga ligji, e sidomos p\u00ebr manipulimet e tyre dhe cirkusin q\u00eb b\u00ebnin direkt n\u00eb transmetim t\u00eb seancave t\u00eb kuvendit me imazhet e transmetuara, t\u00eb mijat, e q\u00eb jan\u00eb rrept\u00ebsisht\u00eb t\u00eb ndaluara .K\u00ebto skena i ruaj ende n\u00eb arkivin personal&#8230;?!!!<\/p>\n<p><strong><em> Teuta zhvat\u00eb 70- 80 mij\u00eb euro n\u00eb vit nga komuna?!!<\/em><\/strong><\/p>\n<p>Nuk arrij ta kuptoja as at\u00eb her\u00eb e as sot, k\u00ebt\u00eb politik\u00eb t\u00eb tyre, kur vet\u00ebm p\u00ebr nj\u00eb dit\u00eb transmetim n\u00eb koh\u00ebn time\u201c na qethnin\u201d 1500 e n\u00eb dit\u00eb ..?!!Q\u00eb kap shum\u00ebn vjetore rreth 50 mij\u00eb euro n\u00eb vit. Shuma e till\u00eb po thuaj se dyfishohet, kur kemi parasysh edhe pagesat tjera n\u00eb em\u00ebr t\u00eb sh\u00ebrbimeve reklamuese. Kuptohet e gjith\u00eb kjo pun\u00eb b\u00ebhej e b\u00ebhet pa tender. N\u00ebse thuhet se jan\u00eb b\u00ebr\u00eb shkelje ligjore n\u00eb politik\u00ebn e tenderave, at\u00eb her\u00eb mendoj se kjo duhet t\u00eb ket\u00eb qen\u00eb nj\u00ebra nga shkeljet e b\u00ebra. Si pas ligjit \u00e7do shum\u00eb , q\u00eb i kalon 5mij\u00eb euro nevojitet t\u00eb shpallet tender.<\/p>\n<p>K\u00ebshilltar\u00ebt as sot nuk kan\u00eb mandat t\u00eb shpenzojn\u00eb parat\u00eb e taksa paguesve n\u00eb k\u00ebt\u00eb m\u00ebnyr\u00eb..?!! N\u00eb k\u00ebt\u00eb koh\u00eb krize , kjo m\u00eb duket nj\u00eb komoditet, p\u00ebr t\u00eb mos th\u00ebn\u00eb absurditet tep\u00ebr i marr\u00eb.<\/p>\n<p>Un\u00eb n\u00eb koh\u00ebn time kam qen\u00eb i detyruar , ta p\u00ebrkrah nj\u00eb veprim t\u00eb till\u00eb transmetimi me k\u00ebto kushte, sepse m\u00eb akuzonin p\u00ebr tradhti e serviliz\u00ebm, pik\u00ebrisht ata t\u00eb cil\u00ebt deri n\u00eb t\u00eb 7 brez, kan\u00eb qen\u00eb t\u00eb till\u00eb,kuptohet bashk\u00eb me ata t\u00eb cil\u00ebt patriotizmin e njoh\u00ebn shum\u00eb von\u00eb-pas viteve 2000?!!! Po t\u00eb mos ishte kamera si do kudo, ato etiketime edhe do t\u00eb kishin ndezur t\u00eb votuesit e opsionit q\u00eb i takoja .<\/p>\n","protected":false},"excerpt":{"rendered":"<p>Shkruan :Muhamet Nika, (Nj\u00eb reagim n\u00eb lidhje me kronik\u00ebn e dh\u00ebn\u00eb n\u00eb Tv \u2013 Teut\u00eb , e t\u00eb shp\u00ebrndar\u00eb edhe nga Ulqini promul) \u00cbsht\u00eb e udh\u00ebs dhe e sanksionuar me ligj , q\u00eb kur dikush t\u00eb p\u00ebrrallis\u00eb nga gazetar\u00ebt , ose mediumi p\u00ebrkat\u00ebs, t\u00eb reagosh n\u00eb deklarat\u00ebn e tij, n\u00eb t\u00eb kund\u00ebrt\u00ebn , n\u00ebse ai [&hellip;]<\/p>\n","protected":false},"author":1,"featured_media":0,"comment_status":"closed","ping_status":"closed","sticky":false,"template":"","format":"standard","meta":{"spay_email":"","jetpack_publicize_message":"","jetpack_is_tweetstorm":false,"jetpack_publicize_feature_enabled":true},"categories":[1,14249],"tags":[],"jetpack_publicize_connections":[],"yoast_head":"<!-- This site is optimized with the Yoast SEO plugin v19.1 - https:\/\/yoast.com\/wordpress\/plugins\/seo\/ -->\n<title>Nika: A \u00ebsht\u00eb TV Teuta nj\u00eb \u201c Informativno sme\u0107e\u201c - Lajme nga Ulqini<\/title>\n<meta name=\"description\" content=\"Shkruan :Muhamet Nika, (Nj\u00eb reagim n\u00eb lidhje me kronik\u00ebn e dh\u00ebn\u00eb n\u00eb Tv \u2013 Teut\u00eb , e t\u00eb shp\u00ebrndar\u00eb edhe nga Ulqini promul) \u00cbsht\u00eb e udh\u00ebs dhe e sanksionuar\" \/>\n<meta name=\"robots\" content=\"index, follow, max-snippet:-1, max-image-preview:large, max-video-preview:-1\" \/>\n<link rel=\"canonical\" href=\"https:\/\/www.visit-ulcinj.com\/blog\/2014\/12\/18\/nika-eshte-tv-teuta-nje-informativno-smece\/\" \/>\n<meta property=\"og:locale\" content=\"en_US\" \/>\n<meta property=\"og:type\" content=\"article\" \/>\n<meta property=\"og:title\" content=\"Nika: A \u00ebsht\u00eb TV Teuta nj\u00eb \u201c Informativno sme\u0107e\u201c - Lajme nga Ulqini\" \/>\n<meta property=\"og:description\" content=\"Shkruan :Muhamet Nika, (Nj\u00eb reagim n\u00eb lidhje me kronik\u00ebn e dh\u00ebn\u00eb n\u00eb Tv \u2013 Teut\u00eb , e t\u00eb shp\u00ebrndar\u00eb edhe nga Ulqini promul) \u00cbsht\u00eb e udh\u00ebs dhe e sanksionuar\" \/>\n<meta property=\"og:url\" content=\"https:\/\/www.visit-ulcinj.com\/blog\/2014\/12\/18\/nika-eshte-tv-teuta-nje-informativno-smece\/\" \/>\n<meta property=\"og:site_name\" content=\"Lajme nga Ulqini\" \/>\n<meta property=\"article:published_time\" content=\"2014-12-18T17:48:29+00:00\" \/>\n<meta property=\"article:modified_time\" content=\"2014-12-21T12:55:07+00:00\" \/>\n<meta property=\"og:image\" content=\"http:\/\/www.visit-ulcinj.com\/blog\/wp-content\/uploads\/2013\/12\/Muhamet-Nika-300x190.jpg\" \/>\n<meta name=\"twitter:label1\" content=\"Written by\" \/>\n\t<meta name=\"twitter:data1\" content=\"ulqini\" \/>\n\t<meta name=\"twitter:label2\" content=\"Est. reading time\" \/>\n\t<meta name=\"twitter:data2\" content=\"6 minutes\" \/>\n<script type=\"application\/ld+json\" class=\"yoast-schema-graph\">{\"@context\":\"https:\/\/schema.org\",\"@graph\":[{\"@type\":\"WebSite\",\"@id\":\"https:\/\/www.visit-ulcinj.com\/blog\/#website\",\"url\":\"https:\/\/www.visit-ulcinj.com\/blog\/\",\"name\":\"Lajme nga Ulqini\",\"description\":\"Lajme,Vijesti,Ulqini,Ulqin,Crna Gora,Mali i Zi\",\"potentialAction\":[{\"@type\":\"SearchAction\",\"target\":{\"@type\":\"EntryPoint\",\"urlTemplate\":\"https:\/\/www.visit-ulcinj.com\/blog\/?s={search_term_string}\"},\"query-input\":\"required name=search_term_string\"}],\"inLanguage\":\"en-US\"},{\"@type\":\"ImageObject\",\"inLanguage\":\"en-US\",\"@id\":\"https:\/\/www.visit-ulcinj.com\/blog\/2014\/12\/18\/nika-eshte-tv-teuta-nje-informativno-smece\/#primaryimage\",\"url\":\"https:\/\/www.visit-ulcinj.com\/blog\/wp-content\/uploads\/2013\/12\/Muhamet-Nika.jpg\",\"contentUrl\":\"https:\/\/www.visit-ulcinj.com\/blog\/wp-content\/uploads\/2013\/12\/Muhamet-Nika.jpg\",\"width\":389,\"height\":247},{\"@type\":\"WebPage\",\"@id\":\"https:\/\/www.visit-ulcinj.com\/blog\/2014\/12\/18\/nika-eshte-tv-teuta-nje-informativno-smece\/#webpage\",\"url\":\"https:\/\/www.visit-ulcinj.com\/blog\/2014\/12\/18\/nika-eshte-tv-teuta-nje-informativno-smece\/\",\"name\":\"Nika: A \u00ebsht\u00eb TV Teuta nj\u00eb \u201c Informativno sme\u0107e\u201c - Lajme nga Ulqini\",\"isPartOf\":{\"@id\":\"https:\/\/www.visit-ulcinj.com\/blog\/#website\"},\"primaryImageOfPage\":{\"@id\":\"https:\/\/www.visit-ulcinj.com\/blog\/2014\/12\/18\/nika-eshte-tv-teuta-nje-informativno-smece\/#primaryimage\"},\"datePublished\":\"2014-12-18T17:48:29+00:00\",\"dateModified\":\"2014-12-21T12:55:07+00:00\",\"author\":{\"@id\":\"https:\/\/www.visit-ulcinj.com\/blog\/#\/schema\/person\/dcab619c614d3038751c63bc2aadc06d\"},\"description\":\"Shkruan :Muhamet Nika, (Nj\u00eb reagim n\u00eb lidhje me kronik\u00ebn e dh\u00ebn\u00eb n\u00eb Tv \u2013 Teut\u00eb , e t\u00eb shp\u00ebrndar\u00eb edhe nga Ulqini promul) \u00cbsht\u00eb e udh\u00ebs dhe e sanksionuar\",\"breadcrumb\":{\"@id\":\"https:\/\/www.visit-ulcinj.com\/blog\/2014\/12\/18\/nika-eshte-tv-teuta-nje-informativno-smece\/#breadcrumb\"},\"inLanguage\":\"en-US\",\"potentialAction\":[{\"@type\":\"ReadAction\",\"target\":[\"https:\/\/www.visit-ulcinj.com\/blog\/2014\/12\/18\/nika-eshte-tv-teuta-nje-informativno-smece\/\"]}]},{\"@type\":\"BreadcrumbList\",\"@id\":\"https:\/\/www.visit-ulcinj.com\/blog\/2014\/12\/18\/nika-eshte-tv-teuta-nje-informativno-smece\/#breadcrumb\",\"itemListElement\":[{\"@type\":\"ListItem\",\"position\":1,\"name\":\"Nika: A \u00ebsht\u00eb TV Teuta nj\u00eb \u201c Informativno sme\u0107e\u201c\"}]},{\"@type\":\"Person\",\"@id\":\"https:\/\/www.visit-ulcinj.com\/blog\/#\/schema\/person\/dcab619c614d3038751c63bc2aadc06d\",\"name\":\"ulqini\",\"sameAs\":[\"http:\/\/www.visit-ulcinj.com\"],\"url\":\"https:\/\/www.visit-ulcinj.com\/blog\/author\/admin\/\"}]}<\/script>\n<!-- \/ Yoast SEO plugin. -->","yoast_head_json":{"title":"Nika: A \u00ebsht\u00eb TV Teuta nj\u00eb \u201c Informativno sme\u0107e\u201c - Lajme nga Ulqini","description":"Shkruan :Muhamet Nika, (Nj\u00eb reagim n\u00eb lidhje me kronik\u00ebn e dh\u00ebn\u00eb n\u00eb Tv \u2013 Teut\u00eb , e t\u00eb shp\u00ebrndar\u00eb edhe nga Ulqini promul) \u00cbsht\u00eb e udh\u00ebs dhe e sanksionuar","robots":{"index":"index","follow":"follow","max-snippet":"max-snippet:-1","max-image-preview":"max-image-preview:large","max-video-preview":"max-video-preview:-1"},"canonical":"https:\/\/www.visit-ulcinj.com\/blog\/2014\/12\/18\/nika-eshte-tv-teuta-nje-informativno-smece\/","og_locale":"en_US","og_type":"article","og_title":"Nika: A \u00ebsht\u00eb TV Teuta nj\u00eb \u201c Informativno sme\u0107e\u201c - Lajme nga Ulqini","og_description":"Shkruan :Muhamet Nika, (Nj\u00eb reagim n\u00eb lidhje me kronik\u00ebn e dh\u00ebn\u00eb n\u00eb Tv \u2013 Teut\u00eb , e t\u00eb shp\u00ebrndar\u00eb edhe nga Ulqini promul) \u00cbsht\u00eb e udh\u00ebs dhe e sanksionuar","og_url":"https:\/\/www.visit-ulcinj.com\/blog\/2014\/12\/18\/nika-eshte-tv-teuta-nje-informativno-smece\/","og_site_name":"Lajme nga Ulqini","article_published_time":"2014-12-18T17:48:29+00:00","article_modified_time":"2014-12-21T12:55:07+00:00","og_image":[{"url":"http:\/\/www.visit-ulcinj.com\/blog\/wp-content\/uploads\/2013\/12\/Muhamet-Nika-300x190.jpg"}],"twitter_misc":{"Written by":"ulqini","Est. reading time":"6 minutes"},"schema":{"@context":"https:\/\/schema.org","@graph":[{"@type":"WebSite","@id":"https:\/\/www.visit-ulcinj.com\/blog\/#website","url":"https:\/\/www.visit-ulcinj.com\/blog\/","name":"Lajme nga Ulqini","description":"Lajme,Vijesti,Ulqini,Ulqin,Crna Gora,Mali i Zi","potentialAction":[{"@type":"SearchAction","target":{"@type":"EntryPoint","urlTemplate":"https:\/\/www.visit-ulcinj.com\/blog\/?s={search_term_string}"},"query-input":"required name=search_term_string"}],"inLanguage":"en-US"},{"@type":"ImageObject","inLanguage":"en-US","@id":"https:\/\/www.visit-ulcinj.com\/blog\/2014\/12\/18\/nika-eshte-tv-teuta-nje-informativno-smece\/#primaryimage","url":"https:\/\/www.visit-ulcinj.com\/blog\/wp-content\/uploads\/2013\/12\/Muhamet-Nika.jpg","contentUrl":"https:\/\/www.visit-ulcinj.com\/blog\/wp-content\/uploads\/2013\/12\/Muhamet-Nika.jpg","width":389,"height":247},{"@type":"WebPage","@id":"https:\/\/www.visit-ulcinj.com\/blog\/2014\/12\/18\/nika-eshte-tv-teuta-nje-informativno-smece\/#webpage","url":"https:\/\/www.visit-ulcinj.com\/blog\/2014\/12\/18\/nika-eshte-tv-teuta-nje-informativno-smece\/","name":"Nika: A \u00ebsht\u00eb TV Teuta nj\u00eb \u201c Informativno sme\u0107e\u201c - Lajme nga Ulqini","isPartOf":{"@id":"https:\/\/www.visit-ulcinj.com\/blog\/#website"},"primaryImageOfPage":{"@id":"https:\/\/www.visit-ulcinj.com\/blog\/2014\/12\/18\/nika-eshte-tv-teuta-nje-informativno-smece\/#primaryimage"},"datePublished":"2014-12-18T17:48:29+00:00","dateModified":"2014-12-21T12:55:07+00:00","author":{"@id":"https:\/\/www.visit-ulcinj.com\/blog\/#\/schema\/person\/dcab619c614d3038751c63bc2aadc06d"},"description":"Shkruan :Muhamet Nika, (Nj\u00eb reagim n\u00eb lidhje me kronik\u00ebn e dh\u00ebn\u00eb n\u00eb Tv \u2013 Teut\u00eb , e t\u00eb shp\u00ebrndar\u00eb edhe nga Ulqini promul) \u00cbsht\u00eb e udh\u00ebs dhe e sanksionuar","breadcrumb":{"@id":"https:\/\/www.visit-ulcinj.com\/blog\/2014\/12\/18\/nika-eshte-tv-teuta-nje-informativno-smece\/#breadcrumb"},"inLanguage":"en-US","potentialAction":[{"@type":"ReadAction","target":["https:\/\/www.visit-ulcinj.com\/blog\/2014\/12\/18\/nika-eshte-tv-teuta-nje-informativno-smece\/"]}]},{"@type":"BreadcrumbList","@id":"https:\/\/www.visit-ulcinj.com\/blog\/2014\/12\/18\/nika-eshte-tv-teuta-nje-informativno-smece\/#breadcrumb","itemListElement":[{"@type":"ListItem","position":1,"name":"Nika: A \u00ebsht\u00eb TV Teuta nj\u00eb \u201c Informativno sme\u0107e\u201c"}]},{"@type":"Person","@id":"https:\/\/www.visit-ulcinj.com\/blog\/#\/schema\/person\/dcab619c614d3038751c63bc2aadc06d","name":"ulqini","sameAs":["http:\/\/www.visit-ulcinj.com"],"url":"https:\/\/www.visit-ulcinj.com\/blog\/author\/admin\/"}]}},"jetpack_featured_media_url":"","jetpack_sharing_enabled":true,"jetpack_shortlink":"https:\/\/wp.me\/pe6lTn-mFM","_links":{"self":[{"href":"https:\/\/www.visit-ulcinj.com\/blog\/wp-json\/wp\/v2\/posts\/87158"}],"collection":[{"href":"https:\/\/www.visit-ulcinj.com\/blog\/wp-json\/wp\/v2\/posts"}],"about":[{"href":"https:\/\/www.visit-ulcinj.com\/blog\/wp-json\/wp\/v2\/types\/post"}],"author":[{"embeddable":true,"href":"https:\/\/www.visit-ulcinj.com\/blog\/wp-json\/wp\/v2\/users\/1"}],"replies":[{"embeddable":true,"href":"https:\/\/www.visit-ulcinj.com\/blog\/wp-json\/wp\/v2\/comments?post=87158"}],"version-history":[{"count":1,"href":"https:\/\/www.visit-ulcinj.com\/blog\/wp-json\/wp\/v2\/posts\/87158\/revisions"}],"predecessor-version":[{"id":87160,"href":"https:\/\/www.visit-ulcinj.com\/blog\/wp-json\/wp\/v2\/posts\/87158\/revisions\/87160"}],"wp:attachment":[{"href":"https:\/\/www.visit-ulcinj.com\/blog\/wp-json\/wp\/v2\/media?parent=87158"}],"wp:term":[{"taxonomy":"category","embeddable":true,"href":"https:\/\/www.visit-ulcinj.com\/blog\/wp-json\/wp\/v2\/categories?post=87158"},{"taxonomy":"post_tag","embeddable":true,"href":"https:\/\/www.visit-ulcinj.com\/blog\/wp-json\/wp\/v2\/tags?post=87158"}],"curies":[{"name":"wp","href":"https:\/\/api.w.org\/{rel}","templated":true}]}}