{"id":87161,"date":"2014-12-18T19:59:49","date_gmt":"2014-12-18T18:59:49","guid":{"rendered":"http:\/\/www.visit-ulcinj.com\/blog\/?p=87161"},"modified":"2014-12-18T19:59:49","modified_gmt":"2014-12-18T18:59:49","slug":"prezentohen-projektet-e-ipard-ne-ulqin-video","status":"publish","type":"post","link":"https:\/\/www.visit-ulcinj.com\/blog\/2014\/12\/18\/prezentohen-projektet-e-ipard-ne-ulqin-video\/","title":{"rendered":"Prezentohen projektet e IPARD n\u00eb Ulqin &#8211; Video"},"content":{"rendered":"<p><a href=\"http:\/\/www.visit-ulcinj.com\/blog\/wp-content\/uploads\/2014\/12\/IPARD-n\u00eb-Ulqin.jpg\"><img loading=\"lazy\" class=\"alignleft wp-image-87162\" src=\"http:\/\/www.visit-ulcinj.com\/blog\/wp-content\/uploads\/2014\/12\/IPARD-n\u00eb-Ulqin.jpg\" alt=\"IPARD n\u00eb Ulqin\" width=\"508\" height=\"254\" srcset=\"https:\/\/www.visit-ulcinj.com\/blog\/wp-content\/uploads\/2014\/12\/IPARD-n\u00eb-Ulqin.jpg 610w, https:\/\/www.visit-ulcinj.com\/blog\/wp-content\/uploads\/2014\/12\/IPARD-n\u00eb-Ulqin-300x150.jpg 300w\" sizes=\"(max-width: 508px) 100vw, 508px\" \/><\/a>Fermer\u00ebt e Ulqinit tregojn\u00eb interesim t\u00eb shtuar p\u00ebr t\u00eb hyr\u00eb n\u00eb investime me projekte t\u00eb reja.Mund\u00ebsit\u00eb e konkurimit jan\u00eb deri m\u00eb dat\u00ebn 29 dhjetor dhe deri m\u00eb 28 pastaj konkurohet me programet e veta.Sh\u00ebrbimi i bujq\u00ebsis\u00eb pran\u00eb Komun\u00ebs s\u00eb Ulqinit do t i ndihmoj\u00eb e informoj\u00eb p\u00ebr t\u00eb gjitha holl\u00ebsirat,thot\u00eb k\u00ebshilltari i k\u00ebsaj zyreje, Gani Rexha, raporton Portali TvTeuta.<\/p>\n<p><span data-reactid=\".1w.$mid=11418738062784=293b10b932ba7783b34.2:0.0.0.0.0.0.$end:0:$18:0\">N\u00eb thirrjen publike figurojn\u00eb kushtet q\u00eb duhet t\u00eb plot\u00ebsojn\u00eb bujqit q\u00eb pretendojn\u00eb t\u00eb konkurojn\u00eb.Aplikuesit duhet t\u00eb ken\u00eb nj\u00eb mosh\u00eb prej 18 deri n\u00eb 70 vjet, edhe ,natyrisht p\u00ebrpar\u00ebsi ata fermer\u00eb q\u00eb tashm\u00eb kan\u00eb p\u00ebrvoj\u00eb edhe ,s\u00eb paku 5 krer\u00eb gjedhe qum\u00ebshtore.Ministria e bujq\u00ebsis\u00eb dhe e zhvillimit rural merr pjes\u00eb me 50 : 50.<\/span><br data-reactid=\".1w.$mid=11418738062784=293b10b932ba7783b34.2:0.0.0.0.0.0.$end:0:$19:0\" \/><span data-reactid=\".1w.$mid=11418738062784=293b10b932ba7783b34.2:0.0.0.0.0.0.$end:0:$20:0\">Dit\u00ebn e enjte, n\u00eb sall\u00ebn e Kuvendit t\u00eb Komun\u00ebs s\u00eb Ulqinit ,ora 14:00 do t\u00eb prezantohet Projekti IPARD like .<\/span><\/p>\n<!--YouTube Error: bad URL entered-->\n","protected":false},"excerpt":{"rendered":"<p>Fermer\u00ebt e Ulqinit tregojn\u00eb interesim t\u00eb shtuar p\u00ebr t\u00eb hyr\u00eb n\u00eb investime me projekte t\u00eb reja.Mund\u00ebsit\u00eb e konkurimit jan\u00eb deri m\u00eb dat\u00ebn 29 dhjetor dhe deri m\u00eb 28 pastaj konkurohet me programet e veta.Sh\u00ebrbimi i bujq\u00ebsis\u00eb pran\u00eb Komun\u00ebs s\u00eb Ulqinit do t i ndihmoj\u00eb e informoj\u00eb p\u00ebr t\u00eb gjitha holl\u00ebsirat,thot\u00eb k\u00ebshilltari i k\u00ebsaj zyreje, Gani [&hellip;]<\/p>\n","protected":false},"author":1,"featured_media":0,"comment_status":"closed","ping_status":"closed","sticky":false,"template":"","format":"standard","meta":{"spay_email":"","jetpack_publicize_message":"","jetpack_is_tweetstorm":false,"jetpack_publicize_feature_enabled":true},"categories":[2451],"tags":[],"jetpack_publicize_connections":[],"yoast_head":"<!-- This site is optimized with the Yoast SEO plugin v19.1 - https:\/\/yoast.com\/wordpress\/plugins\/seo\/ -->\n<title>Prezentohen projektet e IPARD n\u00eb Ulqin - Video - Lajme nga Ulqini<\/title>\n<meta name=\"description\" content=\"Fermer\u00ebt e Ulqinit tregojn\u00eb interesim t\u00eb shtuar p\u00ebr t\u00eb hyr\u00eb n\u00eb investime me projekte t\u00eb reja.Mund\u00ebsit\u00eb e konkurimit jan\u00eb deri m\u00eb dat\u00ebn 29 dhjetor dhe deri\" \/>\n<meta name=\"robots\" content=\"index, follow, max-snippet:-1, max-image-preview:large, max-video-preview:-1\" \/>\n<link rel=\"canonical\" href=\"https:\/\/www.visit-ulcinj.com\/blog\/2014\/12\/18\/prezentohen-projektet-e-ipard-ne-ulqin-video\/\" \/>\n<meta property=\"og:locale\" content=\"en_US\" \/>\n<meta property=\"og:type\" content=\"article\" \/>\n<meta property=\"og:title\" content=\"Prezentohen projektet e IPARD n\u00eb Ulqin - Video - Lajme nga Ulqini\" \/>\n<meta property=\"og:description\" content=\"Fermer\u00ebt e Ulqinit tregojn\u00eb interesim t\u00eb shtuar p\u00ebr t\u00eb hyr\u00eb n\u00eb investime me projekte t\u00eb reja.Mund\u00ebsit\u00eb e konkurimit jan\u00eb deri m\u00eb dat\u00ebn 29 dhjetor dhe deri\" \/>\n<meta property=\"og:url\" content=\"https:\/\/www.visit-ulcinj.com\/blog\/2014\/12\/18\/prezentohen-projektet-e-ipard-ne-ulqin-video\/\" \/>\n<meta property=\"og:site_name\" content=\"Lajme nga Ulqini\" \/>\n<meta property=\"article:published_time\" content=\"2014-12-18T18:59:49+00:00\" \/>\n<meta name=\"twitter:label1\" content=\"Written by\" \/>\n\t<meta name=\"twitter:data1\" content=\"ulqini\" \/>\n\t<meta name=\"twitter:label2\" content=\"Est. reading time\" \/>\n\t<meta name=\"twitter:data2\" content=\"1 minute\" \/>\n<script type=\"application\/ld+json\" class=\"yoast-schema-graph\">{\"@context\":\"https:\/\/schema.org\",\"@graph\":[{\"@type\":\"WebSite\",\"@id\":\"https:\/\/www.visit-ulcinj.com\/blog\/#website\",\"url\":\"https:\/\/www.visit-ulcinj.com\/blog\/\",\"name\":\"Lajme nga Ulqini\",\"description\":\"Lajme,Vijesti,Ulqini,Ulqin,Crna Gora,Mali i Zi\",\"potentialAction\":[{\"@type\":\"SearchAction\",\"target\":{\"@type\":\"EntryPoint\",\"urlTemplate\":\"https:\/\/www.visit-ulcinj.com\/blog\/?s={search_term_string}\"},\"query-input\":\"required name=search_term_string\"}],\"inLanguage\":\"en-US\"},{\"@type\":\"WebPage\",\"@id\":\"https:\/\/www.visit-ulcinj.com\/blog\/2014\/12\/18\/prezentohen-projektet-e-ipard-ne-ulqin-video\/#webpage\",\"url\":\"https:\/\/www.visit-ulcinj.com\/blog\/2014\/12\/18\/prezentohen-projektet-e-ipard-ne-ulqin-video\/\",\"name\":\"Prezentohen projektet e IPARD n\u00eb Ulqin - Video - Lajme nga Ulqini\",\"isPartOf\":{\"@id\":\"https:\/\/www.visit-ulcinj.com\/blog\/#website\"},\"datePublished\":\"2014-12-18T18:59:49+00:00\",\"dateModified\":\"2014-12-18T18:59:49+00:00\",\"author\":{\"@id\":\"https:\/\/www.visit-ulcinj.com\/blog\/#\/schema\/person\/dcab619c614d3038751c63bc2aadc06d\"},\"description\":\"Fermer\u00ebt e Ulqinit tregojn\u00eb interesim t\u00eb shtuar p\u00ebr t\u00eb hyr\u00eb n\u00eb investime me projekte t\u00eb reja.Mund\u00ebsit\u00eb e konkurimit jan\u00eb deri m\u00eb dat\u00ebn 29 dhjetor dhe deri\",\"breadcrumb\":{\"@id\":\"https:\/\/www.visit-ulcinj.com\/blog\/2014\/12\/18\/prezentohen-projektet-e-ipard-ne-ulqin-video\/#breadcrumb\"},\"inLanguage\":\"en-US\",\"potentialAction\":[{\"@type\":\"ReadAction\",\"target\":[\"https:\/\/www.visit-ulcinj.com\/blog\/2014\/12\/18\/prezentohen-projektet-e-ipard-ne-ulqin-video\/\"]}]},{\"@type\":\"BreadcrumbList\",\"@id\":\"https:\/\/www.visit-ulcinj.com\/blog\/2014\/12\/18\/prezentohen-projektet-e-ipard-ne-ulqin-video\/#breadcrumb\",\"itemListElement\":[{\"@type\":\"ListItem\",\"position\":1,\"name\":\"Prezentohen projektet e IPARD n\u00eb Ulqin &#8211; Video\"}]},{\"@type\":\"Person\",\"@id\":\"https:\/\/www.visit-ulcinj.com\/blog\/#\/schema\/person\/dcab619c614d3038751c63bc2aadc06d\",\"name\":\"ulqini\",\"sameAs\":[\"http:\/\/www.visit-ulcinj.com\"],\"url\":\"https:\/\/www.visit-ulcinj.com\/blog\/author\/admin\/\"}]}<\/script>\n<!-- \/ Yoast SEO plugin. -->","yoast_head_json":{"title":"Prezentohen projektet e IPARD n\u00eb Ulqin - Video - Lajme nga Ulqini","description":"Fermer\u00ebt e Ulqinit tregojn\u00eb interesim t\u00eb shtuar p\u00ebr t\u00eb hyr\u00eb n\u00eb investime me projekte t\u00eb reja.Mund\u00ebsit\u00eb e konkurimit jan\u00eb deri m\u00eb dat\u00ebn 29 dhjetor dhe deri","robots":{"index":"index","follow":"follow","max-snippet":"max-snippet:-1","max-image-preview":"max-image-preview:large","max-video-preview":"max-video-preview:-1"},"canonical":"https:\/\/www.visit-ulcinj.com\/blog\/2014\/12\/18\/prezentohen-projektet-e-ipard-ne-ulqin-video\/","og_locale":"en_US","og_type":"article","og_title":"Prezentohen projektet e IPARD n\u00eb Ulqin - Video - Lajme nga Ulqini","og_description":"Fermer\u00ebt e Ulqinit tregojn\u00eb interesim t\u00eb shtuar p\u00ebr t\u00eb hyr\u00eb n\u00eb investime me projekte t\u00eb reja.Mund\u00ebsit\u00eb e konkurimit jan\u00eb deri m\u00eb dat\u00ebn 29 dhjetor dhe deri","og_url":"https:\/\/www.visit-ulcinj.com\/blog\/2014\/12\/18\/prezentohen-projektet-e-ipard-ne-ulqin-video\/","og_site_name":"Lajme nga Ulqini","article_published_time":"2014-12-18T18:59:49+00:00","twitter_misc":{"Written by":"ulqini","Est. reading time":"1 minute"},"schema":{"@context":"https:\/\/schema.org","@graph":[{"@type":"WebSite","@id":"https:\/\/www.visit-ulcinj.com\/blog\/#website","url":"https:\/\/www.visit-ulcinj.com\/blog\/","name":"Lajme nga Ulqini","description":"Lajme,Vijesti,Ulqini,Ulqin,Crna Gora,Mali i Zi","potentialAction":[{"@type":"SearchAction","target":{"@type":"EntryPoint","urlTemplate":"https:\/\/www.visit-ulcinj.com\/blog\/?s={search_term_string}"},"query-input":"required name=search_term_string"}],"inLanguage":"en-US"},{"@type":"WebPage","@id":"https:\/\/www.visit-ulcinj.com\/blog\/2014\/12\/18\/prezentohen-projektet-e-ipard-ne-ulqin-video\/#webpage","url":"https:\/\/www.visit-ulcinj.com\/blog\/2014\/12\/18\/prezentohen-projektet-e-ipard-ne-ulqin-video\/","name":"Prezentohen projektet e IPARD n\u00eb Ulqin - Video - Lajme nga Ulqini","isPartOf":{"@id":"https:\/\/www.visit-ulcinj.com\/blog\/#website"},"datePublished":"2014-12-18T18:59:49+00:00","dateModified":"2014-12-18T18:59:49+00:00","author":{"@id":"https:\/\/www.visit-ulcinj.com\/blog\/#\/schema\/person\/dcab619c614d3038751c63bc2aadc06d"},"description":"Fermer\u00ebt e Ulqinit tregojn\u00eb interesim t\u00eb shtuar p\u00ebr t\u00eb hyr\u00eb n\u00eb investime me projekte t\u00eb reja.Mund\u00ebsit\u00eb e konkurimit jan\u00eb deri m\u00eb dat\u00ebn 29 dhjetor dhe deri","breadcrumb":{"@id":"https:\/\/www.visit-ulcinj.com\/blog\/2014\/12\/18\/prezentohen-projektet-e-ipard-ne-ulqin-video\/#breadcrumb"},"inLanguage":"en-US","potentialAction":[{"@type":"ReadAction","target":["https:\/\/www.visit-ulcinj.com\/blog\/2014\/12\/18\/prezentohen-projektet-e-ipard-ne-ulqin-video\/"]}]},{"@type":"BreadcrumbList","@id":"https:\/\/www.visit-ulcinj.com\/blog\/2014\/12\/18\/prezentohen-projektet-e-ipard-ne-ulqin-video\/#breadcrumb","itemListElement":[{"@type":"ListItem","position":1,"name":"Prezentohen projektet e IPARD n\u00eb Ulqin &#8211; Video"}]},{"@type":"Person","@id":"https:\/\/www.visit-ulcinj.com\/blog\/#\/schema\/person\/dcab619c614d3038751c63bc2aadc06d","name":"ulqini","sameAs":["http:\/\/www.visit-ulcinj.com"],"url":"https:\/\/www.visit-ulcinj.com\/blog\/author\/admin\/"}]}},"jetpack_featured_media_url":"","jetpack_sharing_enabled":true,"jetpack_shortlink":"https:\/\/wp.me\/pe6lTn-mFP","_links":{"self":[{"href":"https:\/\/www.visit-ulcinj.com\/blog\/wp-json\/wp\/v2\/posts\/87161"}],"collection":[{"href":"https:\/\/www.visit-ulcinj.com\/blog\/wp-json\/wp\/v2\/posts"}],"about":[{"href":"https:\/\/www.visit-ulcinj.com\/blog\/wp-json\/wp\/v2\/types\/post"}],"author":[{"embeddable":true,"href":"https:\/\/www.visit-ulcinj.com\/blog\/wp-json\/wp\/v2\/users\/1"}],"replies":[{"embeddable":true,"href":"https:\/\/www.visit-ulcinj.com\/blog\/wp-json\/wp\/v2\/comments?post=87161"}],"version-history":[{"count":1,"href":"https:\/\/www.visit-ulcinj.com\/blog\/wp-json\/wp\/v2\/posts\/87161\/revisions"}],"predecessor-version":[{"id":87163,"href":"https:\/\/www.visit-ulcinj.com\/blog\/wp-json\/wp\/v2\/posts\/87161\/revisions\/87163"}],"wp:attachment":[{"href":"https:\/\/www.visit-ulcinj.com\/blog\/wp-json\/wp\/v2\/media?parent=87161"}],"wp:term":[{"taxonomy":"category","embeddable":true,"href":"https:\/\/www.visit-ulcinj.com\/blog\/wp-json\/wp\/v2\/categories?post=87161"},{"taxonomy":"post_tag","embeddable":true,"href":"https:\/\/www.visit-ulcinj.com\/blog\/wp-json\/wp\/v2\/tags?post=87161"}],"curies":[{"name":"wp","href":"https:\/\/api.w.org\/{rel}","templated":true}]}}