{"id":87164,"date":"2014-12-18T20:09:32","date_gmt":"2014-12-18T19:09:32","guid":{"rendered":"http:\/\/www.visit-ulcinj.com\/blog\/?p=87164"},"modified":"2014-12-18T20:09:32","modified_gmt":"2014-12-18T19:09:32","slug":"rekorde-ne-kuvend-te-ulqinit-per-45-minuta-votohen-te-gjitha-pikat","status":"publish","type":"post","link":"https:\/\/www.visit-ulcinj.com\/blog\/2014\/12\/18\/rekorde-ne-kuvend-te-ulqinit-per-45-minuta-votohen-te-gjitha-pikat\/","title":{"rendered":"Rekorde ne Kuvend t\u00eb Ulqinit per 45 minuta votohen te gjitha pikat"},"content":{"rendered":"<p><a href=\"http:\/\/www.visit-ulcinj.com\/blog\/wp-content\/uploads\/2014\/12\/k\u00ebshilltari-i-Forc\u00ebs-s\u00eb-Re-Demokratike-Sabri-Salaj.jpg\"><img loading=\"lazy\" class=\"alignleft wp-image-87165\" src=\"http:\/\/www.visit-ulcinj.com\/blog\/wp-content\/uploads\/2014\/12\/k\u00ebshilltari-i-Forc\u00ebs-s\u00eb-Re-Demokratike-Sabri-Salaj.jpg\" alt=\"k\u00ebshilltari i Forc\u00ebs s\u00eb Re Demokratike Sabri Salaj\" width=\"508\" height=\"381\" srcset=\"https:\/\/www.visit-ulcinj.com\/blog\/wp-content\/uploads\/2014\/12\/k\u00ebshilltari-i-Forc\u00ebs-s\u00eb-Re-Demokratike-Sabri-Salaj.jpg 960w, https:\/\/www.visit-ulcinj.com\/blog\/wp-content\/uploads\/2014\/12\/k\u00ebshilltari-i-Forc\u00ebs-s\u00eb-Re-Demokratike-Sabri-Salaj-300x225.jpg 300w\" sizes=\"(max-width: 508px) 100vw, 508px\" \/><\/a>Si\u00e7 raporton Portali TvTeuta, mbledhja e Kuvendit Komunal t\u00eb Ulqinit e cila ishte e parapar\u00eb t\u00eb filloj n\u00eb ora 10:00, si zakonisht nisi pun\u00ebn me nj\u00eb or\u00eb vones n\u00eb ora 11:00, por se paku kesaj radhe kemi pasur nje ndryshim sepse efektet e kredise kane filluar te shihen, Kuvendi ka fituar pamjen e re, me nje baner ne mure dhe amblema ne foltore\u2026 Pas miratimit t\u00eb pikave t\u00eb rendit t\u00eb dit\u00ebs, u hap diskutimi ku pika e dyte \u00a0Propozim Vendimi p\u00ebr kriteret, m\u00ebnyr\u00ebn dhe procedur\u00ebn e ndarjes s\u00eb mjet\u00ebve p\u00ebr organizatat joqeveritare u b\u00eb shkas q\u00eb opozita t\u00eb l\u00ebshoj\u00eb mbledhjen dhe pozita t\u00eb mos kishte kuorumin p\u00ebr t\u00eb hjedh n\u00eb votim Propozim vendimet e parapara n\u00eb pikat e rendit t\u00eb dit\u00ebs. N\u00eb propozim vendimin p\u00ebr OJQ pati diskutime si nga ana e pozit\u00ebs dhe opozit\u00ebs t\u00eb cil\u00ebt k\u00ebrkonin m\u00eb tep\u00ebr sqarim rreth k\u00ebtij Propozim vendimi.<\/p>\n<p>Vlen t\u00eb ceket se k\u00ebshilltari i Forc\u00ebs s\u00eb Re Demokratike Sabri Salaj, pas elaborimit t\u00eb kesaj pike\u00a0 propozoi q\u00eb ky vendim duhet t\u00eb plot\u00ebsohet n\u00ebp\u00ebrmjet\u00a0 amandenteve\u00a0 t\u00eb cilat i kishte p\u00ebrgaditur dhe\u00a0 dor\u00ebzuar k\u00ebshilltareve n\u00eb Kuvend. Keshilltari\u00a0 Salaj\u00a0 me amandamente propozoi q\u00eb p\u00ebrpos organizatave joqeveritare t\u00eb drejt\u00eb konkurimi n\u00eb mjetet buxhetore t\u00eb Komun\u00ebs s\u00eb Ulqinit duhet \u00a0te kene\u00a0 edhe personat fizik, personalitetet e shquara t\u00eb kultur\u00ebs t\u00eb cil\u00ebt kan\u00eb dhene dhe vazhdojn\u00eb t\u00eb japin nj\u00eb kontribut\u00eb t\u00eb rend\u00ebsish\u00ebm p\u00ebr rritjen e vlerave kulturore t\u00eb Komun\u00ebs s\u00eb Ulqinit, sepse komuna duhet tu japin shansa te gjitheve, pa diskriminime. \u00a0Gjat\u00eb diskutimit t\u00eb Kryetarit t\u00eb PDS-se Loro Ndrekiq , n\u00eb sall\u00eb ishte vet\u00ebm nj\u00eb num\u00ebr i vog\u00ebl i k\u00ebshilltar\u00ebve t\u00eb pozit\u00ebs dhe nj\u00eb num\u00ebr m\u00eb i madh i k\u00ebshilltar\u00ebve t\u00eb opozit\u00ebs. Ky ishte edhe shkasi q\u00eb z.Ndrekiq k\u00ebrkoj q\u00eb opozita t\u00eb l\u00ebshoj\u00eb mbledhjen p\u00ebr shkak t\u00eb mosseriozitetit t\u00eb pozit\u00ebs se propozuesit. Pasiqe pozita mbeti pa kvorum, seanca u nderpre deri ne tubimin e kvorumit.<\/p>\n<p>Befasite e ketij kuvendi ndodhen pas fillimit t\u00eb mbledhjes n\u00eb ora 17:15. Me \u00a0pjes\u00ebmarrjen e k\u00ebshilltar\u00ebve t\u00eb pozit\u00ebs,\u00a0 Kryetari i Kuvendit hedh n\u00eb votim amandamentet e k\u00ebshilltarit t\u00eb Forc\u00ebs s\u00eb Re Demokratike Sabri Salaj , dhe me 8 vota pro dhe 9 abstenim , k\u00ebto amandamente nuk mund t\u00eb jene pjes\u00eb e Vendimit p\u00ebr OJQ-ne, dhe me kete personave fizik dhe intelektualeve u cungohet e drejta per te konkuruar me idete dhe projektet e veta brenda komunes ku jetojne. Vlen t\u00eb ceket se opozita nuk mori pjes\u00eb n\u00eb \u00a0mbledhje, ketu ndoshta shihet rendesia e pjesemarrjes, sepse ndoshta pikerisht opozita do ta votonte kte propozim per te cilin koleget e pozites nuk e mbeshteten keshilltarin Salaj.<\/p>\n<p>Mbledhja vazhdoi m\u00eb miratimin e t\u00eb gjitha pikave t\u00eb rendit t\u00eb dit\u00ebs , pa asnj\u00eb diskutim dhe propozim, por vet\u00ebm duke sh\u00ebnuar nj\u00eb rekord t\u00eb ri n\u00eb shpejt\u00ebsin\u00eb e miratimit t\u00eb pikave t\u00eb rendit t\u00eb dit\u00ebs. Rreth 30 \u00a0\u00a0pika n\u00eb nj\u00eb orar rekord prej 45 minutash.<\/p>\n<p>Ndoshta ky efikasitet I punes do te reflektohet edhe ne ngjarjet e radhes ne Komunen e Ulqinit duke bere shpejtesi ne\u00a0 investime rekorde ne vitin 2015, pse jo,\u00a0 kemi kredine dhe mund te bejme plane investuese \u00a0afatgjate per te shfrytezuar tokat nen hipoteke.<\/p>\n","protected":false},"excerpt":{"rendered":"<p>Si\u00e7 raporton Portali TvTeuta, mbledhja e Kuvendit Komunal t\u00eb Ulqinit e cila ishte e parapar\u00eb t\u00eb filloj n\u00eb ora 10:00, si zakonisht nisi pun\u00ebn me nj\u00eb or\u00eb vones n\u00eb ora 11:00, por se paku kesaj radhe kemi pasur nje ndryshim sepse efektet e kredise kane filluar te shihen, Kuvendi ka fituar pamjen e re, me [&hellip;]<\/p>\n","protected":false},"author":1,"featured_media":0,"comment_status":"closed","ping_status":"closed","sticky":false,"template":"","format":"standard","meta":{"spay_email":"","jetpack_publicize_message":"","jetpack_is_tweetstorm":false,"jetpack_publicize_feature_enabled":true},"categories":[6],"tags":[],"jetpack_publicize_connections":[],"yoast_head":"<!-- This site is optimized with the Yoast SEO plugin v19.1 - https:\/\/yoast.com\/wordpress\/plugins\/seo\/ -->\n<title>Rekorde ne Kuvend t\u00eb Ulqinit per 45 minuta votohen te gjitha pikat - Lajme nga Ulqini<\/title>\n<meta name=\"description\" content=\"Si\u00e7 raporton Portali TvTeuta, mbledhja e Kuvendit Komunal t\u00eb Ulqinit e cila ishte e parapar\u00eb t\u00eb filloj n\u00eb ora 10:00, si zakonisht nisi pun\u00ebn me nj\u00eb or\u00eb\" \/>\n<meta name=\"robots\" content=\"index, follow, max-snippet:-1, max-image-preview:large, max-video-preview:-1\" \/>\n<link rel=\"canonical\" href=\"https:\/\/www.visit-ulcinj.com\/blog\/2014\/12\/18\/rekorde-ne-kuvend-te-ulqinit-per-45-minuta-votohen-te-gjitha-pikat\/\" \/>\n<meta property=\"og:locale\" content=\"en_US\" \/>\n<meta property=\"og:type\" content=\"article\" \/>\n<meta property=\"og:title\" content=\"Rekorde ne Kuvend t\u00eb Ulqinit per 45 minuta votohen te gjitha pikat - Lajme nga Ulqini\" \/>\n<meta property=\"og:description\" content=\"Si\u00e7 raporton Portali TvTeuta, mbledhja e Kuvendit Komunal t\u00eb Ulqinit e cila ishte e parapar\u00eb t\u00eb filloj n\u00eb ora 10:00, si zakonisht nisi pun\u00ebn me nj\u00eb or\u00eb\" \/>\n<meta property=\"og:url\" content=\"https:\/\/www.visit-ulcinj.com\/blog\/2014\/12\/18\/rekorde-ne-kuvend-te-ulqinit-per-45-minuta-votohen-te-gjitha-pikat\/\" \/>\n<meta property=\"og:site_name\" content=\"Lajme nga Ulqini\" \/>\n<meta property=\"article:published_time\" content=\"2014-12-18T19:09:32+00:00\" \/>\n<meta name=\"twitter:label1\" content=\"Written by\" \/>\n\t<meta name=\"twitter:data1\" content=\"ulqini\" \/>\n\t<meta name=\"twitter:label2\" content=\"Est. reading time\" \/>\n\t<meta name=\"twitter:data2\" content=\"3 minutes\" \/>\n<script type=\"application\/ld+json\" class=\"yoast-schema-graph\">{\"@context\":\"https:\/\/schema.org\",\"@graph\":[{\"@type\":\"WebSite\",\"@id\":\"https:\/\/www.visit-ulcinj.com\/blog\/#website\",\"url\":\"https:\/\/www.visit-ulcinj.com\/blog\/\",\"name\":\"Lajme nga Ulqini\",\"description\":\"Lajme,Vijesti,Ulqini,Ulqin,Crna Gora,Mali i Zi\",\"potentialAction\":[{\"@type\":\"SearchAction\",\"target\":{\"@type\":\"EntryPoint\",\"urlTemplate\":\"https:\/\/www.visit-ulcinj.com\/blog\/?s={search_term_string}\"},\"query-input\":\"required name=search_term_string\"}],\"inLanguage\":\"en-US\"},{\"@type\":\"WebPage\",\"@id\":\"https:\/\/www.visit-ulcinj.com\/blog\/2014\/12\/18\/rekorde-ne-kuvend-te-ulqinit-per-45-minuta-votohen-te-gjitha-pikat\/#webpage\",\"url\":\"https:\/\/www.visit-ulcinj.com\/blog\/2014\/12\/18\/rekorde-ne-kuvend-te-ulqinit-per-45-minuta-votohen-te-gjitha-pikat\/\",\"name\":\"Rekorde ne Kuvend t\u00eb Ulqinit per 45 minuta votohen te gjitha pikat - Lajme nga Ulqini\",\"isPartOf\":{\"@id\":\"https:\/\/www.visit-ulcinj.com\/blog\/#website\"},\"datePublished\":\"2014-12-18T19:09:32+00:00\",\"dateModified\":\"2014-12-18T19:09:32+00:00\",\"author\":{\"@id\":\"https:\/\/www.visit-ulcinj.com\/blog\/#\/schema\/person\/dcab619c614d3038751c63bc2aadc06d\"},\"description\":\"Si\u00e7 raporton Portali TvTeuta, mbledhja e Kuvendit Komunal t\u00eb Ulqinit e cila ishte e parapar\u00eb t\u00eb filloj n\u00eb ora 10:00, si zakonisht nisi pun\u00ebn me nj\u00eb or\u00eb\",\"breadcrumb\":{\"@id\":\"https:\/\/www.visit-ulcinj.com\/blog\/2014\/12\/18\/rekorde-ne-kuvend-te-ulqinit-per-45-minuta-votohen-te-gjitha-pikat\/#breadcrumb\"},\"inLanguage\":\"en-US\",\"potentialAction\":[{\"@type\":\"ReadAction\",\"target\":[\"https:\/\/www.visit-ulcinj.com\/blog\/2014\/12\/18\/rekorde-ne-kuvend-te-ulqinit-per-45-minuta-votohen-te-gjitha-pikat\/\"]}]},{\"@type\":\"BreadcrumbList\",\"@id\":\"https:\/\/www.visit-ulcinj.com\/blog\/2014\/12\/18\/rekorde-ne-kuvend-te-ulqinit-per-45-minuta-votohen-te-gjitha-pikat\/#breadcrumb\",\"itemListElement\":[{\"@type\":\"ListItem\",\"position\":1,\"name\":\"Rekorde ne Kuvend t\u00eb Ulqinit per 45 minuta votohen te gjitha pikat\"}]},{\"@type\":\"Person\",\"@id\":\"https:\/\/www.visit-ulcinj.com\/blog\/#\/schema\/person\/dcab619c614d3038751c63bc2aadc06d\",\"name\":\"ulqini\",\"sameAs\":[\"http:\/\/www.visit-ulcinj.com\"],\"url\":\"https:\/\/www.visit-ulcinj.com\/blog\/author\/admin\/\"}]}<\/script>\n<!-- \/ Yoast SEO plugin. -->","yoast_head_json":{"title":"Rekorde ne Kuvend t\u00eb Ulqinit per 45 minuta votohen te gjitha pikat - Lajme nga Ulqini","description":"Si\u00e7 raporton Portali TvTeuta, mbledhja e Kuvendit Komunal t\u00eb Ulqinit e cila ishte e parapar\u00eb t\u00eb filloj n\u00eb ora 10:00, si zakonisht nisi pun\u00ebn me nj\u00eb or\u00eb","robots":{"index":"index","follow":"follow","max-snippet":"max-snippet:-1","max-image-preview":"max-image-preview:large","max-video-preview":"max-video-preview:-1"},"canonical":"https:\/\/www.visit-ulcinj.com\/blog\/2014\/12\/18\/rekorde-ne-kuvend-te-ulqinit-per-45-minuta-votohen-te-gjitha-pikat\/","og_locale":"en_US","og_type":"article","og_title":"Rekorde ne Kuvend t\u00eb Ulqinit per 45 minuta votohen te gjitha pikat - Lajme nga Ulqini","og_description":"Si\u00e7 raporton Portali TvTeuta, mbledhja e Kuvendit Komunal t\u00eb Ulqinit e cila ishte e parapar\u00eb t\u00eb filloj n\u00eb ora 10:00, si zakonisht nisi pun\u00ebn me nj\u00eb or\u00eb","og_url":"https:\/\/www.visit-ulcinj.com\/blog\/2014\/12\/18\/rekorde-ne-kuvend-te-ulqinit-per-45-minuta-votohen-te-gjitha-pikat\/","og_site_name":"Lajme nga Ulqini","article_published_time":"2014-12-18T19:09:32+00:00","twitter_misc":{"Written by":"ulqini","Est. reading time":"3 minutes"},"schema":{"@context":"https:\/\/schema.org","@graph":[{"@type":"WebSite","@id":"https:\/\/www.visit-ulcinj.com\/blog\/#website","url":"https:\/\/www.visit-ulcinj.com\/blog\/","name":"Lajme nga Ulqini","description":"Lajme,Vijesti,Ulqini,Ulqin,Crna Gora,Mali i Zi","potentialAction":[{"@type":"SearchAction","target":{"@type":"EntryPoint","urlTemplate":"https:\/\/www.visit-ulcinj.com\/blog\/?s={search_term_string}"},"query-input":"required name=search_term_string"}],"inLanguage":"en-US"},{"@type":"WebPage","@id":"https:\/\/www.visit-ulcinj.com\/blog\/2014\/12\/18\/rekorde-ne-kuvend-te-ulqinit-per-45-minuta-votohen-te-gjitha-pikat\/#webpage","url":"https:\/\/www.visit-ulcinj.com\/blog\/2014\/12\/18\/rekorde-ne-kuvend-te-ulqinit-per-45-minuta-votohen-te-gjitha-pikat\/","name":"Rekorde ne Kuvend t\u00eb Ulqinit per 45 minuta votohen te gjitha pikat - Lajme nga Ulqini","isPartOf":{"@id":"https:\/\/www.visit-ulcinj.com\/blog\/#website"},"datePublished":"2014-12-18T19:09:32+00:00","dateModified":"2014-12-18T19:09:32+00:00","author":{"@id":"https:\/\/www.visit-ulcinj.com\/blog\/#\/schema\/person\/dcab619c614d3038751c63bc2aadc06d"},"description":"Si\u00e7 raporton Portali TvTeuta, mbledhja e Kuvendit Komunal t\u00eb Ulqinit e cila ishte e parapar\u00eb t\u00eb filloj n\u00eb ora 10:00, si zakonisht nisi pun\u00ebn me nj\u00eb or\u00eb","breadcrumb":{"@id":"https:\/\/www.visit-ulcinj.com\/blog\/2014\/12\/18\/rekorde-ne-kuvend-te-ulqinit-per-45-minuta-votohen-te-gjitha-pikat\/#breadcrumb"},"inLanguage":"en-US","potentialAction":[{"@type":"ReadAction","target":["https:\/\/www.visit-ulcinj.com\/blog\/2014\/12\/18\/rekorde-ne-kuvend-te-ulqinit-per-45-minuta-votohen-te-gjitha-pikat\/"]}]},{"@type":"BreadcrumbList","@id":"https:\/\/www.visit-ulcinj.com\/blog\/2014\/12\/18\/rekorde-ne-kuvend-te-ulqinit-per-45-minuta-votohen-te-gjitha-pikat\/#breadcrumb","itemListElement":[{"@type":"ListItem","position":1,"name":"Rekorde ne Kuvend t\u00eb Ulqinit per 45 minuta votohen te gjitha pikat"}]},{"@type":"Person","@id":"https:\/\/www.visit-ulcinj.com\/blog\/#\/schema\/person\/dcab619c614d3038751c63bc2aadc06d","name":"ulqini","sameAs":["http:\/\/www.visit-ulcinj.com"],"url":"https:\/\/www.visit-ulcinj.com\/blog\/author\/admin\/"}]}},"jetpack_featured_media_url":"","jetpack_sharing_enabled":true,"jetpack_shortlink":"https:\/\/wp.me\/pe6lTn-mFS","_links":{"self":[{"href":"https:\/\/www.visit-ulcinj.com\/blog\/wp-json\/wp\/v2\/posts\/87164"}],"collection":[{"href":"https:\/\/www.visit-ulcinj.com\/blog\/wp-json\/wp\/v2\/posts"}],"about":[{"href":"https:\/\/www.visit-ulcinj.com\/blog\/wp-json\/wp\/v2\/types\/post"}],"author":[{"embeddable":true,"href":"https:\/\/www.visit-ulcinj.com\/blog\/wp-json\/wp\/v2\/users\/1"}],"replies":[{"embeddable":true,"href":"https:\/\/www.visit-ulcinj.com\/blog\/wp-json\/wp\/v2\/comments?post=87164"}],"version-history":[{"count":1,"href":"https:\/\/www.visit-ulcinj.com\/blog\/wp-json\/wp\/v2\/posts\/87164\/revisions"}],"predecessor-version":[{"id":87166,"href":"https:\/\/www.visit-ulcinj.com\/blog\/wp-json\/wp\/v2\/posts\/87164\/revisions\/87166"}],"wp:attachment":[{"href":"https:\/\/www.visit-ulcinj.com\/blog\/wp-json\/wp\/v2\/media?parent=87164"}],"wp:term":[{"taxonomy":"category","embeddable":true,"href":"https:\/\/www.visit-ulcinj.com\/blog\/wp-json\/wp\/v2\/categories?post=87164"},{"taxonomy":"post_tag","embeddable":true,"href":"https:\/\/www.visit-ulcinj.com\/blog\/wp-json\/wp\/v2\/tags?post=87164"}],"curies":[{"name":"wp","href":"https:\/\/api.w.org\/{rel}","templated":true}]}}