{"id":87182,"date":"2014-12-19T13:50:51","date_gmt":"2014-12-19T12:50:51","guid":{"rendered":"http:\/\/www.visit-ulcinj.com\/blog\/?p=87182"},"modified":"2014-12-19T13:50:51","modified_gmt":"2014-12-19T12:50:51","slug":"snp-ulcinj-opozicija-u-buduce-nema-namjeru-da-cini-kvorum-vecini","status":"publish","type":"post","link":"https:\/\/www.visit-ulcinj.com\/blog\/2014\/12\/19\/snp-ulcinj-opozicija-u-buduce-nema-namjeru-da-cini-kvorum-vecini\/","title":{"rendered":"SNP Ulcinj: Opozicija u budu\u0107e nema namjeru da \u010dini kvorum ve\u0107ini"},"content":{"rendered":"<p align=\"justify\"><a href=\"http:\/\/www.visit-ulcinj.com\/blog\/wp-content\/uploads\/2014\/12\/SKUPSTINA-OPSTINE-ULCINJ.jpg\"><img loading=\"lazy\" class=\"alignleft wp-image-87183\" src=\"http:\/\/www.visit-ulcinj.com\/blog\/wp-content\/uploads\/2014\/12\/SKUPSTINA-OPSTINE-ULCINJ.jpg\" alt=\"SKUPSTINA-OPSTINE-ULCINJ\" width=\"508\" height=\"299\" srcset=\"https:\/\/www.visit-ulcinj.com\/blog\/wp-content\/uploads\/2014\/12\/SKUPSTINA-OPSTINE-ULCINJ.jpg 964w, https:\/\/www.visit-ulcinj.com\/blog\/wp-content\/uploads\/2014\/12\/SKUPSTINA-OPSTINE-ULCINJ-300x176.jpg 300w\" sizes=\"(max-width: 508px) 100vw, 508px\" \/><\/a>ULCINj \u2013 Druga sjednica drugog redovnog zasjedanja Skup\u0161tine op\u0161tine Ulcinj prekinuta je ju\u010de nakon \u0161to su odbornici opozicionih partija odbili da obezbijede kvorum vladaju\u0107oj koaliciji. Od 17 odbornika koalicije koju \u010dine odbornici Force, Demokratske partije Fatmira \u0110eke, DS-a u Crnoj Gori, Gra\u0111anske liste Perspektiva i biv\u0161ih odbornika Pozitivne, nakon pola sata zasjedanja, u klupama su ostala samo dva odbornika, nakon \u010dega je opozicija demonstrativno napustila sjednicu. Me\u0111utim, u 17 \u010dasova sve se promijenilo i vlast je uspjela da obezbijedi kvorum i bez prisustva opozicije za sat i po vremena usvojila je 25 ta\u010daka dnevnog reda. Osim usvajanja zapisnika sa ranijih sjednica, raspodjeli sredstava NVO sektoru, usvojena je i ta\u010dka dnevnog reda o odre\u0111ivanju tr\u017ei\u0161ne vrijednosti nepokretnosti u 2015. godini, izmjenama i dopunama GUP-a i DUP-a, dono\u0161enju lokalnih studija za odre\u0111ene lokalitete, dokompletiranje urbanisti\u010dkih parcela i imenovanju novih kadrova u skup\u0161tinskim odborima.<\/p>\n<p>Odbornik Socijalisti\u010dke narodne partije i predsjednik OO SNP-a Andrija \u0106etkovi\u0107 dodao je da je vlast pokazala da im je interes gra\u0111ana na poslednjem mjestu i da opozcija u budu\u0107e nema namjeru da \u010dini kvorum ve\u0107ini.<\/p>\n<p>\u2013 Svaka sjednica lokalnog parlamenta , barem dosad, pokazala je da vlast ima ozbiljan problem u obezbje\u0111ivanju ve\u0107ine. Danas je to najevidentnije iako na dnevnom redu imamo 25 ta\u010daka. Odbornici ve\u0107ine to ignori\u0161u i tako se bahato pona\u0161aju da smo mi morali da reagujemo i poka\u017eemo im da takvo pona\u0161anje ne\u0107emo tolerisati \u2013 rekao je \u0106etkovi\u0107.<\/p>\n<p align=\"justify\"><strong>Izvor: Dan online<\/strong><\/p>\n","protected":false},"excerpt":{"rendered":"<p>ULCINj \u2013 Druga sjednica drugog redovnog zasjedanja Skup\u0161tine op\u0161tine Ulcinj prekinuta je ju\u010de nakon \u0161to su odbornici opozicionih partija odbili da obezbijede kvorum vladaju\u0107oj koaliciji. Od 17 odbornika koalicije koju \u010dine odbornici Force, Demokratske partije Fatmira \u0110eke, DS-a u Crnoj Gori, Gra\u0111anske liste Perspektiva i biv\u0161ih odbornika Pozitivne, nakon pola sata zasjedanja, u klupama su [&hellip;]<\/p>\n","protected":false},"author":1,"featured_media":0,"comment_status":"closed","ping_status":"closed","sticky":false,"template":"","format":"standard","meta":{"spay_email":"","jetpack_publicize_message":"","jetpack_is_tweetstorm":false,"jetpack_publicize_feature_enabled":true},"categories":[8337],"tags":[],"jetpack_publicize_connections":[],"yoast_head":"<!-- This site is optimized with the Yoast SEO plugin v19.1 - https:\/\/yoast.com\/wordpress\/plugins\/seo\/ -->\n<title>SNP Ulcinj: Opozicija u budu\u0107e nema namjeru da \u010dini kvorum ve\u0107ini - Lajme nga Ulqini<\/title>\n<meta name=\"description\" content=\"ULCINj \u2013 Druga sjednica drugog redovnog zasjedanja Skup\u0161tine op\u0161tine Ulcinj prekinuta je ju\u010de nakon \u0161to su odbornici opozicionih partija odbili da\" \/>\n<meta name=\"robots\" content=\"index, follow, max-snippet:-1, max-image-preview:large, max-video-preview:-1\" \/>\n<link rel=\"canonical\" href=\"https:\/\/www.visit-ulcinj.com\/blog\/2014\/12\/19\/snp-ulcinj-opozicija-u-buduce-nema-namjeru-da-cini-kvorum-vecini\/\" \/>\n<meta property=\"og:locale\" content=\"en_US\" \/>\n<meta property=\"og:type\" content=\"article\" \/>\n<meta property=\"og:title\" content=\"SNP Ulcinj: Opozicija u budu\u0107e nema namjeru da \u010dini kvorum ve\u0107ini - Lajme nga Ulqini\" \/>\n<meta property=\"og:description\" content=\"ULCINj \u2013 Druga sjednica drugog redovnog zasjedanja Skup\u0161tine op\u0161tine Ulcinj prekinuta je ju\u010de nakon \u0161to su odbornici opozicionih partija odbili da\" \/>\n<meta property=\"og:url\" content=\"https:\/\/www.visit-ulcinj.com\/blog\/2014\/12\/19\/snp-ulcinj-opozicija-u-buduce-nema-namjeru-da-cini-kvorum-vecini\/\" \/>\n<meta property=\"og:site_name\" content=\"Lajme nga Ulqini\" \/>\n<meta property=\"article:published_time\" content=\"2014-12-19T12:50:51+00:00\" \/>\n<meta property=\"og:image\" content=\"http:\/\/www.visit-ulcinj.com\/blog\/wp-content\/uploads\/2014\/12\/SKUPSTINA-OPSTINE-ULCINJ.jpg\" \/>\n<meta name=\"twitter:label1\" content=\"Written by\" \/>\n\t<meta name=\"twitter:data1\" content=\"ulqini\" \/>\n\t<meta name=\"twitter:label2\" content=\"Est. reading time\" \/>\n\t<meta name=\"twitter:data2\" content=\"1 minute\" \/>\n<script type=\"application\/ld+json\" class=\"yoast-schema-graph\">{\"@context\":\"https:\/\/schema.org\",\"@graph\":[{\"@type\":\"WebSite\",\"@id\":\"https:\/\/www.visit-ulcinj.com\/blog\/#website\",\"url\":\"https:\/\/www.visit-ulcinj.com\/blog\/\",\"name\":\"Lajme nga Ulqini\",\"description\":\"Lajme,Vijesti,Ulqini,Ulqin,Crna Gora,Mali i Zi\",\"potentialAction\":[{\"@type\":\"SearchAction\",\"target\":{\"@type\":\"EntryPoint\",\"urlTemplate\":\"https:\/\/www.visit-ulcinj.com\/blog\/?s={search_term_string}\"},\"query-input\":\"required name=search_term_string\"}],\"inLanguage\":\"en-US\"},{\"@type\":\"ImageObject\",\"inLanguage\":\"en-US\",\"@id\":\"https:\/\/www.visit-ulcinj.com\/blog\/2014\/12\/19\/snp-ulcinj-opozicija-u-buduce-nema-namjeru-da-cini-kvorum-vecini\/#primaryimage\",\"url\":\"https:\/\/www.visit-ulcinj.com\/blog\/wp-content\/uploads\/2014\/12\/SKUPSTINA-OPSTINE-ULCINJ.jpg\",\"contentUrl\":\"https:\/\/www.visit-ulcinj.com\/blog\/wp-content\/uploads\/2014\/12\/SKUPSTINA-OPSTINE-ULCINJ.jpg\",\"width\":964,\"height\":568},{\"@type\":\"WebPage\",\"@id\":\"https:\/\/www.visit-ulcinj.com\/blog\/2014\/12\/19\/snp-ulcinj-opozicija-u-buduce-nema-namjeru-da-cini-kvorum-vecini\/#webpage\",\"url\":\"https:\/\/www.visit-ulcinj.com\/blog\/2014\/12\/19\/snp-ulcinj-opozicija-u-buduce-nema-namjeru-da-cini-kvorum-vecini\/\",\"name\":\"SNP Ulcinj: Opozicija u budu\u0107e nema namjeru da \u010dini kvorum ve\u0107ini - Lajme nga Ulqini\",\"isPartOf\":{\"@id\":\"https:\/\/www.visit-ulcinj.com\/blog\/#website\"},\"primaryImageOfPage\":{\"@id\":\"https:\/\/www.visit-ulcinj.com\/blog\/2014\/12\/19\/snp-ulcinj-opozicija-u-buduce-nema-namjeru-da-cini-kvorum-vecini\/#primaryimage\"},\"datePublished\":\"2014-12-19T12:50:51+00:00\",\"dateModified\":\"2014-12-19T12:50:51+00:00\",\"author\":{\"@id\":\"https:\/\/www.visit-ulcinj.com\/blog\/#\/schema\/person\/dcab619c614d3038751c63bc2aadc06d\"},\"description\":\"ULCINj \u2013 Druga sjednica drugog redovnog zasjedanja Skup\u0161tine op\u0161tine Ulcinj prekinuta je ju\u010de nakon \u0161to su odbornici opozicionih partija odbili da\",\"breadcrumb\":{\"@id\":\"https:\/\/www.visit-ulcinj.com\/blog\/2014\/12\/19\/snp-ulcinj-opozicija-u-buduce-nema-namjeru-da-cini-kvorum-vecini\/#breadcrumb\"},\"inLanguage\":\"en-US\",\"potentialAction\":[{\"@type\":\"ReadAction\",\"target\":[\"https:\/\/www.visit-ulcinj.com\/blog\/2014\/12\/19\/snp-ulcinj-opozicija-u-buduce-nema-namjeru-da-cini-kvorum-vecini\/\"]}]},{\"@type\":\"BreadcrumbList\",\"@id\":\"https:\/\/www.visit-ulcinj.com\/blog\/2014\/12\/19\/snp-ulcinj-opozicija-u-buduce-nema-namjeru-da-cini-kvorum-vecini\/#breadcrumb\",\"itemListElement\":[{\"@type\":\"ListItem\",\"position\":1,\"name\":\"SNP Ulcinj: Opozicija u budu\u0107e nema namjeru da \u010dini kvorum ve\u0107ini\"}]},{\"@type\":\"Person\",\"@id\":\"https:\/\/www.visit-ulcinj.com\/blog\/#\/schema\/person\/dcab619c614d3038751c63bc2aadc06d\",\"name\":\"ulqini\",\"sameAs\":[\"http:\/\/www.visit-ulcinj.com\"],\"url\":\"https:\/\/www.visit-ulcinj.com\/blog\/author\/admin\/\"}]}<\/script>\n<!-- \/ Yoast SEO plugin. -->","yoast_head_json":{"title":"SNP Ulcinj: Opozicija u budu\u0107e nema namjeru da \u010dini kvorum ve\u0107ini - Lajme nga Ulqini","description":"ULCINj \u2013 Druga sjednica drugog redovnog zasjedanja Skup\u0161tine op\u0161tine Ulcinj prekinuta je ju\u010de nakon \u0161to su odbornici opozicionih partija odbili da","robots":{"index":"index","follow":"follow","max-snippet":"max-snippet:-1","max-image-preview":"max-image-preview:large","max-video-preview":"max-video-preview:-1"},"canonical":"https:\/\/www.visit-ulcinj.com\/blog\/2014\/12\/19\/snp-ulcinj-opozicija-u-buduce-nema-namjeru-da-cini-kvorum-vecini\/","og_locale":"en_US","og_type":"article","og_title":"SNP Ulcinj: Opozicija u budu\u0107e nema namjeru da \u010dini kvorum ve\u0107ini - Lajme nga Ulqini","og_description":"ULCINj \u2013 Druga sjednica drugog redovnog zasjedanja Skup\u0161tine op\u0161tine Ulcinj prekinuta je ju\u010de nakon \u0161to su odbornici opozicionih partija odbili da","og_url":"https:\/\/www.visit-ulcinj.com\/blog\/2014\/12\/19\/snp-ulcinj-opozicija-u-buduce-nema-namjeru-da-cini-kvorum-vecini\/","og_site_name":"Lajme nga Ulqini","article_published_time":"2014-12-19T12:50:51+00:00","og_image":[{"url":"http:\/\/www.visit-ulcinj.com\/blog\/wp-content\/uploads\/2014\/12\/SKUPSTINA-OPSTINE-ULCINJ.jpg"}],"twitter_misc":{"Written by":"ulqini","Est. reading time":"1 minute"},"schema":{"@context":"https:\/\/schema.org","@graph":[{"@type":"WebSite","@id":"https:\/\/www.visit-ulcinj.com\/blog\/#website","url":"https:\/\/www.visit-ulcinj.com\/blog\/","name":"Lajme nga Ulqini","description":"Lajme,Vijesti,Ulqini,Ulqin,Crna Gora,Mali i Zi","potentialAction":[{"@type":"SearchAction","target":{"@type":"EntryPoint","urlTemplate":"https:\/\/www.visit-ulcinj.com\/blog\/?s={search_term_string}"},"query-input":"required name=search_term_string"}],"inLanguage":"en-US"},{"@type":"ImageObject","inLanguage":"en-US","@id":"https:\/\/www.visit-ulcinj.com\/blog\/2014\/12\/19\/snp-ulcinj-opozicija-u-buduce-nema-namjeru-da-cini-kvorum-vecini\/#primaryimage","url":"https:\/\/www.visit-ulcinj.com\/blog\/wp-content\/uploads\/2014\/12\/SKUPSTINA-OPSTINE-ULCINJ.jpg","contentUrl":"https:\/\/www.visit-ulcinj.com\/blog\/wp-content\/uploads\/2014\/12\/SKUPSTINA-OPSTINE-ULCINJ.jpg","width":964,"height":568},{"@type":"WebPage","@id":"https:\/\/www.visit-ulcinj.com\/blog\/2014\/12\/19\/snp-ulcinj-opozicija-u-buduce-nema-namjeru-da-cini-kvorum-vecini\/#webpage","url":"https:\/\/www.visit-ulcinj.com\/blog\/2014\/12\/19\/snp-ulcinj-opozicija-u-buduce-nema-namjeru-da-cini-kvorum-vecini\/","name":"SNP Ulcinj: Opozicija u budu\u0107e nema namjeru da \u010dini kvorum ve\u0107ini - Lajme nga Ulqini","isPartOf":{"@id":"https:\/\/www.visit-ulcinj.com\/blog\/#website"},"primaryImageOfPage":{"@id":"https:\/\/www.visit-ulcinj.com\/blog\/2014\/12\/19\/snp-ulcinj-opozicija-u-buduce-nema-namjeru-da-cini-kvorum-vecini\/#primaryimage"},"datePublished":"2014-12-19T12:50:51+00:00","dateModified":"2014-12-19T12:50:51+00:00","author":{"@id":"https:\/\/www.visit-ulcinj.com\/blog\/#\/schema\/person\/dcab619c614d3038751c63bc2aadc06d"},"description":"ULCINj \u2013 Druga sjednica drugog redovnog zasjedanja Skup\u0161tine op\u0161tine Ulcinj prekinuta je ju\u010de nakon \u0161to su odbornici opozicionih partija odbili da","breadcrumb":{"@id":"https:\/\/www.visit-ulcinj.com\/blog\/2014\/12\/19\/snp-ulcinj-opozicija-u-buduce-nema-namjeru-da-cini-kvorum-vecini\/#breadcrumb"},"inLanguage":"en-US","potentialAction":[{"@type":"ReadAction","target":["https:\/\/www.visit-ulcinj.com\/blog\/2014\/12\/19\/snp-ulcinj-opozicija-u-buduce-nema-namjeru-da-cini-kvorum-vecini\/"]}]},{"@type":"BreadcrumbList","@id":"https:\/\/www.visit-ulcinj.com\/blog\/2014\/12\/19\/snp-ulcinj-opozicija-u-buduce-nema-namjeru-da-cini-kvorum-vecini\/#breadcrumb","itemListElement":[{"@type":"ListItem","position":1,"name":"SNP Ulcinj: Opozicija u budu\u0107e nema namjeru da \u010dini kvorum ve\u0107ini"}]},{"@type":"Person","@id":"https:\/\/www.visit-ulcinj.com\/blog\/#\/schema\/person\/dcab619c614d3038751c63bc2aadc06d","name":"ulqini","sameAs":["http:\/\/www.visit-ulcinj.com"],"url":"https:\/\/www.visit-ulcinj.com\/blog\/author\/admin\/"}]}},"jetpack_featured_media_url":"","jetpack_sharing_enabled":true,"jetpack_shortlink":"https:\/\/wp.me\/pe6lTn-mGa","_links":{"self":[{"href":"https:\/\/www.visit-ulcinj.com\/blog\/wp-json\/wp\/v2\/posts\/87182"}],"collection":[{"href":"https:\/\/www.visit-ulcinj.com\/blog\/wp-json\/wp\/v2\/posts"}],"about":[{"href":"https:\/\/www.visit-ulcinj.com\/blog\/wp-json\/wp\/v2\/types\/post"}],"author":[{"embeddable":true,"href":"https:\/\/www.visit-ulcinj.com\/blog\/wp-json\/wp\/v2\/users\/1"}],"replies":[{"embeddable":true,"href":"https:\/\/www.visit-ulcinj.com\/blog\/wp-json\/wp\/v2\/comments?post=87182"}],"version-history":[{"count":1,"href":"https:\/\/www.visit-ulcinj.com\/blog\/wp-json\/wp\/v2\/posts\/87182\/revisions"}],"predecessor-version":[{"id":87184,"href":"https:\/\/www.visit-ulcinj.com\/blog\/wp-json\/wp\/v2\/posts\/87182\/revisions\/87184"}],"wp:attachment":[{"href":"https:\/\/www.visit-ulcinj.com\/blog\/wp-json\/wp\/v2\/media?parent=87182"}],"wp:term":[{"taxonomy":"category","embeddable":true,"href":"https:\/\/www.visit-ulcinj.com\/blog\/wp-json\/wp\/v2\/categories?post=87182"},{"taxonomy":"post_tag","embeddable":true,"href":"https:\/\/www.visit-ulcinj.com\/blog\/wp-json\/wp\/v2\/tags?post=87182"}],"curies":[{"name":"wp","href":"https:\/\/api.w.org\/{rel}","templated":true}]}}