{"id":87186,"date":"2014-12-21T13:38:09","date_gmt":"2014-12-21T12:38:09","guid":{"rendered":"http:\/\/www.visit-ulcinj.com\/blog\/?p=87186"},"modified":"2014-12-22T23:26:43","modified_gmt":"2014-12-22T22:26:43","slug":"gjeke-rudaj-misionar-humanizmit","status":"publish","type":"post","link":"https:\/\/www.visit-ulcinj.com\/blog\/2014\/12\/21\/gjeke-rudaj-misionar-humanizmit\/","title":{"rendered":"Gjek\u00eb Rudaj, misionar i humanizmit"},"content":{"rendered":"<p><a href=\"http:\/\/www.visit-ulcinj.com\/blog\/wp-content\/uploads\/2014\/12\/Gjek\u00eb-Pjet\u00ebr-Hiri-Rudaj.jpg\"><img loading=\"lazy\" class=\"alignleft wp-image-86959 size-full\" src=\"http:\/\/www.visit-ulcinj.com\/blog\/wp-content\/uploads\/2014\/12\/Gjek\u00eb-Pjet\u00ebr-Hiri-Rudaj.jpg\" alt=\"Gjek\u00eb Pjet\u00ebr Hiri  Rudaj\" width=\"179\" height=\"277\" \/><\/a>Gjek\u00eb Gjonaj<\/p>\n<p>&nbsp;<\/p>\n<p><strong>Cafo, nepu mal\u00ebsor\u00ebve \u00e7ka u duhet p\u00ebr fest\u00eb !<\/strong><\/p>\n<p>&nbsp;<\/p>\n<p>Gjeka n\u00eb Ulqin ka patur shum\u00eb miq t\u00eb mir\u00eb. Nd\u00ebr ata ka qen\u00eb edhe Mustaf\u00eb Dollaku ( Cafi i Muharremit 1878-1963) N\u00eb dyqanin e tij tregtonin edhe shum\u00eb mal\u00ebsor\u00eb nga Shtoji. Familjet e mal\u00ebsor\u00ebve n\u00eb gjendje t\u00eb v\u00ebshtir\u00eb ekonomike pages\u00ebn e b\u00ebnin koh\u00eb pas kohe. Gjek\u00eb Hiri, duke patur mir\u00ebkuptim p\u00ebr mal\u00ebsor\u00ebt n\u00eb nevoj\u00eb n\u00eb prag t\u00eb festave t\u00eb krishtera i thot\u00eb mikut t\u00eb tij, Cafit t\u00eb Muharremit, pronarit t\u00eb dyqanit q\u00eb t\u2019u jap\u00eb mal\u00ebsor\u00ebve \u00e7ka u duhet p\u00ebr fest\u00eb , kurse ai do t\u00eb shlyej\u00eb borxhet e atyre q\u00eb nuk do t\u00eb ken\u00eb mund\u00ebsi t\u00eb paguajn\u00eb borxhin. Dhe k\u00ebshtu ndodhi . Gjek\u00eb Pjetri shleu borxhin e mal\u00ebsor\u00ebve. \u201c Me k\u00ebt\u00eb veprim Gjek\u00eb Pjetri e tregoi sinqeritetin, bujarin\u00eb dhe humanizmin e vet me \u00e7ka u dallua si person n\u00eb k\u00ebto treva\u201d, m\u00eb tha Shaban Dollaku para shtat\u00eb vitesh.<\/p>\n<p><strong>Vrasja e nipit<\/strong><\/p>\n<p><strong>\u00a0<\/strong><\/p>\n<p>N\u00eb koh\u00ebn e Luft\u00ebs s\u00eb Dyt\u00eb Bot\u00ebrore , n\u00eb vitin 1942 n\u00eb Kodra t\u00eb Ulqinit vritet me arm\u00eb zjarri nipi i Gjek\u00eb Pjetrit, Ded\u00eb Coka ( 29 vje\u00e7) , nga dorasi Zarija Jankoviq. Ishte kjo nj\u00eb vdekje e dhimbshme dhe e r\u00ebnd\u00eb p\u00ebr familjen e Cok\u00eb Hirit dhe farefisin Rudaj. Zarija ishte n\u00eb radh\u00ebt e partizan\u00ebve , nd\u00ebrsa Deda n\u00eb radh\u00ebt e ballistave.<\/p>\n<p>Prof.dr. Janko Jankoviq, djali i axh\u00ebs t\u00eb babait t\u00eb tij Zarija ( Zaro) Jankoviq k\u00ebt\u00eb ngjarje t\u00eb hidhur e tregon k\u00ebshtu:<\/p>\n<ul>\n<li>Xhaxhi Zaro ( Zarija, djali i axh\u00ebs s\u00eb babait tim) ka r\u00ebn\u00eb n\u00eb duart e \u00e7etnik\u00ebve n\u00eb rrethin\u00ebn e Cetin\u00ebs. \u00c7etnik\u00ebt ia dor\u00ebzuan italian\u00ebve, t\u00eb cil\u00ebt e gjykojn\u00eb n\u00eb Gjykat\u00ebn e Shkodr\u00ebs me mbi 90 vjet burg . Pas shpalljes s\u00eb d\u00ebnimit komunist\u00ebt shkodran e grabisin dhe e transportojn\u00eb deri n\u00eb af\u00ebrsi t\u00eb qytetit t\u00eb Ulqinit. Kur ka r\u00ebn\u00eb muzgu Zarija \u00ebsht\u00eb nisur n\u00eb drejtim t\u00eb qytetit dhe \u00ebsht\u00eb ndeshur n\u00eb dy prita. Kur e kan\u00eb ndaluar i jan\u00eb drejtuar n\u00eb gjuh\u00ebn malazeze. At\u00ebher\u00eb e ka kuptuar se e presin at\u00eb dhe u \u00ebsht\u00eb p\u00ebrgjigjur n\u00eb gjuh\u00ebn shqipe. I \u00ebsht\u00eb afruar nj\u00ebri prej an\u00ebtar\u00ebve t\u00eb prit\u00ebs dhe pas nj\u00eb kontakti fizik e plagos. Pjes\u00ebtari tjet\u00ebr i prit\u00ebs shtin\u00eb me arm\u00eb zjarri dhe e varros xhaxhin Zaro . Ashtu i\u00a0\u00a0 i plagosur ai ka sht\u00ebn\u00eb me pistolet\u00eb n\u00eb drejtim nga e sht\u00ebna e dyt\u00eb dhe e godet p\u00ebr vdekje Ded\u00eb Cok\u00ebn. Zarija, sapo \u00ebsht\u00eb p\u00ebrmir\u00ebsuar gjendja e tij sh\u00ebndet\u00ebsore nga plag\u00ebt, \u00ebsht\u00eb kthyer n\u00eb radh\u00ebt e partizan\u00ebve si luft\u00ebtar i Brigad\u00ebs s\u00eb kat\u00ebrt malazeze t\u00eb proleter\u00ebve. Pas r\u00ebnies s\u00eb Italis\u00eb Zarija ka vendosur kontakte me familjen e t\u00eb ndjerit Ded\u00eb Cok\u00ebs me \u00e7\u2019rast ka shprehur keqardhjen e tij t\u00eb sinqert\u00eb dhe u ka shprehur ngush\u00ebllimet familjes Rudaj, tregon Janko i cili shprehet se ka d\u00ebgjuar fjal\u00eb miradie p\u00ebr familjen Rudaj.<\/li>\n<\/ul>\n<p>&nbsp;<\/p>\n<p><strong>Falja e gjakut <\/strong><\/p>\n<p>&nbsp;<\/p>\n<p>Gek\u00eb Pjetri\u00a0\u00a0 ka qen\u00eb i njohur edhe p\u00ebr burrni. Ai\u00a0\u00a0 pasi q\u00eb kuvendoi dhe u muar vesh me farefisin e tij v\u00ebndosi q\u00eb t\u2019i ftoj\u00eb familjar\u00ebt e dorasit Zarija ( zaro) Jankoviqit q\u00eb t\u00eb mos rrin\u00eb t\u00eb mbyllun n\u00eb sht\u00ebpin\u00eb e tyre. Zemra e Gjek\u00eb Pjet\u00ebr Hirit u b\u00eb granit dhe nj\u00eb dit\u00eb u tha pajtimtar\u00ebve: \u201c Ishte ky nji moment lufte. T\u00eb dy e gjuan me arm\u00eb njani-tjetrin. Zarija Jankoviqi ka k\u00ebn\u00eb jet\u00ebgjat\u00eb, kurse nipi \u00ebm jet\u00ebshkurt. Si ka vdek nipi \u00ebm ka mujt me vdek edhe Zarija. Burra fal\u00eb u u kjoft\u00eb gjaku i nipit! T\u00eb pranishmit i than\u00eb:<\/p>\n<ul>\n<li>Kjosh faqebardh\u00eb o burri i Mal\u00ebsis\u00eb! Ma burrni asht me fal\u00eb se me vra. K\u00ebshtu duhet me veprua edhe t\u00eb tjer\u00ebt. Ti nuk fale vet\u00ebm nji gjak,por edhe shum\u00eb gjaqe.<\/li>\n<\/ul>\n<p>Burrnia e Gjek\u00eb Pjetrit pati jehon\u00eb t\u00eb madhe.\u00a0\u00a0 Burrat e vjet\u00ebr t\u00eb Shtojit m\u00eb kan\u00eb th\u00ebn\u00eb se ky veprim i shkoi n\u00eb vesh edhe Bllazho Jovanoviqit.\u00a0\u00a0 Kjo vep\u00ebr e Gjek\u00ebs mbeti e paharrueshme tek shqiptar\u00ebt n\u00eb p\u00ebrpjekjet e tyre p\u00ebr zhdukjen e hakmarrjes.<\/p>\n<p>&nbsp;<\/p>\n<p><strong>Njohja me autoritetet e koh\u00ebs<\/strong><\/p>\n<p><strong>\u00a0<\/strong><\/p>\n<p>Fal\u00eb kontriburtit t\u00eb tij t\u00eb madh shum\u00ebvje\u00e7ar humanitar u b\u00eb i njohur jo vet\u00ebm brenda shtetit ku jetoi,por edhe jasht\u00eb kufijve t\u00eb tij. Krijoi miq\u00ebsi me shum\u00eb autoritete t\u00eb koh\u00ebs jo vet\u00ebm n\u00eb qarqet shqiptare. Burrat e njohur t\u00eb Mal\u00ebsis\u00eb s\u00eb Madhe e nderuan k\u00ebt\u00eb misionar t\u00eb humanizmit deri n\u00eb dit\u00ebn e fundit t\u00eb jet\u00ebs s\u00eb tij, n\u00eb vitin 1968, kur n\u00eb mosh\u00ebn 74 vje\u00e7are i mbylli syt\u00eb p\u00ebrgjithmon\u00eb. P\u00ebr ilustrim, po p\u00ebrmendi vet\u00ebm dy vargje, dit\u00ebn e varrimit t\u00eb Gjek\u00eb Pjetrit, nga\u00a0\u00a0 vajtimi i Gjon Mark Pllumit, nga Shqip\u00ebria:<\/p>\n<p>\u201c \u2026G\u2019ju p\u00ebr g\u2019ju bashk\u00eb me Prek\u00eb Calin,<\/p>\n<p>\u00cbn bjeshk\u00eb t\u2019Kelmendit ndan\u00eb xhibalin\u2026<\/p>\n<p>&nbsp;<\/p>\n<p><strong>Njeriu \u00ebsht\u00eb i madh aq sa jep <\/strong><\/p>\n<p><strong>\u00a0<\/strong><\/p>\n<p>T\u00eb jesh\u00eb human , zem\u00ebrgjer\u00eb dhe\u00a0\u00a0 i ndjesh\u00ebm , si \u00e7ishte Gjek\u00eb Hiri, do t\u00eb thot\u00eb t\u00eb kesh\u00eb ve\u00e7ori\u00a0\u00a0 njer\u00ebzore t\u00eb cilat\u00a0\u00a0 vler\u00ebsohen kudo dhe kurdo. K\u00ebto jan\u00eb vlera universale t\u00eb njer\u00ebzimit, t\u00eb cilat duhet kultivuar p\u00ebrher\u00eb. Nuk \u00ebsht\u00eb i madh vet\u00ebm ai q\u00eb ka pasuri monetare. Njeriu \u00ebsht\u00eb i madh aq sa jep. Prandaj, duhet dh\u00ebn\u00eb nga zemra njer\u00ebzve n\u00eb situata t\u00eb v\u00ebshtira njer\u00ebzore. Gjithmon\u00eb duhet t\u00eb kemi parasysh se fati rrokulliset: Kush \u00ebsht\u00eb keq sot , nes\u00ebr \u00ebsht\u00eb mir\u00eb. Ai q\u00eb \u00ebsht\u00eb mir\u00eb sot, nes\u00ebr \u00ebsht\u00eb keq. Gjithkujt mund t\u2019 ndodhin s\u00ebmundjet, skamjet, bankrotet, fat\u00ebkeq\u00ebsit\u00eb, v\u00ebrshimet e tragjedi\u00a0\u00a0 t\u00eb ndryshme. Por gjithmon\u00eb, kur kemi mund\u00ebsi duhet t\u00eb jemi solidar, t\u00eb ndihmojm\u00eb nevojtar\u00ebt, t\u00eb s\u00ebmur\u00ebt\u2026, sepse kjo \u00ebsht\u00eb nj\u00eb ndjenj\u00eb t\u00eb cil\u00ebn \u00e7do njeri ( natyrisht ata me shpirt) e b\u00ebn t\u00eb madh, t\u00eb p\u00ebrmbushur dhe fatlum. Apo, jo?<\/p>\n","protected":false},"excerpt":{"rendered":"<p>Gjek\u00eb Gjonaj &nbsp; Cafo, nepu mal\u00ebsor\u00ebve \u00e7ka u duhet p\u00ebr fest\u00eb ! &nbsp; Gjeka n\u00eb Ulqin ka patur shum\u00eb miq t\u00eb mir\u00eb. Nd\u00ebr ata ka qen\u00eb edhe Mustaf\u00eb Dollaku ( Cafi i Muharremit 1878-1963) N\u00eb dyqanin e tij tregtonin edhe shum\u00eb mal\u00ebsor\u00eb nga Shtoji. Familjet e mal\u00ebsor\u00ebve n\u00eb gjendje t\u00eb v\u00ebshtir\u00eb ekonomike pages\u00ebn e b\u00ebnin [&hellip;]<\/p>\n","protected":false},"author":1,"featured_media":0,"comment_status":"closed","ping_status":"closed","sticky":false,"template":"","format":"standard","meta":{"spay_email":"","jetpack_publicize_message":"","jetpack_is_tweetstorm":false,"jetpack_publicize_feature_enabled":true},"categories":[4],"tags":[],"jetpack_publicize_connections":[],"yoast_head":"<!-- This site is optimized with the Yoast SEO plugin v19.1 - https:\/\/yoast.com\/wordpress\/plugins\/seo\/ -->\n<title>Gjek\u00eb Rudaj, misionar i humanizmit - Lajme nga Ulqini<\/title>\n<meta name=\"description\" content=\"Gjek\u00eb Gjonaj &nbsp; Cafo, nepu mal\u00ebsor\u00ebve \u00e7ka u duhet p\u00ebr fest\u00eb ! &nbsp; Gjeka n\u00eb Ulqin ka patur shum\u00eb miq t\u00eb mir\u00eb. Nd\u00ebr ata ka qen\u00eb edhe Mustaf\u00eb Dollaku\" \/>\n<meta name=\"robots\" content=\"index, follow, max-snippet:-1, max-image-preview:large, max-video-preview:-1\" \/>\n<link rel=\"canonical\" href=\"https:\/\/www.visit-ulcinj.com\/blog\/2014\/12\/21\/gjeke-rudaj-misionar-humanizmit\/\" \/>\n<meta property=\"og:locale\" content=\"en_US\" \/>\n<meta property=\"og:type\" content=\"article\" \/>\n<meta property=\"og:title\" content=\"Gjek\u00eb Rudaj, misionar i humanizmit - Lajme nga Ulqini\" \/>\n<meta property=\"og:description\" content=\"Gjek\u00eb Gjonaj &nbsp; Cafo, nepu mal\u00ebsor\u00ebve \u00e7ka u duhet p\u00ebr fest\u00eb ! &nbsp; Gjeka n\u00eb Ulqin ka patur shum\u00eb miq t\u00eb mir\u00eb. Nd\u00ebr ata ka qen\u00eb edhe Mustaf\u00eb Dollaku\" \/>\n<meta property=\"og:url\" content=\"https:\/\/www.visit-ulcinj.com\/blog\/2014\/12\/21\/gjeke-rudaj-misionar-humanizmit\/\" \/>\n<meta property=\"og:site_name\" content=\"Lajme nga Ulqini\" \/>\n<meta property=\"article:published_time\" content=\"2014-12-21T12:38:09+00:00\" \/>\n<meta property=\"article:modified_time\" content=\"2014-12-22T22:26:43+00:00\" \/>\n<meta name=\"twitter:label1\" content=\"Written by\" \/>\n\t<meta name=\"twitter:data1\" content=\"ulqini\" \/>\n\t<meta name=\"twitter:label2\" content=\"Est. reading time\" \/>\n\t<meta name=\"twitter:data2\" content=\"5 minutes\" \/>\n<script type=\"application\/ld+json\" class=\"yoast-schema-graph\">{\"@context\":\"https:\/\/schema.org\",\"@graph\":[{\"@type\":\"WebSite\",\"@id\":\"https:\/\/www.visit-ulcinj.com\/blog\/#website\",\"url\":\"https:\/\/www.visit-ulcinj.com\/blog\/\",\"name\":\"Lajme nga Ulqini\",\"description\":\"Lajme,Vijesti,Ulqini,Ulqin,Crna Gora,Mali i Zi\",\"potentialAction\":[{\"@type\":\"SearchAction\",\"target\":{\"@type\":\"EntryPoint\",\"urlTemplate\":\"https:\/\/www.visit-ulcinj.com\/blog\/?s={search_term_string}\"},\"query-input\":\"required name=search_term_string\"}],\"inLanguage\":\"en-US\"},{\"@type\":\"WebPage\",\"@id\":\"https:\/\/www.visit-ulcinj.com\/blog\/2014\/12\/21\/gjeke-rudaj-misionar-humanizmit\/#webpage\",\"url\":\"https:\/\/www.visit-ulcinj.com\/blog\/2014\/12\/21\/gjeke-rudaj-misionar-humanizmit\/\",\"name\":\"Gjek\u00eb Rudaj, misionar i humanizmit - Lajme nga Ulqini\",\"isPartOf\":{\"@id\":\"https:\/\/www.visit-ulcinj.com\/blog\/#website\"},\"datePublished\":\"2014-12-21T12:38:09+00:00\",\"dateModified\":\"2014-12-22T22:26:43+00:00\",\"author\":{\"@id\":\"https:\/\/www.visit-ulcinj.com\/blog\/#\/schema\/person\/dcab619c614d3038751c63bc2aadc06d\"},\"description\":\"Gjek\u00eb Gjonaj &nbsp; Cafo, nepu mal\u00ebsor\u00ebve \u00e7ka u duhet p\u00ebr fest\u00eb ! &nbsp; Gjeka n\u00eb Ulqin ka patur shum\u00eb miq t\u00eb mir\u00eb. Nd\u00ebr ata ka qen\u00eb edhe Mustaf\u00eb Dollaku\",\"breadcrumb\":{\"@id\":\"https:\/\/www.visit-ulcinj.com\/blog\/2014\/12\/21\/gjeke-rudaj-misionar-humanizmit\/#breadcrumb\"},\"inLanguage\":\"en-US\",\"potentialAction\":[{\"@type\":\"ReadAction\",\"target\":[\"https:\/\/www.visit-ulcinj.com\/blog\/2014\/12\/21\/gjeke-rudaj-misionar-humanizmit\/\"]}]},{\"@type\":\"BreadcrumbList\",\"@id\":\"https:\/\/www.visit-ulcinj.com\/blog\/2014\/12\/21\/gjeke-rudaj-misionar-humanizmit\/#breadcrumb\",\"itemListElement\":[{\"@type\":\"ListItem\",\"position\":1,\"name\":\"Gjek\u00eb Rudaj, misionar i humanizmit\"}]},{\"@type\":\"Person\",\"@id\":\"https:\/\/www.visit-ulcinj.com\/blog\/#\/schema\/person\/dcab619c614d3038751c63bc2aadc06d\",\"name\":\"ulqini\",\"sameAs\":[\"http:\/\/www.visit-ulcinj.com\"],\"url\":\"https:\/\/www.visit-ulcinj.com\/blog\/author\/admin\/\"}]}<\/script>\n<!-- \/ Yoast SEO plugin. -->","yoast_head_json":{"title":"Gjek\u00eb Rudaj, misionar i humanizmit - Lajme nga Ulqini","description":"Gjek\u00eb Gjonaj &nbsp; Cafo, nepu mal\u00ebsor\u00ebve \u00e7ka u duhet p\u00ebr fest\u00eb ! &nbsp; Gjeka n\u00eb Ulqin ka patur shum\u00eb miq t\u00eb mir\u00eb. Nd\u00ebr ata ka qen\u00eb edhe Mustaf\u00eb Dollaku","robots":{"index":"index","follow":"follow","max-snippet":"max-snippet:-1","max-image-preview":"max-image-preview:large","max-video-preview":"max-video-preview:-1"},"canonical":"https:\/\/www.visit-ulcinj.com\/blog\/2014\/12\/21\/gjeke-rudaj-misionar-humanizmit\/","og_locale":"en_US","og_type":"article","og_title":"Gjek\u00eb Rudaj, misionar i humanizmit - Lajme nga Ulqini","og_description":"Gjek\u00eb Gjonaj &nbsp; Cafo, nepu mal\u00ebsor\u00ebve \u00e7ka u duhet p\u00ebr fest\u00eb ! &nbsp; Gjeka n\u00eb Ulqin ka patur shum\u00eb miq t\u00eb mir\u00eb. Nd\u00ebr ata ka qen\u00eb edhe Mustaf\u00eb Dollaku","og_url":"https:\/\/www.visit-ulcinj.com\/blog\/2014\/12\/21\/gjeke-rudaj-misionar-humanizmit\/","og_site_name":"Lajme nga Ulqini","article_published_time":"2014-12-21T12:38:09+00:00","article_modified_time":"2014-12-22T22:26:43+00:00","twitter_misc":{"Written by":"ulqini","Est. reading time":"5 minutes"},"schema":{"@context":"https:\/\/schema.org","@graph":[{"@type":"WebSite","@id":"https:\/\/www.visit-ulcinj.com\/blog\/#website","url":"https:\/\/www.visit-ulcinj.com\/blog\/","name":"Lajme nga Ulqini","description":"Lajme,Vijesti,Ulqini,Ulqin,Crna Gora,Mali i Zi","potentialAction":[{"@type":"SearchAction","target":{"@type":"EntryPoint","urlTemplate":"https:\/\/www.visit-ulcinj.com\/blog\/?s={search_term_string}"},"query-input":"required name=search_term_string"}],"inLanguage":"en-US"},{"@type":"WebPage","@id":"https:\/\/www.visit-ulcinj.com\/blog\/2014\/12\/21\/gjeke-rudaj-misionar-humanizmit\/#webpage","url":"https:\/\/www.visit-ulcinj.com\/blog\/2014\/12\/21\/gjeke-rudaj-misionar-humanizmit\/","name":"Gjek\u00eb Rudaj, misionar i humanizmit - Lajme nga Ulqini","isPartOf":{"@id":"https:\/\/www.visit-ulcinj.com\/blog\/#website"},"datePublished":"2014-12-21T12:38:09+00:00","dateModified":"2014-12-22T22:26:43+00:00","author":{"@id":"https:\/\/www.visit-ulcinj.com\/blog\/#\/schema\/person\/dcab619c614d3038751c63bc2aadc06d"},"description":"Gjek\u00eb Gjonaj &nbsp; Cafo, nepu mal\u00ebsor\u00ebve \u00e7ka u duhet p\u00ebr fest\u00eb ! &nbsp; Gjeka n\u00eb Ulqin ka patur shum\u00eb miq t\u00eb mir\u00eb. Nd\u00ebr ata ka qen\u00eb edhe Mustaf\u00eb Dollaku","breadcrumb":{"@id":"https:\/\/www.visit-ulcinj.com\/blog\/2014\/12\/21\/gjeke-rudaj-misionar-humanizmit\/#breadcrumb"},"inLanguage":"en-US","potentialAction":[{"@type":"ReadAction","target":["https:\/\/www.visit-ulcinj.com\/blog\/2014\/12\/21\/gjeke-rudaj-misionar-humanizmit\/"]}]},{"@type":"BreadcrumbList","@id":"https:\/\/www.visit-ulcinj.com\/blog\/2014\/12\/21\/gjeke-rudaj-misionar-humanizmit\/#breadcrumb","itemListElement":[{"@type":"ListItem","position":1,"name":"Gjek\u00eb Rudaj, misionar i humanizmit"}]},{"@type":"Person","@id":"https:\/\/www.visit-ulcinj.com\/blog\/#\/schema\/person\/dcab619c614d3038751c63bc2aadc06d","name":"ulqini","sameAs":["http:\/\/www.visit-ulcinj.com"],"url":"https:\/\/www.visit-ulcinj.com\/blog\/author\/admin\/"}]}},"jetpack_featured_media_url":"","jetpack_sharing_enabled":true,"jetpack_shortlink":"https:\/\/wp.me\/pe6lTn-mGe","_links":{"self":[{"href":"https:\/\/www.visit-ulcinj.com\/blog\/wp-json\/wp\/v2\/posts\/87186"}],"collection":[{"href":"https:\/\/www.visit-ulcinj.com\/blog\/wp-json\/wp\/v2\/posts"}],"about":[{"href":"https:\/\/www.visit-ulcinj.com\/blog\/wp-json\/wp\/v2\/types\/post"}],"author":[{"embeddable":true,"href":"https:\/\/www.visit-ulcinj.com\/blog\/wp-json\/wp\/v2\/users\/1"}],"replies":[{"embeddable":true,"href":"https:\/\/www.visit-ulcinj.com\/blog\/wp-json\/wp\/v2\/comments?post=87186"}],"version-history":[{"count":1,"href":"https:\/\/www.visit-ulcinj.com\/blog\/wp-json\/wp\/v2\/posts\/87186\/revisions"}],"predecessor-version":[{"id":87188,"href":"https:\/\/www.visit-ulcinj.com\/blog\/wp-json\/wp\/v2\/posts\/87186\/revisions\/87188"}],"wp:attachment":[{"href":"https:\/\/www.visit-ulcinj.com\/blog\/wp-json\/wp\/v2\/media?parent=87186"}],"wp:term":[{"taxonomy":"category","embeddable":true,"href":"https:\/\/www.visit-ulcinj.com\/blog\/wp-json\/wp\/v2\/categories?post=87186"},{"taxonomy":"post_tag","embeddable":true,"href":"https:\/\/www.visit-ulcinj.com\/blog\/wp-json\/wp\/v2\/tags?post=87186"}],"curies":[{"name":"wp","href":"https:\/\/api.w.org\/{rel}","templated":true}]}}